{"id":35491,"date":"2022-11-16T18:38:55","date_gmt":"2022-11-16T17:38:55","guid":{"rendered":"https:\/\/www.museuolimpicbcn.cat\/?p=35491"},"modified":"2022-11-16T18:41:39","modified_gmt":"2022-11-16T17:41:39","slug":"barcelona-1992-y-el-seu-legat-sostenible","status":"publish","type":"post","link":"https:\/\/www.museuolimpicbcn.cat\/ca\/barcelona-1992-y-el-seu-legat-sostenible\/","title":{"rendered":"Barcelona 1992 i el seu legat sostenible"},"content":{"rendered":"<p><strong>Jornada divulgativa: La gesti\u00f3 sostenible, un dels llegats menys coneguts de Barcelona\u201992.<\/strong><\/p>\n<p>L\u2019Alberto Arag\u00f3n va centrar la seva tesi doctoral en els Jocs Ol\u00edmpics de Barcelona\u201992 i el recorregut del llegat i la sostenibilitat. En la jornada d&#8217;avui, emmarcada en la commemoraci\u00f3 del 30 aniversari dels Jocs de Barcelona, Francesc Terr\u00f3n, director de la Fundaci\u00f3 Barcelona Ol\u00edmpica ha estat l&#8217;encarregat de donar la benvinguda al Museu Ol\u00edmpic al costat de Juli Pernas, exdirector de la FBO i membre del departament de Sostenibilitat del COE.<\/p>\n<p>Els Jocs Ol\u00edmpics de Barcelona van deixar un important llegat, per\u00f2 un dels menys coneguts ha estat el del medi ambient. L\u2019Alberto Arag\u00f3n va escriure una tesi doctoral on es demostra el paper clau de la ciutat de Barcelona, i algunes subseus ol\u00edmpiques, en el desenvolupament de bones pr\u00e0ctiques, i reivindica el paper clau i el nom de la ciutat com a ciutat pionera en aquesta mat\u00e8ria dins de la hist\u00f2ria del moviment ol\u00edmpic.<\/p>\n<p>L&#8217;Alberto Arag\u00f3n \u00e9s Doctor pel Centre d\u2019Estudis Ol\u00edmpics &#8211; adscrit al Departament de Comunicaci\u00f3 de la UAB, llicenciat en Hist\u00f2ria i ha cursat el m\u00e0ster en Hist\u00f2ria Antiga per la Universitat Aut\u00f2noma de Madrid.<\/p>\n","protected":false},"excerpt":{"rendered":"<p>Jornada divulgativa: La gesti\u00f3 sostenible, un dels llegats menys coneguts de Barcelona\u201992. L\u2019Alberto Arag\u00f3n va centrar la seva tesi doctoral en els Jocs Ol\u00edmpics de Barcelona\u201992 i el recorregut del llegat i la sostenibilitat. En la jornada d&#8217;avui, emmarcada en la commemoraci\u00f3 del 30 aniversari dels Jocs de Barcelona, Francesc Terr\u00f3n, director de la Fundaci\u00f3 [&hellip;]<\/p>\n","protected":false},"author":11,"featured_media":35524,"comment_status":"closed","ping_status":"closed","sticky":false,"template":"","format":"standard","meta":{"_acf_changed":false,"_price":"","_stock":"","_tribe_ticket_header":"","_tribe_default_ticket_provider":"","_tribe_ticket_capacity":"0","_ticket_start_date":"","_ticket_end_date":"","_tribe_ticket_show_description":"","_tribe_ticket_show_not_going":false,"_tribe_ticket_use_global_stock":"","_tribe_ticket_global_stock_level":"","_global_stock_mode":"","_global_stock_cap":"","_tribe_rsvp_for_event":"","_tribe_ticket_going_count":"","_tribe_ticket_not_going_count":"","_tribe_tickets_list":"[]","_tribe_ticket_has_attendee_info_fields":false,"footnotes":""},"categories":[1],"tags":[],"class_list":["post-35491","post","type-post","status-publish","format-standard","has-post-thumbnail","hentry","category-uncategorized-ca"],"acf":[],"yoast_head":"<!-- This site is optimized with the Yoast SEO plugin v23.7 - https:\/\/yoast.com\/wordpress\/plugins\/seo\/ -->\n<title>Barcelona 1992 i el seu legat sostenible - Museu Ol\u00edmpic i de l&#039;Esport<\/title>\n<meta name=\"robots\" content=\"index, follow, max-snippet:-1, max-image-preview:large, max-video-preview:-1\" \/>\n<link rel=\"canonical\" href=\"https:\/\/www.museuolimpicbcn.cat\/ca\/barcelona-1992-y-el-seu-legat-sostenible\/\" \/>\n<meta property=\"og:locale\" content=\"ca_ES\" \/>\n<meta property=\"og:type\" content=\"article\" \/>\n<meta property=\"og:title\" content=\"Barcelona 1992 i el seu legat sostenible - Museu Ol\u00edmpic i de l&#039;Esport\" \/>\n<meta property=\"og:description\" content=\"Jornada divulgativa: La gesti\u00f3 sostenible, un dels llegats menys coneguts de Barcelona\u201992. L\u2019Alberto Arag\u00f3n va centrar la seva tesi doctoral en els Jocs Ol\u00edmpics de Barcelona\u201992 i el recorregut del llegat i la sostenibilitat. En la jornada d&#8217;avui, emmarcada en la commemoraci\u00f3 del 30 aniversari dels Jocs de Barcelona, Francesc Terr\u00f3n, director de la Fundaci\u00f3 [&hellip;]\" \/>\n<meta property=\"og:url\" content=\"https:\/\/www.museuolimpicbcn.cat\/ca\/barcelona-1992-y-el-seu-legat-sostenible\/\" \/>\n<meta property=\"og:site_name\" content=\"Museu Ol\u00edmpic i de l&#039;Esport\" \/>\n<meta property=\"article:published_time\" content=\"2022-11-16T17:38:55+00:00\" \/>\n<meta property=\"article:modified_time\" content=\"2022-11-16T17:41:39+00:00\" \/>\n<meta property=\"og:image\" content=\"https:\/\/www.museuolimpicbcn.cat\/wp-content\/uploads\/sites\/2\/2022\/11\/MuseuOli\u0301mpic-Sostenibilidad_11.jpg\" \/>\n\t<meta property=\"og:image:width\" content=\"1892\" \/>\n\t<meta property=\"og:image:height\" content=\"1080\" \/>\n\t<meta property=\"og:image:type\" content=\"image\/jpeg\" \/>\n<meta name=\"author\" content=\"Ibone\" \/>\n<meta name=\"twitter:card\" content=\"summary_large_image\" \/>\n<meta name=\"twitter:label1\" content=\"Escrit per\" \/>\n\t<meta name=\"twitter:data1\" content=\"Ibone\" \/>\n\t<meta name=\"twitter:label2\" content=\"Temps estimat de lectura\" \/>\n\t<meta name=\"twitter:data2\" content=\"1 minut\" \/>\n<script type=\"application\/ld+json\" class=\"yoast-schema-graph\">{\"@context\":\"https:\/\/schema.org\",\"@graph\":[{\"@type\":\"Article\",\"@id\":\"https:\/\/www.museuolimpicbcn.cat\/ca\/barcelona-1992-y-el-seu-legat-sostenible\/#article\",\"isPartOf\":{\"@id\":\"https:\/\/www.museuolimpicbcn.cat\/ca\/barcelona-1992-y-el-seu-legat-sostenible\/\"},\"author\":{\"name\":\"Ibone\",\"@id\":\"https:\/\/www.museuolimpicbcn.cat\/ca\/#\/schema\/person\/b792834a53f193977df425a499287aa9\"},\"headline\":\"Barcelona 1992 i el seu legat sostenible\",\"datePublished\":\"2022-11-16T17:38:55+00:00\",\"dateModified\":\"2022-11-16T17:41:39+00:00\",\"mainEntityOfPage\":{\"@id\":\"https:\/\/www.museuolimpicbcn.cat\/ca\/barcelona-1992-y-el-seu-legat-sostenible\/\"},\"wordCount\":218,\"publisher\":{\"@id\":\"https:\/\/www.museuolimpicbcn.cat\/ca\/#organization\"},\"image\":{\"@id\":\"https:\/\/www.museuolimpicbcn.cat\/ca\/barcelona-1992-y-el-seu-legat-sostenible\/#primaryimage\"},\"thumbnailUrl\":\"https:\/\/www.museuolimpicbcn.cat\/wp-content\/uploads\/sites\/2\/2022\/11\/MuseuOli\u0301mpic-Sostenibilidad_11.jpg\",\"articleSection\":[\"Uncategorized @ca\"],\"inLanguage\":\"ca\"},{\"@type\":\"WebPage\",\"@id\":\"https:\/\/www.museuolimpicbcn.cat\/ca\/barcelona-1992-y-el-seu-legat-sostenible\/\",\"url\":\"https:\/\/www.museuolimpicbcn.cat\/ca\/barcelona-1992-y-el-seu-legat-sostenible\/\",\"name\":\"Barcelona 1992 i el seu legat sostenible - Museu Ol\u00edmpic i de l&#039;Esport\",\"isPartOf\":{\"@id\":\"https:\/\/www.museuolimpicbcn.cat\/ca\/#website\"},\"primaryImageOfPage\":{\"@id\":\"https:\/\/www.museuolimpicbcn.cat\/ca\/barcelona-1992-y-el-seu-legat-sostenible\/#primaryimage\"},\"image\":{\"@id\":\"https:\/\/www.museuolimpicbcn.cat\/ca\/barcelona-1992-y-el-seu-legat-sostenible\/#primaryimage\"},\"thumbnailUrl\":\"https:\/\/www.museuolimpicbcn.cat\/wp-content\/uploads\/sites\/2\/2022\/11\/MuseuOli\u0301mpic-Sostenibilidad_11.jpg\",\"datePublished\":\"2022-11-16T17:38:55+00:00\",\"dateModified\":\"2022-11-16T17:41:39+00:00\",\"breadcrumb\":{\"@id\":\"https:\/\/www.museuolimpicbcn.cat\/ca\/barcelona-1992-y-el-seu-legat-sostenible\/#breadcrumb\"},\"inLanguage\":\"ca\",\"potentialAction\":[{\"@type\":\"ReadAction\",\"target\":[\"https:\/\/www.museuolimpicbcn.cat\/ca\/barcelona-1992-y-el-seu-legat-sostenible\/\"]}]},{\"@type\":\"ImageObject\",\"inLanguage\":\"ca\",\"@id\":\"https:\/\/www.museuolimpicbcn.cat\/ca\/barcelona-1992-y-el-seu-legat-sostenible\/#primaryimage\",\"url\":\"https:\/\/www.museuolimpicbcn.cat\/wp-content\/uploads\/sites\/2\/2022\/11\/MuseuOli\u0301mpic-Sostenibilidad_11.jpg\",\"contentUrl\":\"https:\/\/www.museuolimpicbcn.cat\/wp-content\/uploads\/sites\/2\/2022\/11\/MuseuOli\u0301mpic-Sostenibilidad_11.jpg\",\"width\":1892,\"height\":1080},{\"@type\":\"BreadcrumbList\",\"@id\":\"https:\/\/www.museuolimpicbcn.cat\/ca\/barcelona-1992-y-el-seu-legat-sostenible\/#breadcrumb\",\"itemListElement\":[{\"@type\":\"ListItem\",\"position\":1,\"name\":\"Inici\",\"item\":\"https:\/\/www.museuolimpicbcn.cat\/es\/\"},{\"@type\":\"ListItem\",\"position\":2,\"name\":\"Barcelona 1992 i el seu legat sostenible\"}]},{\"@type\":\"WebSite\",\"@id\":\"https:\/\/www.museuolimpicbcn.cat\/ca\/#website\",\"url\":\"https:\/\/www.museuolimpicbcn.cat\/ca\/\",\"name\":\"Museu Ol\u00edmpic i de l&#039;Esport\",\"description\":\"Altre lloc Web del Museu Ol\u00edmpic i de l&#039;Esport llocs\",\"publisher\":{\"@id\":\"https:\/\/www.museuolimpicbcn.cat\/ca\/#organization\"},\"potentialAction\":[{\"@type\":\"SearchAction\",\"target\":{\"@type\":\"EntryPoint\",\"urlTemplate\":\"https:\/\/www.museuolimpicbcn.cat\/ca\/?s={search_term_string}\"},\"query-input\":{\"@type\":\"PropertyValueSpecification\",\"valueRequired\":true,\"valueName\":\"search_term_string\"}}],\"inLanguage\":\"ca\"},{\"@type\":\"Organization\",\"@id\":\"https:\/\/www.museuolimpicbcn.cat\/ca\/#organization\",\"name\":\"Museu Ol\u00edmpic i de l&#039;Esport\",\"url\":\"https:\/\/www.museuolimpicbcn.cat\/ca\/\",\"logo\":{\"@type\":\"ImageObject\",\"inLanguage\":\"ca\",\"@id\":\"https:\/\/www.museuolimpicbcn.cat\/ca\/#\/schema\/logo\/image\/\",\"url\":\"https:\/\/www.museuolimpicbcn.cat\/wp-content\/uploads\/sites\/2\/2018\/12\/logo-moe-header.svg\",\"contentUrl\":\"https:\/\/www.museuolimpicbcn.cat\/wp-content\/uploads\/sites\/2\/2018\/12\/logo-moe-header.svg\",\"caption\":\"Museu Ol\u00edmpic i de l&#039;Esport\"},\"image\":{\"@id\":\"https:\/\/www.museuolimpicbcn.cat\/ca\/#\/schema\/logo\/image\/\"}},{\"@type\":\"Person\",\"@id\":\"https:\/\/www.museuolimpicbcn.cat\/ca\/#\/schema\/person\/b792834a53f193977df425a499287aa9\",\"name\":\"Ibone\",\"url\":\"https:\/\/www.museuolimpicbcn.cat\/ca\/author\/fbolimpica\/\"}]}<\/script>\n<!-- \/ Yoast SEO plugin. -->","yoast_head_json":{"title":"Barcelona 1992 i el seu legat sostenible - Museu Ol\u00edmpic i de l&#039;Esport","robots":{"index":"index","follow":"follow","max-snippet":"max-snippet:-1","max-image-preview":"max-image-preview:large","max-video-preview":"max-video-preview:-1"},"canonical":"https:\/\/www.museuolimpicbcn.cat\/ca\/barcelona-1992-y-el-seu-legat-sostenible\/","og_locale":"ca_ES","og_type":"article","og_title":"Barcelona 1992 i el seu legat sostenible - Museu Ol\u00edmpic i de l&#039;Esport","og_description":"Jornada divulgativa: La gesti\u00f3 sostenible, un dels llegats menys coneguts de Barcelona\u201992. L\u2019Alberto Arag\u00f3n va centrar la seva tesi doctoral en els Jocs Ol\u00edmpics de Barcelona\u201992 i el recorregut del llegat i la sostenibilitat. En la jornada d&#8217;avui, emmarcada en la commemoraci\u00f3 del 30 aniversari dels Jocs de Barcelona, Francesc Terr\u00f3n, director de la Fundaci\u00f3 [&hellip;]","og_url":"https:\/\/www.museuolimpicbcn.cat\/ca\/barcelona-1992-y-el-seu-legat-sostenible\/","og_site_name":"Museu Ol\u00edmpic i de l&#039;Esport","article_published_time":"2022-11-16T17:38:55+00:00","article_modified_time":"2022-11-16T17:41:39+00:00","og_image":[{"width":1892,"height":1080,"url":"https:\/\/www.museuolimpicbcn.cat\/wp-content\/uploads\/sites\/2\/2022\/11\/MuseuOli\u0301mpic-Sostenibilidad_11.jpg","type":"image\/jpeg"}],"author":"Ibone","twitter_card":"summary_large_image","twitter_misc":{"Escrit per":"Ibone","Temps estimat de lectura":"1 minut"},"schema":{"@context":"https:\/\/schema.org","@graph":[{"@type":"Article","@id":"https:\/\/www.museuolimpicbcn.cat\/ca\/barcelona-1992-y-el-seu-legat-sostenible\/#article","isPartOf":{"@id":"https:\/\/www.museuolimpicbcn.cat\/ca\/barcelona-1992-y-el-seu-legat-sostenible\/"},"author":{"name":"Ibone","@id":"https:\/\/www.museuolimpicbcn.cat\/ca\/#\/schema\/person\/b792834a53f193977df425a499287aa9"},"headline":"Barcelona 1992 i el seu legat sostenible","datePublished":"2022-11-16T17:38:55+00:00","dateModified":"2022-11-16T17:41:39+00:00","mainEntityOfPage":{"@id":"https:\/\/www.museuolimpicbcn.cat\/ca\/barcelona-1992-y-el-seu-legat-sostenible\/"},"wordCount":218,"publisher":{"@id":"https:\/\/www.museuolimpicbcn.cat\/ca\/#organization"},"image":{"@id":"https:\/\/www.museuolimpicbcn.cat\/ca\/barcelona-1992-y-el-seu-legat-sostenible\/#primaryimage"},"thumbnailUrl":"https:\/\/www.museuolimpicbcn.cat\/wp-content\/uploads\/sites\/2\/2022\/11\/MuseuOli\u0301mpic-Sostenibilidad_11.jpg","articleSection":["Uncategorized @ca"],"inLanguage":"ca"},{"@type":"WebPage","@id":"https:\/\/www.museuolimpicbcn.cat\/ca\/barcelona-1992-y-el-seu-legat-sostenible\/","url":"https:\/\/www.museuolimpicbcn.cat\/ca\/barcelona-1992-y-el-seu-legat-sostenible\/","name":"Barcelona 1992 i el seu legat sostenible - Museu Ol\u00edmpic i de l&#039;Esport","isPartOf":{"@id":"https:\/\/www.museuolimpicbcn.cat\/ca\/#website"},"primaryImageOfPage":{"@id":"https:\/\/www.museuolimpicbcn.cat\/ca\/barcelona-1992-y-el-seu-legat-sostenible\/#primaryimage"},"image":{"@id":"https:\/\/www.museuolimpicbcn.cat\/ca\/barcelona-1992-y-el-seu-legat-sostenible\/#primaryimage"},"thumbnailUrl":"https:\/\/www.museuolimpicbcn.cat\/wp-content\/uploads\/sites\/2\/2022\/11\/MuseuOli\u0301mpic-Sostenibilidad_11.jpg","datePublished":"2022-11-16T17:38:55+00:00","dateModified":"2022-11-16T17:41:39+00:00","breadcrumb":{"@id":"https:\/\/www.museuolimpicbcn.cat\/ca\/barcelona-1992-y-el-seu-legat-sostenible\/#breadcrumb"},"inLanguage":"ca","potentialAction":[{"@type":"ReadAction","target":["https:\/\/www.museuolimpicbcn.cat\/ca\/barcelona-1992-y-el-seu-legat-sostenible\/"]}]},{"@type":"ImageObject","inLanguage":"ca","@id":"https:\/\/www.museuolimpicbcn.cat\/ca\/barcelona-1992-y-el-seu-legat-sostenible\/#primaryimage","url":"https:\/\/www.museuolimpicbcn.cat\/wp-content\/uploads\/sites\/2\/2022\/11\/MuseuOli\u0301mpic-Sostenibilidad_11.jpg","contentUrl":"https:\/\/www.museuolimpicbcn.cat\/wp-content\/uploads\/sites\/2\/2022\/11\/MuseuOli\u0301mpic-Sostenibilidad_11.jpg","width":1892,"height":1080},{"@type":"BreadcrumbList","@id":"https:\/\/www.museuolimpicbcn.cat\/ca\/barcelona-1992-y-el-seu-legat-sostenible\/#breadcrumb","itemListElement":[{"@type":"ListItem","position":1,"name":"Inici","item":"https:\/\/www.museuolimpicbcn.cat\/es\/"},{"@type":"ListItem","position":2,"name":"Barcelona 1992 i el seu legat sostenible"}]},{"@type":"WebSite","@id":"https:\/\/www.museuolimpicbcn.cat\/ca\/#website","url":"https:\/\/www.museuolimpicbcn.cat\/ca\/","name":"Museu Ol\u00edmpic i de l&#039;Esport","description":"Altre lloc Web del Museu Ol\u00edmpic i de l&#039;Esport llocs","publisher":{"@id":"https:\/\/www.museuolimpicbcn.cat\/ca\/#organization"},"potentialAction":[{"@type":"SearchAction","target":{"@type":"EntryPoint","urlTemplate":"https:\/\/www.museuolimpicbcn.cat\/ca\/?s={search_term_string}"},"query-input":{"@type":"PropertyValueSpecification","valueRequired":true,"valueName":"search_term_string"}}],"inLanguage":"ca"},{"@type":"Organization","@id":"https:\/\/www.museuolimpicbcn.cat\/ca\/#organization","name":"Museu Ol\u00edmpic i de l&#039;Esport","url":"https:\/\/www.museuolimpicbcn.cat\/ca\/","logo":{"@type":"ImageObject","inLanguage":"ca","@id":"https:\/\/www.museuolimpicbcn.cat\/ca\/#\/schema\/logo\/image\/","url":"https:\/\/www.museuolimpicbcn.cat\/wp-content\/uploads\/sites\/2\/2018\/12\/logo-moe-header.svg","contentUrl":"https:\/\/www.museuolimpicbcn.cat\/wp-content\/uploads\/sites\/2\/2018\/12\/logo-moe-header.svg","caption":"Museu Ol\u00edmpic i de l&#039;Esport"},"image":{"@id":"https:\/\/www.museuolimpicbcn.cat\/ca\/#\/schema\/logo\/image\/"}},{"@type":"Person","@id":"https:\/\/www.museuolimpicbcn.cat\/ca\/#\/schema\/person\/b792834a53f193977df425a499287aa9","name":"Ibone","url":"https:\/\/www.museuolimpicbcn.cat\/ca\/author\/fbolimpica\/"}]}},"_links":{"self":[{"href":"https:\/\/www.museuolimpicbcn.cat\/ca\/wp-json\/wp\/v2\/posts\/35491"}],"collection":[{"href":"https:\/\/www.museuolimpicbcn.cat\/ca\/wp-json\/wp\/v2\/posts"}],"about":[{"href":"https:\/\/www.museuolimpicbcn.cat\/ca\/wp-json\/wp\/v2\/types\/post"}],"author":[{"embeddable":true,"href":"https:\/\/www.museuolimpicbcn.cat\/ca\/wp-json\/wp\/v2\/users\/11"}],"replies":[{"embeddable":true,"href":"https:\/\/www.museuolimpicbcn.cat\/ca\/wp-json\/wp\/v2\/comments?post=35491"}],"version-history":[{"count":3,"href":"https:\/\/www.museuolimpicbcn.cat\/ca\/wp-json\/wp\/v2\/posts\/35491\/revisions"}],"predecessor-version":[{"id":35532,"href":"https:\/\/www.museuolimpicbcn.cat\/ca\/wp-json\/wp\/v2\/posts\/35491\/revisions\/35532"}],"wp:featuredmedia":[{"embeddable":true,"href":"https:\/\/www.museuolimpicbcn.cat\/ca\/wp-json\/wp\/v2\/media\/35524"}],"wp:attachment":[{"href":"https:\/\/www.museuolimpicbcn.cat\/ca\/wp-json\/wp\/v2\/media?parent=35491"}],"wp:term":[{"taxonomy":"category","embeddable":true,"href":"https:\/\/www.museuolimpicbcn.cat\/ca\/wp-json\/wp\/v2\/categories?post=35491"},{"taxonomy":"post_tag","embeddable":true,"href":"https:\/\/www.museuolimpicbcn.cat\/ca\/wp-json\/wp\/v2\/tags?post=35491"}],"curies":[{"name":"wp","href":"https:\/\/api.w.org\/{rel}","templated":true}]}}