{"id":37469,"date":"2023-06-20T18:07:16","date_gmt":"2023-06-20T16:07:16","guid":{"rendered":"https:\/\/www.museuolimpicbcn.cat\/?p=37469"},"modified":"2023-06-20T18:08:09","modified_gmt":"2023-06-20T16:08:09","slug":"barcelona-mes-dun-segle-de-ciclisme-una-taula-rodona-vinculada-a-lactualitat-del-ciclisme-i-la-seva-historia","status":"publish","type":"post","link":"https:\/\/www.museuolimpicbcn.cat\/ca\/barcelona-mes-dun-segle-de-ciclisme-una-taula-rodona-vinculada-a-lactualitat-del-ciclisme-i-la-seva-historia\/","title":{"rendered":"\u201cBarcelona, m\u00e9s d\u2019un segle de ciclisme\u201d una taula rodona vinculada a l&#8217;actualitat del ciclisme i la seva hist\u00f2ria."},"content":{"rendered":"<p>Frank Terr\u00f3n, director de la Fundaci\u00f3 Barcelona Ol\u00edmpica, ha estat l&#8217;encarregat d&#8217;obrir l&#8217;Aula d\u2019Hist\u00f2ria \u201cBarcelona, m\u00e9s d\u2019un segle de ciclisme\u201d al Museu Ol\u00edmpic de Barcelona.<\/p>\n<p>La taula rodona ha estat composta per Arcadi Alib\u00e9s, periodista esportiu; Juli Pernas, historiador, autor de diverses publicacions sobre la hist\u00f2ria de l\u2019esport a la ciutat de Barcelona; Marta Vilajosana, responsable de l\u2019\u00e0rea t\u00e8cnica de la Federaci\u00f3 Catalana de Ciclisme; Rub\u00e8n Peris, gestor m\u00f3n ciclista i president Volta a Catalunya i Sergi Valdivieso, moderador de l\u2019esdeveniment.<\/p>\n<p>S&#8217;han tractat temes com la vessant period\u00edstica en les retransmissions ciclistes, la festa de la bicicleta i el ciclisme a Barcelona, la gesti\u00f3 del ciclisme en l&#8217;\u00e0mbit federatiu i\/o l\u2019evoluci\u00f3 del model de la Volta a Catalunya en els darrers anys.<\/p>\n<p>Durant l&#8217;acte tamb\u00e9 s&#8217;ha presentat el llibre de la col\u00b7lecci\u00f3 \u201cAula d&#8217;Hist\u00f2ria\u201d \u201cBarcelona, m\u00e9s d\u2019un segle de ciclisme\u201d escrit per Joan Manel Surroca, Juli Pernas, Sergi Valdivieso, Ra\u00fcl V\u00e1zquez i Francesc Terr\u00f3n.<\/p>\n<p>\u201cPer segona vegada a la hist\u00f2ria, <em>La Vuelta Ciclista a Espa\u00f1a<\/em> ha escollit Barcelona com a ciutat amfitriona per organitzar l\u2019inici de la cursa en la seva 78a edici\u00f3. Coincidint amb aquesta efem\u00e8ride, la Fundaci\u00f3 Barcelona Ol\u00edmpica, des del Centre d\u2019Estudis Ol\u00edmpics i de l\u2019Esport Joan Antoni Samaranch, ha volgut dedicar aquest llibret a la hist\u00f2ria de la bicicleta i el ciclisme a la ciutat. \u00c9s un treball fruit de la col\u00b7laboraci\u00f3 entre diverses persones que, a trav\u00e9s de recerques, hist\u00f2riques i\/o verbals, i experi\u00e8ncies personals, ens expliquen l\u2019origen del ciclisme i els vel\u00f2droms a Barcelona; rememoren algunes de les proves ciclistes m\u00e9s conegudes, tant a escala local com internacional, i tenen la ciutat com a nexe d\u2019uni\u00f3, sense oblidar el vessant ol\u00edmpic, amb la participaci\u00f3 dels ciclistes catalans als Jocs Ol\u00edmpics.\u201d<\/p>\n<p>Us recordem que si no heu pogut assistir a l&#8217;acte podeu visionar-lo a trav\u00e9s del nostre canal YOUTUBE: <a href=\"https:\/\/www.youtube.com\/channel\/UCgKI2RTztZbmweLYjePyasQ\">Fundaci\u00f3 Barcelona Ol\u00edmpica \u2013 Museu Ol\u00edmpic<\/a>.<\/p>\n","protected":false},"excerpt":{"rendered":"<p>Frank Terr\u00f3n, director de la Fundaci\u00f3 Barcelona Ol\u00edmpica, ha estat l&#8217;encarregat d&#8217;obrir l&#8217;Aula d\u2019Hist\u00f2ria \u201cBarcelona, m\u00e9s d\u2019un segle de ciclisme\u201d al Museu Ol\u00edmpic de Barcelona. La taula rodona ha estat composta per Arcadi Alib\u00e9s, periodista esportiu; Juli Pernas, historiador, autor de diverses publicacions sobre la hist\u00f2ria de l\u2019esport a la ciutat de Barcelona; Marta Vilajosana, [&hellip;]<\/p>\n","protected":false},"author":11,"featured_media":37491,"comment_status":"closed","ping_status":"closed","sticky":false,"template":"","format":"standard","meta":{"_acf_changed":false,"_price":"","_stock":"","_tribe_ticket_header":"","_tribe_default_ticket_provider":"","_tribe_ticket_capacity":"0","_ticket_start_date":"","_ticket_end_date":"","_tribe_ticket_show_description":"","_tribe_ticket_show_not_going":false,"_tribe_ticket_use_global_stock":"","_tribe_ticket_global_stock_level":"","_global_stock_mode":"","_global_stock_cap":"","_tribe_rsvp_for_event":"","_tribe_ticket_going_count":"","_tribe_ticket_not_going_count":"","_tribe_tickets_list":"[]","_tribe_ticket_has_attendee_info_fields":false,"footnotes":""},"categories":[1],"tags":[],"class_list":["post-37469","post","type-post","status-publish","format-standard","has-post-thumbnail","hentry","category-uncategorized-ca"],"acf":[],"yoast_head":"<!-- This site is optimized with the Yoast SEO plugin v23.7 - https:\/\/yoast.com\/wordpress\/plugins\/seo\/ -->\n<title>\u201cBarcelona, m\u00e9s d\u2019un segle de ciclisme\u201d una taula rodona vinculada a l&#039;actualitat del ciclisme i la seva hist\u00f2ria. - Museu Ol\u00edmpic i de l&#039;Esport<\/title>\n<meta name=\"robots\" content=\"index, follow, max-snippet:-1, max-image-preview:large, max-video-preview:-1\" \/>\n<link rel=\"canonical\" href=\"https:\/\/www.museuolimpicbcn.cat\/ca\/barcelona-mes-dun-segle-de-ciclisme-una-taula-rodona-vinculada-a-lactualitat-del-ciclisme-i-la-seva-historia\/\" \/>\n<meta property=\"og:locale\" content=\"ca_ES\" \/>\n<meta property=\"og:type\" content=\"article\" \/>\n<meta property=\"og:title\" content=\"\u201cBarcelona, m\u00e9s d\u2019un segle de ciclisme\u201d una taula rodona vinculada a l&#039;actualitat del ciclisme i la seva hist\u00f2ria. - Museu Ol\u00edmpic i de l&#039;Esport\" \/>\n<meta property=\"og:description\" content=\"Frank Terr\u00f3n, director de la Fundaci\u00f3 Barcelona Ol\u00edmpica, ha estat l&#8217;encarregat d&#8217;obrir l&#8217;Aula d\u2019Hist\u00f2ria \u201cBarcelona, m\u00e9s d\u2019un segle de ciclisme\u201d al Museu Ol\u00edmpic de Barcelona. La taula rodona ha estat composta per Arcadi Alib\u00e9s, periodista esportiu; Juli Pernas, historiador, autor de diverses publicacions sobre la hist\u00f2ria de l\u2019esport a la ciutat de Barcelona; Marta Vilajosana, [&hellip;]\" \/>\n<meta property=\"og:url\" content=\"https:\/\/www.museuolimpicbcn.cat\/ca\/barcelona-mes-dun-segle-de-ciclisme-una-taula-rodona-vinculada-a-lactualitat-del-ciclisme-i-la-seva-historia\/\" \/>\n<meta property=\"og:site_name\" content=\"Museu Ol\u00edmpic i de l&#039;Esport\" \/>\n<meta property=\"article:published_time\" content=\"2023-06-20T16:07:16+00:00\" \/>\n<meta property=\"article:modified_time\" content=\"2023-06-20T16:08:09+00:00\" \/>\n<meta property=\"og:image\" content=\"https:\/\/www.museuolimpicbcn.cat\/wp-content\/uploads\/sites\/2\/2023\/06\/AdH-Ciclisme-Barcelona-MuseuOlimpicBCN_1.jpg\" \/>\n\t<meta property=\"og:image:width\" content=\"1468\" \/>\n\t<meta property=\"og:image:height\" content=\"1080\" \/>\n\t<meta property=\"og:image:type\" content=\"image\/jpeg\" \/>\n<meta name=\"author\" content=\"Ibone\" \/>\n<meta name=\"twitter:card\" content=\"summary_large_image\" \/>\n<meta name=\"twitter:label1\" content=\"Escrit per\" \/>\n\t<meta name=\"twitter:data1\" content=\"Ibone\" \/>\n\t<meta name=\"twitter:label2\" content=\"Temps estimat de lectura\" \/>\n\t<meta name=\"twitter:data2\" content=\"2 minuts\" \/>\n<script type=\"application\/ld+json\" class=\"yoast-schema-graph\">{\"@context\":\"https:\/\/schema.org\",\"@graph\":[{\"@type\":\"Article\",\"@id\":\"https:\/\/www.museuolimpicbcn.cat\/ca\/barcelona-mes-dun-segle-de-ciclisme-una-taula-rodona-vinculada-a-lactualitat-del-ciclisme-i-la-seva-historia\/#article\",\"isPartOf\":{\"@id\":\"https:\/\/www.museuolimpicbcn.cat\/ca\/barcelona-mes-dun-segle-de-ciclisme-una-taula-rodona-vinculada-a-lactualitat-del-ciclisme-i-la-seva-historia\/\"},\"author\":{\"name\":\"Ibone\",\"@id\":\"https:\/\/www.museuolimpicbcn.cat\/ca\/#\/schema\/person\/b792834a53f193977df425a499287aa9\"},\"headline\":\"\u201cBarcelona, m\u00e9s d\u2019un segle de ciclisme\u201d una taula rodona vinculada a l&#8217;actualitat del ciclisme i la seva hist\u00f2ria.\",\"datePublished\":\"2023-06-20T16:07:16+00:00\",\"dateModified\":\"2023-06-20T16:08:09+00:00\",\"mainEntityOfPage\":{\"@id\":\"https:\/\/www.museuolimpicbcn.cat\/ca\/barcelona-mes-dun-segle-de-ciclisme-una-taula-rodona-vinculada-a-lactualitat-del-ciclisme-i-la-seva-historia\/\"},\"wordCount\":379,\"publisher\":{\"@id\":\"https:\/\/www.museuolimpicbcn.cat\/ca\/#organization\"},\"image\":{\"@id\":\"https:\/\/www.museuolimpicbcn.cat\/ca\/barcelona-mes-dun-segle-de-ciclisme-una-taula-rodona-vinculada-a-lactualitat-del-ciclisme-i-la-seva-historia\/#primaryimage\"},\"thumbnailUrl\":\"https:\/\/www.museuolimpicbcn.cat\/wp-content\/uploads\/sites\/2\/2023\/06\/AdH-Ciclisme-Barcelona-MuseuOlimpicBCN_1.jpg\",\"articleSection\":[\"Uncategorized @ca\"],\"inLanguage\":\"ca\"},{\"@type\":\"WebPage\",\"@id\":\"https:\/\/www.museuolimpicbcn.cat\/ca\/barcelona-mes-dun-segle-de-ciclisme-una-taula-rodona-vinculada-a-lactualitat-del-ciclisme-i-la-seva-historia\/\",\"url\":\"https:\/\/www.museuolimpicbcn.cat\/ca\/barcelona-mes-dun-segle-de-ciclisme-una-taula-rodona-vinculada-a-lactualitat-del-ciclisme-i-la-seva-historia\/\",\"name\":\"\u201cBarcelona, m\u00e9s d\u2019un segle de ciclisme\u201d una taula rodona vinculada a l'actualitat del ciclisme i la seva hist\u00f2ria. - Museu Ol\u00edmpic i de l&#039;Esport\",\"isPartOf\":{\"@id\":\"https:\/\/www.museuolimpicbcn.cat\/ca\/#website\"},\"primaryImageOfPage\":{\"@id\":\"https:\/\/www.museuolimpicbcn.cat\/ca\/barcelona-mes-dun-segle-de-ciclisme-una-taula-rodona-vinculada-a-lactualitat-del-ciclisme-i-la-seva-historia\/#primaryimage\"},\"image\":{\"@id\":\"https:\/\/www.museuolimpicbcn.cat\/ca\/barcelona-mes-dun-segle-de-ciclisme-una-taula-rodona-vinculada-a-lactualitat-del-ciclisme-i-la-seva-historia\/#primaryimage\"},\"thumbnailUrl\":\"https:\/\/www.museuolimpicbcn.cat\/wp-content\/uploads\/sites\/2\/2023\/06\/AdH-Ciclisme-Barcelona-MuseuOlimpicBCN_1.jpg\",\"datePublished\":\"2023-06-20T16:07:16+00:00\",\"dateModified\":\"2023-06-20T16:08:09+00:00\",\"breadcrumb\":{\"@id\":\"https:\/\/www.museuolimpicbcn.cat\/ca\/barcelona-mes-dun-segle-de-ciclisme-una-taula-rodona-vinculada-a-lactualitat-del-ciclisme-i-la-seva-historia\/#breadcrumb\"},\"inLanguage\":\"ca\",\"potentialAction\":[{\"@type\":\"ReadAction\",\"target\":[\"https:\/\/www.museuolimpicbcn.cat\/ca\/barcelona-mes-dun-segle-de-ciclisme-una-taula-rodona-vinculada-a-lactualitat-del-ciclisme-i-la-seva-historia\/\"]}]},{\"@type\":\"ImageObject\",\"inLanguage\":\"ca\",\"@id\":\"https:\/\/www.museuolimpicbcn.cat\/ca\/barcelona-mes-dun-segle-de-ciclisme-una-taula-rodona-vinculada-a-lactualitat-del-ciclisme-i-la-seva-historia\/#primaryimage\",\"url\":\"https:\/\/www.museuolimpicbcn.cat\/wp-content\/uploads\/sites\/2\/2023\/06\/AdH-Ciclisme-Barcelona-MuseuOlimpicBCN_1.jpg\",\"contentUrl\":\"https:\/\/www.museuolimpicbcn.cat\/wp-content\/uploads\/sites\/2\/2023\/06\/AdH-Ciclisme-Barcelona-MuseuOlimpicBCN_1.jpg\",\"width\":1468,\"height\":1080},{\"@type\":\"BreadcrumbList\",\"@id\":\"https:\/\/www.museuolimpicbcn.cat\/ca\/barcelona-mes-dun-segle-de-ciclisme-una-taula-rodona-vinculada-a-lactualitat-del-ciclisme-i-la-seva-historia\/#breadcrumb\",\"itemListElement\":[{\"@type\":\"ListItem\",\"position\":1,\"name\":\"Inici\",\"item\":\"https:\/\/www.museuolimpicbcn.cat\/es\/\"},{\"@type\":\"ListItem\",\"position\":2,\"name\":\"\u201cBarcelona, m\u00e9s d\u2019un segle de ciclisme\u201d una taula rodona vinculada a l&#8217;actualitat del ciclisme i la seva hist\u00f2ria.\"}]},{\"@type\":\"WebSite\",\"@id\":\"https:\/\/www.museuolimpicbcn.cat\/ca\/#website\",\"url\":\"https:\/\/www.museuolimpicbcn.cat\/ca\/\",\"name\":\"Museu Ol\u00edmpic i de l&#039;Esport\",\"description\":\"Altre lloc Web del Museu Ol\u00edmpic i de l&#039;Esport llocs\",\"publisher\":{\"@id\":\"https:\/\/www.museuolimpicbcn.cat\/ca\/#organization\"},\"potentialAction\":[{\"@type\":\"SearchAction\",\"target\":{\"@type\":\"EntryPoint\",\"urlTemplate\":\"https:\/\/www.museuolimpicbcn.cat\/ca\/?s={search_term_string}\"},\"query-input\":{\"@type\":\"PropertyValueSpecification\",\"valueRequired\":true,\"valueName\":\"search_term_string\"}}],\"inLanguage\":\"ca\"},{\"@type\":\"Organization\",\"@id\":\"https:\/\/www.museuolimpicbcn.cat\/ca\/#organization\",\"name\":\"Museu Ol\u00edmpic i de l&#039;Esport\",\"url\":\"https:\/\/www.museuolimpicbcn.cat\/ca\/\",\"logo\":{\"@type\":\"ImageObject\",\"inLanguage\":\"ca\",\"@id\":\"https:\/\/www.museuolimpicbcn.cat\/ca\/#\/schema\/logo\/image\/\",\"url\":\"https:\/\/www.museuolimpicbcn.cat\/wp-content\/uploads\/sites\/2\/2018\/12\/logo-moe-header.svg\",\"contentUrl\":\"https:\/\/www.museuolimpicbcn.cat\/wp-content\/uploads\/sites\/2\/2018\/12\/logo-moe-header.svg\",\"caption\":\"Museu Ol\u00edmpic i de l&#039;Esport\"},\"image\":{\"@id\":\"https:\/\/www.museuolimpicbcn.cat\/ca\/#\/schema\/logo\/image\/\"}},{\"@type\":\"Person\",\"@id\":\"https:\/\/www.museuolimpicbcn.cat\/ca\/#\/schema\/person\/b792834a53f193977df425a499287aa9\",\"name\":\"Ibone\",\"url\":\"https:\/\/www.museuolimpicbcn.cat\/ca\/author\/fbolimpica\/\"}]}<\/script>\n<!-- \/ Yoast SEO plugin. -->","yoast_head_json":{"title":"\u201cBarcelona, m\u00e9s d\u2019un segle de ciclisme\u201d una taula rodona vinculada a l'actualitat del ciclisme i la seva hist\u00f2ria. - Museu Ol\u00edmpic i de l&#039;Esport","robots":{"index":"index","follow":"follow","max-snippet":"max-snippet:-1","max-image-preview":"max-image-preview:large","max-video-preview":"max-video-preview:-1"},"canonical":"https:\/\/www.museuolimpicbcn.cat\/ca\/barcelona-mes-dun-segle-de-ciclisme-una-taula-rodona-vinculada-a-lactualitat-del-ciclisme-i-la-seva-historia\/","og_locale":"ca_ES","og_type":"article","og_title":"\u201cBarcelona, m\u00e9s d\u2019un segle de ciclisme\u201d una taula rodona vinculada a l'actualitat del ciclisme i la seva hist\u00f2ria. - Museu Ol\u00edmpic i de l&#039;Esport","og_description":"Frank Terr\u00f3n, director de la Fundaci\u00f3 Barcelona Ol\u00edmpica, ha estat l&#8217;encarregat d&#8217;obrir l&#8217;Aula d\u2019Hist\u00f2ria \u201cBarcelona, m\u00e9s d\u2019un segle de ciclisme\u201d al Museu Ol\u00edmpic de Barcelona. La taula rodona ha estat composta per Arcadi Alib\u00e9s, periodista esportiu; Juli Pernas, historiador, autor de diverses publicacions sobre la hist\u00f2ria de l\u2019esport a la ciutat de Barcelona; Marta Vilajosana, [&hellip;]","og_url":"https:\/\/www.museuolimpicbcn.cat\/ca\/barcelona-mes-dun-segle-de-ciclisme-una-taula-rodona-vinculada-a-lactualitat-del-ciclisme-i-la-seva-historia\/","og_site_name":"Museu Ol\u00edmpic i de l&#039;Esport","article_published_time":"2023-06-20T16:07:16+00:00","article_modified_time":"2023-06-20T16:08:09+00:00","og_image":[{"width":1468,"height":1080,"url":"https:\/\/www.museuolimpicbcn.cat\/wp-content\/uploads\/sites\/2\/2023\/06\/AdH-Ciclisme-Barcelona-MuseuOlimpicBCN_1.jpg","type":"image\/jpeg"}],"author":"Ibone","twitter_card":"summary_large_image","twitter_misc":{"Escrit per":"Ibone","Temps estimat de lectura":"2 minuts"},"schema":{"@context":"https:\/\/schema.org","@graph":[{"@type":"Article","@id":"https:\/\/www.museuolimpicbcn.cat\/ca\/barcelona-mes-dun-segle-de-ciclisme-una-taula-rodona-vinculada-a-lactualitat-del-ciclisme-i-la-seva-historia\/#article","isPartOf":{"@id":"https:\/\/www.museuolimpicbcn.cat\/ca\/barcelona-mes-dun-segle-de-ciclisme-una-taula-rodona-vinculada-a-lactualitat-del-ciclisme-i-la-seva-historia\/"},"author":{"name":"Ibone","@id":"https:\/\/www.museuolimpicbcn.cat\/ca\/#\/schema\/person\/b792834a53f193977df425a499287aa9"},"headline":"\u201cBarcelona, m\u00e9s d\u2019un segle de ciclisme\u201d una taula rodona vinculada a l&#8217;actualitat del ciclisme i la seva hist\u00f2ria.","datePublished":"2023-06-20T16:07:16+00:00","dateModified":"2023-06-20T16:08:09+00:00","mainEntityOfPage":{"@id":"https:\/\/www.museuolimpicbcn.cat\/ca\/barcelona-mes-dun-segle-de-ciclisme-una-taula-rodona-vinculada-a-lactualitat-del-ciclisme-i-la-seva-historia\/"},"wordCount":379,"publisher":{"@id":"https:\/\/www.museuolimpicbcn.cat\/ca\/#organization"},"image":{"@id":"https:\/\/www.museuolimpicbcn.cat\/ca\/barcelona-mes-dun-segle-de-ciclisme-una-taula-rodona-vinculada-a-lactualitat-del-ciclisme-i-la-seva-historia\/#primaryimage"},"thumbnailUrl":"https:\/\/www.museuolimpicbcn.cat\/wp-content\/uploads\/sites\/2\/2023\/06\/AdH-Ciclisme-Barcelona-MuseuOlimpicBCN_1.jpg","articleSection":["Uncategorized @ca"],"inLanguage":"ca"},{"@type":"WebPage","@id":"https:\/\/www.museuolimpicbcn.cat\/ca\/barcelona-mes-dun-segle-de-ciclisme-una-taula-rodona-vinculada-a-lactualitat-del-ciclisme-i-la-seva-historia\/","url":"https:\/\/www.museuolimpicbcn.cat\/ca\/barcelona-mes-dun-segle-de-ciclisme-una-taula-rodona-vinculada-a-lactualitat-del-ciclisme-i-la-seva-historia\/","name":"\u201cBarcelona, m\u00e9s d\u2019un segle de ciclisme\u201d una taula rodona vinculada a l'actualitat del ciclisme i la seva hist\u00f2ria. - Museu Ol\u00edmpic i de l&#039;Esport","isPartOf":{"@id":"https:\/\/www.museuolimpicbcn.cat\/ca\/#website"},"primaryImageOfPage":{"@id":"https:\/\/www.museuolimpicbcn.cat\/ca\/barcelona-mes-dun-segle-de-ciclisme-una-taula-rodona-vinculada-a-lactualitat-del-ciclisme-i-la-seva-historia\/#primaryimage"},"image":{"@id":"https:\/\/www.museuolimpicbcn.cat\/ca\/barcelona-mes-dun-segle-de-ciclisme-una-taula-rodona-vinculada-a-lactualitat-del-ciclisme-i-la-seva-historia\/#primaryimage"},"thumbnailUrl":"https:\/\/www.museuolimpicbcn.cat\/wp-content\/uploads\/sites\/2\/2023\/06\/AdH-Ciclisme-Barcelona-MuseuOlimpicBCN_1.jpg","datePublished":"2023-06-20T16:07:16+00:00","dateModified":"2023-06-20T16:08:09+00:00","breadcrumb":{"@id":"https:\/\/www.museuolimpicbcn.cat\/ca\/barcelona-mes-dun-segle-de-ciclisme-una-taula-rodona-vinculada-a-lactualitat-del-ciclisme-i-la-seva-historia\/#breadcrumb"},"inLanguage":"ca","potentialAction":[{"@type":"ReadAction","target":["https:\/\/www.museuolimpicbcn.cat\/ca\/barcelona-mes-dun-segle-de-ciclisme-una-taula-rodona-vinculada-a-lactualitat-del-ciclisme-i-la-seva-historia\/"]}]},{"@type":"ImageObject","inLanguage":"ca","@id":"https:\/\/www.museuolimpicbcn.cat\/ca\/barcelona-mes-dun-segle-de-ciclisme-una-taula-rodona-vinculada-a-lactualitat-del-ciclisme-i-la-seva-historia\/#primaryimage","url":"https:\/\/www.museuolimpicbcn.cat\/wp-content\/uploads\/sites\/2\/2023\/06\/AdH-Ciclisme-Barcelona-MuseuOlimpicBCN_1.jpg","contentUrl":"https:\/\/www.museuolimpicbcn.cat\/wp-content\/uploads\/sites\/2\/2023\/06\/AdH-Ciclisme-Barcelona-MuseuOlimpicBCN_1.jpg","width":1468,"height":1080},{"@type":"BreadcrumbList","@id":"https:\/\/www.museuolimpicbcn.cat\/ca\/barcelona-mes-dun-segle-de-ciclisme-una-taula-rodona-vinculada-a-lactualitat-del-ciclisme-i-la-seva-historia\/#breadcrumb","itemListElement":[{"@type":"ListItem","position":1,"name":"Inici","item":"https:\/\/www.museuolimpicbcn.cat\/es\/"},{"@type":"ListItem","position":2,"name":"\u201cBarcelona, m\u00e9s d\u2019un segle de ciclisme\u201d una taula rodona vinculada a l&#8217;actualitat del ciclisme i la seva hist\u00f2ria."}]},{"@type":"WebSite","@id":"https:\/\/www.museuolimpicbcn.cat\/ca\/#website","url":"https:\/\/www.museuolimpicbcn.cat\/ca\/","name":"Museu Ol\u00edmpic i de l&#039;Esport","description":"Altre lloc Web del Museu Ol\u00edmpic i de l&#039;Esport llocs","publisher":{"@id":"https:\/\/www.museuolimpicbcn.cat\/ca\/#organization"},"potentialAction":[{"@type":"SearchAction","target":{"@type":"EntryPoint","urlTemplate":"https:\/\/www.museuolimpicbcn.cat\/ca\/?s={search_term_string}"},"query-input":{"@type":"PropertyValueSpecification","valueRequired":true,"valueName":"search_term_string"}}],"inLanguage":"ca"},{"@type":"Organization","@id":"https:\/\/www.museuolimpicbcn.cat\/ca\/#organization","name":"Museu Ol\u00edmpic i de l&#039;Esport","url":"https:\/\/www.museuolimpicbcn.cat\/ca\/","logo":{"@type":"ImageObject","inLanguage":"ca","@id":"https:\/\/www.museuolimpicbcn.cat\/ca\/#\/schema\/logo\/image\/","url":"https:\/\/www.museuolimpicbcn.cat\/wp-content\/uploads\/sites\/2\/2018\/12\/logo-moe-header.svg","contentUrl":"https:\/\/www.museuolimpicbcn.cat\/wp-content\/uploads\/sites\/2\/2018\/12\/logo-moe-header.svg","caption":"Museu Ol\u00edmpic i de l&#039;Esport"},"image":{"@id":"https:\/\/www.museuolimpicbcn.cat\/ca\/#\/schema\/logo\/image\/"}},{"@type":"Person","@id":"https:\/\/www.museuolimpicbcn.cat\/ca\/#\/schema\/person\/b792834a53f193977df425a499287aa9","name":"Ibone","url":"https:\/\/www.museuolimpicbcn.cat\/ca\/author\/fbolimpica\/"}]}},"_links":{"self":[{"href":"https:\/\/www.museuolimpicbcn.cat\/ca\/wp-json\/wp\/v2\/posts\/37469"}],"collection":[{"href":"https:\/\/www.museuolimpicbcn.cat\/ca\/wp-json\/wp\/v2\/posts"}],"about":[{"href":"https:\/\/www.museuolimpicbcn.cat\/ca\/wp-json\/wp\/v2\/types\/post"}],"author":[{"embeddable":true,"href":"https:\/\/www.museuolimpicbcn.cat\/ca\/wp-json\/wp\/v2\/users\/11"}],"replies":[{"embeddable":true,"href":"https:\/\/www.museuolimpicbcn.cat\/ca\/wp-json\/wp\/v2\/comments?post=37469"}],"version-history":[{"count":4,"href":"https:\/\/www.museuolimpicbcn.cat\/ca\/wp-json\/wp\/v2\/posts\/37469\/revisions"}],"predecessor-version":[{"id":37548,"href":"https:\/\/www.museuolimpicbcn.cat\/ca\/wp-json\/wp\/v2\/posts\/37469\/revisions\/37548"}],"wp:featuredmedia":[{"embeddable":true,"href":"https:\/\/www.museuolimpicbcn.cat\/ca\/wp-json\/wp\/v2\/media\/37491"}],"wp:attachment":[{"href":"https:\/\/www.museuolimpicbcn.cat\/ca\/wp-json\/wp\/v2\/media?parent=37469"}],"wp:term":[{"taxonomy":"category","embeddable":true,"href":"https:\/\/www.museuolimpicbcn.cat\/ca\/wp-json\/wp\/v2\/categories?post=37469"},{"taxonomy":"post_tag","embeddable":true,"href":"https:\/\/www.museuolimpicbcn.cat\/ca\/wp-json\/wp\/v2\/tags?post=37469"}],"curies":[{"name":"wp","href":"https:\/\/api.w.org\/{rel}","templated":true}]}}