{"id":37653,"date":"2023-07-06T12:25:53","date_gmt":"2023-07-06T10:25:53","guid":{"rendered":"https:\/\/www.museuolimpicbcn.cat\/?p=37653"},"modified":"2023-07-06T12:25:53","modified_gmt":"2023-07-06T10:25:53","slug":"presentacio-i-sorteig-del-torneig-dhistorics-del-futbol-catala-2023","status":"publish","type":"post","link":"https:\/\/www.museuolimpicbcn.cat\/ca\/presentacio-i-sorteig-del-torneig-dhistorics-del-futbol-catala-2023\/","title":{"rendered":"Presentaci\u00f3 i sorteig del Torneig d\u2019Hist\u00f2rics del Futbol Catal\u00e0 2023"},"content":{"rendered":"<p>Francesc Terr\u00f3n, director de la Fundaci\u00f3 Barcelona Ol\u00edmpica i Joan Soteras, president de la Federaci\u00f3 Catalana de Futbol, han donat la benvinguda, en el Museu Ol\u00edmpic, a la presentaci\u00f3 i sorteig del Torneig d&#8217;Hist\u00f2rics del futbol Catal\u00e0 2023, que inclou la 37a edici\u00f3 masculina i la 8a edici\u00f3 femenina.<\/p>\n<p>Al torneig mascul\u00ed hi participen 12 equips destacat de les principals categories del futbol catal\u00e0: sis conjunts de Segona RFEF (Manresa, Terrassa, Badalona, Cerdanyola, Europa i Sant Andreu), tres de Tercera (L&#8217;Hospitalet, Castelldefels i Monta\u00f1esa), un de la nova Lliga Elit (Sants) i dos de la Primera Catalana (Martinenc i J\u00fapiter) i es disputar\u00e0 al Nou Sardenya, (l&#8217;estadi del Club Esportiu Europa), del 31 de juliol al 6 d&#8217;agost.<\/p>\n<p>A l&#8217;edici\u00f3 femenina competiran sis conjunts, quatre de Preferent (Sant Cugat, Cerdanyola, Terrassa i Martinenc) i dos de Primera Catalana (Sants i J\u00fapiter) i se celebrar\u00e0 del 31 d&#8217;agost al 3 de setembre al Municipal de la Verneda (el camp del J\u00fapiter).<\/p>\n<p>Durant l\u2019esdeveniment s\u2019ha homenatjat les traject\u00f2ries dels futbolistes:<\/p>\n<ul>\n<li>Cristian G\u00f3mez, fins ara a l&#8217;Hospitalet;<\/li>\n<li>Alberto Gonz\u00e1lez, fins ara a l&#8217;Europa;<\/li>\n<li>Sergi Arranz, que tancava la seva extensa carrera al Sant Andreu;<\/li>\n<li>Jos\u00e9 Miguel Morales, porter m\u00edtic del futbol catal\u00e0, amb passos molt recordats pel Terrassa, el Sant Andreu i el Badalona.<\/li>\n<\/ul>\n<p>que han anunciat la seva retirada.<\/p>\n","protected":false},"excerpt":{"rendered":"<p>Francesc Terr\u00f3n, director de la Fundaci\u00f3 Barcelona Ol\u00edmpica i Joan Soteras, president de la Federaci\u00f3 Catalana de Futbol, han donat la benvinguda, en el Museu Ol\u00edmpic, a la presentaci\u00f3 i sorteig del Torneig d&#8217;Hist\u00f2rics del futbol Catal\u00e0 2023, que inclou la 37a edici\u00f3 masculina i la 8a edici\u00f3 femenina. Al torneig mascul\u00ed hi participen 12 [&hellip;]<\/p>\n","protected":false},"author":11,"featured_media":37685,"comment_status":"closed","ping_status":"closed","sticky":false,"template":"","format":"standard","meta":{"_acf_changed":false,"_price":"","_stock":"","_tribe_ticket_header":"","_tribe_default_ticket_provider":"","_tribe_ticket_capacity":"0","_ticket_start_date":"","_ticket_end_date":"","_tribe_ticket_show_description":"","_tribe_ticket_show_not_going":false,"_tribe_ticket_use_global_stock":"","_tribe_ticket_global_stock_level":"","_global_stock_mode":"","_global_stock_cap":"","_tribe_rsvp_for_event":"","_tribe_ticket_going_count":"","_tribe_ticket_not_going_count":"","_tribe_tickets_list":"[]","_tribe_ticket_has_attendee_info_fields":false,"footnotes":""},"categories":[1],"tags":[],"class_list":["post-37653","post","type-post","status-publish","format-standard","has-post-thumbnail","hentry","category-uncategorized-ca"],"acf":[],"yoast_head":"<!-- This site is optimized with the Yoast SEO plugin v23.7 - https:\/\/yoast.com\/wordpress\/plugins\/seo\/ -->\n<title>Presentaci\u00f3 i sorteig del Torneig d\u2019Hist\u00f2rics del Futbol Catal\u00e0 2023 - Museu Ol\u00edmpic i de l&#039;Esport<\/title>\n<meta name=\"robots\" content=\"index, follow, max-snippet:-1, max-image-preview:large, max-video-preview:-1\" \/>\n<link rel=\"canonical\" href=\"https:\/\/www.museuolimpicbcn.cat\/ca\/presentacio-i-sorteig-del-torneig-dhistorics-del-futbol-catala-2023\/\" \/>\n<meta property=\"og:locale\" content=\"ca_ES\" \/>\n<meta property=\"og:type\" content=\"article\" \/>\n<meta property=\"og:title\" content=\"Presentaci\u00f3 i sorteig del Torneig d\u2019Hist\u00f2rics del Futbol Catal\u00e0 2023 - Museu Ol\u00edmpic i de l&#039;Esport\" \/>\n<meta property=\"og:description\" content=\"Francesc Terr\u00f3n, director de la Fundaci\u00f3 Barcelona Ol\u00edmpica i Joan Soteras, president de la Federaci\u00f3 Catalana de Futbol, han donat la benvinguda, en el Museu Ol\u00edmpic, a la presentaci\u00f3 i sorteig del Torneig d&#8217;Hist\u00f2rics del futbol Catal\u00e0 2023, que inclou la 37a edici\u00f3 masculina i la 8a edici\u00f3 femenina. Al torneig mascul\u00ed hi participen 12 [&hellip;]\" \/>\n<meta property=\"og:url\" content=\"https:\/\/www.museuolimpicbcn.cat\/ca\/presentacio-i-sorteig-del-torneig-dhistorics-del-futbol-catala-2023\/\" \/>\n<meta property=\"og:site_name\" content=\"Museu Ol\u00edmpic i de l&#039;Esport\" \/>\n<meta property=\"article:published_time\" content=\"2023-07-06T10:25:53+00:00\" \/>\n<meta property=\"og:image\" content=\"https:\/\/www.museuolimpicbcn.cat\/wp-content\/uploads\/sites\/2\/2023\/07\/C42A7050-scaled.jpg\" \/>\n\t<meta property=\"og:image:width\" content=\"2560\" \/>\n\t<meta property=\"og:image:height\" content=\"1707\" \/>\n\t<meta property=\"og:image:type\" content=\"image\/jpeg\" \/>\n<meta name=\"author\" content=\"Ibone\" \/>\n<meta name=\"twitter:card\" content=\"summary_large_image\" \/>\n<meta name=\"twitter:label1\" content=\"Escrit per\" \/>\n\t<meta name=\"twitter:data1\" content=\"Ibone\" \/>\n\t<meta name=\"twitter:label2\" content=\"Temps estimat de lectura\" \/>\n\t<meta name=\"twitter:data2\" content=\"1 minut\" \/>\n<script type=\"application\/ld+json\" class=\"yoast-schema-graph\">{\"@context\":\"https:\/\/schema.org\",\"@graph\":[{\"@type\":\"Article\",\"@id\":\"https:\/\/www.museuolimpicbcn.cat\/ca\/presentacio-i-sorteig-del-torneig-dhistorics-del-futbol-catala-2023\/#article\",\"isPartOf\":{\"@id\":\"https:\/\/www.museuolimpicbcn.cat\/ca\/presentacio-i-sorteig-del-torneig-dhistorics-del-futbol-catala-2023\/\"},\"author\":{\"name\":\"Ibone\",\"@id\":\"https:\/\/www.museuolimpicbcn.cat\/ca\/#\/schema\/person\/b792834a53f193977df425a499287aa9\"},\"headline\":\"Presentaci\u00f3 i sorteig del Torneig d\u2019Hist\u00f2rics del Futbol Catal\u00e0 2023\",\"datePublished\":\"2023-07-06T10:25:53+00:00\",\"dateModified\":\"2023-07-06T10:25:53+00:00\",\"mainEntityOfPage\":{\"@id\":\"https:\/\/www.museuolimpicbcn.cat\/ca\/presentacio-i-sorteig-del-torneig-dhistorics-del-futbol-catala-2023\/\"},\"wordCount\":236,\"publisher\":{\"@id\":\"https:\/\/www.museuolimpicbcn.cat\/ca\/#organization\"},\"image\":{\"@id\":\"https:\/\/www.museuolimpicbcn.cat\/ca\/presentacio-i-sorteig-del-torneig-dhistorics-del-futbol-catala-2023\/#primaryimage\"},\"thumbnailUrl\":\"https:\/\/www.museuolimpicbcn.cat\/wp-content\/uploads\/sites\/2\/2023\/07\/C42A7050-scaled.jpg\",\"articleSection\":[\"Uncategorized @ca\"],\"inLanguage\":\"ca\"},{\"@type\":\"WebPage\",\"@id\":\"https:\/\/www.museuolimpicbcn.cat\/ca\/presentacio-i-sorteig-del-torneig-dhistorics-del-futbol-catala-2023\/\",\"url\":\"https:\/\/www.museuolimpicbcn.cat\/ca\/presentacio-i-sorteig-del-torneig-dhistorics-del-futbol-catala-2023\/\",\"name\":\"Presentaci\u00f3 i sorteig del Torneig d\u2019Hist\u00f2rics del Futbol Catal\u00e0 2023 - Museu Ol\u00edmpic i de l&#039;Esport\",\"isPartOf\":{\"@id\":\"https:\/\/www.museuolimpicbcn.cat\/ca\/#website\"},\"primaryImageOfPage\":{\"@id\":\"https:\/\/www.museuolimpicbcn.cat\/ca\/presentacio-i-sorteig-del-torneig-dhistorics-del-futbol-catala-2023\/#primaryimage\"},\"image\":{\"@id\":\"https:\/\/www.museuolimpicbcn.cat\/ca\/presentacio-i-sorteig-del-torneig-dhistorics-del-futbol-catala-2023\/#primaryimage\"},\"thumbnailUrl\":\"https:\/\/www.museuolimpicbcn.cat\/wp-content\/uploads\/sites\/2\/2023\/07\/C42A7050-scaled.jpg\",\"datePublished\":\"2023-07-06T10:25:53+00:00\",\"dateModified\":\"2023-07-06T10:25:53+00:00\",\"breadcrumb\":{\"@id\":\"https:\/\/www.museuolimpicbcn.cat\/ca\/presentacio-i-sorteig-del-torneig-dhistorics-del-futbol-catala-2023\/#breadcrumb\"},\"inLanguage\":\"ca\",\"potentialAction\":[{\"@type\":\"ReadAction\",\"target\":[\"https:\/\/www.museuolimpicbcn.cat\/ca\/presentacio-i-sorteig-del-torneig-dhistorics-del-futbol-catala-2023\/\"]}]},{\"@type\":\"ImageObject\",\"inLanguage\":\"ca\",\"@id\":\"https:\/\/www.museuolimpicbcn.cat\/ca\/presentacio-i-sorteig-del-torneig-dhistorics-del-futbol-catala-2023\/#primaryimage\",\"url\":\"https:\/\/www.museuolimpicbcn.cat\/wp-content\/uploads\/sites\/2\/2023\/07\/C42A7050-scaled.jpg\",\"contentUrl\":\"https:\/\/www.museuolimpicbcn.cat\/wp-content\/uploads\/sites\/2\/2023\/07\/C42A7050-scaled.jpg\",\"width\":2560,\"height\":1707},{\"@type\":\"BreadcrumbList\",\"@id\":\"https:\/\/www.museuolimpicbcn.cat\/ca\/presentacio-i-sorteig-del-torneig-dhistorics-del-futbol-catala-2023\/#breadcrumb\",\"itemListElement\":[{\"@type\":\"ListItem\",\"position\":1,\"name\":\"Inici\",\"item\":\"https:\/\/www.museuolimpicbcn.cat\/es\/\"},{\"@type\":\"ListItem\",\"position\":2,\"name\":\"Presentaci\u00f3 i sorteig del Torneig d\u2019Hist\u00f2rics del Futbol Catal\u00e0 2023\"}]},{\"@type\":\"WebSite\",\"@id\":\"https:\/\/www.museuolimpicbcn.cat\/ca\/#website\",\"url\":\"https:\/\/www.museuolimpicbcn.cat\/ca\/\",\"name\":\"Museu Ol\u00edmpic i de l&#039;Esport\",\"description\":\"Altre lloc Web del Museu Ol\u00edmpic i de l&#039;Esport llocs\",\"publisher\":{\"@id\":\"https:\/\/www.museuolimpicbcn.cat\/ca\/#organization\"},\"potentialAction\":[{\"@type\":\"SearchAction\",\"target\":{\"@type\":\"EntryPoint\",\"urlTemplate\":\"https:\/\/www.museuolimpicbcn.cat\/ca\/?s={search_term_string}\"},\"query-input\":{\"@type\":\"PropertyValueSpecification\",\"valueRequired\":true,\"valueName\":\"search_term_string\"}}],\"inLanguage\":\"ca\"},{\"@type\":\"Organization\",\"@id\":\"https:\/\/www.museuolimpicbcn.cat\/ca\/#organization\",\"name\":\"Museu Ol\u00edmpic i de l&#039;Esport\",\"url\":\"https:\/\/www.museuolimpicbcn.cat\/ca\/\",\"logo\":{\"@type\":\"ImageObject\",\"inLanguage\":\"ca\",\"@id\":\"https:\/\/www.museuolimpicbcn.cat\/ca\/#\/schema\/logo\/image\/\",\"url\":\"https:\/\/www.museuolimpicbcn.cat\/wp-content\/uploads\/sites\/2\/2018\/12\/logo-moe-header.svg\",\"contentUrl\":\"https:\/\/www.museuolimpicbcn.cat\/wp-content\/uploads\/sites\/2\/2018\/12\/logo-moe-header.svg\",\"caption\":\"Museu Ol\u00edmpic i de l&#039;Esport\"},\"image\":{\"@id\":\"https:\/\/www.museuolimpicbcn.cat\/ca\/#\/schema\/logo\/image\/\"}},{\"@type\":\"Person\",\"@id\":\"https:\/\/www.museuolimpicbcn.cat\/ca\/#\/schema\/person\/b792834a53f193977df425a499287aa9\",\"name\":\"Ibone\",\"url\":\"https:\/\/www.museuolimpicbcn.cat\/ca\/author\/fbolimpica\/\"}]}<\/script>\n<!-- \/ Yoast SEO plugin. -->","yoast_head_json":{"title":"Presentaci\u00f3 i sorteig del Torneig d\u2019Hist\u00f2rics del Futbol Catal\u00e0 2023 - Museu Ol\u00edmpic i de l&#039;Esport","robots":{"index":"index","follow":"follow","max-snippet":"max-snippet:-1","max-image-preview":"max-image-preview:large","max-video-preview":"max-video-preview:-1"},"canonical":"https:\/\/www.museuolimpicbcn.cat\/ca\/presentacio-i-sorteig-del-torneig-dhistorics-del-futbol-catala-2023\/","og_locale":"ca_ES","og_type":"article","og_title":"Presentaci\u00f3 i sorteig del Torneig d\u2019Hist\u00f2rics del Futbol Catal\u00e0 2023 - Museu Ol\u00edmpic i de l&#039;Esport","og_description":"Francesc Terr\u00f3n, director de la Fundaci\u00f3 Barcelona Ol\u00edmpica i Joan Soteras, president de la Federaci\u00f3 Catalana de Futbol, han donat la benvinguda, en el Museu Ol\u00edmpic, a la presentaci\u00f3 i sorteig del Torneig d&#8217;Hist\u00f2rics del futbol Catal\u00e0 2023, que inclou la 37a edici\u00f3 masculina i la 8a edici\u00f3 femenina. Al torneig mascul\u00ed hi participen 12 [&hellip;]","og_url":"https:\/\/www.museuolimpicbcn.cat\/ca\/presentacio-i-sorteig-del-torneig-dhistorics-del-futbol-catala-2023\/","og_site_name":"Museu Ol\u00edmpic i de l&#039;Esport","article_published_time":"2023-07-06T10:25:53+00:00","og_image":[{"width":2560,"height":1707,"url":"https:\/\/www.museuolimpicbcn.cat\/wp-content\/uploads\/sites\/2\/2023\/07\/C42A7050-scaled.jpg","type":"image\/jpeg"}],"author":"Ibone","twitter_card":"summary_large_image","twitter_misc":{"Escrit per":"Ibone","Temps estimat de lectura":"1 minut"},"schema":{"@context":"https:\/\/schema.org","@graph":[{"@type":"Article","@id":"https:\/\/www.museuolimpicbcn.cat\/ca\/presentacio-i-sorteig-del-torneig-dhistorics-del-futbol-catala-2023\/#article","isPartOf":{"@id":"https:\/\/www.museuolimpicbcn.cat\/ca\/presentacio-i-sorteig-del-torneig-dhistorics-del-futbol-catala-2023\/"},"author":{"name":"Ibone","@id":"https:\/\/www.museuolimpicbcn.cat\/ca\/#\/schema\/person\/b792834a53f193977df425a499287aa9"},"headline":"Presentaci\u00f3 i sorteig del Torneig d\u2019Hist\u00f2rics del Futbol Catal\u00e0 2023","datePublished":"2023-07-06T10:25:53+00:00","dateModified":"2023-07-06T10:25:53+00:00","mainEntityOfPage":{"@id":"https:\/\/www.museuolimpicbcn.cat\/ca\/presentacio-i-sorteig-del-torneig-dhistorics-del-futbol-catala-2023\/"},"wordCount":236,"publisher":{"@id":"https:\/\/www.museuolimpicbcn.cat\/ca\/#organization"},"image":{"@id":"https:\/\/www.museuolimpicbcn.cat\/ca\/presentacio-i-sorteig-del-torneig-dhistorics-del-futbol-catala-2023\/#primaryimage"},"thumbnailUrl":"https:\/\/www.museuolimpicbcn.cat\/wp-content\/uploads\/sites\/2\/2023\/07\/C42A7050-scaled.jpg","articleSection":["Uncategorized @ca"],"inLanguage":"ca"},{"@type":"WebPage","@id":"https:\/\/www.museuolimpicbcn.cat\/ca\/presentacio-i-sorteig-del-torneig-dhistorics-del-futbol-catala-2023\/","url":"https:\/\/www.museuolimpicbcn.cat\/ca\/presentacio-i-sorteig-del-torneig-dhistorics-del-futbol-catala-2023\/","name":"Presentaci\u00f3 i sorteig del Torneig d\u2019Hist\u00f2rics del Futbol Catal\u00e0 2023 - Museu Ol\u00edmpic i de l&#039;Esport","isPartOf":{"@id":"https:\/\/www.museuolimpicbcn.cat\/ca\/#website"},"primaryImageOfPage":{"@id":"https:\/\/www.museuolimpicbcn.cat\/ca\/presentacio-i-sorteig-del-torneig-dhistorics-del-futbol-catala-2023\/#primaryimage"},"image":{"@id":"https:\/\/www.museuolimpicbcn.cat\/ca\/presentacio-i-sorteig-del-torneig-dhistorics-del-futbol-catala-2023\/#primaryimage"},"thumbnailUrl":"https:\/\/www.museuolimpicbcn.cat\/wp-content\/uploads\/sites\/2\/2023\/07\/C42A7050-scaled.jpg","datePublished":"2023-07-06T10:25:53+00:00","dateModified":"2023-07-06T10:25:53+00:00","breadcrumb":{"@id":"https:\/\/www.museuolimpicbcn.cat\/ca\/presentacio-i-sorteig-del-torneig-dhistorics-del-futbol-catala-2023\/#breadcrumb"},"inLanguage":"ca","potentialAction":[{"@type":"ReadAction","target":["https:\/\/www.museuolimpicbcn.cat\/ca\/presentacio-i-sorteig-del-torneig-dhistorics-del-futbol-catala-2023\/"]}]},{"@type":"ImageObject","inLanguage":"ca","@id":"https:\/\/www.museuolimpicbcn.cat\/ca\/presentacio-i-sorteig-del-torneig-dhistorics-del-futbol-catala-2023\/#primaryimage","url":"https:\/\/www.museuolimpicbcn.cat\/wp-content\/uploads\/sites\/2\/2023\/07\/C42A7050-scaled.jpg","contentUrl":"https:\/\/www.museuolimpicbcn.cat\/wp-content\/uploads\/sites\/2\/2023\/07\/C42A7050-scaled.jpg","width":2560,"height":1707},{"@type":"BreadcrumbList","@id":"https:\/\/www.museuolimpicbcn.cat\/ca\/presentacio-i-sorteig-del-torneig-dhistorics-del-futbol-catala-2023\/#breadcrumb","itemListElement":[{"@type":"ListItem","position":1,"name":"Inici","item":"https:\/\/www.museuolimpicbcn.cat\/es\/"},{"@type":"ListItem","position":2,"name":"Presentaci\u00f3 i sorteig del Torneig d\u2019Hist\u00f2rics del Futbol Catal\u00e0 2023"}]},{"@type":"WebSite","@id":"https:\/\/www.museuolimpicbcn.cat\/ca\/#website","url":"https:\/\/www.museuolimpicbcn.cat\/ca\/","name":"Museu Ol\u00edmpic i de l&#039;Esport","description":"Altre lloc Web del Museu Ol\u00edmpic i de l&#039;Esport llocs","publisher":{"@id":"https:\/\/www.museuolimpicbcn.cat\/ca\/#organization"},"potentialAction":[{"@type":"SearchAction","target":{"@type":"EntryPoint","urlTemplate":"https:\/\/www.museuolimpicbcn.cat\/ca\/?s={search_term_string}"},"query-input":{"@type":"PropertyValueSpecification","valueRequired":true,"valueName":"search_term_string"}}],"inLanguage":"ca"},{"@type":"Organization","@id":"https:\/\/www.museuolimpicbcn.cat\/ca\/#organization","name":"Museu Ol\u00edmpic i de l&#039;Esport","url":"https:\/\/www.museuolimpicbcn.cat\/ca\/","logo":{"@type":"ImageObject","inLanguage":"ca","@id":"https:\/\/www.museuolimpicbcn.cat\/ca\/#\/schema\/logo\/image\/","url":"https:\/\/www.museuolimpicbcn.cat\/wp-content\/uploads\/sites\/2\/2018\/12\/logo-moe-header.svg","contentUrl":"https:\/\/www.museuolimpicbcn.cat\/wp-content\/uploads\/sites\/2\/2018\/12\/logo-moe-header.svg","caption":"Museu Ol\u00edmpic i de l&#039;Esport"},"image":{"@id":"https:\/\/www.museuolimpicbcn.cat\/ca\/#\/schema\/logo\/image\/"}},{"@type":"Person","@id":"https:\/\/www.museuolimpicbcn.cat\/ca\/#\/schema\/person\/b792834a53f193977df425a499287aa9","name":"Ibone","url":"https:\/\/www.museuolimpicbcn.cat\/ca\/author\/fbolimpica\/"}]}},"_links":{"self":[{"href":"https:\/\/www.museuolimpicbcn.cat\/ca\/wp-json\/wp\/v2\/posts\/37653"}],"collection":[{"href":"https:\/\/www.museuolimpicbcn.cat\/ca\/wp-json\/wp\/v2\/posts"}],"about":[{"href":"https:\/\/www.museuolimpicbcn.cat\/ca\/wp-json\/wp\/v2\/types\/post"}],"author":[{"embeddable":true,"href":"https:\/\/www.museuolimpicbcn.cat\/ca\/wp-json\/wp\/v2\/users\/11"}],"replies":[{"embeddable":true,"href":"https:\/\/www.museuolimpicbcn.cat\/ca\/wp-json\/wp\/v2\/comments?post=37653"}],"version-history":[{"count":1,"href":"https:\/\/www.museuolimpicbcn.cat\/ca\/wp-json\/wp\/v2\/posts\/37653\/revisions"}],"predecessor-version":[{"id":37688,"href":"https:\/\/www.museuolimpicbcn.cat\/ca\/wp-json\/wp\/v2\/posts\/37653\/revisions\/37688"}],"wp:featuredmedia":[{"embeddable":true,"href":"https:\/\/www.museuolimpicbcn.cat\/ca\/wp-json\/wp\/v2\/media\/37685"}],"wp:attachment":[{"href":"https:\/\/www.museuolimpicbcn.cat\/ca\/wp-json\/wp\/v2\/media?parent=37653"}],"wp:term":[{"taxonomy":"category","embeddable":true,"href":"https:\/\/www.museuolimpicbcn.cat\/ca\/wp-json\/wp\/v2\/categories?post=37653"},{"taxonomy":"post_tag","embeddable":true,"href":"https:\/\/www.museuolimpicbcn.cat\/ca\/wp-json\/wp\/v2\/tags?post=37653"}],"curies":[{"name":"wp","href":"https:\/\/api.w.org\/{rel}","templated":true}]}}