{"id":37905,"date":"2023-07-19T12:30:18","date_gmt":"2023-07-19T10:30:18","guid":{"rendered":"https:\/\/www.museuolimpicbcn.cat\/el-museu-olimpic-alberga-el-20-aniversari-del-mundial-de-natacio-celebrat-a-barcelona-en-el-2003\/"},"modified":"2023-07-19T12:30:18","modified_gmt":"2023-07-19T10:30:18","slug":"el-museu-olimpic-alberga-el-20-aniversari-del-mundial-de-natacio-celebrat-a-barcelona-en-el-2003","status":"publish","type":"post","link":"https:\/\/www.museuolimpicbcn.cat\/ca\/el-museu-olimpic-alberga-el-20-aniversari-del-mundial-de-natacio-celebrat-a-barcelona-en-el-2003\/","title":{"rendered":"El Museu Ol\u00edmpic alberga el 20 aniversari del Mundial de nataci\u00f3 celebrat a Barcelona en el 2003."},"content":{"rendered":"<p>Amb motiu de la celebraci\u00f3 del 20 aniversari del Mundial de Nataci\u00f3, el Museu Ol\u00edmpic i de l&#8217;Esport Joan Antoni Samaranch va acollir la trobada dels integrants del comit\u00e8 organitzador del BCN03, esdeveniment, que avui dia, continua sent un referent mundial dins dels esdeveniments esportius.<\/p>\n<p>Albert Batlle, president del BCN03 juntament amb l&#8217;equip responsable de l&#8217;esdeveniment: Adolf Cabruja, Lolo Ibern, Teresa Samaranch, Pep Pujol i Maripau Corominas, van recordar als assistents el m\u00e8rit d&#8217;instal\u00b7lar una piscina a l&#8217;interior del Palau Sant Jordi.<\/p>\n<p>Aquesta decisi\u00f3 estrat\u00e8gica va ser el preludi del salt espectacular de l&#8217;empresa que la va construir, Fluidra, que anys despr\u00e9s s&#8217;ha convertit en l\u00edder mundial en la construcci\u00f3 d&#8217;aquesta mena d&#8217;equipaments l\u00fadic esportiu.<\/p>\n","protected":false},"excerpt":{"rendered":"<p>Amb motiu de la celebraci\u00f3 del 20 aniversari del Mundial de Nataci\u00f3, el Museu Ol\u00edmpic i de l&#8217;Esport Joan Antoni Samaranch va acollir la trobada dels integrants del comit\u00e8 organitzador del BCN03, esdeveniment, que avui dia, continua sent un referent mundial dins dels esdeveniments esportius. Albert Batlle, president del BCN03 juntament amb l&#8217;equip responsable de [&hellip;]<\/p>\n","protected":false},"author":11,"featured_media":37902,"comment_status":"closed","ping_status":"closed","sticky":false,"template":"","format":"standard","meta":{"_acf_changed":false,"_price":"","_stock":"","_tribe_ticket_header":"","_tribe_default_ticket_provider":"","_tribe_ticket_capacity":"0","_ticket_start_date":"","_ticket_end_date":"","_tribe_ticket_show_description":"","_tribe_ticket_show_not_going":false,"_tribe_ticket_use_global_stock":"","_tribe_ticket_global_stock_level":"","_global_stock_mode":"","_global_stock_cap":"","_tribe_rsvp_for_event":"","_tribe_ticket_going_count":"","_tribe_ticket_not_going_count":"","_tribe_tickets_list":"[]","_tribe_ticket_has_attendee_info_fields":false,"footnotes":""},"categories":[1],"tags":[],"class_list":["post-37905","post","type-post","status-publish","format-standard","has-post-thumbnail","hentry","category-uncategorized-ca"],"acf":[],"yoast_head":"<!-- This site is optimized with the Yoast SEO plugin v23.7 - https:\/\/yoast.com\/wordpress\/plugins\/seo\/ -->\n<title>El Museu Ol\u00edmpic alberga el 20 aniversari del Mundial de nataci\u00f3 celebrat a Barcelona en el 2003. - Museu Ol\u00edmpic i de l&#039;Esport<\/title>\n<meta name=\"robots\" content=\"index, follow, max-snippet:-1, max-image-preview:large, max-video-preview:-1\" \/>\n<link rel=\"canonical\" href=\"https:\/\/www.museuolimpicbcn.cat\/es\/el-museu-olimpic-alberga-el-20-aniversario-del-mundial-de-natacion-celebrado-en-barcelona-en-el-2003\/\" \/>\n<meta property=\"og:locale\" content=\"ca_ES\" \/>\n<meta property=\"og:type\" content=\"article\" \/>\n<meta property=\"og:title\" content=\"El Museu Ol\u00edmpic alberga el 20 aniversari del Mundial de nataci\u00f3 celebrat a Barcelona en el 2003. - Museu Ol\u00edmpic i de l&#039;Esport\" \/>\n<meta property=\"og:description\" content=\"Amb motiu de la celebraci\u00f3 del 20 aniversari del Mundial de Nataci\u00f3, el Museu Ol\u00edmpic i de l&#8217;Esport Joan Antoni Samaranch va acollir la trobada dels integrants del comit\u00e8 organitzador del BCN03, esdeveniment, que avui dia, continua sent un referent mundial dins dels esdeveniments esportius. Albert Batlle, president del BCN03 juntament amb l&#8217;equip responsable de [&hellip;]\" \/>\n<meta property=\"og:url\" content=\"https:\/\/www.museuolimpicbcn.cat\/es\/el-museu-olimpic-alberga-el-20-aniversario-del-mundial-de-natacion-celebrado-en-barcelona-en-el-2003\/\" \/>\n<meta property=\"og:site_name\" content=\"Museu Ol\u00edmpic i de l&#039;Esport\" \/>\n<meta property=\"article:published_time\" content=\"2023-07-19T10:30:18+00:00\" \/>\n<meta property=\"og:image\" content=\"https:\/\/www.museuolimpicbcn.cat\/wp-content\/uploads\/sites\/2\/2023\/07\/a1095af3-5bca-457c-9bfa-9db40a959eb5.jpg\" \/>\n\t<meta property=\"og:image:width\" content=\"1024\" \/>\n\t<meta property=\"og:image:height\" content=\"768\" \/>\n\t<meta property=\"og:image:type\" content=\"image\/jpeg\" \/>\n<meta name=\"author\" content=\"Ibone\" \/>\n<meta name=\"twitter:card\" content=\"summary_large_image\" \/>\n<meta name=\"twitter:label1\" content=\"Escrit per\" \/>\n\t<meta name=\"twitter:data1\" content=\"Ibone\" \/>\n\t<meta name=\"twitter:label2\" content=\"Temps estimat de lectura\" \/>\n\t<meta name=\"twitter:data2\" content=\"1 minut\" \/>\n<script type=\"application\/ld+json\" class=\"yoast-schema-graph\">{\"@context\":\"https:\/\/schema.org\",\"@graph\":[{\"@type\":\"Article\",\"@id\":\"https:\/\/www.museuolimpicbcn.cat\/es\/el-museu-olimpic-alberga-el-20-aniversario-del-mundial-de-natacion-celebrado-en-barcelona-en-el-2003\/#article\",\"isPartOf\":{\"@id\":\"https:\/\/www.museuolimpicbcn.cat\/es\/el-museu-olimpic-alberga-el-20-aniversario-del-mundial-de-natacion-celebrado-en-barcelona-en-el-2003\/\"},\"author\":{\"name\":\"Ibone\",\"@id\":\"https:\/\/www.museuolimpicbcn.cat\/ca\/#\/schema\/person\/b792834a53f193977df425a499287aa9\"},\"headline\":\"El Museu Ol\u00edmpic alberga el 20 aniversari del Mundial de nataci\u00f3 celebrat a Barcelona en el 2003.\",\"datePublished\":\"2023-07-19T10:30:18+00:00\",\"dateModified\":\"2023-07-19T10:30:18+00:00\",\"mainEntityOfPage\":{\"@id\":\"https:\/\/www.museuolimpicbcn.cat\/es\/el-museu-olimpic-alberga-el-20-aniversario-del-mundial-de-natacion-celebrado-en-barcelona-en-el-2003\/\"},\"wordCount\":137,\"publisher\":{\"@id\":\"https:\/\/www.museuolimpicbcn.cat\/ca\/#organization\"},\"image\":{\"@id\":\"https:\/\/www.museuolimpicbcn.cat\/es\/el-museu-olimpic-alberga-el-20-aniversario-del-mundial-de-natacion-celebrado-en-barcelona-en-el-2003\/#primaryimage\"},\"thumbnailUrl\":\"https:\/\/www.museuolimpicbcn.cat\/wp-content\/uploads\/sites\/2\/2023\/07\/a1095af3-5bca-457c-9bfa-9db40a959eb5.jpg\",\"articleSection\":[\"Uncategorized @ca\"],\"inLanguage\":\"ca\"},{\"@type\":\"WebPage\",\"@id\":\"https:\/\/www.museuolimpicbcn.cat\/es\/el-museu-olimpic-alberga-el-20-aniversario-del-mundial-de-natacion-celebrado-en-barcelona-en-el-2003\/\",\"url\":\"https:\/\/www.museuolimpicbcn.cat\/es\/el-museu-olimpic-alberga-el-20-aniversario-del-mundial-de-natacion-celebrado-en-barcelona-en-el-2003\/\",\"name\":\"El Museu Ol\u00edmpic alberga el 20 aniversari del Mundial de nataci\u00f3 celebrat a Barcelona en el 2003. - Museu Ol\u00edmpic i de l&#039;Esport\",\"isPartOf\":{\"@id\":\"https:\/\/www.museuolimpicbcn.cat\/ca\/#website\"},\"primaryImageOfPage\":{\"@id\":\"https:\/\/www.museuolimpicbcn.cat\/es\/el-museu-olimpic-alberga-el-20-aniversario-del-mundial-de-natacion-celebrado-en-barcelona-en-el-2003\/#primaryimage\"},\"image\":{\"@id\":\"https:\/\/www.museuolimpicbcn.cat\/es\/el-museu-olimpic-alberga-el-20-aniversario-del-mundial-de-natacion-celebrado-en-barcelona-en-el-2003\/#primaryimage\"},\"thumbnailUrl\":\"https:\/\/www.museuolimpicbcn.cat\/wp-content\/uploads\/sites\/2\/2023\/07\/a1095af3-5bca-457c-9bfa-9db40a959eb5.jpg\",\"datePublished\":\"2023-07-19T10:30:18+00:00\",\"dateModified\":\"2023-07-19T10:30:18+00:00\",\"breadcrumb\":{\"@id\":\"https:\/\/www.museuolimpicbcn.cat\/es\/el-museu-olimpic-alberga-el-20-aniversario-del-mundial-de-natacion-celebrado-en-barcelona-en-el-2003\/#breadcrumb\"},\"inLanguage\":\"ca\",\"potentialAction\":[{\"@type\":\"ReadAction\",\"target\":[\"https:\/\/www.museuolimpicbcn.cat\/es\/el-museu-olimpic-alberga-el-20-aniversario-del-mundial-de-natacion-celebrado-en-barcelona-en-el-2003\/\"]}]},{\"@type\":\"ImageObject\",\"inLanguage\":\"ca\",\"@id\":\"https:\/\/www.museuolimpicbcn.cat\/es\/el-museu-olimpic-alberga-el-20-aniversario-del-mundial-de-natacion-celebrado-en-barcelona-en-el-2003\/#primaryimage\",\"url\":\"https:\/\/www.museuolimpicbcn.cat\/wp-content\/uploads\/sites\/2\/2023\/07\/a1095af3-5bca-457c-9bfa-9db40a959eb5.jpg\",\"contentUrl\":\"https:\/\/www.museuolimpicbcn.cat\/wp-content\/uploads\/sites\/2\/2023\/07\/a1095af3-5bca-457c-9bfa-9db40a959eb5.jpg\",\"width\":1024,\"height\":768},{\"@type\":\"BreadcrumbList\",\"@id\":\"https:\/\/www.museuolimpicbcn.cat\/es\/el-museu-olimpic-alberga-el-20-aniversario-del-mundial-de-natacion-celebrado-en-barcelona-en-el-2003\/#breadcrumb\",\"itemListElement\":[{\"@type\":\"ListItem\",\"position\":1,\"name\":\"Inici\",\"item\":\"https:\/\/www.museuolimpicbcn.cat\/es\/\"},{\"@type\":\"ListItem\",\"position\":2,\"name\":\"El Museu Ol\u00edmpic alberga el 20 aniversari del Mundial de nataci\u00f3 celebrat a Barcelona en el 2003.\"}]},{\"@type\":\"WebSite\",\"@id\":\"https:\/\/www.museuolimpicbcn.cat\/ca\/#website\",\"url\":\"https:\/\/www.museuolimpicbcn.cat\/ca\/\",\"name\":\"Museu Ol\u00edmpic i de l&#039;Esport\",\"description\":\"Altre lloc Web del Museu Ol\u00edmpic i de l&#039;Esport llocs\",\"publisher\":{\"@id\":\"https:\/\/www.museuolimpicbcn.cat\/ca\/#organization\"},\"potentialAction\":[{\"@type\":\"SearchAction\",\"target\":{\"@type\":\"EntryPoint\",\"urlTemplate\":\"https:\/\/www.museuolimpicbcn.cat\/ca\/?s={search_term_string}\"},\"query-input\":{\"@type\":\"PropertyValueSpecification\",\"valueRequired\":true,\"valueName\":\"search_term_string\"}}],\"inLanguage\":\"ca\"},{\"@type\":\"Organization\",\"@id\":\"https:\/\/www.museuolimpicbcn.cat\/ca\/#organization\",\"name\":\"Museu Ol\u00edmpic i de l&#039;Esport\",\"url\":\"https:\/\/www.museuolimpicbcn.cat\/ca\/\",\"logo\":{\"@type\":\"ImageObject\",\"inLanguage\":\"ca\",\"@id\":\"https:\/\/www.museuolimpicbcn.cat\/ca\/#\/schema\/logo\/image\/\",\"url\":\"https:\/\/www.museuolimpicbcn.cat\/wp-content\/uploads\/sites\/2\/2018\/12\/logo-moe-header.svg\",\"contentUrl\":\"https:\/\/www.museuolimpicbcn.cat\/wp-content\/uploads\/sites\/2\/2018\/12\/logo-moe-header.svg\",\"caption\":\"Museu Ol\u00edmpic i de l&#039;Esport\"},\"image\":{\"@id\":\"https:\/\/www.museuolimpicbcn.cat\/ca\/#\/schema\/logo\/image\/\"}},{\"@type\":\"Person\",\"@id\":\"https:\/\/www.museuolimpicbcn.cat\/ca\/#\/schema\/person\/b792834a53f193977df425a499287aa9\",\"name\":\"Ibone\",\"url\":\"https:\/\/www.museuolimpicbcn.cat\/ca\/author\/fbolimpica\/\"}]}<\/script>\n<!-- \/ Yoast SEO plugin. -->","yoast_head_json":{"title":"El Museu Ol\u00edmpic alberga el 20 aniversari del Mundial de nataci\u00f3 celebrat a Barcelona en el 2003. - Museu Ol\u00edmpic i de l&#039;Esport","robots":{"index":"index","follow":"follow","max-snippet":"max-snippet:-1","max-image-preview":"max-image-preview:large","max-video-preview":"max-video-preview:-1"},"canonical":"https:\/\/www.museuolimpicbcn.cat\/es\/el-museu-olimpic-alberga-el-20-aniversario-del-mundial-de-natacion-celebrado-en-barcelona-en-el-2003\/","og_locale":"ca_ES","og_type":"article","og_title":"El Museu Ol\u00edmpic alberga el 20 aniversari del Mundial de nataci\u00f3 celebrat a Barcelona en el 2003. - Museu Ol\u00edmpic i de l&#039;Esport","og_description":"Amb motiu de la celebraci\u00f3 del 20 aniversari del Mundial de Nataci\u00f3, el Museu Ol\u00edmpic i de l&#8217;Esport Joan Antoni Samaranch va acollir la trobada dels integrants del comit\u00e8 organitzador del BCN03, esdeveniment, que avui dia, continua sent un referent mundial dins dels esdeveniments esportius. Albert Batlle, president del BCN03 juntament amb l&#8217;equip responsable de [&hellip;]","og_url":"https:\/\/www.museuolimpicbcn.cat\/es\/el-museu-olimpic-alberga-el-20-aniversario-del-mundial-de-natacion-celebrado-en-barcelona-en-el-2003\/","og_site_name":"Museu Ol\u00edmpic i de l&#039;Esport","article_published_time":"2023-07-19T10:30:18+00:00","og_image":[{"width":1024,"height":768,"url":"https:\/\/www.museuolimpicbcn.cat\/wp-content\/uploads\/sites\/2\/2023\/07\/a1095af3-5bca-457c-9bfa-9db40a959eb5.jpg","type":"image\/jpeg"}],"author":"Ibone","twitter_card":"summary_large_image","twitter_misc":{"Escrit per":"Ibone","Temps estimat de lectura":"1 minut"},"schema":{"@context":"https:\/\/schema.org","@graph":[{"@type":"Article","@id":"https:\/\/www.museuolimpicbcn.cat\/es\/el-museu-olimpic-alberga-el-20-aniversario-del-mundial-de-natacion-celebrado-en-barcelona-en-el-2003\/#article","isPartOf":{"@id":"https:\/\/www.museuolimpicbcn.cat\/es\/el-museu-olimpic-alberga-el-20-aniversario-del-mundial-de-natacion-celebrado-en-barcelona-en-el-2003\/"},"author":{"name":"Ibone","@id":"https:\/\/www.museuolimpicbcn.cat\/ca\/#\/schema\/person\/b792834a53f193977df425a499287aa9"},"headline":"El Museu Ol\u00edmpic alberga el 20 aniversari del Mundial de nataci\u00f3 celebrat a Barcelona en el 2003.","datePublished":"2023-07-19T10:30:18+00:00","dateModified":"2023-07-19T10:30:18+00:00","mainEntityOfPage":{"@id":"https:\/\/www.museuolimpicbcn.cat\/es\/el-museu-olimpic-alberga-el-20-aniversario-del-mundial-de-natacion-celebrado-en-barcelona-en-el-2003\/"},"wordCount":137,"publisher":{"@id":"https:\/\/www.museuolimpicbcn.cat\/ca\/#organization"},"image":{"@id":"https:\/\/www.museuolimpicbcn.cat\/es\/el-museu-olimpic-alberga-el-20-aniversario-del-mundial-de-natacion-celebrado-en-barcelona-en-el-2003\/#primaryimage"},"thumbnailUrl":"https:\/\/www.museuolimpicbcn.cat\/wp-content\/uploads\/sites\/2\/2023\/07\/a1095af3-5bca-457c-9bfa-9db40a959eb5.jpg","articleSection":["Uncategorized @ca"],"inLanguage":"ca"},{"@type":"WebPage","@id":"https:\/\/www.museuolimpicbcn.cat\/es\/el-museu-olimpic-alberga-el-20-aniversario-del-mundial-de-natacion-celebrado-en-barcelona-en-el-2003\/","url":"https:\/\/www.museuolimpicbcn.cat\/es\/el-museu-olimpic-alberga-el-20-aniversario-del-mundial-de-natacion-celebrado-en-barcelona-en-el-2003\/","name":"El Museu Ol\u00edmpic alberga el 20 aniversari del Mundial de nataci\u00f3 celebrat a Barcelona en el 2003. - Museu Ol\u00edmpic i de l&#039;Esport","isPartOf":{"@id":"https:\/\/www.museuolimpicbcn.cat\/ca\/#website"},"primaryImageOfPage":{"@id":"https:\/\/www.museuolimpicbcn.cat\/es\/el-museu-olimpic-alberga-el-20-aniversario-del-mundial-de-natacion-celebrado-en-barcelona-en-el-2003\/#primaryimage"},"image":{"@id":"https:\/\/www.museuolimpicbcn.cat\/es\/el-museu-olimpic-alberga-el-20-aniversario-del-mundial-de-natacion-celebrado-en-barcelona-en-el-2003\/#primaryimage"},"thumbnailUrl":"https:\/\/www.museuolimpicbcn.cat\/wp-content\/uploads\/sites\/2\/2023\/07\/a1095af3-5bca-457c-9bfa-9db40a959eb5.jpg","datePublished":"2023-07-19T10:30:18+00:00","dateModified":"2023-07-19T10:30:18+00:00","breadcrumb":{"@id":"https:\/\/www.museuolimpicbcn.cat\/es\/el-museu-olimpic-alberga-el-20-aniversario-del-mundial-de-natacion-celebrado-en-barcelona-en-el-2003\/#breadcrumb"},"inLanguage":"ca","potentialAction":[{"@type":"ReadAction","target":["https:\/\/www.museuolimpicbcn.cat\/es\/el-museu-olimpic-alberga-el-20-aniversario-del-mundial-de-natacion-celebrado-en-barcelona-en-el-2003\/"]}]},{"@type":"ImageObject","inLanguage":"ca","@id":"https:\/\/www.museuolimpicbcn.cat\/es\/el-museu-olimpic-alberga-el-20-aniversario-del-mundial-de-natacion-celebrado-en-barcelona-en-el-2003\/#primaryimage","url":"https:\/\/www.museuolimpicbcn.cat\/wp-content\/uploads\/sites\/2\/2023\/07\/a1095af3-5bca-457c-9bfa-9db40a959eb5.jpg","contentUrl":"https:\/\/www.museuolimpicbcn.cat\/wp-content\/uploads\/sites\/2\/2023\/07\/a1095af3-5bca-457c-9bfa-9db40a959eb5.jpg","width":1024,"height":768},{"@type":"BreadcrumbList","@id":"https:\/\/www.museuolimpicbcn.cat\/es\/el-museu-olimpic-alberga-el-20-aniversario-del-mundial-de-natacion-celebrado-en-barcelona-en-el-2003\/#breadcrumb","itemListElement":[{"@type":"ListItem","position":1,"name":"Inici","item":"https:\/\/www.museuolimpicbcn.cat\/es\/"},{"@type":"ListItem","position":2,"name":"El Museu Ol\u00edmpic alberga el 20 aniversari del Mundial de nataci\u00f3 celebrat a Barcelona en el 2003."}]},{"@type":"WebSite","@id":"https:\/\/www.museuolimpicbcn.cat\/ca\/#website","url":"https:\/\/www.museuolimpicbcn.cat\/ca\/","name":"Museu Ol\u00edmpic i de l&#039;Esport","description":"Altre lloc Web del Museu Ol\u00edmpic i de l&#039;Esport llocs","publisher":{"@id":"https:\/\/www.museuolimpicbcn.cat\/ca\/#organization"},"potentialAction":[{"@type":"SearchAction","target":{"@type":"EntryPoint","urlTemplate":"https:\/\/www.museuolimpicbcn.cat\/ca\/?s={search_term_string}"},"query-input":{"@type":"PropertyValueSpecification","valueRequired":true,"valueName":"search_term_string"}}],"inLanguage":"ca"},{"@type":"Organization","@id":"https:\/\/www.museuolimpicbcn.cat\/ca\/#organization","name":"Museu Ol\u00edmpic i de l&#039;Esport","url":"https:\/\/www.museuolimpicbcn.cat\/ca\/","logo":{"@type":"ImageObject","inLanguage":"ca","@id":"https:\/\/www.museuolimpicbcn.cat\/ca\/#\/schema\/logo\/image\/","url":"https:\/\/www.museuolimpicbcn.cat\/wp-content\/uploads\/sites\/2\/2018\/12\/logo-moe-header.svg","contentUrl":"https:\/\/www.museuolimpicbcn.cat\/wp-content\/uploads\/sites\/2\/2018\/12\/logo-moe-header.svg","caption":"Museu Ol\u00edmpic i de l&#039;Esport"},"image":{"@id":"https:\/\/www.museuolimpicbcn.cat\/ca\/#\/schema\/logo\/image\/"}},{"@type":"Person","@id":"https:\/\/www.museuolimpicbcn.cat\/ca\/#\/schema\/person\/b792834a53f193977df425a499287aa9","name":"Ibone","url":"https:\/\/www.museuolimpicbcn.cat\/ca\/author\/fbolimpica\/"}]}},"_links":{"self":[{"href":"https:\/\/www.museuolimpicbcn.cat\/ca\/wp-json\/wp\/v2\/posts\/37905"}],"collection":[{"href":"https:\/\/www.museuolimpicbcn.cat\/ca\/wp-json\/wp\/v2\/posts"}],"about":[{"href":"https:\/\/www.museuolimpicbcn.cat\/ca\/wp-json\/wp\/v2\/types\/post"}],"author":[{"embeddable":true,"href":"https:\/\/www.museuolimpicbcn.cat\/ca\/wp-json\/wp\/v2\/users\/11"}],"replies":[{"embeddable":true,"href":"https:\/\/www.museuolimpicbcn.cat\/ca\/wp-json\/wp\/v2\/comments?post=37905"}],"version-history":[{"count":0,"href":"https:\/\/www.museuolimpicbcn.cat\/ca\/wp-json\/wp\/v2\/posts\/37905\/revisions"}],"wp:featuredmedia":[{"embeddable":true,"href":"https:\/\/www.museuolimpicbcn.cat\/ca\/wp-json\/wp\/v2\/media\/37902"}],"wp:attachment":[{"href":"https:\/\/www.museuolimpicbcn.cat\/ca\/wp-json\/wp\/v2\/media?parent=37905"}],"wp:term":[{"taxonomy":"category","embeddable":true,"href":"https:\/\/www.museuolimpicbcn.cat\/ca\/wp-json\/wp\/v2\/categories?post=37905"},{"taxonomy":"post_tag","embeddable":true,"href":"https:\/\/www.museuolimpicbcn.cat\/ca\/wp-json\/wp\/v2\/tags?post=37905"}],"curies":[{"name":"wp","href":"https:\/\/api.w.org\/{rel}","templated":true}]}}