{"id":38546,"date":"2023-09-29T12:21:33","date_gmt":"2023-09-29T10:21:33","guid":{"rendered":"https:\/\/www.museuolimpicbcn.cat\/el-viu-montjuic-torna-amb-activitats-per-a-tots-els-publics-tesperem\/"},"modified":"2023-09-29T12:29:31","modified_gmt":"2023-09-29T10:29:31","slug":"el-viu-montjuic-torna-amb-activitats-per-a-tots-els-publics-tesperem","status":"publish","type":"post","link":"https:\/\/www.museuolimpicbcn.cat\/ca\/el-viu-montjuic-torna-amb-activitats-per-a-tots-els-publics-tesperem\/","title":{"rendered":"El Viu Montju\u00efc torna amb activitats per a tots els p\u00fablics. T&#8217;esperem!"},"content":{"rendered":"<p><img fetchpriority=\"high\" decoding=\"async\" class=\"aligncenter wp-image-38538 size-mailpoet_newsletter_max\" src=\"https:\/\/www.museuolimpicbcn.cat\/wp-content\/uploads\/sites\/2\/2023\/09\/ViuM23_capcelera_PM_1920x310px-1320x215.jpg\" alt=\"\" width=\"1320\" height=\"215\" srcset=\"https:\/\/www.museuolimpicbcn.cat\/wp-content\/uploads\/sites\/2\/2023\/09\/ViuM23_capcelera_PM_1920x310px-1320x215.jpg 1320w, https:\/\/www.museuolimpicbcn.cat\/wp-content\/uploads\/sites\/2\/2023\/09\/ViuM23_capcelera_PM_1920x310px-300x49.jpg 300w, https:\/\/www.museuolimpicbcn.cat\/wp-content\/uploads\/sites\/2\/2023\/09\/ViuM23_capcelera_PM_1920x310px-1024x167.jpg 1024w, https:\/\/www.museuolimpicbcn.cat\/wp-content\/uploads\/sites\/2\/2023\/09\/ViuM23_capcelera_PM_1920x310px-768x125.jpg 768w, https:\/\/www.museuolimpicbcn.cat\/wp-content\/uploads\/sites\/2\/2023\/09\/ViuM23_capcelera_PM_1920x310px-1536x251.jpg 1536w, https:\/\/www.museuolimpicbcn.cat\/wp-content\/uploads\/sites\/2\/2023\/09\/ViuM23_capcelera_PM_1920x310px-600x98.jpg 600w, https:\/\/www.museuolimpicbcn.cat\/wp-content\/uploads\/sites\/2\/2023\/09\/ViuM23_capcelera_PM_1920x310px.jpg 1900w\" sizes=\"(max-width: 1320px) 100vw, 1320px\" \/><\/p>\n<p>Tornem amb el Viu Montju\u00efc els dies 7 i 8 d&#8217;octubre!<\/p>\n<p>Aquesta 3a edici\u00f3\u00a0t\u00e9\u00a060 activitats per gaudir al Parc de Montju\u00efc, <strong>el Parc de la Cultura.<\/strong> Activitats culturals i de lleure per a tots els p\u00fablics, amb propostes que van des d&#8217;itineraris guiats per Montju\u00efc, fins a espectacles de dansa, teatre, concerts, exposicions i portes obertes als equipaments.<\/p>\n<p>En el Museu Ol\u00edmpic podr\u00e0s trobar:<\/p>\n<p><img decoding=\"async\" class=\"wp-image-38535 size-full alignleft\" src=\"https:\/\/www.museuolimpicbcn.cat\/wp-content\/uploads\/sites\/2\/2023\/09\/ICUB_216x324px_imgV_A.png\" alt=\"\" width=\"216\" height=\"325\" srcset=\"https:\/\/www.museuolimpicbcn.cat\/wp-content\/uploads\/sites\/2\/2023\/09\/ICUB_216x324px_imgV_A.png 216w, https:\/\/www.museuolimpicbcn.cat\/wp-content\/uploads\/sites\/2\/2023\/09\/ICUB_216x324px_imgV_A-199x300.png 199w\" sizes=\"(max-width: 216px) 100vw, 216px\" \/><\/p>\n<p>&nbsp;<\/p>\n<p>&nbsp;<\/p>\n<p>  Jornada de portes obertes els dos dies. Gaudeix de les nostres instal\u00b7lacions i descobreix el m\u00f3n de l&#8217;esport des d&#8217;una altra perspectiva.Tamb\u00e9 podr\u00e0s gaudir de l&#8217;exposici\u00f3 temporal dedicada al Club Centenari U.at. D&#8217;Horta 1992-2022, un dels clubs esportius m\u00e9s emblem\u00e0tics de la ciutat.<\/p>\n<p>&nbsp;<\/p>\n<p><img decoding=\"async\" class=\"alignright wp-image-38541 \" src=\"https:\/\/www.museuolimpicbcn.cat\/wp-content\/uploads\/sites\/2\/2023\/09\/II_trobada_collec_VIUMONTJ2023-WEB-300x169.jpg\" alt=\"\" width=\"314\" height=\"177\" srcset=\"https:\/\/www.museuolimpicbcn.cat\/wp-content\/uploads\/sites\/2\/2023\/09\/II_trobada_collec_VIUMONTJ2023-WEB-300x169.jpg 300w, https:\/\/www.museuolimpicbcn.cat\/wp-content\/uploads\/sites\/2\/2023\/09\/II_trobada_collec_VIUMONTJ2023-WEB-600x338.jpg 600w, https:\/\/www.museuolimpicbcn.cat\/wp-content\/uploads\/sites\/2\/2023\/09\/II_trobada_collec_VIUMONTJ2023-WEB.jpg 700w\" sizes=\"(max-width: 314px) 100vw, 314px\" \/><\/p>\n<p>Durant el mat\u00ed del dissabte podr\u00e0s gaudir de la trobada de col\u00b7leccionistes.\u00a0Enguany dediquem la trobada de col\u00b7leccionistes de tem\u00e0tica esportiva als cromos. \u00a1Vine al museu a veure i intercanviar cromos!<\/p>\n<p>L&#8217;Associaci\u00f3 per a la Promoci\u00f3 del Col\u00b7leccionisme organitza la segona trobada de col\u00b7leccionistes de tem\u00e0tica esportiva en col\u00b7laboraci\u00f3 amb Panini i la Fundaci\u00f3 Barcelona Ol\u00edmpica.<\/p>\n<p><img loading=\"lazy\" decoding=\"async\" class=\"wp-image-38529 size-medium alignleft\" src=\"https:\/\/www.museuolimpicbcn.cat\/wp-content\/uploads\/sites\/2\/2023\/09\/image004-225x300.jpg\" alt=\"\" width=\"225\" height=\"300\" srcset=\"https:\/\/www.museuolimpicbcn.cat\/wp-content\/uploads\/sites\/2\/2023\/09\/image004-225x300.jpg 225w, https:\/\/www.museuolimpicbcn.cat\/wp-content\/uploads\/sites\/2\/2023\/09\/image004.jpg 406w\" sizes=\"(max-width: 225px) 100vw, 225px\" \/><\/p>\n<p>  A les 5 de la tarda, alumnes de l&#8217;Escola Superior de M\u00fasica Jam Session reinterpretar\u00e0 algunes de les peces musicals associades als Jocs Ol\u00edmpics de Barcelona 1992: Camar\u00f3n, Josep Carreras, Rudolf Nur\u00e9iev, Jerry Lee Lewis, Suzanne Vega, Dionne Warwick, Eddie Grant, Joan Manuel Serrat, a m\u00e9s de Freddie Mercury i Montserrat Caball\u00e9. T&#8217;ho perdr\u00e0s?<\/p>\n<p>M\u00e9s de 40 equipaments, museus, teatres, centres culturals, centres c\u00edvics i biblioteques, organitzen la 3a edici\u00f3 del &#8220;Viu Montju\u00efc&#8221;.<\/p>\n<p>Entre les m\u00e9s de 60 activitats previstes durant el cap de setmana, n&#8217;hi haur\u00e0 per a totes les franges d&#8217;edat, i les m\u00e9s habituals seran els itineraris guiats\u00a0per les immediacions\u00a0del Parc de Montju\u00efc, les portes obertes als equipaments participants en el projecte i tamb\u00e9 hi haur\u00e0 activitats familiars, concerts i espectacles de dansa i teatre.<\/p>\n<p>L&#8217;objectiu \u00e9s teixir aliances i gesti\u00f3\u00a0d&#8217;activitats\u00a0conjuntes entre els grans equipaments del Parc i la xarxa cultural dels barris.<\/p>\n<p>La programaci\u00f3 de l\u2019edici\u00f3 d\u2019enguany de #ViuMontju\u00efc est\u00e0 disponible al web <a href=\"https:\/\/www.barcelona.cat\/viumontjuic\/ca\">https:\/\/www.barcelona.cat\/viumontjuic\/ca<\/a><\/p>\n<p>&nbsp;<\/p>\n","protected":false},"excerpt":{"rendered":"<p>Tornem amb el Viu Montju\u00efc els dies 7 i 8 d&#8217;octubre! Aquesta 3a edici\u00f3\u00a0t\u00e9\u00a060 activitats per gaudir al Parc de Montju\u00efc, el Parc de la Cultura. Activitats culturals i de lleure per a tots els p\u00fablics, amb propostes que van des d&#8217;itineraris guiats per Montju\u00efc, fins a espectacles de dansa, teatre, concerts, exposicions i portes [&hellip;]<\/p>\n","protected":false},"author":11,"featured_media":38523,"comment_status":"closed","ping_status":"closed","sticky":false,"template":"","format":"standard","meta":{"_acf_changed":false,"_price":"","_stock":"","_tribe_ticket_header":"","_tribe_default_ticket_provider":"","_tribe_ticket_capacity":"0","_ticket_start_date":"","_ticket_end_date":"","_tribe_ticket_show_description":"","_tribe_ticket_show_not_going":false,"_tribe_ticket_use_global_stock":"","_tribe_ticket_global_stock_level":"","_global_stock_mode":"","_global_stock_cap":"","_tribe_rsvp_for_event":"","_tribe_ticket_going_count":"","_tribe_ticket_not_going_count":"","_tribe_tickets_list":"[]","_tribe_ticket_has_attendee_info_fields":false,"footnotes":""},"categories":[1],"tags":[],"class_list":["post-38546","post","type-post","status-publish","format-standard","has-post-thumbnail","hentry","category-uncategorized-ca"],"acf":[],"yoast_head":"<!-- This site is optimized with the Yoast SEO plugin v23.7 - https:\/\/yoast.com\/wordpress\/plugins\/seo\/ -->\n<title>El Viu Montju\u00efc torna amb activitats per a tots els p\u00fablics. T&#039;esperem! - Museu Ol\u00edmpic i de l&#039;Esport<\/title>\n<meta name=\"robots\" content=\"index, follow, max-snippet:-1, max-image-preview:large, max-video-preview:-1\" \/>\n<link rel=\"canonical\" href=\"https:\/\/www.museuolimpicbcn.cat\/ca\/el-viu-montjuic-torna-amb-activitats-per-a-tots-els-publics-tesperem\/\" \/>\n<meta property=\"og:locale\" content=\"ca_ES\" \/>\n<meta property=\"og:type\" content=\"article\" \/>\n<meta property=\"og:title\" content=\"El Viu Montju\u00efc torna amb activitats per a tots els p\u00fablics. T&#039;esperem! - Museu Ol\u00edmpic i de l&#039;Esport\" \/>\n<meta property=\"og:description\" content=\"Tornem amb el Viu Montju\u00efc els dies 7 i 8 d&#8217;octubre! Aquesta 3a edici\u00f3\u00a0t\u00e9\u00a060 activitats per gaudir al Parc de Montju\u00efc, el Parc de la Cultura. Activitats culturals i de lleure per a tots els p\u00fablics, amb propostes que van des d&#8217;itineraris guiats per Montju\u00efc, fins a espectacles de dansa, teatre, concerts, exposicions i portes [&hellip;]\" \/>\n<meta property=\"og:url\" content=\"https:\/\/www.museuolimpicbcn.cat\/ca\/el-viu-montjuic-torna-amb-activitats-per-a-tots-els-publics-tesperem\/\" \/>\n<meta property=\"og:site_name\" content=\"Museu Ol\u00edmpic i de l&#039;Esport\" \/>\n<meta property=\"article:published_time\" content=\"2023-09-29T10:21:33+00:00\" \/>\n<meta property=\"article:modified_time\" content=\"2023-09-29T10:29:31+00:00\" \/>\n<meta property=\"og:image\" content=\"https:\/\/www.museuolimpicbcn.cat\/wp-content\/uploads\/sites\/2\/2023\/09\/image_6487327-1.jpg\" \/>\n\t<meta property=\"og:image:width\" content=\"2048\" \/>\n\t<meta property=\"og:image:height\" content=\"1365\" \/>\n\t<meta property=\"og:image:type\" content=\"image\/jpeg\" \/>\n<meta name=\"author\" content=\"Ibone\" \/>\n<meta name=\"twitter:card\" content=\"summary_large_image\" \/>\n<meta name=\"twitter:label1\" content=\"Escrit per\" \/>\n\t<meta name=\"twitter:data1\" content=\"Ibone\" \/>\n\t<meta name=\"twitter:label2\" content=\"Temps estimat de lectura\" \/>\n\t<meta name=\"twitter:data2\" content=\"2 minuts\" \/>\n<script type=\"application\/ld+json\" class=\"yoast-schema-graph\">{\"@context\":\"https:\/\/schema.org\",\"@graph\":[{\"@type\":\"Article\",\"@id\":\"https:\/\/www.museuolimpicbcn.cat\/ca\/el-viu-montjuic-torna-amb-activitats-per-a-tots-els-publics-tesperem\/#article\",\"isPartOf\":{\"@id\":\"https:\/\/www.museuolimpicbcn.cat\/ca\/el-viu-montjuic-torna-amb-activitats-per-a-tots-els-publics-tesperem\/\"},\"author\":{\"name\":\"Ibone\",\"@id\":\"https:\/\/www.museuolimpicbcn.cat\/ca\/#\/schema\/person\/b792834a53f193977df425a499287aa9\"},\"headline\":\"El Viu Montju\u00efc torna amb activitats per a tots els p\u00fablics. T&#8217;esperem!\",\"datePublished\":\"2023-09-29T10:21:33+00:00\",\"dateModified\":\"2023-09-29T10:29:31+00:00\",\"mainEntityOfPage\":{\"@id\":\"https:\/\/www.museuolimpicbcn.cat\/ca\/el-viu-montjuic-torna-amb-activitats-per-a-tots-els-publics-tesperem\/\"},\"wordCount\":380,\"publisher\":{\"@id\":\"https:\/\/www.museuolimpicbcn.cat\/ca\/#organization\"},\"image\":{\"@id\":\"https:\/\/www.museuolimpicbcn.cat\/ca\/el-viu-montjuic-torna-amb-activitats-per-a-tots-els-publics-tesperem\/#primaryimage\"},\"thumbnailUrl\":\"https:\/\/www.museuolimpicbcn.cat\/wp-content\/uploads\/sites\/2\/2023\/09\/image_6487327-1.jpg\",\"articleSection\":[\"Uncategorized @ca\"],\"inLanguage\":\"ca\"},{\"@type\":\"WebPage\",\"@id\":\"https:\/\/www.museuolimpicbcn.cat\/ca\/el-viu-montjuic-torna-amb-activitats-per-a-tots-els-publics-tesperem\/\",\"url\":\"https:\/\/www.museuolimpicbcn.cat\/ca\/el-viu-montjuic-torna-amb-activitats-per-a-tots-els-publics-tesperem\/\",\"name\":\"El Viu Montju\u00efc torna amb activitats per a tots els p\u00fablics. T'esperem! - Museu Ol\u00edmpic i de l&#039;Esport\",\"isPartOf\":{\"@id\":\"https:\/\/www.museuolimpicbcn.cat\/ca\/#website\"},\"primaryImageOfPage\":{\"@id\":\"https:\/\/www.museuolimpicbcn.cat\/ca\/el-viu-montjuic-torna-amb-activitats-per-a-tots-els-publics-tesperem\/#primaryimage\"},\"image\":{\"@id\":\"https:\/\/www.museuolimpicbcn.cat\/ca\/el-viu-montjuic-torna-amb-activitats-per-a-tots-els-publics-tesperem\/#primaryimage\"},\"thumbnailUrl\":\"https:\/\/www.museuolimpicbcn.cat\/wp-content\/uploads\/sites\/2\/2023\/09\/image_6487327-1.jpg\",\"datePublished\":\"2023-09-29T10:21:33+00:00\",\"dateModified\":\"2023-09-29T10:29:31+00:00\",\"breadcrumb\":{\"@id\":\"https:\/\/www.museuolimpicbcn.cat\/ca\/el-viu-montjuic-torna-amb-activitats-per-a-tots-els-publics-tesperem\/#breadcrumb\"},\"inLanguage\":\"ca\",\"potentialAction\":[{\"@type\":\"ReadAction\",\"target\":[\"https:\/\/www.museuolimpicbcn.cat\/ca\/el-viu-montjuic-torna-amb-activitats-per-a-tots-els-publics-tesperem\/\"]}]},{\"@type\":\"ImageObject\",\"inLanguage\":\"ca\",\"@id\":\"https:\/\/www.museuolimpicbcn.cat\/ca\/el-viu-montjuic-torna-amb-activitats-per-a-tots-els-publics-tesperem\/#primaryimage\",\"url\":\"https:\/\/www.museuolimpicbcn.cat\/wp-content\/uploads\/sites\/2\/2023\/09\/image_6487327-1.jpg\",\"contentUrl\":\"https:\/\/www.museuolimpicbcn.cat\/wp-content\/uploads\/sites\/2\/2023\/09\/image_6487327-1.jpg\",\"width\":2048,\"height\":1365},{\"@type\":\"BreadcrumbList\",\"@id\":\"https:\/\/www.museuolimpicbcn.cat\/ca\/el-viu-montjuic-torna-amb-activitats-per-a-tots-els-publics-tesperem\/#breadcrumb\",\"itemListElement\":[{\"@type\":\"ListItem\",\"position\":1,\"name\":\"Inici\",\"item\":\"https:\/\/www.museuolimpicbcn.cat\/es\/\"},{\"@type\":\"ListItem\",\"position\":2,\"name\":\"El Viu Montju\u00efc torna amb activitats per a tots els p\u00fablics. T&#8217;esperem!\"}]},{\"@type\":\"WebSite\",\"@id\":\"https:\/\/www.museuolimpicbcn.cat\/ca\/#website\",\"url\":\"https:\/\/www.museuolimpicbcn.cat\/ca\/\",\"name\":\"Museu Ol\u00edmpic i de l&#039;Esport\",\"description\":\"Altre lloc Web del Museu Ol\u00edmpic i de l&#039;Esport llocs\",\"publisher\":{\"@id\":\"https:\/\/www.museuolimpicbcn.cat\/ca\/#organization\"},\"potentialAction\":[{\"@type\":\"SearchAction\",\"target\":{\"@type\":\"EntryPoint\",\"urlTemplate\":\"https:\/\/www.museuolimpicbcn.cat\/ca\/?s={search_term_string}\"},\"query-input\":{\"@type\":\"PropertyValueSpecification\",\"valueRequired\":true,\"valueName\":\"search_term_string\"}}],\"inLanguage\":\"ca\"},{\"@type\":\"Organization\",\"@id\":\"https:\/\/www.museuolimpicbcn.cat\/ca\/#organization\",\"name\":\"Museu Ol\u00edmpic i de l&#039;Esport\",\"url\":\"https:\/\/www.museuolimpicbcn.cat\/ca\/\",\"logo\":{\"@type\":\"ImageObject\",\"inLanguage\":\"ca\",\"@id\":\"https:\/\/www.museuolimpicbcn.cat\/ca\/#\/schema\/logo\/image\/\",\"url\":\"https:\/\/www.museuolimpicbcn.cat\/wp-content\/uploads\/sites\/2\/2018\/12\/logo-moe-header.svg\",\"contentUrl\":\"https:\/\/www.museuolimpicbcn.cat\/wp-content\/uploads\/sites\/2\/2018\/12\/logo-moe-header.svg\",\"caption\":\"Museu Ol\u00edmpic i de l&#039;Esport\"},\"image\":{\"@id\":\"https:\/\/www.museuolimpicbcn.cat\/ca\/#\/schema\/logo\/image\/\"}},{\"@type\":\"Person\",\"@id\":\"https:\/\/www.museuolimpicbcn.cat\/ca\/#\/schema\/person\/b792834a53f193977df425a499287aa9\",\"name\":\"Ibone\",\"url\":\"https:\/\/www.museuolimpicbcn.cat\/ca\/author\/fbolimpica\/\"}]}<\/script>\n<!-- \/ Yoast SEO plugin. -->","yoast_head_json":{"title":"El Viu Montju\u00efc torna amb activitats per a tots els p\u00fablics. T'esperem! - Museu Ol\u00edmpic i de l&#039;Esport","robots":{"index":"index","follow":"follow","max-snippet":"max-snippet:-1","max-image-preview":"max-image-preview:large","max-video-preview":"max-video-preview:-1"},"canonical":"https:\/\/www.museuolimpicbcn.cat\/ca\/el-viu-montjuic-torna-amb-activitats-per-a-tots-els-publics-tesperem\/","og_locale":"ca_ES","og_type":"article","og_title":"El Viu Montju\u00efc torna amb activitats per a tots els p\u00fablics. T'esperem! - Museu Ol\u00edmpic i de l&#039;Esport","og_description":"Tornem amb el Viu Montju\u00efc els dies 7 i 8 d&#8217;octubre! Aquesta 3a edici\u00f3\u00a0t\u00e9\u00a060 activitats per gaudir al Parc de Montju\u00efc, el Parc de la Cultura. Activitats culturals i de lleure per a tots els p\u00fablics, amb propostes que van des d&#8217;itineraris guiats per Montju\u00efc, fins a espectacles de dansa, teatre, concerts, exposicions i portes [&hellip;]","og_url":"https:\/\/www.museuolimpicbcn.cat\/ca\/el-viu-montjuic-torna-amb-activitats-per-a-tots-els-publics-tesperem\/","og_site_name":"Museu Ol\u00edmpic i de l&#039;Esport","article_published_time":"2023-09-29T10:21:33+00:00","article_modified_time":"2023-09-29T10:29:31+00:00","og_image":[{"width":2048,"height":1365,"url":"https:\/\/www.museuolimpicbcn.cat\/wp-content\/uploads\/sites\/2\/2023\/09\/image_6487327-1.jpg","type":"image\/jpeg"}],"author":"Ibone","twitter_card":"summary_large_image","twitter_misc":{"Escrit per":"Ibone","Temps estimat de lectura":"2 minuts"},"schema":{"@context":"https:\/\/schema.org","@graph":[{"@type":"Article","@id":"https:\/\/www.museuolimpicbcn.cat\/ca\/el-viu-montjuic-torna-amb-activitats-per-a-tots-els-publics-tesperem\/#article","isPartOf":{"@id":"https:\/\/www.museuolimpicbcn.cat\/ca\/el-viu-montjuic-torna-amb-activitats-per-a-tots-els-publics-tesperem\/"},"author":{"name":"Ibone","@id":"https:\/\/www.museuolimpicbcn.cat\/ca\/#\/schema\/person\/b792834a53f193977df425a499287aa9"},"headline":"El Viu Montju\u00efc torna amb activitats per a tots els p\u00fablics. T&#8217;esperem!","datePublished":"2023-09-29T10:21:33+00:00","dateModified":"2023-09-29T10:29:31+00:00","mainEntityOfPage":{"@id":"https:\/\/www.museuolimpicbcn.cat\/ca\/el-viu-montjuic-torna-amb-activitats-per-a-tots-els-publics-tesperem\/"},"wordCount":380,"publisher":{"@id":"https:\/\/www.museuolimpicbcn.cat\/ca\/#organization"},"image":{"@id":"https:\/\/www.museuolimpicbcn.cat\/ca\/el-viu-montjuic-torna-amb-activitats-per-a-tots-els-publics-tesperem\/#primaryimage"},"thumbnailUrl":"https:\/\/www.museuolimpicbcn.cat\/wp-content\/uploads\/sites\/2\/2023\/09\/image_6487327-1.jpg","articleSection":["Uncategorized @ca"],"inLanguage":"ca"},{"@type":"WebPage","@id":"https:\/\/www.museuolimpicbcn.cat\/ca\/el-viu-montjuic-torna-amb-activitats-per-a-tots-els-publics-tesperem\/","url":"https:\/\/www.museuolimpicbcn.cat\/ca\/el-viu-montjuic-torna-amb-activitats-per-a-tots-els-publics-tesperem\/","name":"El Viu Montju\u00efc torna amb activitats per a tots els p\u00fablics. T'esperem! - Museu Ol\u00edmpic i de l&#039;Esport","isPartOf":{"@id":"https:\/\/www.museuolimpicbcn.cat\/ca\/#website"},"primaryImageOfPage":{"@id":"https:\/\/www.museuolimpicbcn.cat\/ca\/el-viu-montjuic-torna-amb-activitats-per-a-tots-els-publics-tesperem\/#primaryimage"},"image":{"@id":"https:\/\/www.museuolimpicbcn.cat\/ca\/el-viu-montjuic-torna-amb-activitats-per-a-tots-els-publics-tesperem\/#primaryimage"},"thumbnailUrl":"https:\/\/www.museuolimpicbcn.cat\/wp-content\/uploads\/sites\/2\/2023\/09\/image_6487327-1.jpg","datePublished":"2023-09-29T10:21:33+00:00","dateModified":"2023-09-29T10:29:31+00:00","breadcrumb":{"@id":"https:\/\/www.museuolimpicbcn.cat\/ca\/el-viu-montjuic-torna-amb-activitats-per-a-tots-els-publics-tesperem\/#breadcrumb"},"inLanguage":"ca","potentialAction":[{"@type":"ReadAction","target":["https:\/\/www.museuolimpicbcn.cat\/ca\/el-viu-montjuic-torna-amb-activitats-per-a-tots-els-publics-tesperem\/"]}]},{"@type":"ImageObject","inLanguage":"ca","@id":"https:\/\/www.museuolimpicbcn.cat\/ca\/el-viu-montjuic-torna-amb-activitats-per-a-tots-els-publics-tesperem\/#primaryimage","url":"https:\/\/www.museuolimpicbcn.cat\/wp-content\/uploads\/sites\/2\/2023\/09\/image_6487327-1.jpg","contentUrl":"https:\/\/www.museuolimpicbcn.cat\/wp-content\/uploads\/sites\/2\/2023\/09\/image_6487327-1.jpg","width":2048,"height":1365},{"@type":"BreadcrumbList","@id":"https:\/\/www.museuolimpicbcn.cat\/ca\/el-viu-montjuic-torna-amb-activitats-per-a-tots-els-publics-tesperem\/#breadcrumb","itemListElement":[{"@type":"ListItem","position":1,"name":"Inici","item":"https:\/\/www.museuolimpicbcn.cat\/es\/"},{"@type":"ListItem","position":2,"name":"El Viu Montju\u00efc torna amb activitats per a tots els p\u00fablics. T&#8217;esperem!"}]},{"@type":"WebSite","@id":"https:\/\/www.museuolimpicbcn.cat\/ca\/#website","url":"https:\/\/www.museuolimpicbcn.cat\/ca\/","name":"Museu Ol\u00edmpic i de l&#039;Esport","description":"Altre lloc Web del Museu Ol\u00edmpic i de l&#039;Esport llocs","publisher":{"@id":"https:\/\/www.museuolimpicbcn.cat\/ca\/#organization"},"potentialAction":[{"@type":"SearchAction","target":{"@type":"EntryPoint","urlTemplate":"https:\/\/www.museuolimpicbcn.cat\/ca\/?s={search_term_string}"},"query-input":{"@type":"PropertyValueSpecification","valueRequired":true,"valueName":"search_term_string"}}],"inLanguage":"ca"},{"@type":"Organization","@id":"https:\/\/www.museuolimpicbcn.cat\/ca\/#organization","name":"Museu Ol\u00edmpic i de l&#039;Esport","url":"https:\/\/www.museuolimpicbcn.cat\/ca\/","logo":{"@type":"ImageObject","inLanguage":"ca","@id":"https:\/\/www.museuolimpicbcn.cat\/ca\/#\/schema\/logo\/image\/","url":"https:\/\/www.museuolimpicbcn.cat\/wp-content\/uploads\/sites\/2\/2018\/12\/logo-moe-header.svg","contentUrl":"https:\/\/www.museuolimpicbcn.cat\/wp-content\/uploads\/sites\/2\/2018\/12\/logo-moe-header.svg","caption":"Museu Ol\u00edmpic i de l&#039;Esport"},"image":{"@id":"https:\/\/www.museuolimpicbcn.cat\/ca\/#\/schema\/logo\/image\/"}},{"@type":"Person","@id":"https:\/\/www.museuolimpicbcn.cat\/ca\/#\/schema\/person\/b792834a53f193977df425a499287aa9","name":"Ibone","url":"https:\/\/www.museuolimpicbcn.cat\/ca\/author\/fbolimpica\/"}]}},"_links":{"self":[{"href":"https:\/\/www.museuolimpicbcn.cat\/ca\/wp-json\/wp\/v2\/posts\/38546"}],"collection":[{"href":"https:\/\/www.museuolimpicbcn.cat\/ca\/wp-json\/wp\/v2\/posts"}],"about":[{"href":"https:\/\/www.museuolimpicbcn.cat\/ca\/wp-json\/wp\/v2\/types\/post"}],"author":[{"embeddable":true,"href":"https:\/\/www.museuolimpicbcn.cat\/ca\/wp-json\/wp\/v2\/users\/11"}],"replies":[{"embeddable":true,"href":"https:\/\/www.museuolimpicbcn.cat\/ca\/wp-json\/wp\/v2\/comments?post=38546"}],"version-history":[{"count":2,"href":"https:\/\/www.museuolimpicbcn.cat\/ca\/wp-json\/wp\/v2\/posts\/38546\/revisions"}],"predecessor-version":[{"id":38550,"href":"https:\/\/www.museuolimpicbcn.cat\/ca\/wp-json\/wp\/v2\/posts\/38546\/revisions\/38550"}],"wp:featuredmedia":[{"embeddable":true,"href":"https:\/\/www.museuolimpicbcn.cat\/ca\/wp-json\/wp\/v2\/media\/38523"}],"wp:attachment":[{"href":"https:\/\/www.museuolimpicbcn.cat\/ca\/wp-json\/wp\/v2\/media?parent=38546"}],"wp:term":[{"taxonomy":"category","embeddable":true,"href":"https:\/\/www.museuolimpicbcn.cat\/ca\/wp-json\/wp\/v2\/categories?post=38546"},{"taxonomy":"post_tag","embeddable":true,"href":"https:\/\/www.museuolimpicbcn.cat\/ca\/wp-json\/wp\/v2\/tags?post=38546"}],"curies":[{"name":"wp","href":"https:\/\/api.w.org\/{rel}","templated":true}]}}