{"id":40134,"date":"2024-03-12T13:34:57","date_gmt":"2024-03-12T12:34:57","guid":{"rendered":"https:\/\/www.museuolimpicbcn.cat\/el-museu-olimpic-i-de-lesport-ja-samaranch-renova-el-segell-biosphere-2024-per-quart-any-consecutiu\/"},"modified":"2024-03-12T13:35:55","modified_gmt":"2024-03-12T12:35:55","slug":"el-museu-olimpic-i-de-lesport-ja-samaranch-renova-el-segell-biosphere-2024-per-quart-any-consecutiu","status":"publish","type":"post","link":"https:\/\/www.museuolimpicbcn.cat\/ca\/el-museu-olimpic-i-de-lesport-ja-samaranch-renova-el-segell-biosphere-2024-per-quart-any-consecutiu\/","title":{"rendered":"El Museu Ol\u00edmpic i de l&#8217;Esport JA Samaranch renova el Segell Biosphere 2024 per quart any consecutiu"},"content":{"rendered":"<p>El Museu Ol\u00edmpic i de l&#8217;Esport JA Samaranch, situat a Barcelona, ha renovat amb \u00e8xit la seva distinci\u00f3 amb el Segell Biosphere 2024, consolidant el seu comprom\u00eds amb la sostenibilitat i l&#8217;excel\u00b7l\u00e8ncia en la gesti\u00f3 tur\u00edstica. Aquesta renovaci\u00f3 representa el quart any consecutiu en el qual el museu ha estat reconegut pels seus esfor\u00e7os continus en favor del turisme sostenible.<\/p>\n<p>&nbsp;<\/p>\n<p>La Certificaci\u00f3 Biosphere, atorgada per l&#8217;Institut de Turisme Responsable (ITR), \u00e9s un distintiu de prestigi internacional que reconeix a entitats compromeses amb el desenvolupament sostenible en l&#8217;\u00e0mbit tur\u00edstic. Per a obtenir aquesta certificaci\u00f3, s&#8217;avaluen aspectes clau com la gesti\u00f3 ambiental, la responsabilitat social, la qualitat dels serveis, la contribuci\u00f3 a la comunitat local i la conservaci\u00f3 del patrimoni cultural. La renovaci\u00f3 del Segell Biosphere per part del Museu Ol\u00edmpic i de l&#8217;Esport JA Samaranch valguda la seva cont\u00ednua adhesi\u00f3 als m\u00e9s alts est\u00e0ndards de sostenibilitat i qualitat.<\/p>\n<p>&nbsp;<\/p>\n<p>Aquesta distinci\u00f3 no sols ressalta el comprom\u00eds del museu amb la conservaci\u00f3 de l&#8217;entorn i la promoci\u00f3 de bones pr\u00e0ctiques tur\u00edstiques, sin\u00f3 que tamb\u00e9 refor\u00e7a la seva posici\u00f3 com un referent en la promoci\u00f3 de la hist\u00f2ria ol\u00edmpica i esportiva. Com a centre cultural i educatiu, el museu continua oferint als seus visitants experi\u00e8ncies enriquidores i fomentant la consci\u00e8ncia sobre la import\u00e0ncia de la sostenibilitat en el turisme.<\/p>\n<p>&nbsp;<\/p>\n<p>La renovaci\u00f3 del Segell Biosphere 2024 per quart any consecutiu representa un assoliment significatiu per al Museu Ol\u00edmpic i de l&#8217;Esport JA Samaranch, consolidant el seu paper com una destinaci\u00f3 tur\u00edstica compromesa amb la preservaci\u00f3 del patrimoni i el foment de pr\u00e0ctiques responsables. Aquest reconeixement reafirma el seu comprom\u00eds amb l&#8217;excel\u00b7l\u00e8ncia, la sostenibilitat i el llegat ol\u00edmpic, destacant la seva contribuci\u00f3 al desenvolupament d&#8217;un turisme m\u00e9s responsable.<\/p>\n","protected":false},"excerpt":{"rendered":"<p>El Museu Ol\u00edmpic i de l&#8217;Esport JA Samaranch, situat a Barcelona, ha renovat amb \u00e8xit la seva distinci\u00f3 amb el Segell Biosphere 2024, consolidant el seu comprom\u00eds amb la sostenibilitat i l&#8217;excel\u00b7l\u00e8ncia en la gesti\u00f3 tur\u00edstica. Aquesta renovaci\u00f3 representa el quart any consecutiu en el qual el museu ha estat reconegut pels seus esfor\u00e7os continus [&hellip;]<\/p>\n","protected":false},"author":11,"featured_media":40131,"comment_status":"closed","ping_status":"closed","sticky":false,"template":"","format":"standard","meta":{"_acf_changed":false,"_price":"","_stock":"","_tribe_ticket_header":"","_tribe_default_ticket_provider":"","_tribe_ticket_capacity":"0","_ticket_start_date":"","_ticket_end_date":"","_tribe_ticket_show_description":"","_tribe_ticket_show_not_going":false,"_tribe_ticket_use_global_stock":"","_tribe_ticket_global_stock_level":"","_global_stock_mode":"","_global_stock_cap":"","_tribe_rsvp_for_event":"","_tribe_ticket_going_count":"","_tribe_ticket_not_going_count":"","_tribe_tickets_list":"[]","_tribe_ticket_has_attendee_info_fields":false,"footnotes":""},"categories":[1],"tags":[],"class_list":["post-40134","post","type-post","status-publish","format-standard","has-post-thumbnail","hentry","category-uncategorized-ca"],"acf":[],"yoast_head":"<!-- This site is optimized with the Yoast SEO plugin v23.7 - https:\/\/yoast.com\/wordpress\/plugins\/seo\/ -->\n<title>El Museu Ol\u00edmpic i de l&#039;Esport JA Samaranch renova el Segell Biosphere 2024 per quart any consecutiu - Museu Ol\u00edmpic i de l&#039;Esport<\/title>\n<meta name=\"robots\" content=\"index, follow, max-snippet:-1, max-image-preview:large, max-video-preview:-1\" \/>\n<link rel=\"canonical\" href=\"https:\/\/www.museuolimpicbcn.cat\/ca\/el-museu-olimpic-i-de-lesport-ja-samaranch-renova-el-segell-biosphere-2024-per-quart-any-consecutiu\/\" \/>\n<meta property=\"og:locale\" content=\"ca_ES\" \/>\n<meta property=\"og:type\" content=\"article\" \/>\n<meta property=\"og:title\" content=\"El Museu Ol\u00edmpic i de l&#039;Esport JA Samaranch renova el Segell Biosphere 2024 per quart any consecutiu - Museu Ol\u00edmpic i de l&#039;Esport\" \/>\n<meta property=\"og:description\" content=\"El Museu Ol\u00edmpic i de l&#8217;Esport JA Samaranch, situat a Barcelona, ha renovat amb \u00e8xit la seva distinci\u00f3 amb el Segell Biosphere 2024, consolidant el seu comprom\u00eds amb la sostenibilitat i l&#8217;excel\u00b7l\u00e8ncia en la gesti\u00f3 tur\u00edstica. Aquesta renovaci\u00f3 representa el quart any consecutiu en el qual el museu ha estat reconegut pels seus esfor\u00e7os continus [&hellip;]\" \/>\n<meta property=\"og:url\" content=\"https:\/\/www.museuolimpicbcn.cat\/ca\/el-museu-olimpic-i-de-lesport-ja-samaranch-renova-el-segell-biosphere-2024-per-quart-any-consecutiu\/\" \/>\n<meta property=\"og:site_name\" content=\"Museu Ol\u00edmpic i de l&#039;Esport\" \/>\n<meta property=\"article:published_time\" content=\"2024-03-12T12:34:57+00:00\" \/>\n<meta property=\"article:modified_time\" content=\"2024-03-12T12:35:55+00:00\" \/>\n<meta property=\"og:image\" content=\"https:\/\/www.museuolimpicbcn.cat\/wp-content\/uploads\/sites\/2\/2024\/03\/placa_certified_2024_ca-scaled.jpg\" \/>\n\t<meta property=\"og:image:width\" content=\"2560\" \/>\n\t<meta property=\"og:image:height\" content=\"2560\" \/>\n\t<meta property=\"og:image:type\" content=\"image\/jpeg\" \/>\n<meta name=\"author\" content=\"Ibone\" \/>\n<meta name=\"twitter:card\" content=\"summary_large_image\" \/>\n<meta name=\"twitter:label1\" content=\"Escrit per\" \/>\n\t<meta name=\"twitter:data1\" content=\"Ibone\" \/>\n\t<meta name=\"twitter:label2\" content=\"Temps estimat de lectura\" \/>\n\t<meta name=\"twitter:data2\" content=\"2 minuts\" \/>\n<script type=\"application\/ld+json\" class=\"yoast-schema-graph\">{\"@context\":\"https:\/\/schema.org\",\"@graph\":[{\"@type\":\"Article\",\"@id\":\"https:\/\/www.museuolimpicbcn.cat\/ca\/el-museu-olimpic-i-de-lesport-ja-samaranch-renova-el-segell-biosphere-2024-per-quart-any-consecutiu\/#article\",\"isPartOf\":{\"@id\":\"https:\/\/www.museuolimpicbcn.cat\/ca\/el-museu-olimpic-i-de-lesport-ja-samaranch-renova-el-segell-biosphere-2024-per-quart-any-consecutiu\/\"},\"author\":{\"name\":\"Ibone\",\"@id\":\"https:\/\/www.museuolimpicbcn.cat\/ca\/#\/schema\/person\/b792834a53f193977df425a499287aa9\"},\"headline\":\"El Museu Ol\u00edmpic i de l&#8217;Esport JA Samaranch renova el Segell Biosphere 2024 per quart any consecutiu\",\"datePublished\":\"2024-03-12T12:34:57+00:00\",\"dateModified\":\"2024-03-12T12:35:55+00:00\",\"mainEntityOfPage\":{\"@id\":\"https:\/\/www.museuolimpicbcn.cat\/ca\/el-museu-olimpic-i-de-lesport-ja-samaranch-renova-el-segell-biosphere-2024-per-quart-any-consecutiu\/\"},\"wordCount\":329,\"publisher\":{\"@id\":\"https:\/\/www.museuolimpicbcn.cat\/ca\/#organization\"},\"image\":{\"@id\":\"https:\/\/www.museuolimpicbcn.cat\/ca\/el-museu-olimpic-i-de-lesport-ja-samaranch-renova-el-segell-biosphere-2024-per-quart-any-consecutiu\/#primaryimage\"},\"thumbnailUrl\":\"https:\/\/www.museuolimpicbcn.cat\/wp-content\/uploads\/sites\/2\/2024\/03\/placa_certified_2024_ca-scaled.jpg\",\"articleSection\":[\"Uncategorized @ca\"],\"inLanguage\":\"ca\"},{\"@type\":\"WebPage\",\"@id\":\"https:\/\/www.museuolimpicbcn.cat\/ca\/el-museu-olimpic-i-de-lesport-ja-samaranch-renova-el-segell-biosphere-2024-per-quart-any-consecutiu\/\",\"url\":\"https:\/\/www.museuolimpicbcn.cat\/ca\/el-museu-olimpic-i-de-lesport-ja-samaranch-renova-el-segell-biosphere-2024-per-quart-any-consecutiu\/\",\"name\":\"El Museu Ol\u00edmpic i de l'Esport JA Samaranch renova el Segell Biosphere 2024 per quart any consecutiu - Museu Ol\u00edmpic i de l&#039;Esport\",\"isPartOf\":{\"@id\":\"https:\/\/www.museuolimpicbcn.cat\/ca\/#website\"},\"primaryImageOfPage\":{\"@id\":\"https:\/\/www.museuolimpicbcn.cat\/ca\/el-museu-olimpic-i-de-lesport-ja-samaranch-renova-el-segell-biosphere-2024-per-quart-any-consecutiu\/#primaryimage\"},\"image\":{\"@id\":\"https:\/\/www.museuolimpicbcn.cat\/ca\/el-museu-olimpic-i-de-lesport-ja-samaranch-renova-el-segell-biosphere-2024-per-quart-any-consecutiu\/#primaryimage\"},\"thumbnailUrl\":\"https:\/\/www.museuolimpicbcn.cat\/wp-content\/uploads\/sites\/2\/2024\/03\/placa_certified_2024_ca-scaled.jpg\",\"datePublished\":\"2024-03-12T12:34:57+00:00\",\"dateModified\":\"2024-03-12T12:35:55+00:00\",\"breadcrumb\":{\"@id\":\"https:\/\/www.museuolimpicbcn.cat\/ca\/el-museu-olimpic-i-de-lesport-ja-samaranch-renova-el-segell-biosphere-2024-per-quart-any-consecutiu\/#breadcrumb\"},\"inLanguage\":\"ca\",\"potentialAction\":[{\"@type\":\"ReadAction\",\"target\":[\"https:\/\/www.museuolimpicbcn.cat\/ca\/el-museu-olimpic-i-de-lesport-ja-samaranch-renova-el-segell-biosphere-2024-per-quart-any-consecutiu\/\"]}]},{\"@type\":\"ImageObject\",\"inLanguage\":\"ca\",\"@id\":\"https:\/\/www.museuolimpicbcn.cat\/ca\/el-museu-olimpic-i-de-lesport-ja-samaranch-renova-el-segell-biosphere-2024-per-quart-any-consecutiu\/#primaryimage\",\"url\":\"https:\/\/www.museuolimpicbcn.cat\/wp-content\/uploads\/sites\/2\/2024\/03\/placa_certified_2024_ca-scaled.jpg\",\"contentUrl\":\"https:\/\/www.museuolimpicbcn.cat\/wp-content\/uploads\/sites\/2\/2024\/03\/placa_certified_2024_ca-scaled.jpg\",\"width\":2560,\"height\":2560},{\"@type\":\"BreadcrumbList\",\"@id\":\"https:\/\/www.museuolimpicbcn.cat\/ca\/el-museu-olimpic-i-de-lesport-ja-samaranch-renova-el-segell-biosphere-2024-per-quart-any-consecutiu\/#breadcrumb\",\"itemListElement\":[{\"@type\":\"ListItem\",\"position\":1,\"name\":\"Inici\",\"item\":\"https:\/\/www.museuolimpicbcn.cat\/es\/\"},{\"@type\":\"ListItem\",\"position\":2,\"name\":\"El Museu Ol\u00edmpic i de l&#8217;Esport JA Samaranch renova el Segell Biosphere 2024 per quart any consecutiu\"}]},{\"@type\":\"WebSite\",\"@id\":\"https:\/\/www.museuolimpicbcn.cat\/ca\/#website\",\"url\":\"https:\/\/www.museuolimpicbcn.cat\/ca\/\",\"name\":\"Museu Ol\u00edmpic i de l&#039;Esport\",\"description\":\"Altre lloc Web del Museu Ol\u00edmpic i de l&#039;Esport llocs\",\"publisher\":{\"@id\":\"https:\/\/www.museuolimpicbcn.cat\/ca\/#organization\"},\"potentialAction\":[{\"@type\":\"SearchAction\",\"target\":{\"@type\":\"EntryPoint\",\"urlTemplate\":\"https:\/\/www.museuolimpicbcn.cat\/ca\/?s={search_term_string}\"},\"query-input\":{\"@type\":\"PropertyValueSpecification\",\"valueRequired\":true,\"valueName\":\"search_term_string\"}}],\"inLanguage\":\"ca\"},{\"@type\":\"Organization\",\"@id\":\"https:\/\/www.museuolimpicbcn.cat\/ca\/#organization\",\"name\":\"Museu Ol\u00edmpic i de l&#039;Esport\",\"url\":\"https:\/\/www.museuolimpicbcn.cat\/ca\/\",\"logo\":{\"@type\":\"ImageObject\",\"inLanguage\":\"ca\",\"@id\":\"https:\/\/www.museuolimpicbcn.cat\/ca\/#\/schema\/logo\/image\/\",\"url\":\"https:\/\/www.museuolimpicbcn.cat\/wp-content\/uploads\/sites\/2\/2018\/12\/logo-moe-header.svg\",\"contentUrl\":\"https:\/\/www.museuolimpicbcn.cat\/wp-content\/uploads\/sites\/2\/2018\/12\/logo-moe-header.svg\",\"caption\":\"Museu Ol\u00edmpic i de l&#039;Esport\"},\"image\":{\"@id\":\"https:\/\/www.museuolimpicbcn.cat\/ca\/#\/schema\/logo\/image\/\"}},{\"@type\":\"Person\",\"@id\":\"https:\/\/www.museuolimpicbcn.cat\/ca\/#\/schema\/person\/b792834a53f193977df425a499287aa9\",\"name\":\"Ibone\",\"url\":\"https:\/\/www.museuolimpicbcn.cat\/ca\/author\/fbolimpica\/\"}]}<\/script>\n<!-- \/ Yoast SEO plugin. -->","yoast_head_json":{"title":"El Museu Ol\u00edmpic i de l'Esport JA Samaranch renova el Segell Biosphere 2024 per quart any consecutiu - Museu Ol\u00edmpic i de l&#039;Esport","robots":{"index":"index","follow":"follow","max-snippet":"max-snippet:-1","max-image-preview":"max-image-preview:large","max-video-preview":"max-video-preview:-1"},"canonical":"https:\/\/www.museuolimpicbcn.cat\/ca\/el-museu-olimpic-i-de-lesport-ja-samaranch-renova-el-segell-biosphere-2024-per-quart-any-consecutiu\/","og_locale":"ca_ES","og_type":"article","og_title":"El Museu Ol\u00edmpic i de l'Esport JA Samaranch renova el Segell Biosphere 2024 per quart any consecutiu - Museu Ol\u00edmpic i de l&#039;Esport","og_description":"El Museu Ol\u00edmpic i de l&#8217;Esport JA Samaranch, situat a Barcelona, ha renovat amb \u00e8xit la seva distinci\u00f3 amb el Segell Biosphere 2024, consolidant el seu comprom\u00eds amb la sostenibilitat i l&#8217;excel\u00b7l\u00e8ncia en la gesti\u00f3 tur\u00edstica. Aquesta renovaci\u00f3 representa el quart any consecutiu en el qual el museu ha estat reconegut pels seus esfor\u00e7os continus [&hellip;]","og_url":"https:\/\/www.museuolimpicbcn.cat\/ca\/el-museu-olimpic-i-de-lesport-ja-samaranch-renova-el-segell-biosphere-2024-per-quart-any-consecutiu\/","og_site_name":"Museu Ol\u00edmpic i de l&#039;Esport","article_published_time":"2024-03-12T12:34:57+00:00","article_modified_time":"2024-03-12T12:35:55+00:00","og_image":[{"width":2560,"height":2560,"url":"https:\/\/www.museuolimpicbcn.cat\/wp-content\/uploads\/sites\/2\/2024\/03\/placa_certified_2024_ca-scaled.jpg","type":"image\/jpeg"}],"author":"Ibone","twitter_card":"summary_large_image","twitter_misc":{"Escrit per":"Ibone","Temps estimat de lectura":"2 minuts"},"schema":{"@context":"https:\/\/schema.org","@graph":[{"@type":"Article","@id":"https:\/\/www.museuolimpicbcn.cat\/ca\/el-museu-olimpic-i-de-lesport-ja-samaranch-renova-el-segell-biosphere-2024-per-quart-any-consecutiu\/#article","isPartOf":{"@id":"https:\/\/www.museuolimpicbcn.cat\/ca\/el-museu-olimpic-i-de-lesport-ja-samaranch-renova-el-segell-biosphere-2024-per-quart-any-consecutiu\/"},"author":{"name":"Ibone","@id":"https:\/\/www.museuolimpicbcn.cat\/ca\/#\/schema\/person\/b792834a53f193977df425a499287aa9"},"headline":"El Museu Ol\u00edmpic i de l&#8217;Esport JA Samaranch renova el Segell Biosphere 2024 per quart any consecutiu","datePublished":"2024-03-12T12:34:57+00:00","dateModified":"2024-03-12T12:35:55+00:00","mainEntityOfPage":{"@id":"https:\/\/www.museuolimpicbcn.cat\/ca\/el-museu-olimpic-i-de-lesport-ja-samaranch-renova-el-segell-biosphere-2024-per-quart-any-consecutiu\/"},"wordCount":329,"publisher":{"@id":"https:\/\/www.museuolimpicbcn.cat\/ca\/#organization"},"image":{"@id":"https:\/\/www.museuolimpicbcn.cat\/ca\/el-museu-olimpic-i-de-lesport-ja-samaranch-renova-el-segell-biosphere-2024-per-quart-any-consecutiu\/#primaryimage"},"thumbnailUrl":"https:\/\/www.museuolimpicbcn.cat\/wp-content\/uploads\/sites\/2\/2024\/03\/placa_certified_2024_ca-scaled.jpg","articleSection":["Uncategorized @ca"],"inLanguage":"ca"},{"@type":"WebPage","@id":"https:\/\/www.museuolimpicbcn.cat\/ca\/el-museu-olimpic-i-de-lesport-ja-samaranch-renova-el-segell-biosphere-2024-per-quart-any-consecutiu\/","url":"https:\/\/www.museuolimpicbcn.cat\/ca\/el-museu-olimpic-i-de-lesport-ja-samaranch-renova-el-segell-biosphere-2024-per-quart-any-consecutiu\/","name":"El Museu Ol\u00edmpic i de l'Esport JA Samaranch renova el Segell Biosphere 2024 per quart any consecutiu - Museu Ol\u00edmpic i de l&#039;Esport","isPartOf":{"@id":"https:\/\/www.museuolimpicbcn.cat\/ca\/#website"},"primaryImageOfPage":{"@id":"https:\/\/www.museuolimpicbcn.cat\/ca\/el-museu-olimpic-i-de-lesport-ja-samaranch-renova-el-segell-biosphere-2024-per-quart-any-consecutiu\/#primaryimage"},"image":{"@id":"https:\/\/www.museuolimpicbcn.cat\/ca\/el-museu-olimpic-i-de-lesport-ja-samaranch-renova-el-segell-biosphere-2024-per-quart-any-consecutiu\/#primaryimage"},"thumbnailUrl":"https:\/\/www.museuolimpicbcn.cat\/wp-content\/uploads\/sites\/2\/2024\/03\/placa_certified_2024_ca-scaled.jpg","datePublished":"2024-03-12T12:34:57+00:00","dateModified":"2024-03-12T12:35:55+00:00","breadcrumb":{"@id":"https:\/\/www.museuolimpicbcn.cat\/ca\/el-museu-olimpic-i-de-lesport-ja-samaranch-renova-el-segell-biosphere-2024-per-quart-any-consecutiu\/#breadcrumb"},"inLanguage":"ca","potentialAction":[{"@type":"ReadAction","target":["https:\/\/www.museuolimpicbcn.cat\/ca\/el-museu-olimpic-i-de-lesport-ja-samaranch-renova-el-segell-biosphere-2024-per-quart-any-consecutiu\/"]}]},{"@type":"ImageObject","inLanguage":"ca","@id":"https:\/\/www.museuolimpicbcn.cat\/ca\/el-museu-olimpic-i-de-lesport-ja-samaranch-renova-el-segell-biosphere-2024-per-quart-any-consecutiu\/#primaryimage","url":"https:\/\/www.museuolimpicbcn.cat\/wp-content\/uploads\/sites\/2\/2024\/03\/placa_certified_2024_ca-scaled.jpg","contentUrl":"https:\/\/www.museuolimpicbcn.cat\/wp-content\/uploads\/sites\/2\/2024\/03\/placa_certified_2024_ca-scaled.jpg","width":2560,"height":2560},{"@type":"BreadcrumbList","@id":"https:\/\/www.museuolimpicbcn.cat\/ca\/el-museu-olimpic-i-de-lesport-ja-samaranch-renova-el-segell-biosphere-2024-per-quart-any-consecutiu\/#breadcrumb","itemListElement":[{"@type":"ListItem","position":1,"name":"Inici","item":"https:\/\/www.museuolimpicbcn.cat\/es\/"},{"@type":"ListItem","position":2,"name":"El Museu Ol\u00edmpic i de l&#8217;Esport JA Samaranch renova el Segell Biosphere 2024 per quart any consecutiu"}]},{"@type":"WebSite","@id":"https:\/\/www.museuolimpicbcn.cat\/ca\/#website","url":"https:\/\/www.museuolimpicbcn.cat\/ca\/","name":"Museu Ol\u00edmpic i de l&#039;Esport","description":"Altre lloc Web del Museu Ol\u00edmpic i de l&#039;Esport llocs","publisher":{"@id":"https:\/\/www.museuolimpicbcn.cat\/ca\/#organization"},"potentialAction":[{"@type":"SearchAction","target":{"@type":"EntryPoint","urlTemplate":"https:\/\/www.museuolimpicbcn.cat\/ca\/?s={search_term_string}"},"query-input":{"@type":"PropertyValueSpecification","valueRequired":true,"valueName":"search_term_string"}}],"inLanguage":"ca"},{"@type":"Organization","@id":"https:\/\/www.museuolimpicbcn.cat\/ca\/#organization","name":"Museu Ol\u00edmpic i de l&#039;Esport","url":"https:\/\/www.museuolimpicbcn.cat\/ca\/","logo":{"@type":"ImageObject","inLanguage":"ca","@id":"https:\/\/www.museuolimpicbcn.cat\/ca\/#\/schema\/logo\/image\/","url":"https:\/\/www.museuolimpicbcn.cat\/wp-content\/uploads\/sites\/2\/2018\/12\/logo-moe-header.svg","contentUrl":"https:\/\/www.museuolimpicbcn.cat\/wp-content\/uploads\/sites\/2\/2018\/12\/logo-moe-header.svg","caption":"Museu Ol\u00edmpic i de l&#039;Esport"},"image":{"@id":"https:\/\/www.museuolimpicbcn.cat\/ca\/#\/schema\/logo\/image\/"}},{"@type":"Person","@id":"https:\/\/www.museuolimpicbcn.cat\/ca\/#\/schema\/person\/b792834a53f193977df425a499287aa9","name":"Ibone","url":"https:\/\/www.museuolimpicbcn.cat\/ca\/author\/fbolimpica\/"}]}},"_links":{"self":[{"href":"https:\/\/www.museuolimpicbcn.cat\/ca\/wp-json\/wp\/v2\/posts\/40134"}],"collection":[{"href":"https:\/\/www.museuolimpicbcn.cat\/ca\/wp-json\/wp\/v2\/posts"}],"about":[{"href":"https:\/\/www.museuolimpicbcn.cat\/ca\/wp-json\/wp\/v2\/types\/post"}],"author":[{"embeddable":true,"href":"https:\/\/www.museuolimpicbcn.cat\/ca\/wp-json\/wp\/v2\/users\/11"}],"replies":[{"embeddable":true,"href":"https:\/\/www.museuolimpicbcn.cat\/ca\/wp-json\/wp\/v2\/comments?post=40134"}],"version-history":[{"count":1,"href":"https:\/\/www.museuolimpicbcn.cat\/ca\/wp-json\/wp\/v2\/posts\/40134\/revisions"}],"predecessor-version":[{"id":40136,"href":"https:\/\/www.museuolimpicbcn.cat\/ca\/wp-json\/wp\/v2\/posts\/40134\/revisions\/40136"}],"wp:featuredmedia":[{"embeddable":true,"href":"https:\/\/www.museuolimpicbcn.cat\/ca\/wp-json\/wp\/v2\/media\/40131"}],"wp:attachment":[{"href":"https:\/\/www.museuolimpicbcn.cat\/ca\/wp-json\/wp\/v2\/media?parent=40134"}],"wp:term":[{"taxonomy":"category","embeddable":true,"href":"https:\/\/www.museuolimpicbcn.cat\/ca\/wp-json\/wp\/v2\/categories?post=40134"},{"taxonomy":"post_tag","embeddable":true,"href":"https:\/\/www.museuolimpicbcn.cat\/ca\/wp-json\/wp\/v2\/tags?post=40134"}],"curies":[{"name":"wp","href":"https:\/\/api.w.org\/{rel}","templated":true}]}}