{"id":42198,"date":"2024-07-16T20:44:31","date_gmt":"2024-07-16T18:44:31","guid":{"rendered":"https:\/\/www.museuolimpicbcn.cat\/els-jocs-olimpics-de-paris-1924\/"},"modified":"2024-07-16T21:23:29","modified_gmt":"2024-07-16T19:23:29","slug":"els-jocs-olimpics-de-paris-1924","status":"publish","type":"post","link":"https:\/\/www.museuolimpicbcn.cat\/ca\/els-jocs-olimpics-de-paris-1924\/","title":{"rendered":"Els Jocs Ol\u00edmpics de Par\u00eds 1924\u2028"},"content":{"rendered":"<p>Olivier Ramadour, C\u00f2nsol General de Fran\u00e7a a Barcelona i Francesc Terr\u00f3n, director de la Fundaci\u00f3 Barcelona Ol\u00edmpica han estat els encarrregats de donar la benvinguda a l\u2019esdeveniment que ha comptat amb la pres\u00e8ncia dels exsecretaris generals de l\u2019Esport: Gerard Figueras, Manel Ibern i Rafel Niub\u00f3; membres del patronat de la Fundaci\u00f3 Barcelona Ol\u00edmpica: Mar\u00eda Teresa Samaranch, Enric Tru\u00f1\u00f3 i Juli Pernas; l\u2019expresident de la Fundaci\u00f3 Barcelona Ol\u00edmpica, Pere Alcober i la gerent de l\u2019Institut Barcelona Esports, Susana Closa.<\/p>\n<p>Joan Manuel Surroca, especialista en olimpisme i col\u00b7laborador de la FBO; Pedro Hern\u00e1ndez, expert en tenis i Aitor Lagunas, director de la revista Panenka van ser els encarregats de contextualitzar-nos el Par\u00eds Ol\u00edmpic de 1924.<\/p>\n<p>La sessi\u00f3 tamb\u00e9 va tenir la col\u00b7laboraci\u00f3 de Maribel Zamora, vicepresidenta de la UFEC i responsable de la Comissi\u00f3 Dona i Esport, i Valent\u00ed Ambr\u00f3s, historiador reconegut.<\/p>\n<p>Durant la sessi\u00f3, es va posar un \u00e8mfasi especial en els Jocs Ol\u00edmpics de Par\u00eds 1924, un esdeveniment clau en la hist\u00f2ria ol\u00edmpica, per ser el desig de Pierre de Coubertin de fer uns grans Jocs a la seva ciutat per redimir-se del frac\u00e0s dels Jocs de 1900.<\/p>\n<p>Entre els aspectes destacats de aquests Jocs apareix la creaci\u00f3 de la Vila Ol\u00edmpica, exclusiva per a homes, per acollir tots els esportistes i delegats, aquesta aparici\u00f3 posa en relleu la import\u00e0ncia que els Jocs comen\u00e7aven a tenir a escala mundial. Tamb\u00e9 es va abordar el tema del perill de la participaci\u00f3 d&#8217;esportistes com tenistes o jugadors de rugbi a causa del seu professionalisme, un problema que es va resoldre anys m\u00e9s tard sota la influ\u00e8ncia de Juan Antonio Samaranch a Barcelona i la participaci\u00f3 d&#8217;esportistes professionals com els jugadors de l&#8217;NBA.<\/p>\n<p>La Cerim\u00f2nia d&#8217;Inauguraci\u00f3 va ser un altre tema de debat, on es va remarcar que les delegacions no estaven obligades a desfilar amb roba esportiva, permetent aix\u00ed mostrar la seva identitat nacional de manera m\u00e9s personalitzada.<\/p>\n<p>Un altre aspecte notable dels Jocs de 1924 va ser la gran participaci\u00f3 de catalans, que componien aproximadament la meitat de la Delegaci\u00f3 Espanyola, cal recordar que Barcelona havia estat una de les candidates per albergar aquests Jocs. La pres\u00e8ncia de la Delegaci\u00f3 Espanyola va ser possible gr\u00e0cies a donatius i recaptacions mitjan\u00e7ant festes i esdeveniments organitzats pels diversos clubs i associacions.<\/p>\n<p>Aquest esdeveniment va servir no nom\u00e9s per recordar els Jocs de Par\u00eds 1924, sin\u00f3 tamb\u00e9 per reflexionar sobre com aquestes experi\u00e8ncies passades continuen influint en l&#8217;esport contemporani. La sessi\u00f3 va concloure amb la presentaci\u00f3 per part de Joan Manuel Surroca del seu llibre &#8220;Par\u00eds 1924: els Jocs de Coubertin&#8221;.<\/p>\n","protected":false},"excerpt":{"rendered":"<p>Olivier Ramadour, C\u00f2nsol General de Fran\u00e7a a Barcelona i Francesc Terr\u00f3n, director de la Fundaci\u00f3 Barcelona Ol\u00edmpica han estat els encarrregats de donar la benvinguda a l\u2019esdeveniment que ha comptat amb la pres\u00e8ncia dels exsecretaris generals de l\u2019Esport: Gerard Figueras, Manel Ibern i Rafel Niub\u00f3; membres del patronat de la Fundaci\u00f3 Barcelona Ol\u00edmpica: Mar\u00eda Teresa [&hellip;]<\/p>\n","protected":false},"author":11,"featured_media":42194,"comment_status":"closed","ping_status":"closed","sticky":false,"template":"","format":"standard","meta":{"_acf_changed":false,"_price":"","_stock":"","_tribe_ticket_header":"","_tribe_default_ticket_provider":"","_tribe_ticket_capacity":"0","_ticket_start_date":"","_ticket_end_date":"","_tribe_ticket_show_description":"","_tribe_ticket_show_not_going":false,"_tribe_ticket_use_global_stock":"","_tribe_ticket_global_stock_level":"","_global_stock_mode":"","_global_stock_cap":"","_tribe_rsvp_for_event":"","_tribe_ticket_going_count":"","_tribe_ticket_not_going_count":"","_tribe_tickets_list":"[]","_tribe_ticket_has_attendee_info_fields":false,"footnotes":""},"categories":[1],"tags":[],"class_list":["post-42198","post","type-post","status-publish","format-standard","has-post-thumbnail","hentry","category-uncategorized-ca"],"acf":[],"yoast_head":"<!-- This site is optimized with the Yoast SEO plugin v23.7 - https:\/\/yoast.com\/wordpress\/plugins\/seo\/ -->\n<title>Els Jocs Ol\u00edmpics de Par\u00eds 1924\u2028 - Museu Ol\u00edmpic i de l&#039;Esport<\/title>\n<meta name=\"robots\" content=\"index, follow, max-snippet:-1, max-image-preview:large, max-video-preview:-1\" \/>\n<link rel=\"canonical\" href=\"https:\/\/www.museuolimpicbcn.cat\/ca\/els-jocs-olimpics-de-paris-1924\/\" \/>\n<meta property=\"og:locale\" content=\"ca_ES\" \/>\n<meta property=\"og:type\" content=\"article\" \/>\n<meta property=\"og:title\" content=\"Els Jocs Ol\u00edmpics de Par\u00eds 1924\u2028 - Museu Ol\u00edmpic i de l&#039;Esport\" \/>\n<meta property=\"og:description\" content=\"Olivier Ramadour, C\u00f2nsol General de Fran\u00e7a a Barcelona i Francesc Terr\u00f3n, director de la Fundaci\u00f3 Barcelona Ol\u00edmpica han estat els encarrregats de donar la benvinguda a l\u2019esdeveniment que ha comptat amb la pres\u00e8ncia dels exsecretaris generals de l\u2019Esport: Gerard Figueras, Manel Ibern i Rafel Niub\u00f3; membres del patronat de la Fundaci\u00f3 Barcelona Ol\u00edmpica: Mar\u00eda Teresa [&hellip;]\" \/>\n<meta property=\"og:url\" content=\"https:\/\/www.museuolimpicbcn.cat\/ca\/els-jocs-olimpics-de-paris-1924\/\" \/>\n<meta property=\"og:site_name\" content=\"Museu Ol\u00edmpic i de l&#039;Esport\" \/>\n<meta property=\"article:published_time\" content=\"2024-07-16T18:44:31+00:00\" \/>\n<meta property=\"article:modified_time\" content=\"2024-07-16T19:23:29+00:00\" \/>\n<meta property=\"og:image\" content=\"https:\/\/www.museuolimpicbcn.cat\/wp-content\/uploads\/sites\/2\/2024\/07\/Museu-Olimpic-Paris1924-AdH15-scaled.jpg\" \/>\n\t<meta property=\"og:image:width\" content=\"2560\" \/>\n\t<meta property=\"og:image:height\" content=\"1672\" \/>\n\t<meta property=\"og:image:type\" content=\"image\/jpeg\" \/>\n<meta name=\"author\" content=\"Ibone\" \/>\n<meta name=\"twitter:card\" content=\"summary_large_image\" \/>\n<meta name=\"twitter:label1\" content=\"Escrit per\" \/>\n\t<meta name=\"twitter:data1\" content=\"Ibone\" \/>\n\t<meta name=\"twitter:label2\" content=\"Temps estimat de lectura\" \/>\n\t<meta name=\"twitter:data2\" content=\"2 minuts\" \/>\n<script type=\"application\/ld+json\" class=\"yoast-schema-graph\">{\"@context\":\"https:\/\/schema.org\",\"@graph\":[{\"@type\":\"Article\",\"@id\":\"https:\/\/www.museuolimpicbcn.cat\/ca\/els-jocs-olimpics-de-paris-1924\/#article\",\"isPartOf\":{\"@id\":\"https:\/\/www.museuolimpicbcn.cat\/ca\/els-jocs-olimpics-de-paris-1924\/\"},\"author\":{\"name\":\"Ibone\",\"@id\":\"https:\/\/www.museuolimpicbcn.cat\/ca\/#\/schema\/person\/b792834a53f193977df425a499287aa9\"},\"headline\":\"Els Jocs Ol\u00edmpics de Par\u00eds 1924\\u2028\",\"datePublished\":\"2024-07-16T18:44:31+00:00\",\"dateModified\":\"2024-07-16T19:23:29+00:00\",\"mainEntityOfPage\":{\"@id\":\"https:\/\/www.museuolimpicbcn.cat\/ca\/els-jocs-olimpics-de-paris-1924\/\"},\"wordCount\":465,\"publisher\":{\"@id\":\"https:\/\/www.museuolimpicbcn.cat\/ca\/#organization\"},\"image\":{\"@id\":\"https:\/\/www.museuolimpicbcn.cat\/ca\/els-jocs-olimpics-de-paris-1924\/#primaryimage\"},\"thumbnailUrl\":\"https:\/\/www.museuolimpicbcn.cat\/wp-content\/uploads\/sites\/2\/2024\/07\/Museu-Olimpic-Paris1924-AdH15-scaled.jpg\",\"articleSection\":[\"Uncategorized @ca\"],\"inLanguage\":\"ca\"},{\"@type\":\"WebPage\",\"@id\":\"https:\/\/www.museuolimpicbcn.cat\/ca\/els-jocs-olimpics-de-paris-1924\/\",\"url\":\"https:\/\/www.museuolimpicbcn.cat\/ca\/els-jocs-olimpics-de-paris-1924\/\",\"name\":\"Els Jocs Ol\u00edmpics de Par\u00eds 1924\\u2028 - Museu Ol\u00edmpic i de l&#039;Esport\",\"isPartOf\":{\"@id\":\"https:\/\/www.museuolimpicbcn.cat\/ca\/#website\"},\"primaryImageOfPage\":{\"@id\":\"https:\/\/www.museuolimpicbcn.cat\/ca\/els-jocs-olimpics-de-paris-1924\/#primaryimage\"},\"image\":{\"@id\":\"https:\/\/www.museuolimpicbcn.cat\/ca\/els-jocs-olimpics-de-paris-1924\/#primaryimage\"},\"thumbnailUrl\":\"https:\/\/www.museuolimpicbcn.cat\/wp-content\/uploads\/sites\/2\/2024\/07\/Museu-Olimpic-Paris1924-AdH15-scaled.jpg\",\"datePublished\":\"2024-07-16T18:44:31+00:00\",\"dateModified\":\"2024-07-16T19:23:29+00:00\",\"breadcrumb\":{\"@id\":\"https:\/\/www.museuolimpicbcn.cat\/ca\/els-jocs-olimpics-de-paris-1924\/#breadcrumb\"},\"inLanguage\":\"ca\",\"potentialAction\":[{\"@type\":\"ReadAction\",\"target\":[\"https:\/\/www.museuolimpicbcn.cat\/ca\/els-jocs-olimpics-de-paris-1924\/\"]}]},{\"@type\":\"ImageObject\",\"inLanguage\":\"ca\",\"@id\":\"https:\/\/www.museuolimpicbcn.cat\/ca\/els-jocs-olimpics-de-paris-1924\/#primaryimage\",\"url\":\"https:\/\/www.museuolimpicbcn.cat\/wp-content\/uploads\/sites\/2\/2024\/07\/Museu-Olimpic-Paris1924-AdH15-scaled.jpg\",\"contentUrl\":\"https:\/\/www.museuolimpicbcn.cat\/wp-content\/uploads\/sites\/2\/2024\/07\/Museu-Olimpic-Paris1924-AdH15-scaled.jpg\",\"width\":2560,\"height\":1672},{\"@type\":\"BreadcrumbList\",\"@id\":\"https:\/\/www.museuolimpicbcn.cat\/ca\/els-jocs-olimpics-de-paris-1924\/#breadcrumb\",\"itemListElement\":[{\"@type\":\"ListItem\",\"position\":1,\"name\":\"Inici\",\"item\":\"https:\/\/www.museuolimpicbcn.cat\/es\/\"},{\"@type\":\"ListItem\",\"position\":2,\"name\":\"Els Jocs Ol\u00edmpics de Par\u00eds 1924\\u2028\"}]},{\"@type\":\"WebSite\",\"@id\":\"https:\/\/www.museuolimpicbcn.cat\/ca\/#website\",\"url\":\"https:\/\/www.museuolimpicbcn.cat\/ca\/\",\"name\":\"Museu Ol\u00edmpic i de l&#039;Esport\",\"description\":\"Altre lloc Web del Museu Ol\u00edmpic i de l&#039;Esport llocs\",\"publisher\":{\"@id\":\"https:\/\/www.museuolimpicbcn.cat\/ca\/#organization\"},\"potentialAction\":[{\"@type\":\"SearchAction\",\"target\":{\"@type\":\"EntryPoint\",\"urlTemplate\":\"https:\/\/www.museuolimpicbcn.cat\/ca\/?s={search_term_string}\"},\"query-input\":{\"@type\":\"PropertyValueSpecification\",\"valueRequired\":true,\"valueName\":\"search_term_string\"}}],\"inLanguage\":\"ca\"},{\"@type\":\"Organization\",\"@id\":\"https:\/\/www.museuolimpicbcn.cat\/ca\/#organization\",\"name\":\"Museu Ol\u00edmpic i de l&#039;Esport\",\"url\":\"https:\/\/www.museuolimpicbcn.cat\/ca\/\",\"logo\":{\"@type\":\"ImageObject\",\"inLanguage\":\"ca\",\"@id\":\"https:\/\/www.museuolimpicbcn.cat\/ca\/#\/schema\/logo\/image\/\",\"url\":\"https:\/\/www.museuolimpicbcn.cat\/wp-content\/uploads\/sites\/2\/2018\/12\/logo-moe-header.svg\",\"contentUrl\":\"https:\/\/www.museuolimpicbcn.cat\/wp-content\/uploads\/sites\/2\/2018\/12\/logo-moe-header.svg\",\"caption\":\"Museu Ol\u00edmpic i de l&#039;Esport\"},\"image\":{\"@id\":\"https:\/\/www.museuolimpicbcn.cat\/ca\/#\/schema\/logo\/image\/\"}},{\"@type\":\"Person\",\"@id\":\"https:\/\/www.museuolimpicbcn.cat\/ca\/#\/schema\/person\/b792834a53f193977df425a499287aa9\",\"name\":\"Ibone\",\"url\":\"https:\/\/www.museuolimpicbcn.cat\/ca\/author\/fbolimpica\/\"}]}<\/script>\n<!-- \/ Yoast SEO plugin. -->","yoast_head_json":{"title":"Els Jocs Ol\u00edmpics de Par\u00eds 1924\u2028 - Museu Ol\u00edmpic i de l&#039;Esport","robots":{"index":"index","follow":"follow","max-snippet":"max-snippet:-1","max-image-preview":"max-image-preview:large","max-video-preview":"max-video-preview:-1"},"canonical":"https:\/\/www.museuolimpicbcn.cat\/ca\/els-jocs-olimpics-de-paris-1924\/","og_locale":"ca_ES","og_type":"article","og_title":"Els Jocs Ol\u00edmpics de Par\u00eds 1924\u2028 - Museu Ol\u00edmpic i de l&#039;Esport","og_description":"Olivier Ramadour, C\u00f2nsol General de Fran\u00e7a a Barcelona i Francesc Terr\u00f3n, director de la Fundaci\u00f3 Barcelona Ol\u00edmpica han estat els encarrregats de donar la benvinguda a l\u2019esdeveniment que ha comptat amb la pres\u00e8ncia dels exsecretaris generals de l\u2019Esport: Gerard Figueras, Manel Ibern i Rafel Niub\u00f3; membres del patronat de la Fundaci\u00f3 Barcelona Ol\u00edmpica: Mar\u00eda Teresa [&hellip;]","og_url":"https:\/\/www.museuolimpicbcn.cat\/ca\/els-jocs-olimpics-de-paris-1924\/","og_site_name":"Museu Ol\u00edmpic i de l&#039;Esport","article_published_time":"2024-07-16T18:44:31+00:00","article_modified_time":"2024-07-16T19:23:29+00:00","og_image":[{"width":2560,"height":1672,"url":"https:\/\/www.museuolimpicbcn.cat\/wp-content\/uploads\/sites\/2\/2024\/07\/Museu-Olimpic-Paris1924-AdH15-scaled.jpg","type":"image\/jpeg"}],"author":"Ibone","twitter_card":"summary_large_image","twitter_misc":{"Escrit per":"Ibone","Temps estimat de lectura":"2 minuts"},"schema":{"@context":"https:\/\/schema.org","@graph":[{"@type":"Article","@id":"https:\/\/www.museuolimpicbcn.cat\/ca\/els-jocs-olimpics-de-paris-1924\/#article","isPartOf":{"@id":"https:\/\/www.museuolimpicbcn.cat\/ca\/els-jocs-olimpics-de-paris-1924\/"},"author":{"name":"Ibone","@id":"https:\/\/www.museuolimpicbcn.cat\/ca\/#\/schema\/person\/b792834a53f193977df425a499287aa9"},"headline":"Els Jocs Ol\u00edmpics de Par\u00eds 1924\u2028","datePublished":"2024-07-16T18:44:31+00:00","dateModified":"2024-07-16T19:23:29+00:00","mainEntityOfPage":{"@id":"https:\/\/www.museuolimpicbcn.cat\/ca\/els-jocs-olimpics-de-paris-1924\/"},"wordCount":465,"publisher":{"@id":"https:\/\/www.museuolimpicbcn.cat\/ca\/#organization"},"image":{"@id":"https:\/\/www.museuolimpicbcn.cat\/ca\/els-jocs-olimpics-de-paris-1924\/#primaryimage"},"thumbnailUrl":"https:\/\/www.museuolimpicbcn.cat\/wp-content\/uploads\/sites\/2\/2024\/07\/Museu-Olimpic-Paris1924-AdH15-scaled.jpg","articleSection":["Uncategorized @ca"],"inLanguage":"ca"},{"@type":"WebPage","@id":"https:\/\/www.museuolimpicbcn.cat\/ca\/els-jocs-olimpics-de-paris-1924\/","url":"https:\/\/www.museuolimpicbcn.cat\/ca\/els-jocs-olimpics-de-paris-1924\/","name":"Els Jocs Ol\u00edmpics de Par\u00eds 1924\u2028 - Museu Ol\u00edmpic i de l&#039;Esport","isPartOf":{"@id":"https:\/\/www.museuolimpicbcn.cat\/ca\/#website"},"primaryImageOfPage":{"@id":"https:\/\/www.museuolimpicbcn.cat\/ca\/els-jocs-olimpics-de-paris-1924\/#primaryimage"},"image":{"@id":"https:\/\/www.museuolimpicbcn.cat\/ca\/els-jocs-olimpics-de-paris-1924\/#primaryimage"},"thumbnailUrl":"https:\/\/www.museuolimpicbcn.cat\/wp-content\/uploads\/sites\/2\/2024\/07\/Museu-Olimpic-Paris1924-AdH15-scaled.jpg","datePublished":"2024-07-16T18:44:31+00:00","dateModified":"2024-07-16T19:23:29+00:00","breadcrumb":{"@id":"https:\/\/www.museuolimpicbcn.cat\/ca\/els-jocs-olimpics-de-paris-1924\/#breadcrumb"},"inLanguage":"ca","potentialAction":[{"@type":"ReadAction","target":["https:\/\/www.museuolimpicbcn.cat\/ca\/els-jocs-olimpics-de-paris-1924\/"]}]},{"@type":"ImageObject","inLanguage":"ca","@id":"https:\/\/www.museuolimpicbcn.cat\/ca\/els-jocs-olimpics-de-paris-1924\/#primaryimage","url":"https:\/\/www.museuolimpicbcn.cat\/wp-content\/uploads\/sites\/2\/2024\/07\/Museu-Olimpic-Paris1924-AdH15-scaled.jpg","contentUrl":"https:\/\/www.museuolimpicbcn.cat\/wp-content\/uploads\/sites\/2\/2024\/07\/Museu-Olimpic-Paris1924-AdH15-scaled.jpg","width":2560,"height":1672},{"@type":"BreadcrumbList","@id":"https:\/\/www.museuolimpicbcn.cat\/ca\/els-jocs-olimpics-de-paris-1924\/#breadcrumb","itemListElement":[{"@type":"ListItem","position":1,"name":"Inici","item":"https:\/\/www.museuolimpicbcn.cat\/es\/"},{"@type":"ListItem","position":2,"name":"Els Jocs Ol\u00edmpics de Par\u00eds 1924\u2028"}]},{"@type":"WebSite","@id":"https:\/\/www.museuolimpicbcn.cat\/ca\/#website","url":"https:\/\/www.museuolimpicbcn.cat\/ca\/","name":"Museu Ol\u00edmpic i de l&#039;Esport","description":"Altre lloc Web del Museu Ol\u00edmpic i de l&#039;Esport llocs","publisher":{"@id":"https:\/\/www.museuolimpicbcn.cat\/ca\/#organization"},"potentialAction":[{"@type":"SearchAction","target":{"@type":"EntryPoint","urlTemplate":"https:\/\/www.museuolimpicbcn.cat\/ca\/?s={search_term_string}"},"query-input":{"@type":"PropertyValueSpecification","valueRequired":true,"valueName":"search_term_string"}}],"inLanguage":"ca"},{"@type":"Organization","@id":"https:\/\/www.museuolimpicbcn.cat\/ca\/#organization","name":"Museu Ol\u00edmpic i de l&#039;Esport","url":"https:\/\/www.museuolimpicbcn.cat\/ca\/","logo":{"@type":"ImageObject","inLanguage":"ca","@id":"https:\/\/www.museuolimpicbcn.cat\/ca\/#\/schema\/logo\/image\/","url":"https:\/\/www.museuolimpicbcn.cat\/wp-content\/uploads\/sites\/2\/2018\/12\/logo-moe-header.svg","contentUrl":"https:\/\/www.museuolimpicbcn.cat\/wp-content\/uploads\/sites\/2\/2018\/12\/logo-moe-header.svg","caption":"Museu Ol\u00edmpic i de l&#039;Esport"},"image":{"@id":"https:\/\/www.museuolimpicbcn.cat\/ca\/#\/schema\/logo\/image\/"}},{"@type":"Person","@id":"https:\/\/www.museuolimpicbcn.cat\/ca\/#\/schema\/person\/b792834a53f193977df425a499287aa9","name":"Ibone","url":"https:\/\/www.museuolimpicbcn.cat\/ca\/author\/fbolimpica\/"}]}},"_links":{"self":[{"href":"https:\/\/www.museuolimpicbcn.cat\/ca\/wp-json\/wp\/v2\/posts\/42198"}],"collection":[{"href":"https:\/\/www.museuolimpicbcn.cat\/ca\/wp-json\/wp\/v2\/posts"}],"about":[{"href":"https:\/\/www.museuolimpicbcn.cat\/ca\/wp-json\/wp\/v2\/types\/post"}],"author":[{"embeddable":true,"href":"https:\/\/www.museuolimpicbcn.cat\/ca\/wp-json\/wp\/v2\/users\/11"}],"replies":[{"embeddable":true,"href":"https:\/\/www.museuolimpicbcn.cat\/ca\/wp-json\/wp\/v2\/comments?post=42198"}],"version-history":[{"count":1,"href":"https:\/\/www.museuolimpicbcn.cat\/ca\/wp-json\/wp\/v2\/posts\/42198\/revisions"}],"predecessor-version":[{"id":42200,"href":"https:\/\/www.museuolimpicbcn.cat\/ca\/wp-json\/wp\/v2\/posts\/42198\/revisions\/42200"}],"wp:featuredmedia":[{"embeddable":true,"href":"https:\/\/www.museuolimpicbcn.cat\/ca\/wp-json\/wp\/v2\/media\/42194"}],"wp:attachment":[{"href":"https:\/\/www.museuolimpicbcn.cat\/ca\/wp-json\/wp\/v2\/media?parent=42198"}],"wp:term":[{"taxonomy":"category","embeddable":true,"href":"https:\/\/www.museuolimpicbcn.cat\/ca\/wp-json\/wp\/v2\/categories?post=42198"},{"taxonomy":"post_tag","embeddable":true,"href":"https:\/\/www.museuolimpicbcn.cat\/ca\/wp-json\/wp\/v2\/tags?post=42198"}],"curies":[{"name":"wp","href":"https:\/\/api.w.org\/{rel}","templated":true}]}}