{"id":42284,"date":"2024-07-25T12:04:58","date_gmt":"2024-07-25T10:04:58","guid":{"rendered":"https:\/\/www.museuolimpicbcn.cat\/visita-de-la-delegacio-del-korea-sports-olympic-committee-al-museu-olimpic-de-barcelona\/"},"modified":"2024-07-25T12:04:58","modified_gmt":"2024-07-25T10:04:58","slug":"visita-de-la-delegacio-del-korea-sports-olympic-committee-al-museu-olimpic-de-barcelona","status":"publish","type":"post","link":"https:\/\/www.museuolimpicbcn.cat\/ca\/visita-de-la-delegacio-del-korea-sports-olympic-committee-al-museu-olimpic-de-barcelona\/","title":{"rendered":"Visita de la Delegaci\u00f3 del Korea Sports Olympic Committee al Museu Ol\u00edmpic de Barcelona"},"content":{"rendered":"<p>El Museu Ol\u00edmpic de Barcelona ha rebut la visita d&#8217;una destacada delegaci\u00f3 del Korea Sports Olympic Committee (KSOC), encap\u00e7alada per Younchan Kim, Director General del KSOC. La delegaci\u00f3 tamb\u00e9 ha incl\u00f2s Minkyu Park, Director del Departament Esportiu, i Heesuk Ham, Subgerent del Departament Esportiu del KSOC.<br \/>\nLa delegaci\u00f3 ha estat rebuda per Francesc Terr\u00f3n, Director del Museu Ol\u00edmpic i de l\u2019Esport JA Samanrach, qui ha donat la benvinguda als visitants i els ha acompanyat en una visita guiada per les instal\u00b7lacions del museu. Durant la visita, els representants del KSOC han tingut l&#8217;oportunitat d&#8217;explorar les diverses exposicions del museu, que destaquen la rica hist\u00f2ria i el llegat dels Jocs Ol\u00edmpics, aix\u00ed com l&#8217;evoluci\u00f3 de l&#8217;esport arreu del m\u00f3n.<br \/>\nDurant la visita, s&#8217;han dut a terme converses sobre possibles col\u00b7laboracions futures entre el Museu Ol\u00edmpic i el KSOC. Ambdues parts han expressat el seu entusiasme per l&#8217;oportunitat d&#8217;intercanviar coneixements i experi\u00e8ncies en l&#8217;\u00e0mbit de l&#8217;esport ol\u00edmpic, amb l&#8217;objectiu d&#8217;enfortir els lla\u00e7os internacionals i promoure els valors de l&#8217;olimpisme.<\/p>\n","protected":false},"excerpt":{"rendered":"<p>El Museu Ol\u00edmpic de Barcelona ha rebut la visita d&#8217;una destacada delegaci\u00f3 del Korea Sports Olympic Committee (KSOC), encap\u00e7alada per Younchan Kim, Director General del KSOC. La delegaci\u00f3 tamb\u00e9 ha incl\u00f2s Minkyu Park, Director del Departament Esportiu, i Heesuk Ham, Subgerent del Departament Esportiu del KSOC. La delegaci\u00f3 ha estat rebuda per Francesc Terr\u00f3n, Director [&hellip;]<\/p>\n","protected":false},"author":11,"featured_media":42281,"comment_status":"closed","ping_status":"closed","sticky":false,"template":"","format":"standard","meta":{"_acf_changed":false,"_price":"","_stock":"","_tribe_ticket_header":"","_tribe_default_ticket_provider":"","_tribe_ticket_capacity":"0","_ticket_start_date":"","_ticket_end_date":"","_tribe_ticket_show_description":"","_tribe_ticket_show_not_going":false,"_tribe_ticket_use_global_stock":"","_tribe_ticket_global_stock_level":"","_global_stock_mode":"","_global_stock_cap":"","_tribe_rsvp_for_event":"","_tribe_ticket_going_count":"","_tribe_ticket_not_going_count":"","_tribe_tickets_list":"[]","_tribe_ticket_has_attendee_info_fields":false,"footnotes":""},"categories":[1],"tags":[],"class_list":["post-42284","post","type-post","status-publish","format-standard","has-post-thumbnail","hentry","category-uncategorized-ca"],"acf":[],"yoast_head":"<!-- This site is optimized with the Yoast SEO plugin v23.7 - https:\/\/yoast.com\/wordpress\/plugins\/seo\/ -->\n<title>Visita de la Delegaci\u00f3 del Korea Sports Olympic Committee al Museu Ol\u00edmpic de Barcelona - Museu Ol\u00edmpic i de l&#039;Esport<\/title>\n<meta name=\"robots\" content=\"index, follow, max-snippet:-1, max-image-preview:large, max-video-preview:-1\" \/>\n<link rel=\"canonical\" href=\"https:\/\/www.museuolimpicbcn.cat\/es\/visita-de-la-delegacion-del-korea-sports-olympic-committee-al-museu-olimpic\/\" \/>\n<meta property=\"og:locale\" content=\"ca_ES\" \/>\n<meta property=\"og:type\" content=\"article\" \/>\n<meta property=\"og:title\" content=\"Visita de la Delegaci\u00f3 del Korea Sports Olympic Committee al Museu Ol\u00edmpic de Barcelona - Museu Ol\u00edmpic i de l&#039;Esport\" \/>\n<meta property=\"og:description\" content=\"El Museu Ol\u00edmpic de Barcelona ha rebut la visita d&#8217;una destacada delegaci\u00f3 del Korea Sports Olympic Committee (KSOC), encap\u00e7alada per Younchan Kim, Director General del KSOC. La delegaci\u00f3 tamb\u00e9 ha incl\u00f2s Minkyu Park, Director del Departament Esportiu, i Heesuk Ham, Subgerent del Departament Esportiu del KSOC. La delegaci\u00f3 ha estat rebuda per Francesc Terr\u00f3n, Director [&hellip;]\" \/>\n<meta property=\"og:url\" content=\"https:\/\/www.museuolimpicbcn.cat\/es\/visita-de-la-delegacion-del-korea-sports-olympic-committee-al-museu-olimpic\/\" \/>\n<meta property=\"og:site_name\" content=\"Museu Ol\u00edmpic i de l&#039;Esport\" \/>\n<meta property=\"article:published_time\" content=\"2024-07-25T10:04:58+00:00\" \/>\n<meta property=\"og:image\" content=\"https:\/\/www.museuolimpicbcn.cat\/wp-content\/uploads\/sites\/2\/2024\/07\/Musue-Olimpic-Delegacio-korea-scaled.jpg\" \/>\n\t<meta property=\"og:image:width\" content=\"2560\" \/>\n\t<meta property=\"og:image:height\" content=\"1707\" \/>\n\t<meta property=\"og:image:type\" content=\"image\/jpeg\" \/>\n<meta name=\"author\" content=\"Ibone\" \/>\n<meta name=\"twitter:card\" content=\"summary_large_image\" \/>\n<meta name=\"twitter:label1\" content=\"Escrit per\" \/>\n\t<meta name=\"twitter:data1\" content=\"Ibone\" \/>\n\t<meta name=\"twitter:label2\" content=\"Temps estimat de lectura\" \/>\n\t<meta name=\"twitter:data2\" content=\"1 minut\" \/>\n<script type=\"application\/ld+json\" class=\"yoast-schema-graph\">{\"@context\":\"https:\/\/schema.org\",\"@graph\":[{\"@type\":\"Article\",\"@id\":\"https:\/\/www.museuolimpicbcn.cat\/es\/visita-de-la-delegacion-del-korea-sports-olympic-committee-al-museu-olimpic\/#article\",\"isPartOf\":{\"@id\":\"https:\/\/www.museuolimpicbcn.cat\/es\/visita-de-la-delegacion-del-korea-sports-olympic-committee-al-museu-olimpic\/\"},\"author\":{\"name\":\"Ibone\",\"@id\":\"https:\/\/www.museuolimpicbcn.cat\/ca\/#\/schema\/person\/b792834a53f193977df425a499287aa9\"},\"headline\":\"Visita de la Delegaci\u00f3 del Korea Sports Olympic Committee al Museu Ol\u00edmpic de Barcelona\",\"datePublished\":\"2024-07-25T10:04:58+00:00\",\"dateModified\":\"2024-07-25T10:04:58+00:00\",\"mainEntityOfPage\":{\"@id\":\"https:\/\/www.museuolimpicbcn.cat\/es\/visita-de-la-delegacion-del-korea-sports-olympic-committee-al-museu-olimpic\/\"},\"wordCount\":198,\"publisher\":{\"@id\":\"https:\/\/www.museuolimpicbcn.cat\/ca\/#organization\"},\"image\":{\"@id\":\"https:\/\/www.museuolimpicbcn.cat\/es\/visita-de-la-delegacion-del-korea-sports-olympic-committee-al-museu-olimpic\/#primaryimage\"},\"thumbnailUrl\":\"https:\/\/www.museuolimpicbcn.cat\/wp-content\/uploads\/sites\/2\/2024\/07\/Musue-Olimpic-Delegacio-korea-scaled.jpg\",\"articleSection\":[\"Uncategorized @ca\"],\"inLanguage\":\"ca\"},{\"@type\":\"WebPage\",\"@id\":\"https:\/\/www.museuolimpicbcn.cat\/es\/visita-de-la-delegacion-del-korea-sports-olympic-committee-al-museu-olimpic\/\",\"url\":\"https:\/\/www.museuolimpicbcn.cat\/es\/visita-de-la-delegacion-del-korea-sports-olympic-committee-al-museu-olimpic\/\",\"name\":\"Visita de la Delegaci\u00f3 del Korea Sports Olympic Committee al Museu Ol\u00edmpic de Barcelona - Museu Ol\u00edmpic i de l&#039;Esport\",\"isPartOf\":{\"@id\":\"https:\/\/www.museuolimpicbcn.cat\/ca\/#website\"},\"primaryImageOfPage\":{\"@id\":\"https:\/\/www.museuolimpicbcn.cat\/es\/visita-de-la-delegacion-del-korea-sports-olympic-committee-al-museu-olimpic\/#primaryimage\"},\"image\":{\"@id\":\"https:\/\/www.museuolimpicbcn.cat\/es\/visita-de-la-delegacion-del-korea-sports-olympic-committee-al-museu-olimpic\/#primaryimage\"},\"thumbnailUrl\":\"https:\/\/www.museuolimpicbcn.cat\/wp-content\/uploads\/sites\/2\/2024\/07\/Musue-Olimpic-Delegacio-korea-scaled.jpg\",\"datePublished\":\"2024-07-25T10:04:58+00:00\",\"dateModified\":\"2024-07-25T10:04:58+00:00\",\"breadcrumb\":{\"@id\":\"https:\/\/www.museuolimpicbcn.cat\/es\/visita-de-la-delegacion-del-korea-sports-olympic-committee-al-museu-olimpic\/#breadcrumb\"},\"inLanguage\":\"ca\",\"potentialAction\":[{\"@type\":\"ReadAction\",\"target\":[\"https:\/\/www.museuolimpicbcn.cat\/es\/visita-de-la-delegacion-del-korea-sports-olympic-committee-al-museu-olimpic\/\"]}]},{\"@type\":\"ImageObject\",\"inLanguage\":\"ca\",\"@id\":\"https:\/\/www.museuolimpicbcn.cat\/es\/visita-de-la-delegacion-del-korea-sports-olympic-committee-al-museu-olimpic\/#primaryimage\",\"url\":\"https:\/\/www.museuolimpicbcn.cat\/wp-content\/uploads\/sites\/2\/2024\/07\/Musue-Olimpic-Delegacio-korea-scaled.jpg\",\"contentUrl\":\"https:\/\/www.museuolimpicbcn.cat\/wp-content\/uploads\/sites\/2\/2024\/07\/Musue-Olimpic-Delegacio-korea-scaled.jpg\",\"width\":2560,\"height\":1707},{\"@type\":\"BreadcrumbList\",\"@id\":\"https:\/\/www.museuolimpicbcn.cat\/es\/visita-de-la-delegacion-del-korea-sports-olympic-committee-al-museu-olimpic\/#breadcrumb\",\"itemListElement\":[{\"@type\":\"ListItem\",\"position\":1,\"name\":\"Inici\",\"item\":\"https:\/\/www.museuolimpicbcn.cat\/es\/\"},{\"@type\":\"ListItem\",\"position\":2,\"name\":\"Visita de la Delegaci\u00f3 del Korea Sports Olympic Committee al Museu Ol\u00edmpic de Barcelona\"}]},{\"@type\":\"WebSite\",\"@id\":\"https:\/\/www.museuolimpicbcn.cat\/ca\/#website\",\"url\":\"https:\/\/www.museuolimpicbcn.cat\/ca\/\",\"name\":\"Museu Ol\u00edmpic i de l&#039;Esport\",\"description\":\"Altre lloc Web del Museu Ol\u00edmpic i de l&#039;Esport llocs\",\"publisher\":{\"@id\":\"https:\/\/www.museuolimpicbcn.cat\/ca\/#organization\"},\"potentialAction\":[{\"@type\":\"SearchAction\",\"target\":{\"@type\":\"EntryPoint\",\"urlTemplate\":\"https:\/\/www.museuolimpicbcn.cat\/ca\/?s={search_term_string}\"},\"query-input\":{\"@type\":\"PropertyValueSpecification\",\"valueRequired\":true,\"valueName\":\"search_term_string\"}}],\"inLanguage\":\"ca\"},{\"@type\":\"Organization\",\"@id\":\"https:\/\/www.museuolimpicbcn.cat\/ca\/#organization\",\"name\":\"Museu Ol\u00edmpic i de l&#039;Esport\",\"url\":\"https:\/\/www.museuolimpicbcn.cat\/ca\/\",\"logo\":{\"@type\":\"ImageObject\",\"inLanguage\":\"ca\",\"@id\":\"https:\/\/www.museuolimpicbcn.cat\/ca\/#\/schema\/logo\/image\/\",\"url\":\"https:\/\/www.museuolimpicbcn.cat\/wp-content\/uploads\/sites\/2\/2018\/12\/logo-moe-header.svg\",\"contentUrl\":\"https:\/\/www.museuolimpicbcn.cat\/wp-content\/uploads\/sites\/2\/2018\/12\/logo-moe-header.svg\",\"caption\":\"Museu Ol\u00edmpic i de l&#039;Esport\"},\"image\":{\"@id\":\"https:\/\/www.museuolimpicbcn.cat\/ca\/#\/schema\/logo\/image\/\"}},{\"@type\":\"Person\",\"@id\":\"https:\/\/www.museuolimpicbcn.cat\/ca\/#\/schema\/person\/b792834a53f193977df425a499287aa9\",\"name\":\"Ibone\",\"url\":\"https:\/\/www.museuolimpicbcn.cat\/ca\/author\/fbolimpica\/\"}]}<\/script>\n<!-- \/ Yoast SEO plugin. -->","yoast_head_json":{"title":"Visita de la Delegaci\u00f3 del Korea Sports Olympic Committee al Museu Ol\u00edmpic de Barcelona - Museu Ol\u00edmpic i de l&#039;Esport","robots":{"index":"index","follow":"follow","max-snippet":"max-snippet:-1","max-image-preview":"max-image-preview:large","max-video-preview":"max-video-preview:-1"},"canonical":"https:\/\/www.museuolimpicbcn.cat\/es\/visita-de-la-delegacion-del-korea-sports-olympic-committee-al-museu-olimpic\/","og_locale":"ca_ES","og_type":"article","og_title":"Visita de la Delegaci\u00f3 del Korea Sports Olympic Committee al Museu Ol\u00edmpic de Barcelona - Museu Ol\u00edmpic i de l&#039;Esport","og_description":"El Museu Ol\u00edmpic de Barcelona ha rebut la visita d&#8217;una destacada delegaci\u00f3 del Korea Sports Olympic Committee (KSOC), encap\u00e7alada per Younchan Kim, Director General del KSOC. La delegaci\u00f3 tamb\u00e9 ha incl\u00f2s Minkyu Park, Director del Departament Esportiu, i Heesuk Ham, Subgerent del Departament Esportiu del KSOC. La delegaci\u00f3 ha estat rebuda per Francesc Terr\u00f3n, Director [&hellip;]","og_url":"https:\/\/www.museuolimpicbcn.cat\/es\/visita-de-la-delegacion-del-korea-sports-olympic-committee-al-museu-olimpic\/","og_site_name":"Museu Ol\u00edmpic i de l&#039;Esport","article_published_time":"2024-07-25T10:04:58+00:00","og_image":[{"width":2560,"height":1707,"url":"https:\/\/www.museuolimpicbcn.cat\/wp-content\/uploads\/sites\/2\/2024\/07\/Musue-Olimpic-Delegacio-korea-scaled.jpg","type":"image\/jpeg"}],"author":"Ibone","twitter_card":"summary_large_image","twitter_misc":{"Escrit per":"Ibone","Temps estimat de lectura":"1 minut"},"schema":{"@context":"https:\/\/schema.org","@graph":[{"@type":"Article","@id":"https:\/\/www.museuolimpicbcn.cat\/es\/visita-de-la-delegacion-del-korea-sports-olympic-committee-al-museu-olimpic\/#article","isPartOf":{"@id":"https:\/\/www.museuolimpicbcn.cat\/es\/visita-de-la-delegacion-del-korea-sports-olympic-committee-al-museu-olimpic\/"},"author":{"name":"Ibone","@id":"https:\/\/www.museuolimpicbcn.cat\/ca\/#\/schema\/person\/b792834a53f193977df425a499287aa9"},"headline":"Visita de la Delegaci\u00f3 del Korea Sports Olympic Committee al Museu Ol\u00edmpic de Barcelona","datePublished":"2024-07-25T10:04:58+00:00","dateModified":"2024-07-25T10:04:58+00:00","mainEntityOfPage":{"@id":"https:\/\/www.museuolimpicbcn.cat\/es\/visita-de-la-delegacion-del-korea-sports-olympic-committee-al-museu-olimpic\/"},"wordCount":198,"publisher":{"@id":"https:\/\/www.museuolimpicbcn.cat\/ca\/#organization"},"image":{"@id":"https:\/\/www.museuolimpicbcn.cat\/es\/visita-de-la-delegacion-del-korea-sports-olympic-committee-al-museu-olimpic\/#primaryimage"},"thumbnailUrl":"https:\/\/www.museuolimpicbcn.cat\/wp-content\/uploads\/sites\/2\/2024\/07\/Musue-Olimpic-Delegacio-korea-scaled.jpg","articleSection":["Uncategorized @ca"],"inLanguage":"ca"},{"@type":"WebPage","@id":"https:\/\/www.museuolimpicbcn.cat\/es\/visita-de-la-delegacion-del-korea-sports-olympic-committee-al-museu-olimpic\/","url":"https:\/\/www.museuolimpicbcn.cat\/es\/visita-de-la-delegacion-del-korea-sports-olympic-committee-al-museu-olimpic\/","name":"Visita de la Delegaci\u00f3 del Korea Sports Olympic Committee al Museu Ol\u00edmpic de Barcelona - Museu Ol\u00edmpic i de l&#039;Esport","isPartOf":{"@id":"https:\/\/www.museuolimpicbcn.cat\/ca\/#website"},"primaryImageOfPage":{"@id":"https:\/\/www.museuolimpicbcn.cat\/es\/visita-de-la-delegacion-del-korea-sports-olympic-committee-al-museu-olimpic\/#primaryimage"},"image":{"@id":"https:\/\/www.museuolimpicbcn.cat\/es\/visita-de-la-delegacion-del-korea-sports-olympic-committee-al-museu-olimpic\/#primaryimage"},"thumbnailUrl":"https:\/\/www.museuolimpicbcn.cat\/wp-content\/uploads\/sites\/2\/2024\/07\/Musue-Olimpic-Delegacio-korea-scaled.jpg","datePublished":"2024-07-25T10:04:58+00:00","dateModified":"2024-07-25T10:04:58+00:00","breadcrumb":{"@id":"https:\/\/www.museuolimpicbcn.cat\/es\/visita-de-la-delegacion-del-korea-sports-olympic-committee-al-museu-olimpic\/#breadcrumb"},"inLanguage":"ca","potentialAction":[{"@type":"ReadAction","target":["https:\/\/www.museuolimpicbcn.cat\/es\/visita-de-la-delegacion-del-korea-sports-olympic-committee-al-museu-olimpic\/"]}]},{"@type":"ImageObject","inLanguage":"ca","@id":"https:\/\/www.museuolimpicbcn.cat\/es\/visita-de-la-delegacion-del-korea-sports-olympic-committee-al-museu-olimpic\/#primaryimage","url":"https:\/\/www.museuolimpicbcn.cat\/wp-content\/uploads\/sites\/2\/2024\/07\/Musue-Olimpic-Delegacio-korea-scaled.jpg","contentUrl":"https:\/\/www.museuolimpicbcn.cat\/wp-content\/uploads\/sites\/2\/2024\/07\/Musue-Olimpic-Delegacio-korea-scaled.jpg","width":2560,"height":1707},{"@type":"BreadcrumbList","@id":"https:\/\/www.museuolimpicbcn.cat\/es\/visita-de-la-delegacion-del-korea-sports-olympic-committee-al-museu-olimpic\/#breadcrumb","itemListElement":[{"@type":"ListItem","position":1,"name":"Inici","item":"https:\/\/www.museuolimpicbcn.cat\/es\/"},{"@type":"ListItem","position":2,"name":"Visita de la Delegaci\u00f3 del Korea Sports Olympic Committee al Museu Ol\u00edmpic de Barcelona"}]},{"@type":"WebSite","@id":"https:\/\/www.museuolimpicbcn.cat\/ca\/#website","url":"https:\/\/www.museuolimpicbcn.cat\/ca\/","name":"Museu Ol\u00edmpic i de l&#039;Esport","description":"Altre lloc Web del Museu Ol\u00edmpic i de l&#039;Esport llocs","publisher":{"@id":"https:\/\/www.museuolimpicbcn.cat\/ca\/#organization"},"potentialAction":[{"@type":"SearchAction","target":{"@type":"EntryPoint","urlTemplate":"https:\/\/www.museuolimpicbcn.cat\/ca\/?s={search_term_string}"},"query-input":{"@type":"PropertyValueSpecification","valueRequired":true,"valueName":"search_term_string"}}],"inLanguage":"ca"},{"@type":"Organization","@id":"https:\/\/www.museuolimpicbcn.cat\/ca\/#organization","name":"Museu Ol\u00edmpic i de l&#039;Esport","url":"https:\/\/www.museuolimpicbcn.cat\/ca\/","logo":{"@type":"ImageObject","inLanguage":"ca","@id":"https:\/\/www.museuolimpicbcn.cat\/ca\/#\/schema\/logo\/image\/","url":"https:\/\/www.museuolimpicbcn.cat\/wp-content\/uploads\/sites\/2\/2018\/12\/logo-moe-header.svg","contentUrl":"https:\/\/www.museuolimpicbcn.cat\/wp-content\/uploads\/sites\/2\/2018\/12\/logo-moe-header.svg","caption":"Museu Ol\u00edmpic i de l&#039;Esport"},"image":{"@id":"https:\/\/www.museuolimpicbcn.cat\/ca\/#\/schema\/logo\/image\/"}},{"@type":"Person","@id":"https:\/\/www.museuolimpicbcn.cat\/ca\/#\/schema\/person\/b792834a53f193977df425a499287aa9","name":"Ibone","url":"https:\/\/www.museuolimpicbcn.cat\/ca\/author\/fbolimpica\/"}]}},"_links":{"self":[{"href":"https:\/\/www.museuolimpicbcn.cat\/ca\/wp-json\/wp\/v2\/posts\/42284"}],"collection":[{"href":"https:\/\/www.museuolimpicbcn.cat\/ca\/wp-json\/wp\/v2\/posts"}],"about":[{"href":"https:\/\/www.museuolimpicbcn.cat\/ca\/wp-json\/wp\/v2\/types\/post"}],"author":[{"embeddable":true,"href":"https:\/\/www.museuolimpicbcn.cat\/ca\/wp-json\/wp\/v2\/users\/11"}],"replies":[{"embeddable":true,"href":"https:\/\/www.museuolimpicbcn.cat\/ca\/wp-json\/wp\/v2\/comments?post=42284"}],"version-history":[{"count":0,"href":"https:\/\/www.museuolimpicbcn.cat\/ca\/wp-json\/wp\/v2\/posts\/42284\/revisions"}],"wp:featuredmedia":[{"embeddable":true,"href":"https:\/\/www.museuolimpicbcn.cat\/ca\/wp-json\/wp\/v2\/media\/42281"}],"wp:attachment":[{"href":"https:\/\/www.museuolimpicbcn.cat\/ca\/wp-json\/wp\/v2\/media?parent=42284"}],"wp:term":[{"taxonomy":"category","embeddable":true,"href":"https:\/\/www.museuolimpicbcn.cat\/ca\/wp-json\/wp\/v2\/categories?post=42284"},{"taxonomy":"post_tag","embeddable":true,"href":"https:\/\/www.museuolimpicbcn.cat\/ca\/wp-json\/wp\/v2\/tags?post=42284"}],"curies":[{"name":"wp","href":"https:\/\/api.w.org\/{rel}","templated":true}]}}