{"id":44818,"date":"2025-04-04T10:05:05","date_gmt":"2025-04-04T08:05:05","guid":{"rendered":"https:\/\/www.museuolimpicbcn.cat\/celebra-sant-jordi-al-museu-olimpic-de-barcelona\/"},"modified":"2025-04-04T10:07:13","modified_gmt":"2025-04-04T08:07:13","slug":"celebra-sant-jordi-al-museu-olimpic-de-barcelona","status":"publish","type":"post","link":"https:\/\/www.museuolimpicbcn.cat\/ca\/celebra-sant-jordi-al-museu-olimpic-de-barcelona\/","title":{"rendered":"Celebra Sant Jordi al Museu Ol\u00edmpic de Barcelona!"},"content":{"rendered":"<p>El 23 d\u2019abril, la Diada de Sant Jordi, \u00e9s el dia perfecte per descobrir relats i hist\u00f2ries meravelloses de l\u2019esport i l\u2019olimpisme. Per aix\u00f2, al Museu Ol\u00edmpic de Barcelona volem regalar-te un llibre, cortesia del Centre d\u2019Estudis Ol\u00edmpics Juan Antonio Samaranch, de la col\u00b7lecci\u00f3 \u201cAula d\u2019Hist\u00f2ria\u201d:<\/p>\n<ul>\n<li><em>Barcelona, m\u00e9s d\u2019un segle de ciclisme<\/em><\/li>\n<li><em>50 anys dels Jocs Ol\u00edmpics de 1972<\/em><\/li>\n<li><em>Barcelona 1923: els campionats del m\u00f3n en pista coberta<\/em><\/li>\n<li><em>Par\u00eds 1924: Els Jocs de Coubertin<\/em><\/li>\n<\/ul>\n<p>T\u2019obsequiem amb un llibre amb la compra de la teva entrada. T\u2019hi esperem!<\/p>\n<p><em>Promoci\u00f3 v\u00e0lida fins a fi d\u2019exist\u00e8ncies<\/em>.<\/p>\n<p><a href=\"https:\/\/www.fundaciobarcelonaolimpica.es\/ca\/publications\/cataleg-aula-dhistoria\/\">Descobreix la col\u00b7lecci\u00f3 de l\u2019Aula d\u2019Hist\u00f2ria de la Fundaci\u00f3 Barcelona Ol\u00edmpica.<\/a><\/p>\n<p><a href=\"https:\/\/www.museuolimpicbcn.cat\/ca\/compra-entrades\/\">Compra la teva entrada!<\/a><\/p>\n","protected":false},"excerpt":{"rendered":"<p>El 23 d\u2019abril, la Diada de Sant Jordi, \u00e9s el dia perfecte per descobrir relats i hist\u00f2ries meravelloses de l\u2019esport i l\u2019olimpisme. Per aix\u00f2, al Museu Ol\u00edmpic de Barcelona volem regalar-te un llibre, cortesia del Centre d\u2019Estudis Ol\u00edmpics Juan Antonio Samaranch, de la col\u00b7lecci\u00f3 \u201cAula d\u2019Hist\u00f2ria\u201d: Barcelona, m\u00e9s d\u2019un segle de ciclisme 50 anys dels [&hellip;]<\/p>\n","protected":false},"author":11,"featured_media":44815,"comment_status":"closed","ping_status":"closed","sticky":false,"template":"","format":"standard","meta":{"_acf_changed":false,"_price":"","_stock":"","_tribe_ticket_header":"","_tribe_default_ticket_provider":"","_tribe_ticket_capacity":"0","_ticket_start_date":"","_ticket_end_date":"","_tribe_ticket_show_description":"","_tribe_ticket_show_not_going":false,"_tribe_ticket_use_global_stock":"","_tribe_ticket_global_stock_level":"","_global_stock_mode":"","_global_stock_cap":"","_tribe_rsvp_for_event":"","_tribe_ticket_going_count":"","_tribe_ticket_not_going_count":"","_tribe_tickets_list":"[]","_tribe_ticket_has_attendee_info_fields":false,"footnotes":""},"categories":[1],"tags":[],"class_list":["post-44818","post","type-post","status-publish","format-standard","has-post-thumbnail","hentry","category-uncategorized-ca"],"acf":[],"yoast_head":"<!-- This site is optimized with the Yoast SEO plugin v23.7 - https:\/\/yoast.com\/wordpress\/plugins\/seo\/ -->\n<title>Celebra Sant Jordi al Museu Ol\u00edmpic de Barcelona! - Museu Ol\u00edmpic i de l&#039;Esport<\/title>\n<meta name=\"robots\" content=\"index, follow, max-snippet:-1, max-image-preview:large, max-video-preview:-1\" \/>\n<link rel=\"canonical\" href=\"https:\/\/www.museuolimpicbcn.cat\/ca\/celebra-sant-jordi-al-museu-olimpic-de-barcelona\/\" \/>\n<meta property=\"og:locale\" content=\"ca_ES\" \/>\n<meta property=\"og:type\" content=\"article\" \/>\n<meta property=\"og:title\" content=\"Celebra Sant Jordi al Museu Ol\u00edmpic de Barcelona! - Museu Ol\u00edmpic i de l&#039;Esport\" \/>\n<meta property=\"og:description\" content=\"El 23 d\u2019abril, la Diada de Sant Jordi, \u00e9s el dia perfecte per descobrir relats i hist\u00f2ries meravelloses de l\u2019esport i l\u2019olimpisme. Per aix\u00f2, al Museu Ol\u00edmpic de Barcelona volem regalar-te un llibre, cortesia del Centre d\u2019Estudis Ol\u00edmpics Juan Antonio Samaranch, de la col\u00b7lecci\u00f3 \u201cAula d\u2019Hist\u00f2ria\u201d: Barcelona, m\u00e9s d\u2019un segle de ciclisme 50 anys dels [&hellip;]\" \/>\n<meta property=\"og:url\" content=\"https:\/\/www.museuolimpicbcn.cat\/ca\/celebra-sant-jordi-al-museu-olimpic-de-barcelona\/\" \/>\n<meta property=\"og:site_name\" content=\"Museu Ol\u00edmpic i de l&#039;Esport\" \/>\n<meta property=\"article:published_time\" content=\"2025-04-04T08:05:05+00:00\" \/>\n<meta property=\"article:modified_time\" content=\"2025-04-04T08:07:13+00:00\" \/>\n<meta property=\"og:image\" content=\"https:\/\/www.museuolimpicbcn.cat\/wp-content\/uploads\/sites\/2\/2025\/04\/Sant-Jordi-2024.jpg\" \/>\n\t<meta property=\"og:image:width\" content=\"2048\" \/>\n\t<meta property=\"og:image:height\" content=\"1536\" \/>\n\t<meta property=\"og:image:type\" content=\"image\/jpeg\" \/>\n<meta name=\"author\" content=\"Ibone\" \/>\n<meta name=\"twitter:card\" content=\"summary_large_image\" \/>\n<meta name=\"twitter:label1\" content=\"Escrit per\" \/>\n\t<meta name=\"twitter:data1\" content=\"Ibone\" \/>\n\t<meta name=\"twitter:label2\" content=\"Temps estimat de lectura\" \/>\n\t<meta name=\"twitter:data2\" content=\"1 minut\" \/>\n<script type=\"application\/ld+json\" class=\"yoast-schema-graph\">{\"@context\":\"https:\/\/schema.org\",\"@graph\":[{\"@type\":\"Article\",\"@id\":\"https:\/\/www.museuolimpicbcn.cat\/ca\/celebra-sant-jordi-al-museu-olimpic-de-barcelona\/#article\",\"isPartOf\":{\"@id\":\"https:\/\/www.museuolimpicbcn.cat\/ca\/celebra-sant-jordi-al-museu-olimpic-de-barcelona\/\"},\"author\":{\"name\":\"Ibone\",\"@id\":\"https:\/\/www.museuolimpicbcn.cat\/ca\/#\/schema\/person\/b792834a53f193977df425a499287aa9\"},\"headline\":\"Celebra Sant Jordi al Museu Ol\u00edmpic de Barcelona!\",\"datePublished\":\"2025-04-04T08:05:05+00:00\",\"dateModified\":\"2025-04-04T08:07:13+00:00\",\"mainEntityOfPage\":{\"@id\":\"https:\/\/www.museuolimpicbcn.cat\/ca\/celebra-sant-jordi-al-museu-olimpic-de-barcelona\/\"},\"wordCount\":137,\"publisher\":{\"@id\":\"https:\/\/www.museuolimpicbcn.cat\/ca\/#organization\"},\"image\":{\"@id\":\"https:\/\/www.museuolimpicbcn.cat\/ca\/celebra-sant-jordi-al-museu-olimpic-de-barcelona\/#primaryimage\"},\"thumbnailUrl\":\"https:\/\/www.museuolimpicbcn.cat\/wp-content\/uploads\/sites\/2\/2025\/04\/Sant-Jordi-2024.jpg\",\"articleSection\":[\"Uncategorized @ca\"],\"inLanguage\":\"ca\"},{\"@type\":\"WebPage\",\"@id\":\"https:\/\/www.museuolimpicbcn.cat\/ca\/celebra-sant-jordi-al-museu-olimpic-de-barcelona\/\",\"url\":\"https:\/\/www.museuolimpicbcn.cat\/ca\/celebra-sant-jordi-al-museu-olimpic-de-barcelona\/\",\"name\":\"Celebra Sant Jordi al Museu Ol\u00edmpic de Barcelona! - Museu Ol\u00edmpic i de l&#039;Esport\",\"isPartOf\":{\"@id\":\"https:\/\/www.museuolimpicbcn.cat\/ca\/#website\"},\"primaryImageOfPage\":{\"@id\":\"https:\/\/www.museuolimpicbcn.cat\/ca\/celebra-sant-jordi-al-museu-olimpic-de-barcelona\/#primaryimage\"},\"image\":{\"@id\":\"https:\/\/www.museuolimpicbcn.cat\/ca\/celebra-sant-jordi-al-museu-olimpic-de-barcelona\/#primaryimage\"},\"thumbnailUrl\":\"https:\/\/www.museuolimpicbcn.cat\/wp-content\/uploads\/sites\/2\/2025\/04\/Sant-Jordi-2024.jpg\",\"datePublished\":\"2025-04-04T08:05:05+00:00\",\"dateModified\":\"2025-04-04T08:07:13+00:00\",\"breadcrumb\":{\"@id\":\"https:\/\/www.museuolimpicbcn.cat\/ca\/celebra-sant-jordi-al-museu-olimpic-de-barcelona\/#breadcrumb\"},\"inLanguage\":\"ca\",\"potentialAction\":[{\"@type\":\"ReadAction\",\"target\":[\"https:\/\/www.museuolimpicbcn.cat\/ca\/celebra-sant-jordi-al-museu-olimpic-de-barcelona\/\"]}]},{\"@type\":\"ImageObject\",\"inLanguage\":\"ca\",\"@id\":\"https:\/\/www.museuolimpicbcn.cat\/ca\/celebra-sant-jordi-al-museu-olimpic-de-barcelona\/#primaryimage\",\"url\":\"https:\/\/www.museuolimpicbcn.cat\/wp-content\/uploads\/sites\/2\/2025\/04\/Sant-Jordi-2024.jpg\",\"contentUrl\":\"https:\/\/www.museuolimpicbcn.cat\/wp-content\/uploads\/sites\/2\/2025\/04\/Sant-Jordi-2024.jpg\",\"width\":2048,\"height\":1536},{\"@type\":\"BreadcrumbList\",\"@id\":\"https:\/\/www.museuolimpicbcn.cat\/ca\/celebra-sant-jordi-al-museu-olimpic-de-barcelona\/#breadcrumb\",\"itemListElement\":[{\"@type\":\"ListItem\",\"position\":1,\"name\":\"Inici\",\"item\":\"https:\/\/www.museuolimpicbcn.cat\/es\/\"},{\"@type\":\"ListItem\",\"position\":2,\"name\":\"Celebra Sant Jordi al Museu Ol\u00edmpic de Barcelona!\"}]},{\"@type\":\"WebSite\",\"@id\":\"https:\/\/www.museuolimpicbcn.cat\/ca\/#website\",\"url\":\"https:\/\/www.museuolimpicbcn.cat\/ca\/\",\"name\":\"Museu Ol\u00edmpic i de l&#039;Esport\",\"description\":\"Altre lloc Web del Museu Ol\u00edmpic i de l&#039;Esport llocs\",\"publisher\":{\"@id\":\"https:\/\/www.museuolimpicbcn.cat\/ca\/#organization\"},\"potentialAction\":[{\"@type\":\"SearchAction\",\"target\":{\"@type\":\"EntryPoint\",\"urlTemplate\":\"https:\/\/www.museuolimpicbcn.cat\/ca\/?s={search_term_string}\"},\"query-input\":{\"@type\":\"PropertyValueSpecification\",\"valueRequired\":true,\"valueName\":\"search_term_string\"}}],\"inLanguage\":\"ca\"},{\"@type\":\"Organization\",\"@id\":\"https:\/\/www.museuolimpicbcn.cat\/ca\/#organization\",\"name\":\"Museu Ol\u00edmpic i de l&#039;Esport\",\"url\":\"https:\/\/www.museuolimpicbcn.cat\/ca\/\",\"logo\":{\"@type\":\"ImageObject\",\"inLanguage\":\"ca\",\"@id\":\"https:\/\/www.museuolimpicbcn.cat\/ca\/#\/schema\/logo\/image\/\",\"url\":\"https:\/\/www.museuolimpicbcn.cat\/wp-content\/uploads\/sites\/2\/2018\/12\/logo-moe-header.svg\",\"contentUrl\":\"https:\/\/www.museuolimpicbcn.cat\/wp-content\/uploads\/sites\/2\/2018\/12\/logo-moe-header.svg\",\"caption\":\"Museu Ol\u00edmpic i de l&#039;Esport\"},\"image\":{\"@id\":\"https:\/\/www.museuolimpicbcn.cat\/ca\/#\/schema\/logo\/image\/\"}},{\"@type\":\"Person\",\"@id\":\"https:\/\/www.museuolimpicbcn.cat\/ca\/#\/schema\/person\/b792834a53f193977df425a499287aa9\",\"name\":\"Ibone\",\"url\":\"https:\/\/www.museuolimpicbcn.cat\/ca\/author\/fbolimpica\/\"}]}<\/script>\n<!-- \/ Yoast SEO plugin. -->","yoast_head_json":{"title":"Celebra Sant Jordi al Museu Ol\u00edmpic de Barcelona! - Museu Ol\u00edmpic i de l&#039;Esport","robots":{"index":"index","follow":"follow","max-snippet":"max-snippet:-1","max-image-preview":"max-image-preview:large","max-video-preview":"max-video-preview:-1"},"canonical":"https:\/\/www.museuolimpicbcn.cat\/ca\/celebra-sant-jordi-al-museu-olimpic-de-barcelona\/","og_locale":"ca_ES","og_type":"article","og_title":"Celebra Sant Jordi al Museu Ol\u00edmpic de Barcelona! - Museu Ol\u00edmpic i de l&#039;Esport","og_description":"El 23 d\u2019abril, la Diada de Sant Jordi, \u00e9s el dia perfecte per descobrir relats i hist\u00f2ries meravelloses de l\u2019esport i l\u2019olimpisme. Per aix\u00f2, al Museu Ol\u00edmpic de Barcelona volem regalar-te un llibre, cortesia del Centre d\u2019Estudis Ol\u00edmpics Juan Antonio Samaranch, de la col\u00b7lecci\u00f3 \u201cAula d\u2019Hist\u00f2ria\u201d: Barcelona, m\u00e9s d\u2019un segle de ciclisme 50 anys dels [&hellip;]","og_url":"https:\/\/www.museuolimpicbcn.cat\/ca\/celebra-sant-jordi-al-museu-olimpic-de-barcelona\/","og_site_name":"Museu Ol\u00edmpic i de l&#039;Esport","article_published_time":"2025-04-04T08:05:05+00:00","article_modified_time":"2025-04-04T08:07:13+00:00","og_image":[{"width":2048,"height":1536,"url":"https:\/\/www.museuolimpicbcn.cat\/wp-content\/uploads\/sites\/2\/2025\/04\/Sant-Jordi-2024.jpg","type":"image\/jpeg"}],"author":"Ibone","twitter_card":"summary_large_image","twitter_misc":{"Escrit per":"Ibone","Temps estimat de lectura":"1 minut"},"schema":{"@context":"https:\/\/schema.org","@graph":[{"@type":"Article","@id":"https:\/\/www.museuolimpicbcn.cat\/ca\/celebra-sant-jordi-al-museu-olimpic-de-barcelona\/#article","isPartOf":{"@id":"https:\/\/www.museuolimpicbcn.cat\/ca\/celebra-sant-jordi-al-museu-olimpic-de-barcelona\/"},"author":{"name":"Ibone","@id":"https:\/\/www.museuolimpicbcn.cat\/ca\/#\/schema\/person\/b792834a53f193977df425a499287aa9"},"headline":"Celebra Sant Jordi al Museu Ol\u00edmpic de Barcelona!","datePublished":"2025-04-04T08:05:05+00:00","dateModified":"2025-04-04T08:07:13+00:00","mainEntityOfPage":{"@id":"https:\/\/www.museuolimpicbcn.cat\/ca\/celebra-sant-jordi-al-museu-olimpic-de-barcelona\/"},"wordCount":137,"publisher":{"@id":"https:\/\/www.museuolimpicbcn.cat\/ca\/#organization"},"image":{"@id":"https:\/\/www.museuolimpicbcn.cat\/ca\/celebra-sant-jordi-al-museu-olimpic-de-barcelona\/#primaryimage"},"thumbnailUrl":"https:\/\/www.museuolimpicbcn.cat\/wp-content\/uploads\/sites\/2\/2025\/04\/Sant-Jordi-2024.jpg","articleSection":["Uncategorized @ca"],"inLanguage":"ca"},{"@type":"WebPage","@id":"https:\/\/www.museuolimpicbcn.cat\/ca\/celebra-sant-jordi-al-museu-olimpic-de-barcelona\/","url":"https:\/\/www.museuolimpicbcn.cat\/ca\/celebra-sant-jordi-al-museu-olimpic-de-barcelona\/","name":"Celebra Sant Jordi al Museu Ol\u00edmpic de Barcelona! - Museu Ol\u00edmpic i de l&#039;Esport","isPartOf":{"@id":"https:\/\/www.museuolimpicbcn.cat\/ca\/#website"},"primaryImageOfPage":{"@id":"https:\/\/www.museuolimpicbcn.cat\/ca\/celebra-sant-jordi-al-museu-olimpic-de-barcelona\/#primaryimage"},"image":{"@id":"https:\/\/www.museuolimpicbcn.cat\/ca\/celebra-sant-jordi-al-museu-olimpic-de-barcelona\/#primaryimage"},"thumbnailUrl":"https:\/\/www.museuolimpicbcn.cat\/wp-content\/uploads\/sites\/2\/2025\/04\/Sant-Jordi-2024.jpg","datePublished":"2025-04-04T08:05:05+00:00","dateModified":"2025-04-04T08:07:13+00:00","breadcrumb":{"@id":"https:\/\/www.museuolimpicbcn.cat\/ca\/celebra-sant-jordi-al-museu-olimpic-de-barcelona\/#breadcrumb"},"inLanguage":"ca","potentialAction":[{"@type":"ReadAction","target":["https:\/\/www.museuolimpicbcn.cat\/ca\/celebra-sant-jordi-al-museu-olimpic-de-barcelona\/"]}]},{"@type":"ImageObject","inLanguage":"ca","@id":"https:\/\/www.museuolimpicbcn.cat\/ca\/celebra-sant-jordi-al-museu-olimpic-de-barcelona\/#primaryimage","url":"https:\/\/www.museuolimpicbcn.cat\/wp-content\/uploads\/sites\/2\/2025\/04\/Sant-Jordi-2024.jpg","contentUrl":"https:\/\/www.museuolimpicbcn.cat\/wp-content\/uploads\/sites\/2\/2025\/04\/Sant-Jordi-2024.jpg","width":2048,"height":1536},{"@type":"BreadcrumbList","@id":"https:\/\/www.museuolimpicbcn.cat\/ca\/celebra-sant-jordi-al-museu-olimpic-de-barcelona\/#breadcrumb","itemListElement":[{"@type":"ListItem","position":1,"name":"Inici","item":"https:\/\/www.museuolimpicbcn.cat\/es\/"},{"@type":"ListItem","position":2,"name":"Celebra Sant Jordi al Museu Ol\u00edmpic de Barcelona!"}]},{"@type":"WebSite","@id":"https:\/\/www.museuolimpicbcn.cat\/ca\/#website","url":"https:\/\/www.museuolimpicbcn.cat\/ca\/","name":"Museu Ol\u00edmpic i de l&#039;Esport","description":"Altre lloc Web del Museu Ol\u00edmpic i de l&#039;Esport llocs","publisher":{"@id":"https:\/\/www.museuolimpicbcn.cat\/ca\/#organization"},"potentialAction":[{"@type":"SearchAction","target":{"@type":"EntryPoint","urlTemplate":"https:\/\/www.museuolimpicbcn.cat\/ca\/?s={search_term_string}"},"query-input":{"@type":"PropertyValueSpecification","valueRequired":true,"valueName":"search_term_string"}}],"inLanguage":"ca"},{"@type":"Organization","@id":"https:\/\/www.museuolimpicbcn.cat\/ca\/#organization","name":"Museu Ol\u00edmpic i de l&#039;Esport","url":"https:\/\/www.museuolimpicbcn.cat\/ca\/","logo":{"@type":"ImageObject","inLanguage":"ca","@id":"https:\/\/www.museuolimpicbcn.cat\/ca\/#\/schema\/logo\/image\/","url":"https:\/\/www.museuolimpicbcn.cat\/wp-content\/uploads\/sites\/2\/2018\/12\/logo-moe-header.svg","contentUrl":"https:\/\/www.museuolimpicbcn.cat\/wp-content\/uploads\/sites\/2\/2018\/12\/logo-moe-header.svg","caption":"Museu Ol\u00edmpic i de l&#039;Esport"},"image":{"@id":"https:\/\/www.museuolimpicbcn.cat\/ca\/#\/schema\/logo\/image\/"}},{"@type":"Person","@id":"https:\/\/www.museuolimpicbcn.cat\/ca\/#\/schema\/person\/b792834a53f193977df425a499287aa9","name":"Ibone","url":"https:\/\/www.museuolimpicbcn.cat\/ca\/author\/fbolimpica\/"}]}},"_links":{"self":[{"href":"https:\/\/www.museuolimpicbcn.cat\/ca\/wp-json\/wp\/v2\/posts\/44818"}],"collection":[{"href":"https:\/\/www.museuolimpicbcn.cat\/ca\/wp-json\/wp\/v2\/posts"}],"about":[{"href":"https:\/\/www.museuolimpicbcn.cat\/ca\/wp-json\/wp\/v2\/types\/post"}],"author":[{"embeddable":true,"href":"https:\/\/www.museuolimpicbcn.cat\/ca\/wp-json\/wp\/v2\/users\/11"}],"replies":[{"embeddable":true,"href":"https:\/\/www.museuolimpicbcn.cat\/ca\/wp-json\/wp\/v2\/comments?post=44818"}],"version-history":[{"count":1,"href":"https:\/\/www.museuolimpicbcn.cat\/ca\/wp-json\/wp\/v2\/posts\/44818\/revisions"}],"predecessor-version":[{"id":44820,"href":"https:\/\/www.museuolimpicbcn.cat\/ca\/wp-json\/wp\/v2\/posts\/44818\/revisions\/44820"}],"wp:featuredmedia":[{"embeddable":true,"href":"https:\/\/www.museuolimpicbcn.cat\/ca\/wp-json\/wp\/v2\/media\/44815"}],"wp:attachment":[{"href":"https:\/\/www.museuolimpicbcn.cat\/ca\/wp-json\/wp\/v2\/media?parent=44818"}],"wp:term":[{"taxonomy":"category","embeddable":true,"href":"https:\/\/www.museuolimpicbcn.cat\/ca\/wp-json\/wp\/v2\/categories?post=44818"},{"taxonomy":"post_tag","embeddable":true,"href":"https:\/\/www.museuolimpicbcn.cat\/ca\/wp-json\/wp\/v2\/tags?post=44818"}],"curies":[{"name":"wp","href":"https:\/\/api.w.org\/{rel}","templated":true}]}}