{"id":46360,"date":"2025-07-22T11:24:28","date_gmt":"2025-07-22T09:24:28","guid":{"rendered":"https:\/\/www.museuolimpicbcn.cat\/?p=46360"},"modified":"2025-07-22T11:27:02","modified_gmt":"2025-07-22T09:27:02","slug":"els-museus-olimpics-llancen-la-campanya-lets-move-amb-motiu-del-dia-olimpic-2025","status":"publish","type":"post","link":"https:\/\/www.museuolimpicbcn.cat\/ca\/els-museus-olimpics-llancen-la-campanya-lets-move-amb-motiu-del-dia-olimpic-2025\/","title":{"rendered":"Els Museus Ol\u00edmpics llancen la campanya &#8220;Let\u2019s Move&#8221; amb motiu del Dia Ol\u00edmpic 2025."},"content":{"rendered":"<p style=\"font-weight: 400\"><strong>&#8220;Let\u2019s Move&#8221;<\/strong> \u00e9s una nova campanya ol\u00edmpica per animar als joves a moure&#8217;s i portar estils de vida actius, i esperem que s&#8217;uneixin al moviment.<\/p>\n<p style=\"font-weight: 400\"><strong>\u201cLet\u2019s Move\u201d<\/strong> comen\u00e7a l&#8217;1 de juny a trav\u00e9s de plataformes socials i digitals, i es va enviar la &#8220;Invitaci\u00f3 Ol\u00edmpica&#8221; cridant la gent a bloquejar el temps per a l&#8217;activitat f\u00edsica en els seus calendaris. Aquesta campanya culmina el Dia Ol\u00edmpic, 23 de juny, amb un entrenament divertit i accessible de 30 minuts d&#8217;atletes de renom mundial a trav\u00e9s dels canals socials i digitals dels Jocs Ol\u00edmpics.<\/p>\n<p>El Comit\u00e8 Ol\u00edmpic Internacional (COI) ha anunciat aquesta nova iniciativa per inspirar i permetre que el m\u00f3n es mogui m\u00e9s cada dia. Dirigida per esportistes ol\u00edmpics i creada en col\u00b7laboraci\u00f3 amb l&#8217;Organitzaci\u00f3 Mundial de la Salut (OMS), la campanya Let\u2019s Move comen\u00e7ar\u00e0 el 23 de juny, Dia Ol\u00edmpic, amb una invitaci\u00f3 a dedicar temps a l&#8217;activitat f\u00edsica. Pau Gasol, Yusra Mardini, Allyson Felix i PV Sindhu s\u00f3n alguns dels esportistes ol\u00edmpics que conviden a unir-se al moviment a partir del 23 de juny.<\/p>\n<p style=\"font-weight: 400\">Barcelona ciutat i el Museu Ol\u00edmpic de Barcelona s&#8217;uneixen a aquesta campanya amb la promoci\u00f3 de l&#8217;activitat f\u00edsica entre joves i visitants. <strong>Barcelona, Let\u2019s Move!<\/strong><\/p>\n<p><iframe title=\"Let&#039;s move! with the Breaking at the Barcelona Olympic Museum. we celebrate Olympic Day. Let&#039;s Move!\" width=\"500\" height=\"281\" src=\"https:\/\/www.youtube.com\/embed\/ueOG_Iohxbw?feature=oembed\" frameborder=\"0\" allow=\"accelerometer; autoplay; clipboard-write; encrypted-media; gyroscope; picture-in-picture; web-share\" referrerpolicy=\"strict-origin-when-cross-origin\" allowfullscreen><\/iframe><\/p>\n<p><img fetchpriority=\"high\" decoding=\"async\" class=\"alignnone size-large wp-image-37564\" src=\"https:\/\/www.museuolimpicbcn.cat\/wp-content\/uploads\/sites\/2\/2023\/06\/OLYMPIC_DAU-LETS_MOVE-MuseuOlimpicBCN_10-1024x697.jpg\" alt=\"\" width=\"1024\" height=\"697\" srcset=\"https:\/\/www.museuolimpicbcn.cat\/wp-content\/uploads\/sites\/2\/2023\/06\/OLYMPIC_DAU-LETS_MOVE-MuseuOlimpicBCN_10-1024x697.jpg 1024w, https:\/\/www.museuolimpicbcn.cat\/wp-content\/uploads\/sites\/2\/2023\/06\/OLYMPIC_DAU-LETS_MOVE-MuseuOlimpicBCN_10-300x204.jpg 300w, https:\/\/www.museuolimpicbcn.cat\/wp-content\/uploads\/sites\/2\/2023\/06\/OLYMPIC_DAU-LETS_MOVE-MuseuOlimpicBCN_10-768x523.jpg 768w, https:\/\/www.museuolimpicbcn.cat\/wp-content\/uploads\/sites\/2\/2023\/06\/OLYMPIC_DAU-LETS_MOVE-MuseuOlimpicBCN_10-1536x1045.jpg 1536w, https:\/\/www.museuolimpicbcn.cat\/wp-content\/uploads\/sites\/2\/2023\/06\/OLYMPIC_DAU-LETS_MOVE-MuseuOlimpicBCN_10-1320x898.jpg 1320w, https:\/\/www.museuolimpicbcn.cat\/wp-content\/uploads\/sites\/2\/2023\/06\/OLYMPIC_DAU-LETS_MOVE-MuseuOlimpicBCN_10-600x408.jpg 600w, https:\/\/www.museuolimpicbcn.cat\/wp-content\/uploads\/sites\/2\/2023\/06\/OLYMPIC_DAU-LETS_MOVE-MuseuOlimpicBCN_10.jpg 1587w\" sizes=\"(max-width: 1024px) 100vw, 1024px\" \/><\/p>\n","protected":false},"excerpt":{"rendered":"<p>&#8220;Let\u2019s Move&#8221; \u00e9s una nova campanya ol\u00edmpica per animar als joves a moure&#8217;s i portar estils de vida actius, i esperem que s&#8217;uneixin al moviment. \u201cLet\u2019s Move\u201d comen\u00e7a l&#8217;1 de juny a trav\u00e9s de plataformes socials i digitals, i es va enviar la &#8220;Invitaci\u00f3 Ol\u00edmpica&#8221; cridant la gent a bloquejar el temps per a l&#8217;activitat [&hellip;]<\/p>\n","protected":false},"author":11,"featured_media":37294,"comment_status":"closed","ping_status":"closed","sticky":false,"template":"","format":"standard","meta":{"_acf_changed":false,"_price":"","_stock":"","_tribe_ticket_header":"","_tribe_default_ticket_provider":"","_tribe_ticket_capacity":"0","_ticket_start_date":"","_ticket_end_date":"","_tribe_ticket_show_description":"","_tribe_ticket_show_not_going":false,"_tribe_ticket_use_global_stock":"","_tribe_ticket_global_stock_level":"","_global_stock_mode":"","_global_stock_cap":"","_tribe_rsvp_for_event":"","_tribe_ticket_going_count":"","_tribe_ticket_not_going_count":"","_tribe_tickets_list":"[]","_tribe_ticket_has_attendee_info_fields":false,"footnotes":""},"categories":[1],"tags":[],"class_list":["post-46360","post","type-post","status-publish","format-standard","has-post-thumbnail","hentry","category-uncategorized-ca"],"acf":[],"yoast_head":"<!-- This site is optimized with the Yoast SEO plugin v23.7 - https:\/\/yoast.com\/wordpress\/plugins\/seo\/ -->\n<title>Els Museus Ol\u00edmpics llancen la campanya &quot;Let\u2019s Move&quot; amb motiu del Dia Ol\u00edmpic 2025. - Museu Ol\u00edmpic i de l&#039;Esport<\/title>\n<meta name=\"robots\" content=\"index, follow, max-snippet:-1, max-image-preview:large, max-video-preview:-1\" \/>\n<link rel=\"canonical\" href=\"https:\/\/www.museuolimpicbcn.cat\/ca\/els-museus-olimpics-llancen-la-campanya-lets-move-amb-motiu-del-dia-olimpic-2025\/\" \/>\n<meta property=\"og:locale\" content=\"ca_ES\" \/>\n<meta property=\"og:type\" content=\"article\" \/>\n<meta property=\"og:title\" content=\"Els Museus Ol\u00edmpics llancen la campanya &quot;Let\u2019s Move&quot; amb motiu del Dia Ol\u00edmpic 2025. - Museu Ol\u00edmpic i de l&#039;Esport\" \/>\n<meta property=\"og:description\" content=\"&#8220;Let\u2019s Move&#8221; \u00e9s una nova campanya ol\u00edmpica per animar als joves a moure&#8217;s i portar estils de vida actius, i esperem que s&#8217;uneixin al moviment. \u201cLet\u2019s Move\u201d comen\u00e7a l&#8217;1 de juny a trav\u00e9s de plataformes socials i digitals, i es va enviar la &#8220;Invitaci\u00f3 Ol\u00edmpica&#8221; cridant la gent a bloquejar el temps per a l&#8217;activitat [&hellip;]\" \/>\n<meta property=\"og:url\" content=\"https:\/\/www.museuolimpicbcn.cat\/ca\/els-museus-olimpics-llancen-la-campanya-lets-move-amb-motiu-del-dia-olimpic-2025\/\" \/>\n<meta property=\"og:site_name\" content=\"Museu Ol\u00edmpic i de l&#039;Esport\" \/>\n<meta property=\"article:published_time\" content=\"2025-07-22T09:24:28+00:00\" \/>\n<meta property=\"article:modified_time\" content=\"2025-07-22T09:27:02+00:00\" \/>\n<meta property=\"og:image\" content=\"https:\/\/www.museuolimpicbcn.cat\/wp-content\/uploads\/sites\/2\/2023\/06\/BARCELONA-Lets-move.jpg\" \/>\n\t<meta property=\"og:image:width\" content=\"1920\" \/>\n\t<meta property=\"og:image:height\" content=\"1080\" \/>\n\t<meta property=\"og:image:type\" content=\"image\/jpeg\" \/>\n<meta name=\"author\" content=\"Ibone\" \/>\n<meta name=\"twitter:card\" content=\"summary_large_image\" \/>\n<meta name=\"twitter:label1\" content=\"Escrit per\" \/>\n\t<meta name=\"twitter:data1\" content=\"Ibone\" \/>\n\t<meta name=\"twitter:label2\" content=\"Temps estimat de lectura\" \/>\n\t<meta name=\"twitter:data2\" content=\"2 minuts\" \/>\n<script type=\"application\/ld+json\" class=\"yoast-schema-graph\">{\"@context\":\"https:\/\/schema.org\",\"@graph\":[{\"@type\":\"Article\",\"@id\":\"https:\/\/www.museuolimpicbcn.cat\/ca\/els-museus-olimpics-llancen-la-campanya-lets-move-amb-motiu-del-dia-olimpic-2025\/#article\",\"isPartOf\":{\"@id\":\"https:\/\/www.museuolimpicbcn.cat\/ca\/els-museus-olimpics-llancen-la-campanya-lets-move-amb-motiu-del-dia-olimpic-2025\/\"},\"author\":{\"name\":\"Ibone\",\"@id\":\"https:\/\/www.museuolimpicbcn.cat\/ca\/#\/schema\/person\/b792834a53f193977df425a499287aa9\"},\"headline\":\"Els Museus Ol\u00edmpics llancen la campanya &#8220;Let\u2019s Move&#8221; amb motiu del Dia Ol\u00edmpic 2025.\",\"datePublished\":\"2025-07-22T09:24:28+00:00\",\"dateModified\":\"2025-07-22T09:27:02+00:00\",\"mainEntityOfPage\":{\"@id\":\"https:\/\/www.museuolimpicbcn.cat\/ca\/els-museus-olimpics-llancen-la-campanya-lets-move-amb-motiu-del-dia-olimpic-2025\/\"},\"wordCount\":247,\"publisher\":{\"@id\":\"https:\/\/www.museuolimpicbcn.cat\/ca\/#organization\"},\"image\":{\"@id\":\"https:\/\/www.museuolimpicbcn.cat\/ca\/els-museus-olimpics-llancen-la-campanya-lets-move-amb-motiu-del-dia-olimpic-2025\/#primaryimage\"},\"thumbnailUrl\":\"https:\/\/www.museuolimpicbcn.cat\/wp-content\/uploads\/sites\/2\/2023\/06\/BARCELONA-Lets-move.jpg\",\"articleSection\":[\"Uncategorized @ca\"],\"inLanguage\":\"ca\"},{\"@type\":\"WebPage\",\"@id\":\"https:\/\/www.museuolimpicbcn.cat\/ca\/els-museus-olimpics-llancen-la-campanya-lets-move-amb-motiu-del-dia-olimpic-2025\/\",\"url\":\"https:\/\/www.museuolimpicbcn.cat\/ca\/els-museus-olimpics-llancen-la-campanya-lets-move-amb-motiu-del-dia-olimpic-2025\/\",\"name\":\"Els Museus Ol\u00edmpics llancen la campanya \\\"Let\u2019s Move\\\" amb motiu del Dia Ol\u00edmpic 2025. - Museu Ol\u00edmpic i de l&#039;Esport\",\"isPartOf\":{\"@id\":\"https:\/\/www.museuolimpicbcn.cat\/ca\/#website\"},\"primaryImageOfPage\":{\"@id\":\"https:\/\/www.museuolimpicbcn.cat\/ca\/els-museus-olimpics-llancen-la-campanya-lets-move-amb-motiu-del-dia-olimpic-2025\/#primaryimage\"},\"image\":{\"@id\":\"https:\/\/www.museuolimpicbcn.cat\/ca\/els-museus-olimpics-llancen-la-campanya-lets-move-amb-motiu-del-dia-olimpic-2025\/#primaryimage\"},\"thumbnailUrl\":\"https:\/\/www.museuolimpicbcn.cat\/wp-content\/uploads\/sites\/2\/2023\/06\/BARCELONA-Lets-move.jpg\",\"datePublished\":\"2025-07-22T09:24:28+00:00\",\"dateModified\":\"2025-07-22T09:27:02+00:00\",\"breadcrumb\":{\"@id\":\"https:\/\/www.museuolimpicbcn.cat\/ca\/els-museus-olimpics-llancen-la-campanya-lets-move-amb-motiu-del-dia-olimpic-2025\/#breadcrumb\"},\"inLanguage\":\"ca\",\"potentialAction\":[{\"@type\":\"ReadAction\",\"target\":[\"https:\/\/www.museuolimpicbcn.cat\/ca\/els-museus-olimpics-llancen-la-campanya-lets-move-amb-motiu-del-dia-olimpic-2025\/\"]}]},{\"@type\":\"ImageObject\",\"inLanguage\":\"ca\",\"@id\":\"https:\/\/www.museuolimpicbcn.cat\/ca\/els-museus-olimpics-llancen-la-campanya-lets-move-amb-motiu-del-dia-olimpic-2025\/#primaryimage\",\"url\":\"https:\/\/www.museuolimpicbcn.cat\/wp-content\/uploads\/sites\/2\/2023\/06\/BARCELONA-Lets-move.jpg\",\"contentUrl\":\"https:\/\/www.museuolimpicbcn.cat\/wp-content\/uploads\/sites\/2\/2023\/06\/BARCELONA-Lets-move.jpg\",\"width\":1920,\"height\":1080},{\"@type\":\"BreadcrumbList\",\"@id\":\"https:\/\/www.museuolimpicbcn.cat\/ca\/els-museus-olimpics-llancen-la-campanya-lets-move-amb-motiu-del-dia-olimpic-2025\/#breadcrumb\",\"itemListElement\":[{\"@type\":\"ListItem\",\"position\":1,\"name\":\"Inici\",\"item\":\"https:\/\/www.museuolimpicbcn.cat\/es\/\"},{\"@type\":\"ListItem\",\"position\":2,\"name\":\"Els Museus Ol\u00edmpics llancen la campanya &#8220;Let\u2019s Move&#8221; amb motiu del Dia Ol\u00edmpic 2025.\"}]},{\"@type\":\"WebSite\",\"@id\":\"https:\/\/www.museuolimpicbcn.cat\/ca\/#website\",\"url\":\"https:\/\/www.museuolimpicbcn.cat\/ca\/\",\"name\":\"Museu Ol\u00edmpic i de l&#039;Esport\",\"description\":\"Altre lloc Web del Museu Ol\u00edmpic i de l&#039;Esport llocs\",\"publisher\":{\"@id\":\"https:\/\/www.museuolimpicbcn.cat\/ca\/#organization\"},\"potentialAction\":[{\"@type\":\"SearchAction\",\"target\":{\"@type\":\"EntryPoint\",\"urlTemplate\":\"https:\/\/www.museuolimpicbcn.cat\/ca\/?s={search_term_string}\"},\"query-input\":{\"@type\":\"PropertyValueSpecification\",\"valueRequired\":true,\"valueName\":\"search_term_string\"}}],\"inLanguage\":\"ca\"},{\"@type\":\"Organization\",\"@id\":\"https:\/\/www.museuolimpicbcn.cat\/ca\/#organization\",\"name\":\"Museu Ol\u00edmpic i de l&#039;Esport\",\"url\":\"https:\/\/www.museuolimpicbcn.cat\/ca\/\",\"logo\":{\"@type\":\"ImageObject\",\"inLanguage\":\"ca\",\"@id\":\"https:\/\/www.museuolimpicbcn.cat\/ca\/#\/schema\/logo\/image\/\",\"url\":\"https:\/\/www.museuolimpicbcn.cat\/wp-content\/uploads\/sites\/2\/2018\/12\/logo-moe-header.svg\",\"contentUrl\":\"https:\/\/www.museuolimpicbcn.cat\/wp-content\/uploads\/sites\/2\/2018\/12\/logo-moe-header.svg\",\"caption\":\"Museu Ol\u00edmpic i de l&#039;Esport\"},\"image\":{\"@id\":\"https:\/\/www.museuolimpicbcn.cat\/ca\/#\/schema\/logo\/image\/\"}},{\"@type\":\"Person\",\"@id\":\"https:\/\/www.museuolimpicbcn.cat\/ca\/#\/schema\/person\/b792834a53f193977df425a499287aa9\",\"name\":\"Ibone\",\"url\":\"https:\/\/www.museuolimpicbcn.cat\/ca\/author\/fbolimpica\/\"}]}<\/script>\n<!-- \/ Yoast SEO plugin. -->","yoast_head_json":{"title":"Els Museus Ol\u00edmpics llancen la campanya \"Let\u2019s Move\" amb motiu del Dia Ol\u00edmpic 2025. - Museu Ol\u00edmpic i de l&#039;Esport","robots":{"index":"index","follow":"follow","max-snippet":"max-snippet:-1","max-image-preview":"max-image-preview:large","max-video-preview":"max-video-preview:-1"},"canonical":"https:\/\/www.museuolimpicbcn.cat\/ca\/els-museus-olimpics-llancen-la-campanya-lets-move-amb-motiu-del-dia-olimpic-2025\/","og_locale":"ca_ES","og_type":"article","og_title":"Els Museus Ol\u00edmpics llancen la campanya \"Let\u2019s Move\" amb motiu del Dia Ol\u00edmpic 2025. - Museu Ol\u00edmpic i de l&#039;Esport","og_description":"&#8220;Let\u2019s Move&#8221; \u00e9s una nova campanya ol\u00edmpica per animar als joves a moure&#8217;s i portar estils de vida actius, i esperem que s&#8217;uneixin al moviment. \u201cLet\u2019s Move\u201d comen\u00e7a l&#8217;1 de juny a trav\u00e9s de plataformes socials i digitals, i es va enviar la &#8220;Invitaci\u00f3 Ol\u00edmpica&#8221; cridant la gent a bloquejar el temps per a l&#8217;activitat [&hellip;]","og_url":"https:\/\/www.museuolimpicbcn.cat\/ca\/els-museus-olimpics-llancen-la-campanya-lets-move-amb-motiu-del-dia-olimpic-2025\/","og_site_name":"Museu Ol\u00edmpic i de l&#039;Esport","article_published_time":"2025-07-22T09:24:28+00:00","article_modified_time":"2025-07-22T09:27:02+00:00","og_image":[{"width":1920,"height":1080,"url":"https:\/\/www.museuolimpicbcn.cat\/wp-content\/uploads\/sites\/2\/2023\/06\/BARCELONA-Lets-move.jpg","type":"image\/jpeg"}],"author":"Ibone","twitter_card":"summary_large_image","twitter_misc":{"Escrit per":"Ibone","Temps estimat de lectura":"2 minuts"},"schema":{"@context":"https:\/\/schema.org","@graph":[{"@type":"Article","@id":"https:\/\/www.museuolimpicbcn.cat\/ca\/els-museus-olimpics-llancen-la-campanya-lets-move-amb-motiu-del-dia-olimpic-2025\/#article","isPartOf":{"@id":"https:\/\/www.museuolimpicbcn.cat\/ca\/els-museus-olimpics-llancen-la-campanya-lets-move-amb-motiu-del-dia-olimpic-2025\/"},"author":{"name":"Ibone","@id":"https:\/\/www.museuolimpicbcn.cat\/ca\/#\/schema\/person\/b792834a53f193977df425a499287aa9"},"headline":"Els Museus Ol\u00edmpics llancen la campanya &#8220;Let\u2019s Move&#8221; amb motiu del Dia Ol\u00edmpic 2025.","datePublished":"2025-07-22T09:24:28+00:00","dateModified":"2025-07-22T09:27:02+00:00","mainEntityOfPage":{"@id":"https:\/\/www.museuolimpicbcn.cat\/ca\/els-museus-olimpics-llancen-la-campanya-lets-move-amb-motiu-del-dia-olimpic-2025\/"},"wordCount":247,"publisher":{"@id":"https:\/\/www.museuolimpicbcn.cat\/ca\/#organization"},"image":{"@id":"https:\/\/www.museuolimpicbcn.cat\/ca\/els-museus-olimpics-llancen-la-campanya-lets-move-amb-motiu-del-dia-olimpic-2025\/#primaryimage"},"thumbnailUrl":"https:\/\/www.museuolimpicbcn.cat\/wp-content\/uploads\/sites\/2\/2023\/06\/BARCELONA-Lets-move.jpg","articleSection":["Uncategorized @ca"],"inLanguage":"ca"},{"@type":"WebPage","@id":"https:\/\/www.museuolimpicbcn.cat\/ca\/els-museus-olimpics-llancen-la-campanya-lets-move-amb-motiu-del-dia-olimpic-2025\/","url":"https:\/\/www.museuolimpicbcn.cat\/ca\/els-museus-olimpics-llancen-la-campanya-lets-move-amb-motiu-del-dia-olimpic-2025\/","name":"Els Museus Ol\u00edmpics llancen la campanya \"Let\u2019s Move\" amb motiu del Dia Ol\u00edmpic 2025. - Museu Ol\u00edmpic i de l&#039;Esport","isPartOf":{"@id":"https:\/\/www.museuolimpicbcn.cat\/ca\/#website"},"primaryImageOfPage":{"@id":"https:\/\/www.museuolimpicbcn.cat\/ca\/els-museus-olimpics-llancen-la-campanya-lets-move-amb-motiu-del-dia-olimpic-2025\/#primaryimage"},"image":{"@id":"https:\/\/www.museuolimpicbcn.cat\/ca\/els-museus-olimpics-llancen-la-campanya-lets-move-amb-motiu-del-dia-olimpic-2025\/#primaryimage"},"thumbnailUrl":"https:\/\/www.museuolimpicbcn.cat\/wp-content\/uploads\/sites\/2\/2023\/06\/BARCELONA-Lets-move.jpg","datePublished":"2025-07-22T09:24:28+00:00","dateModified":"2025-07-22T09:27:02+00:00","breadcrumb":{"@id":"https:\/\/www.museuolimpicbcn.cat\/ca\/els-museus-olimpics-llancen-la-campanya-lets-move-amb-motiu-del-dia-olimpic-2025\/#breadcrumb"},"inLanguage":"ca","potentialAction":[{"@type":"ReadAction","target":["https:\/\/www.museuolimpicbcn.cat\/ca\/els-museus-olimpics-llancen-la-campanya-lets-move-amb-motiu-del-dia-olimpic-2025\/"]}]},{"@type":"ImageObject","inLanguage":"ca","@id":"https:\/\/www.museuolimpicbcn.cat\/ca\/els-museus-olimpics-llancen-la-campanya-lets-move-amb-motiu-del-dia-olimpic-2025\/#primaryimage","url":"https:\/\/www.museuolimpicbcn.cat\/wp-content\/uploads\/sites\/2\/2023\/06\/BARCELONA-Lets-move.jpg","contentUrl":"https:\/\/www.museuolimpicbcn.cat\/wp-content\/uploads\/sites\/2\/2023\/06\/BARCELONA-Lets-move.jpg","width":1920,"height":1080},{"@type":"BreadcrumbList","@id":"https:\/\/www.museuolimpicbcn.cat\/ca\/els-museus-olimpics-llancen-la-campanya-lets-move-amb-motiu-del-dia-olimpic-2025\/#breadcrumb","itemListElement":[{"@type":"ListItem","position":1,"name":"Inici","item":"https:\/\/www.museuolimpicbcn.cat\/es\/"},{"@type":"ListItem","position":2,"name":"Els Museus Ol\u00edmpics llancen la campanya &#8220;Let\u2019s Move&#8221; amb motiu del Dia Ol\u00edmpic 2025."}]},{"@type":"WebSite","@id":"https:\/\/www.museuolimpicbcn.cat\/ca\/#website","url":"https:\/\/www.museuolimpicbcn.cat\/ca\/","name":"Museu Ol\u00edmpic i de l&#039;Esport","description":"Altre lloc Web del Museu Ol\u00edmpic i de l&#039;Esport llocs","publisher":{"@id":"https:\/\/www.museuolimpicbcn.cat\/ca\/#organization"},"potentialAction":[{"@type":"SearchAction","target":{"@type":"EntryPoint","urlTemplate":"https:\/\/www.museuolimpicbcn.cat\/ca\/?s={search_term_string}"},"query-input":{"@type":"PropertyValueSpecification","valueRequired":true,"valueName":"search_term_string"}}],"inLanguage":"ca"},{"@type":"Organization","@id":"https:\/\/www.museuolimpicbcn.cat\/ca\/#organization","name":"Museu Ol\u00edmpic i de l&#039;Esport","url":"https:\/\/www.museuolimpicbcn.cat\/ca\/","logo":{"@type":"ImageObject","inLanguage":"ca","@id":"https:\/\/www.museuolimpicbcn.cat\/ca\/#\/schema\/logo\/image\/","url":"https:\/\/www.museuolimpicbcn.cat\/wp-content\/uploads\/sites\/2\/2018\/12\/logo-moe-header.svg","contentUrl":"https:\/\/www.museuolimpicbcn.cat\/wp-content\/uploads\/sites\/2\/2018\/12\/logo-moe-header.svg","caption":"Museu Ol\u00edmpic i de l&#039;Esport"},"image":{"@id":"https:\/\/www.museuolimpicbcn.cat\/ca\/#\/schema\/logo\/image\/"}},{"@type":"Person","@id":"https:\/\/www.museuolimpicbcn.cat\/ca\/#\/schema\/person\/b792834a53f193977df425a499287aa9","name":"Ibone","url":"https:\/\/www.museuolimpicbcn.cat\/ca\/author\/fbolimpica\/"}]}},"_links":{"self":[{"href":"https:\/\/www.museuolimpicbcn.cat\/ca\/wp-json\/wp\/v2\/posts\/46360"}],"collection":[{"href":"https:\/\/www.museuolimpicbcn.cat\/ca\/wp-json\/wp\/v2\/posts"}],"about":[{"href":"https:\/\/www.museuolimpicbcn.cat\/ca\/wp-json\/wp\/v2\/types\/post"}],"author":[{"embeddable":true,"href":"https:\/\/www.museuolimpicbcn.cat\/ca\/wp-json\/wp\/v2\/users\/11"}],"replies":[{"embeddable":true,"href":"https:\/\/www.museuolimpicbcn.cat\/ca\/wp-json\/wp\/v2\/comments?post=46360"}],"version-history":[{"count":1,"href":"https:\/\/www.museuolimpicbcn.cat\/ca\/wp-json\/wp\/v2\/posts\/46360\/revisions"}],"predecessor-version":[{"id":46362,"href":"https:\/\/www.museuolimpicbcn.cat\/ca\/wp-json\/wp\/v2\/posts\/46360\/revisions\/46362"}],"wp:featuredmedia":[{"embeddable":true,"href":"https:\/\/www.museuolimpicbcn.cat\/ca\/wp-json\/wp\/v2\/media\/37294"}],"wp:attachment":[{"href":"https:\/\/www.museuolimpicbcn.cat\/ca\/wp-json\/wp\/v2\/media?parent=46360"}],"wp:term":[{"taxonomy":"category","embeddable":true,"href":"https:\/\/www.museuolimpicbcn.cat\/ca\/wp-json\/wp\/v2\/categories?post=46360"},{"taxonomy":"post_tag","embeddable":true,"href":"https:\/\/www.museuolimpicbcn.cat\/ca\/wp-json\/wp\/v2\/tags?post=46360"}],"curies":[{"name":"wp","href":"https:\/\/api.w.org\/{rel}","templated":true}]}}