{"id":47712,"date":"2025-11-13T14:30:11","date_gmt":"2025-11-13T13:30:11","guid":{"rendered":"https:\/\/www.museuolimpicbcn.cat\/el-museu-olimpic-acull-les-ii-jornades-red-trip-2025-de-la-uvic-ucc\/"},"modified":"2025-11-13T14:30:11","modified_gmt":"2025-11-13T13:30:11","slug":"el-museu-olimpic-acull-les-ii-jornades-red-trip-2025-de-la-uvic-ucc","status":"publish","type":"post","link":"https:\/\/www.museuolimpicbcn.cat\/ca\/el-museu-olimpic-acull-les-ii-jornades-red-trip-2025-de-la-uvic-ucc\/","title":{"rendered":"El Museu Ol\u00edmpic acull les II Jornades RED TRIP 2025 de la UVic-UCC"},"content":{"rendered":"<p>El Museu Ol\u00edmpic i de l\u2019Esport Joan Antoni Samaranch ha estat l\u2019escenari de les II Jornades RED TRIP 2025, organitzades per la Universitat de Vic \u2013 Universitat Central de Catalunya (UVic-UCC).<br \/>\nLa trobada va reunir professionals del sector esportiu per debatre sobre entrenament i prevenci\u00f3 de lesions en joves, dones i esportistes veterans. Entre els ponents van destacar Dani Romero (UIC), Ana Merayo (Consell Catal\u00e0 de l\u2019Esport), Maria Cadens (INEFC Barcelona) i Esther Morencos (U. Francisco de Vitoria).<br \/>\nLes jornades van incloure tamb\u00e9 taules rodones amb la participaci\u00f3 de Marta Bach i Xavi Lleonart, i van finalitzar amb el Premi al Millor P\u00f2ster, consolidant el Museu Ol\u00edmpic com a espai de refer\u00e8ncia en la formaci\u00f3 i la innovaci\u00f3 esportiva.<\/p>\n","protected":false},"excerpt":{"rendered":"<p>El Museu Ol\u00edmpic i de l\u2019Esport Joan Antoni Samaranch ha estat l\u2019escenari de les II Jornades RED TRIP 2025, organitzades per la Universitat de Vic \u2013 Universitat Central de Catalunya (UVic-UCC). La trobada va reunir professionals del sector esportiu per debatre sobre entrenament i prevenci\u00f3 de lesions en joves, dones i esportistes veterans. Entre els [&hellip;]<\/p>\n","protected":false},"author":11,"featured_media":47709,"comment_status":"closed","ping_status":"closed","sticky":false,"template":"","format":"standard","meta":{"_acf_changed":false,"_price":"","_stock":"","_tribe_ticket_header":"","_tribe_default_ticket_provider":"","_tribe_ticket_capacity":"0","_ticket_start_date":"","_ticket_end_date":"","_tribe_ticket_show_description":"","_tribe_ticket_show_not_going":false,"_tribe_ticket_use_global_stock":"","_tribe_ticket_global_stock_level":"","_global_stock_mode":"","_global_stock_cap":"","_tribe_rsvp_for_event":"","_tribe_ticket_going_count":"","_tribe_ticket_not_going_count":"","_tribe_tickets_list":"[]","_tribe_ticket_has_attendee_info_fields":false,"footnotes":""},"categories":[1],"tags":[],"class_list":["post-47712","post","type-post","status-publish","format-standard","has-post-thumbnail","hentry","category-uncategorized-ca"],"acf":[],"yoast_head":"<!-- This site is optimized with the Yoast SEO plugin v23.7 - https:\/\/yoast.com\/wordpress\/plugins\/seo\/ -->\n<title>El Museu Ol\u00edmpic acull les II Jornades RED TRIP 2025 de la UVic-UCC - Museu Ol\u00edmpic i de l&#039;Esport<\/title>\n<meta name=\"robots\" content=\"index, follow, max-snippet:-1, max-image-preview:large, max-video-preview:-1\" \/>\n<link rel=\"canonical\" href=\"https:\/\/www.museuolimpicbcn.cat\/es\/el-museu-olimpic-acoge-las-ii-jornadas-red-trip-2025-de-la-uvic-ucc\/\" \/>\n<meta property=\"og:locale\" content=\"ca_ES\" \/>\n<meta property=\"og:type\" content=\"article\" \/>\n<meta property=\"og:title\" content=\"El Museu Ol\u00edmpic acull les II Jornades RED TRIP 2025 de la UVic-UCC - Museu Ol\u00edmpic i de l&#039;Esport\" \/>\n<meta property=\"og:description\" content=\"El Museu Ol\u00edmpic i de l\u2019Esport Joan Antoni Samaranch ha estat l\u2019escenari de les II Jornades RED TRIP 2025, organitzades per la Universitat de Vic \u2013 Universitat Central de Catalunya (UVic-UCC). La trobada va reunir professionals del sector esportiu per debatre sobre entrenament i prevenci\u00f3 de lesions en joves, dones i esportistes veterans. Entre els [&hellip;]\" \/>\n<meta property=\"og:url\" content=\"https:\/\/www.museuolimpicbcn.cat\/es\/el-museu-olimpic-acoge-las-ii-jornadas-red-trip-2025-de-la-uvic-ucc\/\" \/>\n<meta property=\"og:site_name\" content=\"Museu Ol\u00edmpic i de l&#039;Esport\" \/>\n<meta property=\"article:published_time\" content=\"2025-11-13T13:30:11+00:00\" \/>\n<meta property=\"og:image\" content=\"https:\/\/www.museuolimpicbcn.cat\/wp-content\/uploads\/sites\/2\/2025\/11\/VIC-_2-scaled.jpg\" \/>\n\t<meta property=\"og:image:width\" content=\"2560\" \/>\n\t<meta property=\"og:image:height\" content=\"1692\" \/>\n\t<meta property=\"og:image:type\" content=\"image\/jpeg\" \/>\n<meta name=\"author\" content=\"Ibone\" \/>\n<meta name=\"twitter:card\" content=\"summary_large_image\" \/>\n<meta name=\"twitter:label1\" content=\"Escrit per\" \/>\n\t<meta name=\"twitter:data1\" content=\"Ibone\" \/>\n\t<meta name=\"twitter:label2\" content=\"Temps estimat de lectura\" \/>\n\t<meta name=\"twitter:data2\" content=\"1 minut\" \/>\n<script type=\"application\/ld+json\" class=\"yoast-schema-graph\">{\"@context\":\"https:\/\/schema.org\",\"@graph\":[{\"@type\":\"Article\",\"@id\":\"https:\/\/www.museuolimpicbcn.cat\/es\/el-museu-olimpic-acoge-las-ii-jornadas-red-trip-2025-de-la-uvic-ucc\/#article\",\"isPartOf\":{\"@id\":\"https:\/\/www.museuolimpicbcn.cat\/es\/el-museu-olimpic-acoge-las-ii-jornadas-red-trip-2025-de-la-uvic-ucc\/\"},\"author\":{\"name\":\"Ibone\",\"@id\":\"https:\/\/www.museuolimpicbcn.cat\/ca\/#\/schema\/person\/b792834a53f193977df425a499287aa9\"},\"headline\":\"El Museu Ol\u00edmpic acull les II Jornades RED TRIP 2025 de la UVic-UCC\",\"datePublished\":\"2025-11-13T13:30:11+00:00\",\"dateModified\":\"2025-11-13T13:30:11+00:00\",\"mainEntityOfPage\":{\"@id\":\"https:\/\/www.museuolimpicbcn.cat\/es\/el-museu-olimpic-acoge-las-ii-jornadas-red-trip-2025-de-la-uvic-ucc\/\"},\"wordCount\":137,\"publisher\":{\"@id\":\"https:\/\/www.museuolimpicbcn.cat\/ca\/#organization\"},\"image\":{\"@id\":\"https:\/\/www.museuolimpicbcn.cat\/es\/el-museu-olimpic-acoge-las-ii-jornadas-red-trip-2025-de-la-uvic-ucc\/#primaryimage\"},\"thumbnailUrl\":\"https:\/\/www.museuolimpicbcn.cat\/wp-content\/uploads\/sites\/2\/2025\/11\/VIC-_2-scaled.jpg\",\"articleSection\":[\"Uncategorized @ca\"],\"inLanguage\":\"ca\"},{\"@type\":\"WebPage\",\"@id\":\"https:\/\/www.museuolimpicbcn.cat\/es\/el-museu-olimpic-acoge-las-ii-jornadas-red-trip-2025-de-la-uvic-ucc\/\",\"url\":\"https:\/\/www.museuolimpicbcn.cat\/es\/el-museu-olimpic-acoge-las-ii-jornadas-red-trip-2025-de-la-uvic-ucc\/\",\"name\":\"El Museu Ol\u00edmpic acull les II Jornades RED TRIP 2025 de la UVic-UCC - Museu Ol\u00edmpic i de l&#039;Esport\",\"isPartOf\":{\"@id\":\"https:\/\/www.museuolimpicbcn.cat\/ca\/#website\"},\"primaryImageOfPage\":{\"@id\":\"https:\/\/www.museuolimpicbcn.cat\/es\/el-museu-olimpic-acoge-las-ii-jornadas-red-trip-2025-de-la-uvic-ucc\/#primaryimage\"},\"image\":{\"@id\":\"https:\/\/www.museuolimpicbcn.cat\/es\/el-museu-olimpic-acoge-las-ii-jornadas-red-trip-2025-de-la-uvic-ucc\/#primaryimage\"},\"thumbnailUrl\":\"https:\/\/www.museuolimpicbcn.cat\/wp-content\/uploads\/sites\/2\/2025\/11\/VIC-_2-scaled.jpg\",\"datePublished\":\"2025-11-13T13:30:11+00:00\",\"dateModified\":\"2025-11-13T13:30:11+00:00\",\"breadcrumb\":{\"@id\":\"https:\/\/www.museuolimpicbcn.cat\/es\/el-museu-olimpic-acoge-las-ii-jornadas-red-trip-2025-de-la-uvic-ucc\/#breadcrumb\"},\"inLanguage\":\"ca\",\"potentialAction\":[{\"@type\":\"ReadAction\",\"target\":[\"https:\/\/www.museuolimpicbcn.cat\/es\/el-museu-olimpic-acoge-las-ii-jornadas-red-trip-2025-de-la-uvic-ucc\/\"]}]},{\"@type\":\"ImageObject\",\"inLanguage\":\"ca\",\"@id\":\"https:\/\/www.museuolimpicbcn.cat\/es\/el-museu-olimpic-acoge-las-ii-jornadas-red-trip-2025-de-la-uvic-ucc\/#primaryimage\",\"url\":\"https:\/\/www.museuolimpicbcn.cat\/wp-content\/uploads\/sites\/2\/2025\/11\/VIC-_2-scaled.jpg\",\"contentUrl\":\"https:\/\/www.museuolimpicbcn.cat\/wp-content\/uploads\/sites\/2\/2025\/11\/VIC-_2-scaled.jpg\",\"width\":2560,\"height\":1692},{\"@type\":\"BreadcrumbList\",\"@id\":\"https:\/\/www.museuolimpicbcn.cat\/es\/el-museu-olimpic-acoge-las-ii-jornadas-red-trip-2025-de-la-uvic-ucc\/#breadcrumb\",\"itemListElement\":[{\"@type\":\"ListItem\",\"position\":1,\"name\":\"Inici\",\"item\":\"https:\/\/www.museuolimpicbcn.cat\/es\/\"},{\"@type\":\"ListItem\",\"position\":2,\"name\":\"El Museu Ol\u00edmpic acull les II Jornades RED TRIP 2025 de la UVic-UCC\"}]},{\"@type\":\"WebSite\",\"@id\":\"https:\/\/www.museuolimpicbcn.cat\/ca\/#website\",\"url\":\"https:\/\/www.museuolimpicbcn.cat\/ca\/\",\"name\":\"Museu Ol\u00edmpic i de l&#039;Esport\",\"description\":\"Altre lloc Web del Museu Ol\u00edmpic i de l&#039;Esport llocs\",\"publisher\":{\"@id\":\"https:\/\/www.museuolimpicbcn.cat\/ca\/#organization\"},\"potentialAction\":[{\"@type\":\"SearchAction\",\"target\":{\"@type\":\"EntryPoint\",\"urlTemplate\":\"https:\/\/www.museuolimpicbcn.cat\/ca\/?s={search_term_string}\"},\"query-input\":{\"@type\":\"PropertyValueSpecification\",\"valueRequired\":true,\"valueName\":\"search_term_string\"}}],\"inLanguage\":\"ca\"},{\"@type\":\"Organization\",\"@id\":\"https:\/\/www.museuolimpicbcn.cat\/ca\/#organization\",\"name\":\"Museu Ol\u00edmpic i de l&#039;Esport\",\"url\":\"https:\/\/www.museuolimpicbcn.cat\/ca\/\",\"logo\":{\"@type\":\"ImageObject\",\"inLanguage\":\"ca\",\"@id\":\"https:\/\/www.museuolimpicbcn.cat\/ca\/#\/schema\/logo\/image\/\",\"url\":\"https:\/\/www.museuolimpicbcn.cat\/wp-content\/uploads\/sites\/2\/2018\/12\/logo-moe-header.svg\",\"contentUrl\":\"https:\/\/www.museuolimpicbcn.cat\/wp-content\/uploads\/sites\/2\/2018\/12\/logo-moe-header.svg\",\"caption\":\"Museu Ol\u00edmpic i de l&#039;Esport\"},\"image\":{\"@id\":\"https:\/\/www.museuolimpicbcn.cat\/ca\/#\/schema\/logo\/image\/\"}},{\"@type\":\"Person\",\"@id\":\"https:\/\/www.museuolimpicbcn.cat\/ca\/#\/schema\/person\/b792834a53f193977df425a499287aa9\",\"name\":\"Ibone\",\"url\":\"https:\/\/www.museuolimpicbcn.cat\/ca\/author\/fbolimpica\/\"}]}<\/script>\n<!-- \/ Yoast SEO plugin. -->","yoast_head_json":{"title":"El Museu Ol\u00edmpic acull les II Jornades RED TRIP 2025 de la UVic-UCC - Museu Ol\u00edmpic i de l&#039;Esport","robots":{"index":"index","follow":"follow","max-snippet":"max-snippet:-1","max-image-preview":"max-image-preview:large","max-video-preview":"max-video-preview:-1"},"canonical":"https:\/\/www.museuolimpicbcn.cat\/es\/el-museu-olimpic-acoge-las-ii-jornadas-red-trip-2025-de-la-uvic-ucc\/","og_locale":"ca_ES","og_type":"article","og_title":"El Museu Ol\u00edmpic acull les II Jornades RED TRIP 2025 de la UVic-UCC - Museu Ol\u00edmpic i de l&#039;Esport","og_description":"El Museu Ol\u00edmpic i de l\u2019Esport Joan Antoni Samaranch ha estat l\u2019escenari de les II Jornades RED TRIP 2025, organitzades per la Universitat de Vic \u2013 Universitat Central de Catalunya (UVic-UCC). La trobada va reunir professionals del sector esportiu per debatre sobre entrenament i prevenci\u00f3 de lesions en joves, dones i esportistes veterans. Entre els [&hellip;]","og_url":"https:\/\/www.museuolimpicbcn.cat\/es\/el-museu-olimpic-acoge-las-ii-jornadas-red-trip-2025-de-la-uvic-ucc\/","og_site_name":"Museu Ol\u00edmpic i de l&#039;Esport","article_published_time":"2025-11-13T13:30:11+00:00","og_image":[{"width":2560,"height":1692,"url":"https:\/\/www.museuolimpicbcn.cat\/wp-content\/uploads\/sites\/2\/2025\/11\/VIC-_2-scaled.jpg","type":"image\/jpeg"}],"author":"Ibone","twitter_card":"summary_large_image","twitter_misc":{"Escrit per":"Ibone","Temps estimat de lectura":"1 minut"},"schema":{"@context":"https:\/\/schema.org","@graph":[{"@type":"Article","@id":"https:\/\/www.museuolimpicbcn.cat\/es\/el-museu-olimpic-acoge-las-ii-jornadas-red-trip-2025-de-la-uvic-ucc\/#article","isPartOf":{"@id":"https:\/\/www.museuolimpicbcn.cat\/es\/el-museu-olimpic-acoge-las-ii-jornadas-red-trip-2025-de-la-uvic-ucc\/"},"author":{"name":"Ibone","@id":"https:\/\/www.museuolimpicbcn.cat\/ca\/#\/schema\/person\/b792834a53f193977df425a499287aa9"},"headline":"El Museu Ol\u00edmpic acull les II Jornades RED TRIP 2025 de la UVic-UCC","datePublished":"2025-11-13T13:30:11+00:00","dateModified":"2025-11-13T13:30:11+00:00","mainEntityOfPage":{"@id":"https:\/\/www.museuolimpicbcn.cat\/es\/el-museu-olimpic-acoge-las-ii-jornadas-red-trip-2025-de-la-uvic-ucc\/"},"wordCount":137,"publisher":{"@id":"https:\/\/www.museuolimpicbcn.cat\/ca\/#organization"},"image":{"@id":"https:\/\/www.museuolimpicbcn.cat\/es\/el-museu-olimpic-acoge-las-ii-jornadas-red-trip-2025-de-la-uvic-ucc\/#primaryimage"},"thumbnailUrl":"https:\/\/www.museuolimpicbcn.cat\/wp-content\/uploads\/sites\/2\/2025\/11\/VIC-_2-scaled.jpg","articleSection":["Uncategorized @ca"],"inLanguage":"ca"},{"@type":"WebPage","@id":"https:\/\/www.museuolimpicbcn.cat\/es\/el-museu-olimpic-acoge-las-ii-jornadas-red-trip-2025-de-la-uvic-ucc\/","url":"https:\/\/www.museuolimpicbcn.cat\/es\/el-museu-olimpic-acoge-las-ii-jornadas-red-trip-2025-de-la-uvic-ucc\/","name":"El Museu Ol\u00edmpic acull les II Jornades RED TRIP 2025 de la UVic-UCC - Museu Ol\u00edmpic i de l&#039;Esport","isPartOf":{"@id":"https:\/\/www.museuolimpicbcn.cat\/ca\/#website"},"primaryImageOfPage":{"@id":"https:\/\/www.museuolimpicbcn.cat\/es\/el-museu-olimpic-acoge-las-ii-jornadas-red-trip-2025-de-la-uvic-ucc\/#primaryimage"},"image":{"@id":"https:\/\/www.museuolimpicbcn.cat\/es\/el-museu-olimpic-acoge-las-ii-jornadas-red-trip-2025-de-la-uvic-ucc\/#primaryimage"},"thumbnailUrl":"https:\/\/www.museuolimpicbcn.cat\/wp-content\/uploads\/sites\/2\/2025\/11\/VIC-_2-scaled.jpg","datePublished":"2025-11-13T13:30:11+00:00","dateModified":"2025-11-13T13:30:11+00:00","breadcrumb":{"@id":"https:\/\/www.museuolimpicbcn.cat\/es\/el-museu-olimpic-acoge-las-ii-jornadas-red-trip-2025-de-la-uvic-ucc\/#breadcrumb"},"inLanguage":"ca","potentialAction":[{"@type":"ReadAction","target":["https:\/\/www.museuolimpicbcn.cat\/es\/el-museu-olimpic-acoge-las-ii-jornadas-red-trip-2025-de-la-uvic-ucc\/"]}]},{"@type":"ImageObject","inLanguage":"ca","@id":"https:\/\/www.museuolimpicbcn.cat\/es\/el-museu-olimpic-acoge-las-ii-jornadas-red-trip-2025-de-la-uvic-ucc\/#primaryimage","url":"https:\/\/www.museuolimpicbcn.cat\/wp-content\/uploads\/sites\/2\/2025\/11\/VIC-_2-scaled.jpg","contentUrl":"https:\/\/www.museuolimpicbcn.cat\/wp-content\/uploads\/sites\/2\/2025\/11\/VIC-_2-scaled.jpg","width":2560,"height":1692},{"@type":"BreadcrumbList","@id":"https:\/\/www.museuolimpicbcn.cat\/es\/el-museu-olimpic-acoge-las-ii-jornadas-red-trip-2025-de-la-uvic-ucc\/#breadcrumb","itemListElement":[{"@type":"ListItem","position":1,"name":"Inici","item":"https:\/\/www.museuolimpicbcn.cat\/es\/"},{"@type":"ListItem","position":2,"name":"El Museu Ol\u00edmpic acull les II Jornades RED TRIP 2025 de la UVic-UCC"}]},{"@type":"WebSite","@id":"https:\/\/www.museuolimpicbcn.cat\/ca\/#website","url":"https:\/\/www.museuolimpicbcn.cat\/ca\/","name":"Museu Ol\u00edmpic i de l&#039;Esport","description":"Altre lloc Web del Museu Ol\u00edmpic i de l&#039;Esport llocs","publisher":{"@id":"https:\/\/www.museuolimpicbcn.cat\/ca\/#organization"},"potentialAction":[{"@type":"SearchAction","target":{"@type":"EntryPoint","urlTemplate":"https:\/\/www.museuolimpicbcn.cat\/ca\/?s={search_term_string}"},"query-input":{"@type":"PropertyValueSpecification","valueRequired":true,"valueName":"search_term_string"}}],"inLanguage":"ca"},{"@type":"Organization","@id":"https:\/\/www.museuolimpicbcn.cat\/ca\/#organization","name":"Museu Ol\u00edmpic i de l&#039;Esport","url":"https:\/\/www.museuolimpicbcn.cat\/ca\/","logo":{"@type":"ImageObject","inLanguage":"ca","@id":"https:\/\/www.museuolimpicbcn.cat\/ca\/#\/schema\/logo\/image\/","url":"https:\/\/www.museuolimpicbcn.cat\/wp-content\/uploads\/sites\/2\/2018\/12\/logo-moe-header.svg","contentUrl":"https:\/\/www.museuolimpicbcn.cat\/wp-content\/uploads\/sites\/2\/2018\/12\/logo-moe-header.svg","caption":"Museu Ol\u00edmpic i de l&#039;Esport"},"image":{"@id":"https:\/\/www.museuolimpicbcn.cat\/ca\/#\/schema\/logo\/image\/"}},{"@type":"Person","@id":"https:\/\/www.museuolimpicbcn.cat\/ca\/#\/schema\/person\/b792834a53f193977df425a499287aa9","name":"Ibone","url":"https:\/\/www.museuolimpicbcn.cat\/ca\/author\/fbolimpica\/"}]}},"_links":{"self":[{"href":"https:\/\/www.museuolimpicbcn.cat\/ca\/wp-json\/wp\/v2\/posts\/47712"}],"collection":[{"href":"https:\/\/www.museuolimpicbcn.cat\/ca\/wp-json\/wp\/v2\/posts"}],"about":[{"href":"https:\/\/www.museuolimpicbcn.cat\/ca\/wp-json\/wp\/v2\/types\/post"}],"author":[{"embeddable":true,"href":"https:\/\/www.museuolimpicbcn.cat\/ca\/wp-json\/wp\/v2\/users\/11"}],"replies":[{"embeddable":true,"href":"https:\/\/www.museuolimpicbcn.cat\/ca\/wp-json\/wp\/v2\/comments?post=47712"}],"version-history":[{"count":0,"href":"https:\/\/www.museuolimpicbcn.cat\/ca\/wp-json\/wp\/v2\/posts\/47712\/revisions"}],"wp:featuredmedia":[{"embeddable":true,"href":"https:\/\/www.museuolimpicbcn.cat\/ca\/wp-json\/wp\/v2\/media\/47709"}],"wp:attachment":[{"href":"https:\/\/www.museuolimpicbcn.cat\/ca\/wp-json\/wp\/v2\/media?parent=47712"}],"wp:term":[{"taxonomy":"category","embeddable":true,"href":"https:\/\/www.museuolimpicbcn.cat\/ca\/wp-json\/wp\/v2\/categories?post=47712"},{"taxonomy":"post_tag","embeddable":true,"href":"https:\/\/www.museuolimpicbcn.cat\/ca\/wp-json\/wp\/v2\/tags?post=47712"}],"curies":[{"name":"wp","href":"https:\/\/api.w.org\/{rel}","templated":true}]}}