{"id":47931,"date":"2025-12-15T17:40:10","date_gmt":"2025-12-15T16:40:10","guid":{"rendered":"https:\/\/www.museuolimpicbcn.cat\/celebrat-lacte-de-reconeixement-als-campions-campiones-i-finalistes-dels-campionats-de-catalunya-juvenils-2025\/"},"modified":"2025-12-15T17:40:10","modified_gmt":"2025-12-15T16:40:10","slug":"celebrat-lacte-de-reconeixement-als-campions-campiones-i-finalistes-dels-campionats-de-catalunya-juvenils-2025","status":"publish","type":"post","link":"https:\/\/www.museuolimpicbcn.cat\/ca\/celebrat-lacte-de-reconeixement-als-campions-campiones-i-finalistes-dels-campionats-de-catalunya-juvenils-2025\/","title":{"rendered":"Celebrat l\u2019acte de reconeixement als campions, campiones i finalistes dels Campionats de Catalunya Juvenils 2025"},"content":{"rendered":"<p>El Museu Ol\u00edmpic i de l\u2019Esport Joan Antoni Samaranch va acollir, el dijous 27 de novembre, l\u2019acte de reconeixement de la Federaci\u00f3 Catalana de Tennis als campions, campiones i finalistes dels Campionats de Catalunya individuals juvenils 2025.<br \/>\nL\u2019esdeveniment va comptar amb la pres\u00e8ncia destacada de Pere Riba, extennista professional i entrenador d\u2019elit, que va compartir la seva traject\u00f2ria esportiva en una conversa amb el periodista Gin\u00e9s Mu\u00f1oz (Ag\u00e8ncia EFE). Actualment, Riba \u00e9s l\u2019entrenador de Qinwen Zheng, amb qui ha assolit importants \u00e8xits internacionals.<br \/>\nL\u2019acte va reunir representants institucionals, membres de la Federaci\u00f3 Catalana de Tennis, presidents i presidentes de clubs, aix\u00ed com familiars dels joves guardonats, que van rebre un p\u00f2ster personalitzat com a record dels seus \u00e8xits esportius.<\/p>\n","protected":false},"excerpt":{"rendered":"<p>El Museu Ol\u00edmpic i de l\u2019Esport Joan Antoni Samaranch va acollir, el dijous 27 de novembre, l\u2019acte de reconeixement de la Federaci\u00f3 Catalana de Tennis als campions, campiones i finalistes dels Campionats de Catalunya individuals juvenils 2025. L\u2019esdeveniment va comptar amb la pres\u00e8ncia destacada de Pere Riba, extennista professional i entrenador d\u2019elit, que va compartir [&hellip;]<\/p>\n","protected":false},"author":11,"featured_media":47928,"comment_status":"closed","ping_status":"closed","sticky":false,"template":"","format":"standard","meta":{"_acf_changed":false,"_price":"","_stock":"","_tribe_ticket_header":"","_tribe_default_ticket_provider":"","_tribe_ticket_capacity":"0","_ticket_start_date":"","_ticket_end_date":"","_tribe_ticket_show_description":"","_tribe_ticket_show_not_going":false,"_tribe_ticket_use_global_stock":"","_tribe_ticket_global_stock_level":"","_global_stock_mode":"","_global_stock_cap":"","_tribe_rsvp_for_event":"","_tribe_ticket_going_count":"","_tribe_ticket_not_going_count":"","_tribe_tickets_list":"[]","_tribe_ticket_has_attendee_info_fields":false,"footnotes":""},"categories":[1],"tags":[],"class_list":["post-47931","post","type-post","status-publish","format-standard","has-post-thumbnail","hentry","category-uncategorized-ca"],"acf":[],"yoast_head":"<!-- This site is optimized with the Yoast SEO plugin v23.7 - https:\/\/yoast.com\/wordpress\/plugins\/seo\/ -->\n<title>Celebrat l\u2019acte de reconeixement als campions, campiones i finalistes dels Campionats de Catalunya Juvenils 2025 - Museu Ol\u00edmpic i de l&#039;Esport<\/title>\n<meta name=\"robots\" content=\"index, follow, max-snippet:-1, max-image-preview:large, max-video-preview:-1\" \/>\n<link rel=\"canonical\" href=\"https:\/\/www.museuolimpicbcn.cat\/es\/celebrado-el-acto-de-reconocimiento-a-los-campeones-campeonas-y-finalistas-de-los-campeonatos-de-cataluna-juveniles-2025\/\" \/>\n<meta property=\"og:locale\" content=\"ca_ES\" \/>\n<meta property=\"og:type\" content=\"article\" \/>\n<meta property=\"og:title\" content=\"Celebrat l\u2019acte de reconeixement als campions, campiones i finalistes dels Campionats de Catalunya Juvenils 2025 - Museu Ol\u00edmpic i de l&#039;Esport\" \/>\n<meta property=\"og:description\" content=\"El Museu Ol\u00edmpic i de l\u2019Esport Joan Antoni Samaranch va acollir, el dijous 27 de novembre, l\u2019acte de reconeixement de la Federaci\u00f3 Catalana de Tennis als campions, campiones i finalistes dels Campionats de Catalunya individuals juvenils 2025. L\u2019esdeveniment va comptar amb la pres\u00e8ncia destacada de Pere Riba, extennista professional i entrenador d\u2019elit, que va compartir [&hellip;]\" \/>\n<meta property=\"og:url\" content=\"https:\/\/www.museuolimpicbcn.cat\/es\/celebrado-el-acto-de-reconocimiento-a-los-campeones-campeonas-y-finalistas-de-los-campeonatos-de-cataluna-juveniles-2025\/\" \/>\n<meta property=\"og:site_name\" content=\"Museu Ol\u00edmpic i de l&#039;Esport\" \/>\n<meta property=\"article:published_time\" content=\"2025-12-15T16:40:10+00:00\" \/>\n<meta property=\"og:image\" content=\"https:\/\/www.museuolimpicbcn.cat\/wp-content\/uploads\/sites\/2\/2025\/12\/ACTE-RECONEIXEMENT-2025.jpg\" \/>\n\t<meta property=\"og:image:width\" content=\"1600\" \/>\n\t<meta property=\"og:image:height\" content=\"1064\" \/>\n\t<meta property=\"og:image:type\" content=\"image\/jpeg\" \/>\n<meta name=\"author\" content=\"Ibone\" \/>\n<meta name=\"twitter:card\" content=\"summary_large_image\" \/>\n<meta name=\"twitter:label1\" content=\"Escrit per\" \/>\n\t<meta name=\"twitter:data1\" content=\"Ibone\" \/>\n\t<meta name=\"twitter:label2\" content=\"Temps estimat de lectura\" \/>\n\t<meta name=\"twitter:data2\" content=\"1 minut\" \/>\n<script type=\"application\/ld+json\" class=\"yoast-schema-graph\">{\"@context\":\"https:\/\/schema.org\",\"@graph\":[{\"@type\":\"Article\",\"@id\":\"https:\/\/www.museuolimpicbcn.cat\/es\/celebrado-el-acto-de-reconocimiento-a-los-campeones-campeonas-y-finalistas-de-los-campeonatos-de-cataluna-juveniles-2025\/#article\",\"isPartOf\":{\"@id\":\"https:\/\/www.museuolimpicbcn.cat\/es\/celebrado-el-acto-de-reconocimiento-a-los-campeones-campeonas-y-finalistas-de-los-campeonatos-de-cataluna-juveniles-2025\/\"},\"author\":{\"name\":\"Ibone\",\"@id\":\"https:\/\/www.museuolimpicbcn.cat\/ca\/#\/schema\/person\/b792834a53f193977df425a499287aa9\"},\"headline\":\"Celebrat l\u2019acte de reconeixement als campions, campiones i finalistes dels Campionats de Catalunya Juvenils 2025\",\"datePublished\":\"2025-12-15T16:40:10+00:00\",\"dateModified\":\"2025-12-15T16:40:10+00:00\",\"mainEntityOfPage\":{\"@id\":\"https:\/\/www.museuolimpicbcn.cat\/es\/celebrado-el-acto-de-reconocimiento-a-los-campeones-campeonas-y-finalistas-de-los-campeonatos-de-cataluna-juveniles-2025\/\"},\"wordCount\":145,\"publisher\":{\"@id\":\"https:\/\/www.museuolimpicbcn.cat\/ca\/#organization\"},\"image\":{\"@id\":\"https:\/\/www.museuolimpicbcn.cat\/es\/celebrado-el-acto-de-reconocimiento-a-los-campeones-campeonas-y-finalistas-de-los-campeonatos-de-cataluna-juveniles-2025\/#primaryimage\"},\"thumbnailUrl\":\"https:\/\/www.museuolimpicbcn.cat\/wp-content\/uploads\/sites\/2\/2025\/12\/ACTE-RECONEIXEMENT-2025.jpg\",\"articleSection\":[\"Uncategorized @ca\"],\"inLanguage\":\"ca\"},{\"@type\":\"WebPage\",\"@id\":\"https:\/\/www.museuolimpicbcn.cat\/es\/celebrado-el-acto-de-reconocimiento-a-los-campeones-campeonas-y-finalistas-de-los-campeonatos-de-cataluna-juveniles-2025\/\",\"url\":\"https:\/\/www.museuolimpicbcn.cat\/es\/celebrado-el-acto-de-reconocimiento-a-los-campeones-campeonas-y-finalistas-de-los-campeonatos-de-cataluna-juveniles-2025\/\",\"name\":\"Celebrat l\u2019acte de reconeixement als campions, campiones i finalistes dels Campionats de Catalunya Juvenils 2025 - Museu Ol\u00edmpic i de l&#039;Esport\",\"isPartOf\":{\"@id\":\"https:\/\/www.museuolimpicbcn.cat\/ca\/#website\"},\"primaryImageOfPage\":{\"@id\":\"https:\/\/www.museuolimpicbcn.cat\/es\/celebrado-el-acto-de-reconocimiento-a-los-campeones-campeonas-y-finalistas-de-los-campeonatos-de-cataluna-juveniles-2025\/#primaryimage\"},\"image\":{\"@id\":\"https:\/\/www.museuolimpicbcn.cat\/es\/celebrado-el-acto-de-reconocimiento-a-los-campeones-campeonas-y-finalistas-de-los-campeonatos-de-cataluna-juveniles-2025\/#primaryimage\"},\"thumbnailUrl\":\"https:\/\/www.museuolimpicbcn.cat\/wp-content\/uploads\/sites\/2\/2025\/12\/ACTE-RECONEIXEMENT-2025.jpg\",\"datePublished\":\"2025-12-15T16:40:10+00:00\",\"dateModified\":\"2025-12-15T16:40:10+00:00\",\"breadcrumb\":{\"@id\":\"https:\/\/www.museuolimpicbcn.cat\/es\/celebrado-el-acto-de-reconocimiento-a-los-campeones-campeonas-y-finalistas-de-los-campeonatos-de-cataluna-juveniles-2025\/#breadcrumb\"},\"inLanguage\":\"ca\",\"potentialAction\":[{\"@type\":\"ReadAction\",\"target\":[\"https:\/\/www.museuolimpicbcn.cat\/es\/celebrado-el-acto-de-reconocimiento-a-los-campeones-campeonas-y-finalistas-de-los-campeonatos-de-cataluna-juveniles-2025\/\"]}]},{\"@type\":\"ImageObject\",\"inLanguage\":\"ca\",\"@id\":\"https:\/\/www.museuolimpicbcn.cat\/es\/celebrado-el-acto-de-reconocimiento-a-los-campeones-campeonas-y-finalistas-de-los-campeonatos-de-cataluna-juveniles-2025\/#primaryimage\",\"url\":\"https:\/\/www.museuolimpicbcn.cat\/wp-content\/uploads\/sites\/2\/2025\/12\/ACTE-RECONEIXEMENT-2025.jpg\",\"contentUrl\":\"https:\/\/www.museuolimpicbcn.cat\/wp-content\/uploads\/sites\/2\/2025\/12\/ACTE-RECONEIXEMENT-2025.jpg\",\"width\":1600,\"height\":1064},{\"@type\":\"BreadcrumbList\",\"@id\":\"https:\/\/www.museuolimpicbcn.cat\/es\/celebrado-el-acto-de-reconocimiento-a-los-campeones-campeonas-y-finalistas-de-los-campeonatos-de-cataluna-juveniles-2025\/#breadcrumb\",\"itemListElement\":[{\"@type\":\"ListItem\",\"position\":1,\"name\":\"Inici\",\"item\":\"https:\/\/www.museuolimpicbcn.cat\/es\/\"},{\"@type\":\"ListItem\",\"position\":2,\"name\":\"Celebrat l\u2019acte de reconeixement als campions, campiones i finalistes dels Campionats de Catalunya Juvenils 2025\"}]},{\"@type\":\"WebSite\",\"@id\":\"https:\/\/www.museuolimpicbcn.cat\/ca\/#website\",\"url\":\"https:\/\/www.museuolimpicbcn.cat\/ca\/\",\"name\":\"Museu Ol\u00edmpic i de l&#039;Esport\",\"description\":\"Altre lloc Web del Museu Ol\u00edmpic i de l&#039;Esport llocs\",\"publisher\":{\"@id\":\"https:\/\/www.museuolimpicbcn.cat\/ca\/#organization\"},\"potentialAction\":[{\"@type\":\"SearchAction\",\"target\":{\"@type\":\"EntryPoint\",\"urlTemplate\":\"https:\/\/www.museuolimpicbcn.cat\/ca\/?s={search_term_string}\"},\"query-input\":{\"@type\":\"PropertyValueSpecification\",\"valueRequired\":true,\"valueName\":\"search_term_string\"}}],\"inLanguage\":\"ca\"},{\"@type\":\"Organization\",\"@id\":\"https:\/\/www.museuolimpicbcn.cat\/ca\/#organization\",\"name\":\"Museu Ol\u00edmpic i de l&#039;Esport\",\"url\":\"https:\/\/www.museuolimpicbcn.cat\/ca\/\",\"logo\":{\"@type\":\"ImageObject\",\"inLanguage\":\"ca\",\"@id\":\"https:\/\/www.museuolimpicbcn.cat\/ca\/#\/schema\/logo\/image\/\",\"url\":\"https:\/\/www.museuolimpicbcn.cat\/wp-content\/uploads\/sites\/2\/2018\/12\/logo-moe-header.svg\",\"contentUrl\":\"https:\/\/www.museuolimpicbcn.cat\/wp-content\/uploads\/sites\/2\/2018\/12\/logo-moe-header.svg\",\"caption\":\"Museu Ol\u00edmpic i de l&#039;Esport\"},\"image\":{\"@id\":\"https:\/\/www.museuolimpicbcn.cat\/ca\/#\/schema\/logo\/image\/\"}},{\"@type\":\"Person\",\"@id\":\"https:\/\/www.museuolimpicbcn.cat\/ca\/#\/schema\/person\/b792834a53f193977df425a499287aa9\",\"name\":\"Ibone\",\"url\":\"https:\/\/www.museuolimpicbcn.cat\/ca\/author\/fbolimpica\/\"}]}<\/script>\n<!-- \/ Yoast SEO plugin. -->","yoast_head_json":{"title":"Celebrat l\u2019acte de reconeixement als campions, campiones i finalistes dels Campionats de Catalunya Juvenils 2025 - Museu Ol\u00edmpic i de l&#039;Esport","robots":{"index":"index","follow":"follow","max-snippet":"max-snippet:-1","max-image-preview":"max-image-preview:large","max-video-preview":"max-video-preview:-1"},"canonical":"https:\/\/www.museuolimpicbcn.cat\/es\/celebrado-el-acto-de-reconocimiento-a-los-campeones-campeonas-y-finalistas-de-los-campeonatos-de-cataluna-juveniles-2025\/","og_locale":"ca_ES","og_type":"article","og_title":"Celebrat l\u2019acte de reconeixement als campions, campiones i finalistes dels Campionats de Catalunya Juvenils 2025 - Museu Ol\u00edmpic i de l&#039;Esport","og_description":"El Museu Ol\u00edmpic i de l\u2019Esport Joan Antoni Samaranch va acollir, el dijous 27 de novembre, l\u2019acte de reconeixement de la Federaci\u00f3 Catalana de Tennis als campions, campiones i finalistes dels Campionats de Catalunya individuals juvenils 2025. L\u2019esdeveniment va comptar amb la pres\u00e8ncia destacada de Pere Riba, extennista professional i entrenador d\u2019elit, que va compartir [&hellip;]","og_url":"https:\/\/www.museuolimpicbcn.cat\/es\/celebrado-el-acto-de-reconocimiento-a-los-campeones-campeonas-y-finalistas-de-los-campeonatos-de-cataluna-juveniles-2025\/","og_site_name":"Museu Ol\u00edmpic i de l&#039;Esport","article_published_time":"2025-12-15T16:40:10+00:00","og_image":[{"width":1600,"height":1064,"url":"https:\/\/www.museuolimpicbcn.cat\/wp-content\/uploads\/sites\/2\/2025\/12\/ACTE-RECONEIXEMENT-2025.jpg","type":"image\/jpeg"}],"author":"Ibone","twitter_card":"summary_large_image","twitter_misc":{"Escrit per":"Ibone","Temps estimat de lectura":"1 minut"},"schema":{"@context":"https:\/\/schema.org","@graph":[{"@type":"Article","@id":"https:\/\/www.museuolimpicbcn.cat\/es\/celebrado-el-acto-de-reconocimiento-a-los-campeones-campeonas-y-finalistas-de-los-campeonatos-de-cataluna-juveniles-2025\/#article","isPartOf":{"@id":"https:\/\/www.museuolimpicbcn.cat\/es\/celebrado-el-acto-de-reconocimiento-a-los-campeones-campeonas-y-finalistas-de-los-campeonatos-de-cataluna-juveniles-2025\/"},"author":{"name":"Ibone","@id":"https:\/\/www.museuolimpicbcn.cat\/ca\/#\/schema\/person\/b792834a53f193977df425a499287aa9"},"headline":"Celebrat l\u2019acte de reconeixement als campions, campiones i finalistes dels Campionats de Catalunya Juvenils 2025","datePublished":"2025-12-15T16:40:10+00:00","dateModified":"2025-12-15T16:40:10+00:00","mainEntityOfPage":{"@id":"https:\/\/www.museuolimpicbcn.cat\/es\/celebrado-el-acto-de-reconocimiento-a-los-campeones-campeonas-y-finalistas-de-los-campeonatos-de-cataluna-juveniles-2025\/"},"wordCount":145,"publisher":{"@id":"https:\/\/www.museuolimpicbcn.cat\/ca\/#organization"},"image":{"@id":"https:\/\/www.museuolimpicbcn.cat\/es\/celebrado-el-acto-de-reconocimiento-a-los-campeones-campeonas-y-finalistas-de-los-campeonatos-de-cataluna-juveniles-2025\/#primaryimage"},"thumbnailUrl":"https:\/\/www.museuolimpicbcn.cat\/wp-content\/uploads\/sites\/2\/2025\/12\/ACTE-RECONEIXEMENT-2025.jpg","articleSection":["Uncategorized @ca"],"inLanguage":"ca"},{"@type":"WebPage","@id":"https:\/\/www.museuolimpicbcn.cat\/es\/celebrado-el-acto-de-reconocimiento-a-los-campeones-campeonas-y-finalistas-de-los-campeonatos-de-cataluna-juveniles-2025\/","url":"https:\/\/www.museuolimpicbcn.cat\/es\/celebrado-el-acto-de-reconocimiento-a-los-campeones-campeonas-y-finalistas-de-los-campeonatos-de-cataluna-juveniles-2025\/","name":"Celebrat l\u2019acte de reconeixement als campions, campiones i finalistes dels Campionats de Catalunya Juvenils 2025 - Museu Ol\u00edmpic i de l&#039;Esport","isPartOf":{"@id":"https:\/\/www.museuolimpicbcn.cat\/ca\/#website"},"primaryImageOfPage":{"@id":"https:\/\/www.museuolimpicbcn.cat\/es\/celebrado-el-acto-de-reconocimiento-a-los-campeones-campeonas-y-finalistas-de-los-campeonatos-de-cataluna-juveniles-2025\/#primaryimage"},"image":{"@id":"https:\/\/www.museuolimpicbcn.cat\/es\/celebrado-el-acto-de-reconocimiento-a-los-campeones-campeonas-y-finalistas-de-los-campeonatos-de-cataluna-juveniles-2025\/#primaryimage"},"thumbnailUrl":"https:\/\/www.museuolimpicbcn.cat\/wp-content\/uploads\/sites\/2\/2025\/12\/ACTE-RECONEIXEMENT-2025.jpg","datePublished":"2025-12-15T16:40:10+00:00","dateModified":"2025-12-15T16:40:10+00:00","breadcrumb":{"@id":"https:\/\/www.museuolimpicbcn.cat\/es\/celebrado-el-acto-de-reconocimiento-a-los-campeones-campeonas-y-finalistas-de-los-campeonatos-de-cataluna-juveniles-2025\/#breadcrumb"},"inLanguage":"ca","potentialAction":[{"@type":"ReadAction","target":["https:\/\/www.museuolimpicbcn.cat\/es\/celebrado-el-acto-de-reconocimiento-a-los-campeones-campeonas-y-finalistas-de-los-campeonatos-de-cataluna-juveniles-2025\/"]}]},{"@type":"ImageObject","inLanguage":"ca","@id":"https:\/\/www.museuolimpicbcn.cat\/es\/celebrado-el-acto-de-reconocimiento-a-los-campeones-campeonas-y-finalistas-de-los-campeonatos-de-cataluna-juveniles-2025\/#primaryimage","url":"https:\/\/www.museuolimpicbcn.cat\/wp-content\/uploads\/sites\/2\/2025\/12\/ACTE-RECONEIXEMENT-2025.jpg","contentUrl":"https:\/\/www.museuolimpicbcn.cat\/wp-content\/uploads\/sites\/2\/2025\/12\/ACTE-RECONEIXEMENT-2025.jpg","width":1600,"height":1064},{"@type":"BreadcrumbList","@id":"https:\/\/www.museuolimpicbcn.cat\/es\/celebrado-el-acto-de-reconocimiento-a-los-campeones-campeonas-y-finalistas-de-los-campeonatos-de-cataluna-juveniles-2025\/#breadcrumb","itemListElement":[{"@type":"ListItem","position":1,"name":"Inici","item":"https:\/\/www.museuolimpicbcn.cat\/es\/"},{"@type":"ListItem","position":2,"name":"Celebrat l\u2019acte de reconeixement als campions, campiones i finalistes dels Campionats de Catalunya Juvenils 2025"}]},{"@type":"WebSite","@id":"https:\/\/www.museuolimpicbcn.cat\/ca\/#website","url":"https:\/\/www.museuolimpicbcn.cat\/ca\/","name":"Museu Ol\u00edmpic i de l&#039;Esport","description":"Altre lloc Web del Museu Ol\u00edmpic i de l&#039;Esport llocs","publisher":{"@id":"https:\/\/www.museuolimpicbcn.cat\/ca\/#organization"},"potentialAction":[{"@type":"SearchAction","target":{"@type":"EntryPoint","urlTemplate":"https:\/\/www.museuolimpicbcn.cat\/ca\/?s={search_term_string}"},"query-input":{"@type":"PropertyValueSpecification","valueRequired":true,"valueName":"search_term_string"}}],"inLanguage":"ca"},{"@type":"Organization","@id":"https:\/\/www.museuolimpicbcn.cat\/ca\/#organization","name":"Museu Ol\u00edmpic i de l&#039;Esport","url":"https:\/\/www.museuolimpicbcn.cat\/ca\/","logo":{"@type":"ImageObject","inLanguage":"ca","@id":"https:\/\/www.museuolimpicbcn.cat\/ca\/#\/schema\/logo\/image\/","url":"https:\/\/www.museuolimpicbcn.cat\/wp-content\/uploads\/sites\/2\/2018\/12\/logo-moe-header.svg","contentUrl":"https:\/\/www.museuolimpicbcn.cat\/wp-content\/uploads\/sites\/2\/2018\/12\/logo-moe-header.svg","caption":"Museu Ol\u00edmpic i de l&#039;Esport"},"image":{"@id":"https:\/\/www.museuolimpicbcn.cat\/ca\/#\/schema\/logo\/image\/"}},{"@type":"Person","@id":"https:\/\/www.museuolimpicbcn.cat\/ca\/#\/schema\/person\/b792834a53f193977df425a499287aa9","name":"Ibone","url":"https:\/\/www.museuolimpicbcn.cat\/ca\/author\/fbolimpica\/"}]}},"_links":{"self":[{"href":"https:\/\/www.museuolimpicbcn.cat\/ca\/wp-json\/wp\/v2\/posts\/47931"}],"collection":[{"href":"https:\/\/www.museuolimpicbcn.cat\/ca\/wp-json\/wp\/v2\/posts"}],"about":[{"href":"https:\/\/www.museuolimpicbcn.cat\/ca\/wp-json\/wp\/v2\/types\/post"}],"author":[{"embeddable":true,"href":"https:\/\/www.museuolimpicbcn.cat\/ca\/wp-json\/wp\/v2\/users\/11"}],"replies":[{"embeddable":true,"href":"https:\/\/www.museuolimpicbcn.cat\/ca\/wp-json\/wp\/v2\/comments?post=47931"}],"version-history":[{"count":0,"href":"https:\/\/www.museuolimpicbcn.cat\/ca\/wp-json\/wp\/v2\/posts\/47931\/revisions"}],"wp:featuredmedia":[{"embeddable":true,"href":"https:\/\/www.museuolimpicbcn.cat\/ca\/wp-json\/wp\/v2\/media\/47928"}],"wp:attachment":[{"href":"https:\/\/www.museuolimpicbcn.cat\/ca\/wp-json\/wp\/v2\/media?parent=47931"}],"wp:term":[{"taxonomy":"category","embeddable":true,"href":"https:\/\/www.museuolimpicbcn.cat\/ca\/wp-json\/wp\/v2\/categories?post=47931"},{"taxonomy":"post_tag","embeddable":true,"href":"https:\/\/www.museuolimpicbcn.cat\/ca\/wp-json\/wp\/v2\/tags?post=47931"}],"curies":[{"name":"wp","href":"https:\/\/api.w.org\/{rel}","templated":true}]}}