{"id":48749,"date":"2026-03-12T16:09:22","date_gmt":"2026-03-12T15:09:22","guid":{"rendered":"https:\/\/www.museuolimpicbcn.cat\/el-museu-olimpic-redueix-el-consum-denergia-aigua-i-emissions-durant-la-xi-marato-re-m\/"},"modified":"2026-03-12T16:09:22","modified_gmt":"2026-03-12T15:09:22","slug":"el-museu-olimpic-redueix-el-consum-denergia-aigua-i-emissions-durant-la-xi-marato-re-m","status":"publish","type":"post","link":"https:\/\/www.museuolimpicbcn.cat\/ca\/el-museu-olimpic-redueix-el-consum-denergia-aigua-i-emissions-durant-la-xi-marato-re-m\/","title":{"rendered":"El Museu Ol\u00edmpic redueix el consum d\u2019energia, aigua i emissions durant la XI Marat\u00f3 RE-M"},"content":{"rendered":"<p>El Museu Ol\u00edmpic i de l\u2019Esport Joan Antoni Samaranch ha obtingut resultats destacats en la XI Marat\u00f3 RE-M, amb una reducci\u00f3 significativa dels consums d\u2019energia, aigua i emissions durant les quatre setmanes de la iniciativa.<br \/>\nEn aquest per\u00edode, el museu ha aconseguit reduir el consum d\u2019energia el\u00e8ctrica en un 20,57%, l\u2019equivalent a 5.146 kWh. Pel que fa a l\u2019aigua, la reducci\u00f3 ha estat del 31,67%, amb 11 m\u00b3 menys de consum. Aquestes mesures tamb\u00e9 han perm\u00e8s disminuir les emissions de CO\u2082 en un 22,57%, evitant aproximadament 1.463 kg de CO\u2082 a l\u2019atmosfera.<br \/>\nCal destacar que aquests resultats s\u2019han assolit durant un mes d\u2019alta activitat al museu, coincidint amb la celebraci\u00f3 del BCN Sports Film Festival, organitzat per la Fundaci\u00f3 Barcelona Ol\u00edmpica. El museu n\u2019\u00e9s la seu principal i acull tant les cerim\u00f2nies d\u2019inauguraci\u00f3 i clausura com diverses sessions tem\u00e0tiques i sessions escolars, que enguany han comptat amb la participaci\u00f3 de m\u00e9s de 1.000 alumnes de diferents centres educatius de Catalunya.<br \/>\nAquests indicadors posen de manifest el comprom\u00eds i l\u2019esfor\u00e7 conjunt de tots els equips implicats, que han contribu\u00eft a assolir els objectius de la Marat\u00f3 tot mantenint l\u2019activitat cultural i educativa del museu. Els resultats reforcen, a m\u00e9s, la voluntat de continuar avan\u00e7ant cap a una gesti\u00f3 cada vegada m\u00e9s eficient i sostenible de l\u2019equipament.<\/p>\n","protected":false},"excerpt":{"rendered":"<p>El Museu Ol\u00edmpic i de l\u2019Esport Joan Antoni Samaranch ha obtingut resultats destacats en la XI Marat\u00f3 RE-M, amb una reducci\u00f3 significativa dels consums d\u2019energia, aigua i emissions durant les quatre setmanes de la iniciativa. En aquest per\u00edode, el museu ha aconseguit reduir el consum d\u2019energia el\u00e8ctrica en un 20,57%, l\u2019equivalent a 5.146 kWh. Pel [&hellip;]<\/p>\n","protected":false},"author":11,"featured_media":48745,"comment_status":"closed","ping_status":"closed","sticky":false,"template":"","format":"standard","meta":{"_acf_changed":false,"_price":"","_stock":"","_tribe_ticket_header":"","_tribe_default_ticket_provider":"","_tribe_ticket_capacity":"0","_ticket_start_date":"","_ticket_end_date":"","_tribe_ticket_show_description":"","_tribe_ticket_show_not_going":false,"_tribe_ticket_use_global_stock":"","_tribe_ticket_global_stock_level":"","_global_stock_mode":"","_global_stock_cap":"","_tribe_rsvp_for_event":"","_tribe_ticket_going_count":"","_tribe_ticket_not_going_count":"","_tribe_tickets_list":"[]","_tribe_ticket_has_attendee_info_fields":false,"footnotes":""},"categories":[1],"tags":[],"class_list":["post-48749","post","type-post","status-publish","format-standard","has-post-thumbnail","hentry","category-uncategorized-ca"],"acf":[],"yoast_head":"<!-- This site is optimized with the Yoast SEO plugin v23.7 - https:\/\/yoast.com\/wordpress\/plugins\/seo\/ -->\n<title>El Museu Ol\u00edmpic redueix el consum d\u2019energia, aigua i emissions durant la XI Marat\u00f3 RE-M - Museu Ol\u00edmpic i de l&#039;Esport<\/title>\n<meta name=\"robots\" content=\"index, follow, max-snippet:-1, max-image-preview:large, max-video-preview:-1\" \/>\n<link rel=\"canonical\" href=\"https:\/\/www.museuolimpicbcn.cat\/es\/el-museu-olimpic-reduce-el-consumo-de-energia-agua-y-emisiones-durante-la-xi-maraton-re-m\/\" \/>\n<meta property=\"og:locale\" content=\"ca_ES\" \/>\n<meta property=\"og:type\" content=\"article\" \/>\n<meta property=\"og:title\" content=\"El Museu Ol\u00edmpic redueix el consum d\u2019energia, aigua i emissions durant la XI Marat\u00f3 RE-M - Museu Ol\u00edmpic i de l&#039;Esport\" \/>\n<meta property=\"og:description\" content=\"El Museu Ol\u00edmpic i de l\u2019Esport Joan Antoni Samaranch ha obtingut resultats destacats en la XI Marat\u00f3 RE-M, amb una reducci\u00f3 significativa dels consums d\u2019energia, aigua i emissions durant les quatre setmanes de la iniciativa. En aquest per\u00edode, el museu ha aconseguit reduir el consum d\u2019energia el\u00e8ctrica en un 20,57%, l\u2019equivalent a 5.146 kWh. Pel [&hellip;]\" \/>\n<meta property=\"og:url\" content=\"https:\/\/www.museuolimpicbcn.cat\/es\/el-museu-olimpic-reduce-el-consumo-de-energia-agua-y-emisiones-durante-la-xi-maraton-re-m\/\" \/>\n<meta property=\"og:site_name\" content=\"Museu Ol\u00edmpic i de l&#039;Esport\" \/>\n<meta property=\"article:published_time\" content=\"2026-03-12T15:09:22+00:00\" \/>\n<meta property=\"og:image\" content=\"https:\/\/www.museuolimpicbcn.cat\/wp-content\/uploads\/sites\/2\/2026\/03\/Maraton-energia_1-scaled.jpg\" \/>\n\t<meta property=\"og:image:width\" content=\"2560\" \/>\n\t<meta property=\"og:image:height\" content=\"1508\" \/>\n\t<meta property=\"og:image:type\" content=\"image\/jpeg\" \/>\n<meta name=\"author\" content=\"Ibone\" \/>\n<meta name=\"twitter:card\" content=\"summary_large_image\" \/>\n<meta name=\"twitter:label1\" content=\"Escrit per\" \/>\n\t<meta name=\"twitter:data1\" content=\"Ibone\" \/>\n\t<meta name=\"twitter:label2\" content=\"Temps estimat de lectura\" \/>\n\t<meta name=\"twitter:data2\" content=\"1 minut\" \/>\n<script type=\"application\/ld+json\" class=\"yoast-schema-graph\">{\"@context\":\"https:\/\/schema.org\",\"@graph\":[{\"@type\":\"Article\",\"@id\":\"https:\/\/www.museuolimpicbcn.cat\/es\/el-museu-olimpic-reduce-el-consumo-de-energia-agua-y-emisiones-durante-la-xi-maraton-re-m\/#article\",\"isPartOf\":{\"@id\":\"https:\/\/www.museuolimpicbcn.cat\/es\/el-museu-olimpic-reduce-el-consumo-de-energia-agua-y-emisiones-durante-la-xi-maraton-re-m\/\"},\"author\":{\"name\":\"Ibone\",\"@id\":\"https:\/\/www.museuolimpicbcn.cat\/ca\/#\/schema\/person\/b792834a53f193977df425a499287aa9\"},\"headline\":\"El Museu Ol\u00edmpic redueix el consum d\u2019energia, aigua i emissions durant la XI Marat\u00f3 RE-M\",\"datePublished\":\"2026-03-12T15:09:22+00:00\",\"dateModified\":\"2026-03-12T15:09:22+00:00\",\"mainEntityOfPage\":{\"@id\":\"https:\/\/www.museuolimpicbcn.cat\/es\/el-museu-olimpic-reduce-el-consumo-de-energia-agua-y-emisiones-durante-la-xi-maraton-re-m\/\"},\"wordCount\":251,\"publisher\":{\"@id\":\"https:\/\/www.museuolimpicbcn.cat\/ca\/#organization\"},\"image\":{\"@id\":\"https:\/\/www.museuolimpicbcn.cat\/es\/el-museu-olimpic-reduce-el-consumo-de-energia-agua-y-emisiones-durante-la-xi-maraton-re-m\/#primaryimage\"},\"thumbnailUrl\":\"https:\/\/www.museuolimpicbcn.cat\/wp-content\/uploads\/sites\/2\/2026\/03\/Maraton-energia_1-scaled.jpg\",\"articleSection\":[\"Uncategorized @ca\"],\"inLanguage\":\"ca\"},{\"@type\":\"WebPage\",\"@id\":\"https:\/\/www.museuolimpicbcn.cat\/es\/el-museu-olimpic-reduce-el-consumo-de-energia-agua-y-emisiones-durante-la-xi-maraton-re-m\/\",\"url\":\"https:\/\/www.museuolimpicbcn.cat\/es\/el-museu-olimpic-reduce-el-consumo-de-energia-agua-y-emisiones-durante-la-xi-maraton-re-m\/\",\"name\":\"El Museu Ol\u00edmpic redueix el consum d\u2019energia, aigua i emissions durant la XI Marat\u00f3 RE-M - Museu Ol\u00edmpic i de l&#039;Esport\",\"isPartOf\":{\"@id\":\"https:\/\/www.museuolimpicbcn.cat\/ca\/#website\"},\"primaryImageOfPage\":{\"@id\":\"https:\/\/www.museuolimpicbcn.cat\/es\/el-museu-olimpic-reduce-el-consumo-de-energia-agua-y-emisiones-durante-la-xi-maraton-re-m\/#primaryimage\"},\"image\":{\"@id\":\"https:\/\/www.museuolimpicbcn.cat\/es\/el-museu-olimpic-reduce-el-consumo-de-energia-agua-y-emisiones-durante-la-xi-maraton-re-m\/#primaryimage\"},\"thumbnailUrl\":\"https:\/\/www.museuolimpicbcn.cat\/wp-content\/uploads\/sites\/2\/2026\/03\/Maraton-energia_1-scaled.jpg\",\"datePublished\":\"2026-03-12T15:09:22+00:00\",\"dateModified\":\"2026-03-12T15:09:22+00:00\",\"breadcrumb\":{\"@id\":\"https:\/\/www.museuolimpicbcn.cat\/es\/el-museu-olimpic-reduce-el-consumo-de-energia-agua-y-emisiones-durante-la-xi-maraton-re-m\/#breadcrumb\"},\"inLanguage\":\"ca\",\"potentialAction\":[{\"@type\":\"ReadAction\",\"target\":[\"https:\/\/www.museuolimpicbcn.cat\/es\/el-museu-olimpic-reduce-el-consumo-de-energia-agua-y-emisiones-durante-la-xi-maraton-re-m\/\"]}]},{\"@type\":\"ImageObject\",\"inLanguage\":\"ca\",\"@id\":\"https:\/\/www.museuolimpicbcn.cat\/es\/el-museu-olimpic-reduce-el-consumo-de-energia-agua-y-emisiones-durante-la-xi-maraton-re-m\/#primaryimage\",\"url\":\"https:\/\/www.museuolimpicbcn.cat\/wp-content\/uploads\/sites\/2\/2026\/03\/Maraton-energia_1-scaled.jpg\",\"contentUrl\":\"https:\/\/www.museuolimpicbcn.cat\/wp-content\/uploads\/sites\/2\/2026\/03\/Maraton-energia_1-scaled.jpg\",\"width\":2560,\"height\":1508},{\"@type\":\"BreadcrumbList\",\"@id\":\"https:\/\/www.museuolimpicbcn.cat\/es\/el-museu-olimpic-reduce-el-consumo-de-energia-agua-y-emisiones-durante-la-xi-maraton-re-m\/#breadcrumb\",\"itemListElement\":[{\"@type\":\"ListItem\",\"position\":1,\"name\":\"Inici\",\"item\":\"https:\/\/www.museuolimpicbcn.cat\/es\/\"},{\"@type\":\"ListItem\",\"position\":2,\"name\":\"El Museu Ol\u00edmpic redueix el consum d\u2019energia, aigua i emissions durant la XI Marat\u00f3 RE-M\"}]},{\"@type\":\"WebSite\",\"@id\":\"https:\/\/www.museuolimpicbcn.cat\/ca\/#website\",\"url\":\"https:\/\/www.museuolimpicbcn.cat\/ca\/\",\"name\":\"Museu Ol\u00edmpic i de l&#039;Esport\",\"description\":\"Altre lloc Web del Museu Ol\u00edmpic i de l&#039;Esport llocs\",\"publisher\":{\"@id\":\"https:\/\/www.museuolimpicbcn.cat\/ca\/#organization\"},\"potentialAction\":[{\"@type\":\"SearchAction\",\"target\":{\"@type\":\"EntryPoint\",\"urlTemplate\":\"https:\/\/www.museuolimpicbcn.cat\/ca\/?s={search_term_string}\"},\"query-input\":{\"@type\":\"PropertyValueSpecification\",\"valueRequired\":true,\"valueName\":\"search_term_string\"}}],\"inLanguage\":\"ca\"},{\"@type\":\"Organization\",\"@id\":\"https:\/\/www.museuolimpicbcn.cat\/ca\/#organization\",\"name\":\"Museu Ol\u00edmpic i de l&#039;Esport\",\"url\":\"https:\/\/www.museuolimpicbcn.cat\/ca\/\",\"logo\":{\"@type\":\"ImageObject\",\"inLanguage\":\"ca\",\"@id\":\"https:\/\/www.museuolimpicbcn.cat\/ca\/#\/schema\/logo\/image\/\",\"url\":\"https:\/\/www.museuolimpicbcn.cat\/wp-content\/uploads\/sites\/2\/2018\/12\/logo-moe-header.svg\",\"contentUrl\":\"https:\/\/www.museuolimpicbcn.cat\/wp-content\/uploads\/sites\/2\/2018\/12\/logo-moe-header.svg\",\"caption\":\"Museu Ol\u00edmpic i de l&#039;Esport\"},\"image\":{\"@id\":\"https:\/\/www.museuolimpicbcn.cat\/ca\/#\/schema\/logo\/image\/\"}},{\"@type\":\"Person\",\"@id\":\"https:\/\/www.museuolimpicbcn.cat\/ca\/#\/schema\/person\/b792834a53f193977df425a499287aa9\",\"name\":\"Ibone\",\"url\":\"https:\/\/www.museuolimpicbcn.cat\/ca\/author\/fbolimpica\/\"}]}<\/script>\n<!-- \/ Yoast SEO plugin. -->","yoast_head_json":{"title":"El Museu Ol\u00edmpic redueix el consum d\u2019energia, aigua i emissions durant la XI Marat\u00f3 RE-M - Museu Ol\u00edmpic i de l&#039;Esport","robots":{"index":"index","follow":"follow","max-snippet":"max-snippet:-1","max-image-preview":"max-image-preview:large","max-video-preview":"max-video-preview:-1"},"canonical":"https:\/\/www.museuolimpicbcn.cat\/es\/el-museu-olimpic-reduce-el-consumo-de-energia-agua-y-emisiones-durante-la-xi-maraton-re-m\/","og_locale":"ca_ES","og_type":"article","og_title":"El Museu Ol\u00edmpic redueix el consum d\u2019energia, aigua i emissions durant la XI Marat\u00f3 RE-M - Museu Ol\u00edmpic i de l&#039;Esport","og_description":"El Museu Ol\u00edmpic i de l\u2019Esport Joan Antoni Samaranch ha obtingut resultats destacats en la XI Marat\u00f3 RE-M, amb una reducci\u00f3 significativa dels consums d\u2019energia, aigua i emissions durant les quatre setmanes de la iniciativa. En aquest per\u00edode, el museu ha aconseguit reduir el consum d\u2019energia el\u00e8ctrica en un 20,57%, l\u2019equivalent a 5.146 kWh. Pel [&hellip;]","og_url":"https:\/\/www.museuolimpicbcn.cat\/es\/el-museu-olimpic-reduce-el-consumo-de-energia-agua-y-emisiones-durante-la-xi-maraton-re-m\/","og_site_name":"Museu Ol\u00edmpic i de l&#039;Esport","article_published_time":"2026-03-12T15:09:22+00:00","og_image":[{"width":2560,"height":1508,"url":"https:\/\/www.museuolimpicbcn.cat\/wp-content\/uploads\/sites\/2\/2026\/03\/Maraton-energia_1-scaled.jpg","type":"image\/jpeg"}],"author":"Ibone","twitter_card":"summary_large_image","twitter_misc":{"Escrit per":"Ibone","Temps estimat de lectura":"1 minut"},"schema":{"@context":"https:\/\/schema.org","@graph":[{"@type":"Article","@id":"https:\/\/www.museuolimpicbcn.cat\/es\/el-museu-olimpic-reduce-el-consumo-de-energia-agua-y-emisiones-durante-la-xi-maraton-re-m\/#article","isPartOf":{"@id":"https:\/\/www.museuolimpicbcn.cat\/es\/el-museu-olimpic-reduce-el-consumo-de-energia-agua-y-emisiones-durante-la-xi-maraton-re-m\/"},"author":{"name":"Ibone","@id":"https:\/\/www.museuolimpicbcn.cat\/ca\/#\/schema\/person\/b792834a53f193977df425a499287aa9"},"headline":"El Museu Ol\u00edmpic redueix el consum d\u2019energia, aigua i emissions durant la XI Marat\u00f3 RE-M","datePublished":"2026-03-12T15:09:22+00:00","dateModified":"2026-03-12T15:09:22+00:00","mainEntityOfPage":{"@id":"https:\/\/www.museuolimpicbcn.cat\/es\/el-museu-olimpic-reduce-el-consumo-de-energia-agua-y-emisiones-durante-la-xi-maraton-re-m\/"},"wordCount":251,"publisher":{"@id":"https:\/\/www.museuolimpicbcn.cat\/ca\/#organization"},"image":{"@id":"https:\/\/www.museuolimpicbcn.cat\/es\/el-museu-olimpic-reduce-el-consumo-de-energia-agua-y-emisiones-durante-la-xi-maraton-re-m\/#primaryimage"},"thumbnailUrl":"https:\/\/www.museuolimpicbcn.cat\/wp-content\/uploads\/sites\/2\/2026\/03\/Maraton-energia_1-scaled.jpg","articleSection":["Uncategorized @ca"],"inLanguage":"ca"},{"@type":"WebPage","@id":"https:\/\/www.museuolimpicbcn.cat\/es\/el-museu-olimpic-reduce-el-consumo-de-energia-agua-y-emisiones-durante-la-xi-maraton-re-m\/","url":"https:\/\/www.museuolimpicbcn.cat\/es\/el-museu-olimpic-reduce-el-consumo-de-energia-agua-y-emisiones-durante-la-xi-maraton-re-m\/","name":"El Museu Ol\u00edmpic redueix el consum d\u2019energia, aigua i emissions durant la XI Marat\u00f3 RE-M - Museu Ol\u00edmpic i de l&#039;Esport","isPartOf":{"@id":"https:\/\/www.museuolimpicbcn.cat\/ca\/#website"},"primaryImageOfPage":{"@id":"https:\/\/www.museuolimpicbcn.cat\/es\/el-museu-olimpic-reduce-el-consumo-de-energia-agua-y-emisiones-durante-la-xi-maraton-re-m\/#primaryimage"},"image":{"@id":"https:\/\/www.museuolimpicbcn.cat\/es\/el-museu-olimpic-reduce-el-consumo-de-energia-agua-y-emisiones-durante-la-xi-maraton-re-m\/#primaryimage"},"thumbnailUrl":"https:\/\/www.museuolimpicbcn.cat\/wp-content\/uploads\/sites\/2\/2026\/03\/Maraton-energia_1-scaled.jpg","datePublished":"2026-03-12T15:09:22+00:00","dateModified":"2026-03-12T15:09:22+00:00","breadcrumb":{"@id":"https:\/\/www.museuolimpicbcn.cat\/es\/el-museu-olimpic-reduce-el-consumo-de-energia-agua-y-emisiones-durante-la-xi-maraton-re-m\/#breadcrumb"},"inLanguage":"ca","potentialAction":[{"@type":"ReadAction","target":["https:\/\/www.museuolimpicbcn.cat\/es\/el-museu-olimpic-reduce-el-consumo-de-energia-agua-y-emisiones-durante-la-xi-maraton-re-m\/"]}]},{"@type":"ImageObject","inLanguage":"ca","@id":"https:\/\/www.museuolimpicbcn.cat\/es\/el-museu-olimpic-reduce-el-consumo-de-energia-agua-y-emisiones-durante-la-xi-maraton-re-m\/#primaryimage","url":"https:\/\/www.museuolimpicbcn.cat\/wp-content\/uploads\/sites\/2\/2026\/03\/Maraton-energia_1-scaled.jpg","contentUrl":"https:\/\/www.museuolimpicbcn.cat\/wp-content\/uploads\/sites\/2\/2026\/03\/Maraton-energia_1-scaled.jpg","width":2560,"height":1508},{"@type":"BreadcrumbList","@id":"https:\/\/www.museuolimpicbcn.cat\/es\/el-museu-olimpic-reduce-el-consumo-de-energia-agua-y-emisiones-durante-la-xi-maraton-re-m\/#breadcrumb","itemListElement":[{"@type":"ListItem","position":1,"name":"Inici","item":"https:\/\/www.museuolimpicbcn.cat\/es\/"},{"@type":"ListItem","position":2,"name":"El Museu Ol\u00edmpic redueix el consum d\u2019energia, aigua i emissions durant la XI Marat\u00f3 RE-M"}]},{"@type":"WebSite","@id":"https:\/\/www.museuolimpicbcn.cat\/ca\/#website","url":"https:\/\/www.museuolimpicbcn.cat\/ca\/","name":"Museu Ol\u00edmpic i de l&#039;Esport","description":"Altre lloc Web del Museu Ol\u00edmpic i de l&#039;Esport llocs","publisher":{"@id":"https:\/\/www.museuolimpicbcn.cat\/ca\/#organization"},"potentialAction":[{"@type":"SearchAction","target":{"@type":"EntryPoint","urlTemplate":"https:\/\/www.museuolimpicbcn.cat\/ca\/?s={search_term_string}"},"query-input":{"@type":"PropertyValueSpecification","valueRequired":true,"valueName":"search_term_string"}}],"inLanguage":"ca"},{"@type":"Organization","@id":"https:\/\/www.museuolimpicbcn.cat\/ca\/#organization","name":"Museu Ol\u00edmpic i de l&#039;Esport","url":"https:\/\/www.museuolimpicbcn.cat\/ca\/","logo":{"@type":"ImageObject","inLanguage":"ca","@id":"https:\/\/www.museuolimpicbcn.cat\/ca\/#\/schema\/logo\/image\/","url":"https:\/\/www.museuolimpicbcn.cat\/wp-content\/uploads\/sites\/2\/2018\/12\/logo-moe-header.svg","contentUrl":"https:\/\/www.museuolimpicbcn.cat\/wp-content\/uploads\/sites\/2\/2018\/12\/logo-moe-header.svg","caption":"Museu Ol\u00edmpic i de l&#039;Esport"},"image":{"@id":"https:\/\/www.museuolimpicbcn.cat\/ca\/#\/schema\/logo\/image\/"}},{"@type":"Person","@id":"https:\/\/www.museuolimpicbcn.cat\/ca\/#\/schema\/person\/b792834a53f193977df425a499287aa9","name":"Ibone","url":"https:\/\/www.museuolimpicbcn.cat\/ca\/author\/fbolimpica\/"}]}},"_links":{"self":[{"href":"https:\/\/www.museuolimpicbcn.cat\/ca\/wp-json\/wp\/v2\/posts\/48749"}],"collection":[{"href":"https:\/\/www.museuolimpicbcn.cat\/ca\/wp-json\/wp\/v2\/posts"}],"about":[{"href":"https:\/\/www.museuolimpicbcn.cat\/ca\/wp-json\/wp\/v2\/types\/post"}],"author":[{"embeddable":true,"href":"https:\/\/www.museuolimpicbcn.cat\/ca\/wp-json\/wp\/v2\/users\/11"}],"replies":[{"embeddable":true,"href":"https:\/\/www.museuolimpicbcn.cat\/ca\/wp-json\/wp\/v2\/comments?post=48749"}],"version-history":[{"count":0,"href":"https:\/\/www.museuolimpicbcn.cat\/ca\/wp-json\/wp\/v2\/posts\/48749\/revisions"}],"wp:featuredmedia":[{"embeddable":true,"href":"https:\/\/www.museuolimpicbcn.cat\/ca\/wp-json\/wp\/v2\/media\/48745"}],"wp:attachment":[{"href":"https:\/\/www.museuolimpicbcn.cat\/ca\/wp-json\/wp\/v2\/media?parent=48749"}],"wp:term":[{"taxonomy":"category","embeddable":true,"href":"https:\/\/www.museuolimpicbcn.cat\/ca\/wp-json\/wp\/v2\/categories?post=48749"},{"taxonomy":"post_tag","embeddable":true,"href":"https:\/\/www.museuolimpicbcn.cat\/ca\/wp-json\/wp\/v2\/tags?post=48749"}],"curies":[{"name":"wp","href":"https:\/\/api.w.org\/{rel}","templated":true}]}}