{"id":5587,"date":"2009-11-27T00:00:00","date_gmt":"2009-11-26T23:00:00","guid":{"rendered":"http:\/\/dev.museuolimpicbcn.cat\/conferencies-sobre-esport-i-medi-ambient\/"},"modified":"2009-11-27T00:00:00","modified_gmt":"2009-11-26T23:00:00","slug":"conferencies-sobre-esport-i-medi-ambient","status":"publish","type":"post","link":"https:\/\/www.museuolimpicbcn.cat\/ca\/conferencies-sobre-esport-i-medi-ambient\/","title":{"rendered":"Confer\u00e8ncies sobre Esport i Medi Ambient"},"content":{"rendered":"<p>El programa que s&rsquo;ha desenvolupat al llarg del mat&iacute; de divendres 27 de novembre ha comptat amb la participaci&oacute; de Carmen Ercilla i Josep Manel Esteban de la Diputaci&oacute; de Barcelona amb la pon&egrave;ncia sobre &#8220;L&rsquo;ambientalitzaci&oacute; d&#8217;esdeveniments i equipaments esportius. &#8221; Posteriorment Gabriel Arranz, director de Promoci&oacute; i esdeveniments de l&#8217;Institut Barcelona Esports, ha exposat &#8220;L&#8217;experi&egrave;ncia de Greening Major Events. El resultat de compartir les bones pr&agrave;ctiques mediambientals en l&#8217;esport&#8221; i &#8220;Les bones pr&agrave;ctiques ambientals a les instal&middot;lacions esportives municipals a Barcelona&#8221;. Posteriorment, Juli Pernas, director de la Fundaci&oacute; Barcelona Ol&iacute;mpica i president de la Comissi&oacute; d&#8217;Esport i Medi Ambient del COE, va moderar el col&middot;loqui. La segona part de la jornada ha estat moderada per Pau P&eacute;rez, ge&ograve;graf, ge&ograve;leg i membre de m&egrave;rit de la Comissi&oacute; d&#8217;Esport i Medi Ambient del COE. Jordi Soler, ge&ograve;graf i cap de la secci&oacute; territorial nord dels Espais Naturals de la Diputaci&oacute; de Barcelona ha exposat &#8220;Els esports en els espais naturals protegits&#8221;. Posteriorment Isabel Ravent&oacute;s, directora del servei d&#8217;&uacute;s p&uacute;blic, divulgaci&oacute; i educaci&oacute; ambiental del Parc de Collserola ha tractat &#8220;Els reptes de futur. Passejar amb bicicleta per Collserola&#8221;. Per finalitzar aquestes confer&egrave;ncies Krishana Monton, gerent i propietari de Yeti Emotio SL, ha remarcat les accions que des de la seva empresa es realitzen en la &#8220;Sostenibilitat i rendibilitat d&#8217;una empresa d&#8217;esport d&#8217;aventura&#8221;. Per la seva part, Jos&eacute; M&ordf; Nasarre, doctor en Dret i professor a la Universitat de Saragossa, i Responsable de l&#8217;&Agrave;rea d&#8217;accessos i naturalesa de la FEDME, ens ha destacat &#8220;la regulaci&oacute; jur&iacute;dica de les empreses de turisme actiu&#8221;, assenyalant l&#8217;evoluci&oacute; en les lleis que regulen, segons les diverses comunitats auton&ograve;miques, les empreses que es dediquen a les activitats esportives en el medi natural. Aquestes confer&egrave;ncies s&oacute;n una mostra m&eacute;s de la necessitat i inter&egrave;s per part d&#8217;entitats, empreses i persones per millorar i tenir cura del medi ambient. El passat 20 de novembre, el regidor d&#8217;Esports i Joventut de l&#8217;Ajuntament de Palma de Mallorca, Baldomero Oliver, va inaugurar la jornada &#8220;Esports sostenibles i medi ambient&#8221; amb la participaci&oacute; de diferents entitats, entre altres Juli Pernas, Membre del COE, i va dir que L&rsquo;IME ES COMPROMET A MILLORAR LES NOVES INSTAL&middot;LACIONS ESPORTIVES AMB LA IMPLANTACI&Oacute; D&rsquo;ENERGIA RENOVABLE I REUTILITZACI&Oacute; DE RECURSOS H&Iacute;DRICS.<\/p>\n","protected":false},"excerpt":{"rendered":"<p>El Museu Ol\u00edmpic i de l&#8217;Esport ha acollit les confer\u00e8ncies sobre Esport i Medi Ambient<\/p>\n","protected":false},"author":1,"featured_media":0,"comment_status":"open","ping_status":"open","sticky":false,"template":"","format":"standard","meta":{"_acf_changed":false,"_price":"","_stock":"","_tribe_ticket_header":"","_tribe_default_ticket_provider":"","_tribe_ticket_capacity":"0","_ticket_start_date":"","_ticket_end_date":"","_tribe_ticket_show_description":"","_tribe_ticket_show_not_going":false,"_tribe_ticket_use_global_stock":"","_tribe_ticket_global_stock_level":"","_global_stock_mode":"","_global_stock_cap":"","_tribe_rsvp_for_event":"","_tribe_ticket_going_count":"","_tribe_ticket_not_going_count":"","_tribe_tickets_list":"[]","_tribe_ticket_has_attendee_info_fields":false,"footnotes":""},"categories":[1],"tags":[],"class_list":["post-5587","post","type-post","status-publish","format-standard","hentry","category-uncategorized-ca"],"acf":[],"yoast_head":"<!-- This site is optimized with the Yoast SEO plugin v23.7 - https:\/\/yoast.com\/wordpress\/plugins\/seo\/ -->\n<title>Confer\u00e8ncies sobre Esport i Medi Ambient - Museu Ol\u00edmpic i de l&#039;Esport<\/title>\n<meta name=\"robots\" content=\"index, follow, max-snippet:-1, max-image-preview:large, max-video-preview:-1\" \/>\n<link rel=\"canonical\" href=\"https:\/\/www.museuolimpicbcn.cat\/ca\/conferencies-sobre-esport-i-medi-ambient\/\" \/>\n<meta property=\"og:locale\" content=\"ca_ES\" \/>\n<meta property=\"og:type\" content=\"article\" \/>\n<meta property=\"og:title\" content=\"Confer\u00e8ncies sobre Esport i Medi Ambient - Museu Ol\u00edmpic i de l&#039;Esport\" \/>\n<meta property=\"og:description\" content=\"El Museu Ol\u00edmpic i de l&#039;Esport ha acollit les confer\u00e8ncies sobre Esport i Medi Ambient\" \/>\n<meta property=\"og:url\" content=\"https:\/\/www.museuolimpicbcn.cat\/ca\/conferencies-sobre-esport-i-medi-ambient\/\" \/>\n<meta property=\"og:site_name\" content=\"Museu Ol\u00edmpic i de l&#039;Esport\" \/>\n<meta property=\"article:published_time\" content=\"2009-11-26T23:00:00+00:00\" \/>\n<meta name=\"author\" content=\"useradmin\" \/>\n<meta name=\"twitter:card\" content=\"summary_large_image\" \/>\n<meta name=\"twitter:label1\" content=\"Escrit per\" \/>\n\t<meta name=\"twitter:data1\" content=\"useradmin\" \/>\n\t<meta name=\"twitter:label2\" content=\"Temps estimat de lectura\" \/>\n\t<meta name=\"twitter:data2\" content=\"2 minuts\" \/>\n<script type=\"application\/ld+json\" class=\"yoast-schema-graph\">{\"@context\":\"https:\/\/schema.org\",\"@graph\":[{\"@type\":\"Article\",\"@id\":\"https:\/\/www.museuolimpicbcn.cat\/ca\/conferencies-sobre-esport-i-medi-ambient\/#article\",\"isPartOf\":{\"@id\":\"https:\/\/www.museuolimpicbcn.cat\/ca\/conferencies-sobre-esport-i-medi-ambient\/\"},\"author\":{\"name\":\"useradmin\",\"@id\":\"https:\/\/www.museuolimpicbcn.cat\/ca\/#\/schema\/person\/d05705664e87aa04c6ce53d48133fb39\"},\"headline\":\"Confer\u00e8ncies sobre Esport i Medi Ambient\",\"datePublished\":\"2009-11-26T23:00:00+00:00\",\"dateModified\":\"2009-11-26T23:00:00+00:00\",\"mainEntityOfPage\":{\"@id\":\"https:\/\/www.museuolimpicbcn.cat\/ca\/conferencies-sobre-esport-i-medi-ambient\/\"},\"wordCount\":454,\"commentCount\":0,\"publisher\":{\"@id\":\"https:\/\/www.museuolimpicbcn.cat\/ca\/#organization\"},\"articleSection\":[\"Uncategorized @ca\"],\"inLanguage\":\"ca\",\"potentialAction\":[{\"@type\":\"CommentAction\",\"name\":\"Comment\",\"target\":[\"https:\/\/www.museuolimpicbcn.cat\/ca\/conferencies-sobre-esport-i-medi-ambient\/#respond\"]}]},{\"@type\":\"WebPage\",\"@id\":\"https:\/\/www.museuolimpicbcn.cat\/ca\/conferencies-sobre-esport-i-medi-ambient\/\",\"url\":\"https:\/\/www.museuolimpicbcn.cat\/ca\/conferencies-sobre-esport-i-medi-ambient\/\",\"name\":\"Confer\u00e8ncies sobre Esport i Medi Ambient - Museu Ol\u00edmpic i de l&#039;Esport\",\"isPartOf\":{\"@id\":\"https:\/\/www.museuolimpicbcn.cat\/ca\/#website\"},\"datePublished\":\"2009-11-26T23:00:00+00:00\",\"dateModified\":\"2009-11-26T23:00:00+00:00\",\"breadcrumb\":{\"@id\":\"https:\/\/www.museuolimpicbcn.cat\/ca\/conferencies-sobre-esport-i-medi-ambient\/#breadcrumb\"},\"inLanguage\":\"ca\",\"potentialAction\":[{\"@type\":\"ReadAction\",\"target\":[\"https:\/\/www.museuolimpicbcn.cat\/ca\/conferencies-sobre-esport-i-medi-ambient\/\"]}]},{\"@type\":\"BreadcrumbList\",\"@id\":\"https:\/\/www.museuolimpicbcn.cat\/ca\/conferencies-sobre-esport-i-medi-ambient\/#breadcrumb\",\"itemListElement\":[{\"@type\":\"ListItem\",\"position\":1,\"name\":\"Inici\",\"item\":\"https:\/\/www.museuolimpicbcn.cat\/es\/\"},{\"@type\":\"ListItem\",\"position\":2,\"name\":\"Confer\u00e8ncies sobre Esport i Medi Ambient\"}]},{\"@type\":\"WebSite\",\"@id\":\"https:\/\/www.museuolimpicbcn.cat\/ca\/#website\",\"url\":\"https:\/\/www.museuolimpicbcn.cat\/ca\/\",\"name\":\"Museu Ol\u00edmpic i de l&#039;Esport\",\"description\":\"Altre lloc Web del Museu Ol\u00edmpic i de l&#039;Esport llocs\",\"publisher\":{\"@id\":\"https:\/\/www.museuolimpicbcn.cat\/ca\/#organization\"},\"potentialAction\":[{\"@type\":\"SearchAction\",\"target\":{\"@type\":\"EntryPoint\",\"urlTemplate\":\"https:\/\/www.museuolimpicbcn.cat\/ca\/?s={search_term_string}\"},\"query-input\":{\"@type\":\"PropertyValueSpecification\",\"valueRequired\":true,\"valueName\":\"search_term_string\"}}],\"inLanguage\":\"ca\"},{\"@type\":\"Organization\",\"@id\":\"https:\/\/www.museuolimpicbcn.cat\/ca\/#organization\",\"name\":\"Museu Ol\u00edmpic i de l&#039;Esport\",\"url\":\"https:\/\/www.museuolimpicbcn.cat\/ca\/\",\"logo\":{\"@type\":\"ImageObject\",\"inLanguage\":\"ca\",\"@id\":\"https:\/\/www.museuolimpicbcn.cat\/ca\/#\/schema\/logo\/image\/\",\"url\":\"https:\/\/www.museuolimpicbcn.cat\/wp-content\/uploads\/sites\/2\/2018\/12\/logo-moe-header.svg\",\"contentUrl\":\"https:\/\/www.museuolimpicbcn.cat\/wp-content\/uploads\/sites\/2\/2018\/12\/logo-moe-header.svg\",\"caption\":\"Museu Ol\u00edmpic i de l&#039;Esport\"},\"image\":{\"@id\":\"https:\/\/www.museuolimpicbcn.cat\/ca\/#\/schema\/logo\/image\/\"}},{\"@type\":\"Person\",\"@id\":\"https:\/\/www.museuolimpicbcn.cat\/ca\/#\/schema\/person\/d05705664e87aa04c6ce53d48133fb39\",\"name\":\"useradmin\",\"url\":\"https:\/\/www.museuolimpicbcn.cat\/ca\/author\/useradmin\/\"}]}<\/script>\n<!-- \/ Yoast SEO plugin. -->","yoast_head_json":{"title":"Confer\u00e8ncies sobre Esport i Medi Ambient - Museu Ol\u00edmpic i de l&#039;Esport","robots":{"index":"index","follow":"follow","max-snippet":"max-snippet:-1","max-image-preview":"max-image-preview:large","max-video-preview":"max-video-preview:-1"},"canonical":"https:\/\/www.museuolimpicbcn.cat\/ca\/conferencies-sobre-esport-i-medi-ambient\/","og_locale":"ca_ES","og_type":"article","og_title":"Confer\u00e8ncies sobre Esport i Medi Ambient - Museu Ol\u00edmpic i de l&#039;Esport","og_description":"El Museu Ol\u00edmpic i de l'Esport ha acollit les confer\u00e8ncies sobre Esport i Medi Ambient","og_url":"https:\/\/www.museuolimpicbcn.cat\/ca\/conferencies-sobre-esport-i-medi-ambient\/","og_site_name":"Museu Ol\u00edmpic i de l&#039;Esport","article_published_time":"2009-11-26T23:00:00+00:00","author":"useradmin","twitter_card":"summary_large_image","twitter_misc":{"Escrit per":"useradmin","Temps estimat de lectura":"2 minuts"},"schema":{"@context":"https:\/\/schema.org","@graph":[{"@type":"Article","@id":"https:\/\/www.museuolimpicbcn.cat\/ca\/conferencies-sobre-esport-i-medi-ambient\/#article","isPartOf":{"@id":"https:\/\/www.museuolimpicbcn.cat\/ca\/conferencies-sobre-esport-i-medi-ambient\/"},"author":{"name":"useradmin","@id":"https:\/\/www.museuolimpicbcn.cat\/ca\/#\/schema\/person\/d05705664e87aa04c6ce53d48133fb39"},"headline":"Confer\u00e8ncies sobre Esport i Medi Ambient","datePublished":"2009-11-26T23:00:00+00:00","dateModified":"2009-11-26T23:00:00+00:00","mainEntityOfPage":{"@id":"https:\/\/www.museuolimpicbcn.cat\/ca\/conferencies-sobre-esport-i-medi-ambient\/"},"wordCount":454,"commentCount":0,"publisher":{"@id":"https:\/\/www.museuolimpicbcn.cat\/ca\/#organization"},"articleSection":["Uncategorized @ca"],"inLanguage":"ca","potentialAction":[{"@type":"CommentAction","name":"Comment","target":["https:\/\/www.museuolimpicbcn.cat\/ca\/conferencies-sobre-esport-i-medi-ambient\/#respond"]}]},{"@type":"WebPage","@id":"https:\/\/www.museuolimpicbcn.cat\/ca\/conferencies-sobre-esport-i-medi-ambient\/","url":"https:\/\/www.museuolimpicbcn.cat\/ca\/conferencies-sobre-esport-i-medi-ambient\/","name":"Confer\u00e8ncies sobre Esport i Medi Ambient - Museu Ol\u00edmpic i de l&#039;Esport","isPartOf":{"@id":"https:\/\/www.museuolimpicbcn.cat\/ca\/#website"},"datePublished":"2009-11-26T23:00:00+00:00","dateModified":"2009-11-26T23:00:00+00:00","breadcrumb":{"@id":"https:\/\/www.museuolimpicbcn.cat\/ca\/conferencies-sobre-esport-i-medi-ambient\/#breadcrumb"},"inLanguage":"ca","potentialAction":[{"@type":"ReadAction","target":["https:\/\/www.museuolimpicbcn.cat\/ca\/conferencies-sobre-esport-i-medi-ambient\/"]}]},{"@type":"BreadcrumbList","@id":"https:\/\/www.museuolimpicbcn.cat\/ca\/conferencies-sobre-esport-i-medi-ambient\/#breadcrumb","itemListElement":[{"@type":"ListItem","position":1,"name":"Inici","item":"https:\/\/www.museuolimpicbcn.cat\/es\/"},{"@type":"ListItem","position":2,"name":"Confer\u00e8ncies sobre Esport i Medi Ambient"}]},{"@type":"WebSite","@id":"https:\/\/www.museuolimpicbcn.cat\/ca\/#website","url":"https:\/\/www.museuolimpicbcn.cat\/ca\/","name":"Museu Ol\u00edmpic i de l&#039;Esport","description":"Altre lloc Web del Museu Ol\u00edmpic i de l&#039;Esport llocs","publisher":{"@id":"https:\/\/www.museuolimpicbcn.cat\/ca\/#organization"},"potentialAction":[{"@type":"SearchAction","target":{"@type":"EntryPoint","urlTemplate":"https:\/\/www.museuolimpicbcn.cat\/ca\/?s={search_term_string}"},"query-input":{"@type":"PropertyValueSpecification","valueRequired":true,"valueName":"search_term_string"}}],"inLanguage":"ca"},{"@type":"Organization","@id":"https:\/\/www.museuolimpicbcn.cat\/ca\/#organization","name":"Museu Ol\u00edmpic i de l&#039;Esport","url":"https:\/\/www.museuolimpicbcn.cat\/ca\/","logo":{"@type":"ImageObject","inLanguage":"ca","@id":"https:\/\/www.museuolimpicbcn.cat\/ca\/#\/schema\/logo\/image\/","url":"https:\/\/www.museuolimpicbcn.cat\/wp-content\/uploads\/sites\/2\/2018\/12\/logo-moe-header.svg","contentUrl":"https:\/\/www.museuolimpicbcn.cat\/wp-content\/uploads\/sites\/2\/2018\/12\/logo-moe-header.svg","caption":"Museu Ol\u00edmpic i de l&#039;Esport"},"image":{"@id":"https:\/\/www.museuolimpicbcn.cat\/ca\/#\/schema\/logo\/image\/"}},{"@type":"Person","@id":"https:\/\/www.museuolimpicbcn.cat\/ca\/#\/schema\/person\/d05705664e87aa04c6ce53d48133fb39","name":"useradmin","url":"https:\/\/www.museuolimpicbcn.cat\/ca\/author\/useradmin\/"}]}},"_links":{"self":[{"href":"https:\/\/www.museuolimpicbcn.cat\/ca\/wp-json\/wp\/v2\/posts\/5587"}],"collection":[{"href":"https:\/\/www.museuolimpicbcn.cat\/ca\/wp-json\/wp\/v2\/posts"}],"about":[{"href":"https:\/\/www.museuolimpicbcn.cat\/ca\/wp-json\/wp\/v2\/types\/post"}],"author":[{"embeddable":true,"href":"https:\/\/www.museuolimpicbcn.cat\/ca\/wp-json\/wp\/v2\/users\/1"}],"replies":[{"embeddable":true,"href":"https:\/\/www.museuolimpicbcn.cat\/ca\/wp-json\/wp\/v2\/comments?post=5587"}],"version-history":[{"count":0,"href":"https:\/\/www.museuolimpicbcn.cat\/ca\/wp-json\/wp\/v2\/posts\/5587\/revisions"}],"wp:attachment":[{"href":"https:\/\/www.museuolimpicbcn.cat\/ca\/wp-json\/wp\/v2\/media?parent=5587"}],"wp:term":[{"taxonomy":"category","embeddable":true,"href":"https:\/\/www.museuolimpicbcn.cat\/ca\/wp-json\/wp\/v2\/categories?post=5587"},{"taxonomy":"post_tag","embeddable":true,"href":"https:\/\/www.museuolimpicbcn.cat\/ca\/wp-json\/wp\/v2\/tags?post=5587"}],"curies":[{"name":"wp","href":"https:\/\/api.w.org\/{rel}","templated":true}]}}