{"id":5939,"date":"2010-09-02T00:00:00","date_gmt":"2010-09-01T22:00:00","guid":{"rendered":"http:\/\/dev.museuolimpicbcn.cat\/lesport-es-il%c2%b7lusio\/"},"modified":"2010-09-02T00:00:00","modified_gmt":"2010-09-01T22:00:00","slug":"lesport-es-il%c2%b7lusio","status":"publish","type":"post","link":"https:\/\/www.museuolimpicbcn.cat\/ca\/lesport-es-il%c2%b7lusio\/","title":{"rendered":"L&#8217;Esport \u00e9s Il\u00b7lusi\u00f3"},"content":{"rendered":"<p><strong>Gabriela Mihailescu<\/strong><\/p>\n<p><em>Des de petita m&#8217;il&middot;lusionava veure les joves gimnastes que entrenaven a la ciutat que em va veure n&eacute;ixer. Els meus records d&#8217;algunes d&#8217;elles, com Nadia Comaneci, em van portar a estimar l&#8217;esport. Encara que no ho vaig practicar seriosament, el tennis era la meva motivaci&oacute;. Els valors que proporcionen l&#8217;esport i la seva pr&agrave;ctica habitual &#8211; actituds de superaci&oacute; i de sacrifici, el reconeixement de la vict&ograve;ria i de la derrota com una oportunitat d&#8217;aprenentatge, aix&iacute; com la il&middot;lusi&oacute; pel triomf, formen part de les sensacions m&eacute;s enriquidores que he experimentat. Intentar plasmar aquestes interioritats amb una c&agrave;mera &eacute;s dif&iacute;cil, per&ograve; &eacute;s possible fer-ho si s&#8217;aconsegueix captar l&#8217;esfor&ccedil;, l&#8217;alegria, les emocions, la bellesa i plasticitat dels moviments i fins i tot les an&egrave;cdotes de l&#8217;entorn. Comparteixo la meva feina professional amb aquesta afici&oacute; a la fotografia esportiva des de fa uns anys. La meva formaci&oacute;, com la d&#8217;alguns mestres d&#8217;aquest art que admiro i dels que aprenc cont&iacute;nuament, &eacute;s autodidacta.<\/em><\/p>\n<p><strong>Maribel Mart&iacute;nez de Murgu&iacute;a<\/strong><\/p>\n<p><strong>&nbsp;<\/strong>Com a jugadora d&#8217;Hoquei herba va ser 119 vegades internacional, va aconseguir 3 Medalles d&#8217;Argent i 3 de Bronze en Copes d&#8217;Europa, va ser Campiona Ol&iacute;mpica aconseguint la medalla d&#8217;Or en els JJ. OO. de Barcelona (1992), li van atorgar l&#8217;Ordre Ol&iacute;mpica pel C.O.E. Com a entrenadora, va participar amb l&#8217;Equip Nacional Femen&iacute; d&#8217;Hoquei Herba en els JJ.OO de Sidney 2000 que va aconseguir un meritori 4t lloc. Actualment &eacute;s s&ograve;cia, esportista, gerent i coach de makeateam. Dirigeix el departament de I+D+i, &eacute;s conferenciant habitual i formadora, i participa tamb&eacute; activament en la gesti&oacute; de clients. Tamb&eacute; exerceix com a coach organitzacional, personal i esportiu.<\/p>\n<p>&nbsp;<\/p>\n","protected":false},"excerpt":{"rendered":"<p>La sala d&#8217;exposicions del Museu Ol\u00edmpic i de l&#8217;Esport Joan Antoni Samaranch acollir\u00e0, del 2 de setembre al 31 d&#8217;octubre, l&#8217;exposici\u00f3 fotogr\u00e0fica, de Gabriela Mihailescu, &#8216;L&#8217;Esport \u00e9s Il\u00b7lusi\u00f3&#8217;. L&#8217;acte d&#8217;inauguraci\u00f3 comptar\u00e0 amb la pres\u00e8ncia de Maribel Mart\u00ednez de Murgu\u00eda, campiona ol\u00edmpica a Barcelona&#8217;92 amb la selecci\u00f3 d&#8217;hoquei herba, qui oferir\u00e0 una confer\u00e8ncia af\u00ed a l&#8217;exposici\u00f3.<\/p>\n","protected":false},"author":1,"featured_media":0,"comment_status":"open","ping_status":"open","sticky":false,"template":"","format":"standard","meta":{"_acf_changed":false,"_price":"","_stock":"","_tribe_ticket_header":"","_tribe_default_ticket_provider":"","_tribe_ticket_capacity":"0","_ticket_start_date":"","_ticket_end_date":"","_tribe_ticket_show_description":"","_tribe_ticket_show_not_going":false,"_tribe_ticket_use_global_stock":"","_tribe_ticket_global_stock_level":"","_global_stock_mode":"","_global_stock_cap":"","_tribe_rsvp_for_event":"","_tribe_ticket_going_count":"","_tribe_ticket_not_going_count":"","_tribe_tickets_list":"[]","_tribe_ticket_has_attendee_info_fields":false,"footnotes":""},"categories":[1],"tags":[],"class_list":["post-5939","post","type-post","status-publish","format-standard","hentry","category-uncategorized-ca"],"acf":[],"yoast_head":"<!-- This site is optimized with the Yoast SEO plugin v23.7 - https:\/\/yoast.com\/wordpress\/plugins\/seo\/ -->\n<title>L&#039;Esport \u00e9s Il\u00b7lusi\u00f3 - Museu Ol\u00edmpic i de l&#039;Esport<\/title>\n<meta name=\"robots\" content=\"index, follow, max-snippet:-1, max-image-preview:large, max-video-preview:-1\" \/>\n<link rel=\"canonical\" href=\"https:\/\/www.museuolimpicbcn.cat\/ca\/lesport-es-il\u00b7lusio\/\" \/>\n<meta property=\"og:locale\" content=\"ca_ES\" \/>\n<meta property=\"og:type\" content=\"article\" \/>\n<meta property=\"og:title\" content=\"L&#039;Esport \u00e9s Il\u00b7lusi\u00f3 - Museu Ol\u00edmpic i de l&#039;Esport\" \/>\n<meta property=\"og:description\" content=\"La sala d&#039;exposicions del Museu Ol\u00edmpic i de l&#039;Esport Joan Antoni Samaranch acollir\u00e0, del 2 de setembre al 31 d&#039;octubre, l&#039;exposici\u00f3 fotogr\u00e0fica, de Gabriela Mihailescu, &#039;L&#039;Esport \u00e9s Il\u00b7lusi\u00f3&#039;. L&#039;acte d&#039;inauguraci\u00f3 comptar\u00e0 amb la pres\u00e8ncia de Maribel Mart\u00ednez de Murgu\u00eda, campiona ol\u00edmpica a Barcelona&#039;92 amb la selecci\u00f3 d&#039;hoquei herba, qui oferir\u00e0 una confer\u00e8ncia af\u00ed a l&#039;exposici\u00f3.\" \/>\n<meta property=\"og:url\" content=\"https:\/\/www.museuolimpicbcn.cat\/ca\/lesport-es-il\u00b7lusio\/\" \/>\n<meta property=\"og:site_name\" content=\"Museu Ol\u00edmpic i de l&#039;Esport\" \/>\n<meta property=\"article:published_time\" content=\"2010-09-01T22:00:00+00:00\" \/>\n<meta name=\"author\" content=\"useradmin\" \/>\n<meta name=\"twitter:card\" content=\"summary_large_image\" \/>\n<meta name=\"twitter:label1\" content=\"Escrit per\" \/>\n\t<meta name=\"twitter:data1\" content=\"useradmin\" \/>\n\t<meta name=\"twitter:label2\" content=\"Temps estimat de lectura\" \/>\n\t<meta name=\"twitter:data2\" content=\"2 minuts\" \/>\n<script type=\"application\/ld+json\" class=\"yoast-schema-graph\">{\"@context\":\"https:\/\/schema.org\",\"@graph\":[{\"@type\":\"Article\",\"@id\":\"https:\/\/www.museuolimpicbcn.cat\/ca\/lesport-es-il%c2%b7lusio\/#article\",\"isPartOf\":{\"@id\":\"https:\/\/www.museuolimpicbcn.cat\/ca\/lesport-es-il%c2%b7lusio\/\"},\"author\":{\"name\":\"useradmin\",\"@id\":\"https:\/\/www.museuolimpicbcn.cat\/ca\/#\/schema\/person\/d05705664e87aa04c6ce53d48133fb39\"},\"headline\":\"L&#8217;Esport \u00e9s Il\u00b7lusi\u00f3\",\"datePublished\":\"2010-09-01T22:00:00+00:00\",\"dateModified\":\"2010-09-01T22:00:00+00:00\",\"mainEntityOfPage\":{\"@id\":\"https:\/\/www.museuolimpicbcn.cat\/ca\/lesport-es-il%c2%b7lusio\/\"},\"wordCount\":324,\"commentCount\":0,\"publisher\":{\"@id\":\"https:\/\/www.museuolimpicbcn.cat\/ca\/#organization\"},\"articleSection\":[\"Uncategorized @ca\"],\"inLanguage\":\"ca\",\"potentialAction\":[{\"@type\":\"CommentAction\",\"name\":\"Comment\",\"target\":[\"https:\/\/www.museuolimpicbcn.cat\/ca\/lesport-es-il%c2%b7lusio\/#respond\"]}]},{\"@type\":\"WebPage\",\"@id\":\"https:\/\/www.museuolimpicbcn.cat\/ca\/lesport-es-il%c2%b7lusio\/\",\"url\":\"https:\/\/www.museuolimpicbcn.cat\/ca\/lesport-es-il%c2%b7lusio\/\",\"name\":\"L'Esport \u00e9s Il\u00b7lusi\u00f3 - Museu Ol\u00edmpic i de l&#039;Esport\",\"isPartOf\":{\"@id\":\"https:\/\/www.museuolimpicbcn.cat\/ca\/#website\"},\"datePublished\":\"2010-09-01T22:00:00+00:00\",\"dateModified\":\"2010-09-01T22:00:00+00:00\",\"breadcrumb\":{\"@id\":\"https:\/\/www.museuolimpicbcn.cat\/ca\/lesport-es-il%c2%b7lusio\/#breadcrumb\"},\"inLanguage\":\"ca\",\"potentialAction\":[{\"@type\":\"ReadAction\",\"target\":[\"https:\/\/www.museuolimpicbcn.cat\/ca\/lesport-es-il%c2%b7lusio\/\"]}]},{\"@type\":\"BreadcrumbList\",\"@id\":\"https:\/\/www.museuolimpicbcn.cat\/ca\/lesport-es-il%c2%b7lusio\/#breadcrumb\",\"itemListElement\":[{\"@type\":\"ListItem\",\"position\":1,\"name\":\"Inici\",\"item\":\"https:\/\/www.museuolimpicbcn.cat\/es\/\"},{\"@type\":\"ListItem\",\"position\":2,\"name\":\"L&#8217;Esport \u00e9s Il\u00b7lusi\u00f3\"}]},{\"@type\":\"WebSite\",\"@id\":\"https:\/\/www.museuolimpicbcn.cat\/ca\/#website\",\"url\":\"https:\/\/www.museuolimpicbcn.cat\/ca\/\",\"name\":\"Museu Ol\u00edmpic i de l&#039;Esport\",\"description\":\"Altre lloc Web del Museu Ol\u00edmpic i de l&#039;Esport llocs\",\"publisher\":{\"@id\":\"https:\/\/www.museuolimpicbcn.cat\/ca\/#organization\"},\"potentialAction\":[{\"@type\":\"SearchAction\",\"target\":{\"@type\":\"EntryPoint\",\"urlTemplate\":\"https:\/\/www.museuolimpicbcn.cat\/ca\/?s={search_term_string}\"},\"query-input\":{\"@type\":\"PropertyValueSpecification\",\"valueRequired\":true,\"valueName\":\"search_term_string\"}}],\"inLanguage\":\"ca\"},{\"@type\":\"Organization\",\"@id\":\"https:\/\/www.museuolimpicbcn.cat\/ca\/#organization\",\"name\":\"Museu Ol\u00edmpic i de l&#039;Esport\",\"url\":\"https:\/\/www.museuolimpicbcn.cat\/ca\/\",\"logo\":{\"@type\":\"ImageObject\",\"inLanguage\":\"ca\",\"@id\":\"https:\/\/www.museuolimpicbcn.cat\/ca\/#\/schema\/logo\/image\/\",\"url\":\"https:\/\/www.museuolimpicbcn.cat\/wp-content\/uploads\/sites\/2\/2018\/12\/logo-moe-header.svg\",\"contentUrl\":\"https:\/\/www.museuolimpicbcn.cat\/wp-content\/uploads\/sites\/2\/2018\/12\/logo-moe-header.svg\",\"caption\":\"Museu Ol\u00edmpic i de l&#039;Esport\"},\"image\":{\"@id\":\"https:\/\/www.museuolimpicbcn.cat\/ca\/#\/schema\/logo\/image\/\"}},{\"@type\":\"Person\",\"@id\":\"https:\/\/www.museuolimpicbcn.cat\/ca\/#\/schema\/person\/d05705664e87aa04c6ce53d48133fb39\",\"name\":\"useradmin\",\"url\":\"https:\/\/www.museuolimpicbcn.cat\/ca\/author\/useradmin\/\"}]}<\/script>\n<!-- \/ Yoast SEO plugin. -->","yoast_head_json":{"title":"L'Esport \u00e9s Il\u00b7lusi\u00f3 - Museu Ol\u00edmpic i de l&#039;Esport","robots":{"index":"index","follow":"follow","max-snippet":"max-snippet:-1","max-image-preview":"max-image-preview:large","max-video-preview":"max-video-preview:-1"},"canonical":"https:\/\/www.museuolimpicbcn.cat\/ca\/lesport-es-il\u00b7lusio\/","og_locale":"ca_ES","og_type":"article","og_title":"L'Esport \u00e9s Il\u00b7lusi\u00f3 - Museu Ol\u00edmpic i de l&#039;Esport","og_description":"La sala d'exposicions del Museu Ol\u00edmpic i de l'Esport Joan Antoni Samaranch acollir\u00e0, del 2 de setembre al 31 d'octubre, l'exposici\u00f3 fotogr\u00e0fica, de Gabriela Mihailescu, 'L'Esport \u00e9s Il\u00b7lusi\u00f3'. L'acte d'inauguraci\u00f3 comptar\u00e0 amb la pres\u00e8ncia de Maribel Mart\u00ednez de Murgu\u00eda, campiona ol\u00edmpica a Barcelona'92 amb la selecci\u00f3 d'hoquei herba, qui oferir\u00e0 una confer\u00e8ncia af\u00ed a l'exposici\u00f3.","og_url":"https:\/\/www.museuolimpicbcn.cat\/ca\/lesport-es-il\u00b7lusio\/","og_site_name":"Museu Ol\u00edmpic i de l&#039;Esport","article_published_time":"2010-09-01T22:00:00+00:00","author":"useradmin","twitter_card":"summary_large_image","twitter_misc":{"Escrit per":"useradmin","Temps estimat de lectura":"2 minuts"},"schema":{"@context":"https:\/\/schema.org","@graph":[{"@type":"Article","@id":"https:\/\/www.museuolimpicbcn.cat\/ca\/lesport-es-il%c2%b7lusio\/#article","isPartOf":{"@id":"https:\/\/www.museuolimpicbcn.cat\/ca\/lesport-es-il%c2%b7lusio\/"},"author":{"name":"useradmin","@id":"https:\/\/www.museuolimpicbcn.cat\/ca\/#\/schema\/person\/d05705664e87aa04c6ce53d48133fb39"},"headline":"L&#8217;Esport \u00e9s Il\u00b7lusi\u00f3","datePublished":"2010-09-01T22:00:00+00:00","dateModified":"2010-09-01T22:00:00+00:00","mainEntityOfPage":{"@id":"https:\/\/www.museuolimpicbcn.cat\/ca\/lesport-es-il%c2%b7lusio\/"},"wordCount":324,"commentCount":0,"publisher":{"@id":"https:\/\/www.museuolimpicbcn.cat\/ca\/#organization"},"articleSection":["Uncategorized @ca"],"inLanguage":"ca","potentialAction":[{"@type":"CommentAction","name":"Comment","target":["https:\/\/www.museuolimpicbcn.cat\/ca\/lesport-es-il%c2%b7lusio\/#respond"]}]},{"@type":"WebPage","@id":"https:\/\/www.museuolimpicbcn.cat\/ca\/lesport-es-il%c2%b7lusio\/","url":"https:\/\/www.museuolimpicbcn.cat\/ca\/lesport-es-il%c2%b7lusio\/","name":"L'Esport \u00e9s Il\u00b7lusi\u00f3 - Museu Ol\u00edmpic i de l&#039;Esport","isPartOf":{"@id":"https:\/\/www.museuolimpicbcn.cat\/ca\/#website"},"datePublished":"2010-09-01T22:00:00+00:00","dateModified":"2010-09-01T22:00:00+00:00","breadcrumb":{"@id":"https:\/\/www.museuolimpicbcn.cat\/ca\/lesport-es-il%c2%b7lusio\/#breadcrumb"},"inLanguage":"ca","potentialAction":[{"@type":"ReadAction","target":["https:\/\/www.museuolimpicbcn.cat\/ca\/lesport-es-il%c2%b7lusio\/"]}]},{"@type":"BreadcrumbList","@id":"https:\/\/www.museuolimpicbcn.cat\/ca\/lesport-es-il%c2%b7lusio\/#breadcrumb","itemListElement":[{"@type":"ListItem","position":1,"name":"Inici","item":"https:\/\/www.museuolimpicbcn.cat\/es\/"},{"@type":"ListItem","position":2,"name":"L&#8217;Esport \u00e9s Il\u00b7lusi\u00f3"}]},{"@type":"WebSite","@id":"https:\/\/www.museuolimpicbcn.cat\/ca\/#website","url":"https:\/\/www.museuolimpicbcn.cat\/ca\/","name":"Museu Ol\u00edmpic i de l&#039;Esport","description":"Altre lloc Web del Museu Ol\u00edmpic i de l&#039;Esport llocs","publisher":{"@id":"https:\/\/www.museuolimpicbcn.cat\/ca\/#organization"},"potentialAction":[{"@type":"SearchAction","target":{"@type":"EntryPoint","urlTemplate":"https:\/\/www.museuolimpicbcn.cat\/ca\/?s={search_term_string}"},"query-input":{"@type":"PropertyValueSpecification","valueRequired":true,"valueName":"search_term_string"}}],"inLanguage":"ca"},{"@type":"Organization","@id":"https:\/\/www.museuolimpicbcn.cat\/ca\/#organization","name":"Museu Ol\u00edmpic i de l&#039;Esport","url":"https:\/\/www.museuolimpicbcn.cat\/ca\/","logo":{"@type":"ImageObject","inLanguage":"ca","@id":"https:\/\/www.museuolimpicbcn.cat\/ca\/#\/schema\/logo\/image\/","url":"https:\/\/www.museuolimpicbcn.cat\/wp-content\/uploads\/sites\/2\/2018\/12\/logo-moe-header.svg","contentUrl":"https:\/\/www.museuolimpicbcn.cat\/wp-content\/uploads\/sites\/2\/2018\/12\/logo-moe-header.svg","caption":"Museu Ol\u00edmpic i de l&#039;Esport"},"image":{"@id":"https:\/\/www.museuolimpicbcn.cat\/ca\/#\/schema\/logo\/image\/"}},{"@type":"Person","@id":"https:\/\/www.museuolimpicbcn.cat\/ca\/#\/schema\/person\/d05705664e87aa04c6ce53d48133fb39","name":"useradmin","url":"https:\/\/www.museuolimpicbcn.cat\/ca\/author\/useradmin\/"}]}},"_links":{"self":[{"href":"https:\/\/www.museuolimpicbcn.cat\/ca\/wp-json\/wp\/v2\/posts\/5939"}],"collection":[{"href":"https:\/\/www.museuolimpicbcn.cat\/ca\/wp-json\/wp\/v2\/posts"}],"about":[{"href":"https:\/\/www.museuolimpicbcn.cat\/ca\/wp-json\/wp\/v2\/types\/post"}],"author":[{"embeddable":true,"href":"https:\/\/www.museuolimpicbcn.cat\/ca\/wp-json\/wp\/v2\/users\/1"}],"replies":[{"embeddable":true,"href":"https:\/\/www.museuolimpicbcn.cat\/ca\/wp-json\/wp\/v2\/comments?post=5939"}],"version-history":[{"count":0,"href":"https:\/\/www.museuolimpicbcn.cat\/ca\/wp-json\/wp\/v2\/posts\/5939\/revisions"}],"wp:attachment":[{"href":"https:\/\/www.museuolimpicbcn.cat\/ca\/wp-json\/wp\/v2\/media?parent=5939"}],"wp:term":[{"taxonomy":"category","embeddable":true,"href":"https:\/\/www.museuolimpicbcn.cat\/ca\/wp-json\/wp\/v2\/categories?post=5939"},{"taxonomy":"post_tag","embeddable":true,"href":"https:\/\/www.museuolimpicbcn.cat\/ca\/wp-json\/wp\/v2\/tags?post=5939"}],"curies":[{"name":"wp","href":"https:\/\/api.w.org\/{rel}","templated":true}]}}