{"id":7577,"date":"2011-09-27T00:00:00","date_gmt":"2011-09-26T22:00:00","guid":{"rendered":"http:\/\/dev.museuolimpicbcn.cat\/amb-motiu-del-centenari-de-la-volta-el-museu-olimpic-i-de-lesport-joan-antoni-samaranch-ha-acollit-lexposicio-volta-a-catalunya-1911-2011-un-segle-desport-i-pais\/"},"modified":"2011-09-27T00:00:00","modified_gmt":"2011-09-26T22:00:00","slug":"amb-motiu-del-centenari-de-la-volta-el-museu-olimpic-i-de-lesport-joan-antoni-samaranch-ha-acollit-lexposicio-volta-a-catalunya-1911-2011-un-segle-desport-i-pais","status":"publish","type":"post","link":"https:\/\/www.museuolimpicbcn.cat\/ca\/amb-motiu-del-centenari-de-la-volta-el-museu-olimpic-i-de-lesport-joan-antoni-samaranch-ha-acollit-lexposicio-volta-a-catalunya-1911-2011-un-segle-desport-i-pais\/","title":{"rendered":"Amb motiu del centenari de la Volta, el Museu Ol\u00edmpic i de l&#8217;Esport Joan Antoni Samaranch ha acollit l&#8217;exposici\u00f3 &#8216;Volta&#8217; a Catalunya 1911-2011. Un segle d&#8217;esport i pa\u00eds."},"content":{"rendered":"<p>Entre els assistents es trobaven&nbsp;els exsecretaris generals de l&#8217;Esports&nbsp;Josep Llu&iacute;s Vilaseca, Fidel Sust, Pere Sust i Joan Ant&oacute;n Camu&ntilde;as;&nbsp;Pere Alcober, ex delegat de l&#8217;Institut Barcelona Esport;&nbsp;Xavier Amador, actual gerent de l&#8217;Institut Barcelona Esports; David Moner, president de l&#8217;UFEC i Carme Mas, presidenta de la Federaci&oacute; Catalana de Ciclisme.<\/p>\n<p><em>&#8220;Volta&#8221; a Catalunya 1911-2011. Un segle d&#8217;esport i pa&iacute;s<\/em>, es podr&agrave; veure a la sala d&#8217;exposicions temporals del Museu Olimpic fins al 6 de novembre.<\/p>\n<p><strong>La &ldquo;Volta&rdquo; de la nostra mem&ograve;ria<\/strong><\/p>\n<p>A principis del segle XX, la societat catalana va confegir un model de pa&iacute;s modern, al qual la popularitzaci&oacute; de l&rsquo;esport com a fenomen de masses li va donar un aire cosmopolita que va contribuir a homologar-lo amb les m&eacute;s avan&ccedil;ades societats europees. &Eacute;s per aix&ograve; que la &ldquo;Volta&rdquo; ha estat un referent en la construcci&oacute; de la Catalunya del segle XX.<\/p>\n<p>&ldquo;<em>La bici forma part de la hist&ograve;ria de cadascun de nosaltres. El seu aprenentatge remet a moments particulars de la infantesa i l&rsquo;adolesc&egrave;ncia<\/em>&rdquo;, afirma el prestigi&oacute;s soci&ograve;leg Marc Aug&eacute;. Per&ograve; cent anys despr&eacute;s, la &ldquo;Volta&rdquo; segueix representant en la mem&ograve;ria popular aquell projecte de modernitat i servei al pa&iacute;s. Els temps han canviat, &eacute;s clar; l&rsquo;esport s&rsquo;ha professionalitzat i la globalitzaci&oacute; ha despersonalitzat moltes iniciatives, per&ograve; la tercera cursa per etapes m&eacute;s antiga del m&oacute;n continua aixecant passions a cada poble i ciutat que recorre.<\/p>\n<p>Morts de fred o ofegats per la xafogor, hem seguit la &ldquo;Volta&rdquo; quan ha passat per les carreteres del nostre imaginari ciclista. Anar a trobar la cursa a peu de ruta sempre que hi passa &eacute;s una il&middot;lusi&oacute;. Animant els corredors i meravellant-nos de la facilitat amb qu&egrave; pugen els colls, sentim encara el mateix entusiasme que sent&iacute;em de petits quan somi&agrave;vem tenir algun dia una bici per pujar aquells colls bo i sentint-nos lliures i feli&ccedil;os.<\/p>\n<p>&Eacute;s la il&middot;lusi&oacute; de saber que un dels m&eacute;s originals estendards que projecten Catalunya al m&oacute;n passar&agrave; un mat&iacute; paer davant de casa.<\/p>\n<p>Aquesta exposici&oacute; pret&eacute;n relatar l&rsquo;aportaci&oacute; de la &ldquo;Volta&rdquo; a la societat catalana, per&ograve; tamb&eacute; a la nostra hist&ograve;ria personal.<\/p>\n","protected":false},"excerpt":{"rendered":"<p>L&#8217;acte de presentaci&oacute; ha estat presidit per Ivan Tibau &#8211; Secretari General de l&#8217;Esport -, Maite Fandos &#8211; presidenta de la Fundaci&oacute; Barcelona Ol&iacute;mpica i Tinenta d&#8217;Alcalde de Qualitat de Vida, Igualtat i Esports -, Rub&egrave;n Peris &#8211; president de la Volta Ciclista a Catalunya-, i Rafel Vallbona &#8211; comissari de l&#8217;Exposici&oacute;. A l&#8217;acte van acudir personalitats del m&oacute;n de l&#8217;esport, la societat i la pol&iacute;tica que no s&#8217;han volgut perdre 100 anys d&#8217;hist&ograve;ria esportiva de Catalunya.<\/p>\n","protected":false},"author":1,"featured_media":0,"comment_status":"open","ping_status":"open","sticky":false,"template":"","format":"standard","meta":{"_acf_changed":false,"_price":"","_stock":"","_tribe_ticket_header":"","_tribe_default_ticket_provider":"","_tribe_ticket_capacity":"0","_ticket_start_date":"","_ticket_end_date":"","_tribe_ticket_show_description":"","_tribe_ticket_show_not_going":false,"_tribe_ticket_use_global_stock":"","_tribe_ticket_global_stock_level":"","_global_stock_mode":"","_global_stock_cap":"","_tribe_rsvp_for_event":"","_tribe_ticket_going_count":"","_tribe_ticket_not_going_count":"","_tribe_tickets_list":"[]","_tribe_ticket_has_attendee_info_fields":false,"footnotes":""},"categories":[1],"tags":[],"class_list":["post-7577","post","type-post","status-publish","format-standard","hentry","category-uncategorized-ca"],"acf":[],"yoast_head":"<!-- This site is optimized with the Yoast SEO plugin v23.7 - https:\/\/yoast.com\/wordpress\/plugins\/seo\/ -->\n<title>Amb motiu del centenari de la Volta, el Museu Ol\u00edmpic i de l&#039;Esport Joan Antoni Samaranch ha acollit l&#039;exposici\u00f3 &#039;Volta&#039; a Catalunya 1911-2011. Un segle d&#039;esport i pa\u00eds. - Museu Ol\u00edmpic i de l&#039;Esport<\/title>\n<meta name=\"robots\" content=\"index, follow, max-snippet:-1, max-image-preview:large, max-video-preview:-1\" \/>\n<link rel=\"canonical\" href=\"https:\/\/www.museuolimpicbcn.cat\/ca\/amb-motiu-del-centenari-de-la-volta-el-museu-olimpic-i-de-lesport-joan-antoni-samaranch-ha-acollit-lexposicio-volta-a-catalunya-1911-2011-un-segle-desport-i-pais\/\" \/>\n<meta property=\"og:locale\" content=\"ca_ES\" \/>\n<meta property=\"og:type\" content=\"article\" \/>\n<meta property=\"og:title\" content=\"Amb motiu del centenari de la Volta, el Museu Ol\u00edmpic i de l&#039;Esport Joan Antoni Samaranch ha acollit l&#039;exposici\u00f3 &#039;Volta&#039; a Catalunya 1911-2011. Un segle d&#039;esport i pa\u00eds. - Museu Ol\u00edmpic i de l&#039;Esport\" \/>\n<meta property=\"og:description\" content=\"L&#039;acte de presentaci&oacute; ha estat presidit per Ivan Tibau - Secretari General de l&#039;Esport -, Maite Fandos - presidenta de la Fundaci&oacute; Barcelona Ol&iacute;mpica i Tinenta d&#039;Alcalde de Qualitat de Vida, Igualtat i Esports -, Rub&egrave;n Peris - president de la Volta Ciclista a Catalunya-, i Rafel Vallbona - comissari de l&#039;Exposici&oacute;. A l&#039;acte van acudir personalitats del m&oacute;n de l&#039;esport, la societat i la pol&iacute;tica que no s&#039;han volgut perdre 100 anys d&#039;hist&ograve;ria esportiva de Catalunya.\" \/>\n<meta property=\"og:url\" content=\"https:\/\/www.museuolimpicbcn.cat\/ca\/amb-motiu-del-centenari-de-la-volta-el-museu-olimpic-i-de-lesport-joan-antoni-samaranch-ha-acollit-lexposicio-volta-a-catalunya-1911-2011-un-segle-desport-i-pais\/\" \/>\n<meta property=\"og:site_name\" content=\"Museu Ol\u00edmpic i de l&#039;Esport\" \/>\n<meta property=\"article:published_time\" content=\"2011-09-26T22:00:00+00:00\" \/>\n<meta name=\"author\" content=\"useradmin\" \/>\n<meta name=\"twitter:card\" content=\"summary_large_image\" \/>\n<meta name=\"twitter:label1\" content=\"Escrit per\" \/>\n\t<meta name=\"twitter:data1\" content=\"useradmin\" \/>\n\t<meta name=\"twitter:label2\" content=\"Temps estimat de lectura\" \/>\n\t<meta name=\"twitter:data2\" content=\"2 minuts\" \/>\n<script type=\"application\/ld+json\" class=\"yoast-schema-graph\">{\"@context\":\"https:\/\/schema.org\",\"@graph\":[{\"@type\":\"Article\",\"@id\":\"https:\/\/www.museuolimpicbcn.cat\/ca\/amb-motiu-del-centenari-de-la-volta-el-museu-olimpic-i-de-lesport-joan-antoni-samaranch-ha-acollit-lexposicio-volta-a-catalunya-1911-2011-un-segle-desport-i-pais\/#article\",\"isPartOf\":{\"@id\":\"https:\/\/www.museuolimpicbcn.cat\/ca\/amb-motiu-del-centenari-de-la-volta-el-museu-olimpic-i-de-lesport-joan-antoni-samaranch-ha-acollit-lexposicio-volta-a-catalunya-1911-2011-un-segle-desport-i-pais\/\"},\"author\":{\"name\":\"useradmin\",\"@id\":\"https:\/\/www.museuolimpicbcn.cat\/ca\/#\/schema\/person\/d05705664e87aa04c6ce53d48133fb39\"},\"headline\":\"Amb motiu del centenari de la Volta, el Museu Ol\u00edmpic i de l&#8217;Esport Joan Antoni Samaranch ha acollit l&#8217;exposici\u00f3 &#8216;Volta&#8217; a Catalunya 1911-2011. Un segle d&#8217;esport i pa\u00eds.\",\"datePublished\":\"2011-09-26T22:00:00+00:00\",\"dateModified\":\"2011-09-26T22:00:00+00:00\",\"mainEntityOfPage\":{\"@id\":\"https:\/\/www.museuolimpicbcn.cat\/ca\/amb-motiu-del-centenari-de-la-volta-el-museu-olimpic-i-de-lesport-joan-antoni-samaranch-ha-acollit-lexposicio-volta-a-catalunya-1911-2011-un-segle-desport-i-pais\/\"},\"wordCount\":478,\"commentCount\":0,\"publisher\":{\"@id\":\"https:\/\/www.museuolimpicbcn.cat\/ca\/#organization\"},\"articleSection\":[\"Uncategorized @ca\"],\"inLanguage\":\"ca\",\"potentialAction\":[{\"@type\":\"CommentAction\",\"name\":\"Comment\",\"target\":[\"https:\/\/www.museuolimpicbcn.cat\/ca\/amb-motiu-del-centenari-de-la-volta-el-museu-olimpic-i-de-lesport-joan-antoni-samaranch-ha-acollit-lexposicio-volta-a-catalunya-1911-2011-un-segle-desport-i-pais\/#respond\"]}]},{\"@type\":\"WebPage\",\"@id\":\"https:\/\/www.museuolimpicbcn.cat\/ca\/amb-motiu-del-centenari-de-la-volta-el-museu-olimpic-i-de-lesport-joan-antoni-samaranch-ha-acollit-lexposicio-volta-a-catalunya-1911-2011-un-segle-desport-i-pais\/\",\"url\":\"https:\/\/www.museuolimpicbcn.cat\/ca\/amb-motiu-del-centenari-de-la-volta-el-museu-olimpic-i-de-lesport-joan-antoni-samaranch-ha-acollit-lexposicio-volta-a-catalunya-1911-2011-un-segle-desport-i-pais\/\",\"name\":\"Amb motiu del centenari de la Volta, el Museu Ol\u00edmpic i de l'Esport Joan Antoni Samaranch ha acollit l'exposici\u00f3 'Volta' a Catalunya 1911-2011. Un segle d'esport i pa\u00eds. - Museu Ol\u00edmpic i de l&#039;Esport\",\"isPartOf\":{\"@id\":\"https:\/\/www.museuolimpicbcn.cat\/ca\/#website\"},\"datePublished\":\"2011-09-26T22:00:00+00:00\",\"dateModified\":\"2011-09-26T22:00:00+00:00\",\"breadcrumb\":{\"@id\":\"https:\/\/www.museuolimpicbcn.cat\/ca\/amb-motiu-del-centenari-de-la-volta-el-museu-olimpic-i-de-lesport-joan-antoni-samaranch-ha-acollit-lexposicio-volta-a-catalunya-1911-2011-un-segle-desport-i-pais\/#breadcrumb\"},\"inLanguage\":\"ca\",\"potentialAction\":[{\"@type\":\"ReadAction\",\"target\":[\"https:\/\/www.museuolimpicbcn.cat\/ca\/amb-motiu-del-centenari-de-la-volta-el-museu-olimpic-i-de-lesport-joan-antoni-samaranch-ha-acollit-lexposicio-volta-a-catalunya-1911-2011-un-segle-desport-i-pais\/\"]}]},{\"@type\":\"BreadcrumbList\",\"@id\":\"https:\/\/www.museuolimpicbcn.cat\/ca\/amb-motiu-del-centenari-de-la-volta-el-museu-olimpic-i-de-lesport-joan-antoni-samaranch-ha-acollit-lexposicio-volta-a-catalunya-1911-2011-un-segle-desport-i-pais\/#breadcrumb\",\"itemListElement\":[{\"@type\":\"ListItem\",\"position\":1,\"name\":\"Inici\",\"item\":\"https:\/\/www.museuolimpicbcn.cat\/es\/\"},{\"@type\":\"ListItem\",\"position\":2,\"name\":\"Amb motiu del centenari de la Volta, el Museu Ol\u00edmpic i de l&#8217;Esport Joan Antoni Samaranch ha acollit l&#8217;exposici\u00f3 &#8216;Volta&#8217; a Catalunya 1911-2011. Un segle d&#8217;esport i pa\u00eds.\"}]},{\"@type\":\"WebSite\",\"@id\":\"https:\/\/www.museuolimpicbcn.cat\/ca\/#website\",\"url\":\"https:\/\/www.museuolimpicbcn.cat\/ca\/\",\"name\":\"Museu Ol\u00edmpic i de l&#039;Esport\",\"description\":\"Altre lloc Web del Museu Ol\u00edmpic i de l&#039;Esport llocs\",\"publisher\":{\"@id\":\"https:\/\/www.museuolimpicbcn.cat\/ca\/#organization\"},\"potentialAction\":[{\"@type\":\"SearchAction\",\"target\":{\"@type\":\"EntryPoint\",\"urlTemplate\":\"https:\/\/www.museuolimpicbcn.cat\/ca\/?s={search_term_string}\"},\"query-input\":{\"@type\":\"PropertyValueSpecification\",\"valueRequired\":true,\"valueName\":\"search_term_string\"}}],\"inLanguage\":\"ca\"},{\"@type\":\"Organization\",\"@id\":\"https:\/\/www.museuolimpicbcn.cat\/ca\/#organization\",\"name\":\"Museu Ol\u00edmpic i de l&#039;Esport\",\"url\":\"https:\/\/www.museuolimpicbcn.cat\/ca\/\",\"logo\":{\"@type\":\"ImageObject\",\"inLanguage\":\"ca\",\"@id\":\"https:\/\/www.museuolimpicbcn.cat\/ca\/#\/schema\/logo\/image\/\",\"url\":\"https:\/\/www.museuolimpicbcn.cat\/wp-content\/uploads\/sites\/2\/2018\/12\/logo-moe-header.svg\",\"contentUrl\":\"https:\/\/www.museuolimpicbcn.cat\/wp-content\/uploads\/sites\/2\/2018\/12\/logo-moe-header.svg\",\"caption\":\"Museu Ol\u00edmpic i de l&#039;Esport\"},\"image\":{\"@id\":\"https:\/\/www.museuolimpicbcn.cat\/ca\/#\/schema\/logo\/image\/\"}},{\"@type\":\"Person\",\"@id\":\"https:\/\/www.museuolimpicbcn.cat\/ca\/#\/schema\/person\/d05705664e87aa04c6ce53d48133fb39\",\"name\":\"useradmin\",\"url\":\"https:\/\/www.museuolimpicbcn.cat\/ca\/author\/useradmin\/\"}]}<\/script>\n<!-- \/ Yoast SEO plugin. -->","yoast_head_json":{"title":"Amb motiu del centenari de la Volta, el Museu Ol\u00edmpic i de l'Esport Joan Antoni Samaranch ha acollit l'exposici\u00f3 'Volta' a Catalunya 1911-2011. Un segle d'esport i pa\u00eds. - Museu Ol\u00edmpic i de l&#039;Esport","robots":{"index":"index","follow":"follow","max-snippet":"max-snippet:-1","max-image-preview":"max-image-preview:large","max-video-preview":"max-video-preview:-1"},"canonical":"https:\/\/www.museuolimpicbcn.cat\/ca\/amb-motiu-del-centenari-de-la-volta-el-museu-olimpic-i-de-lesport-joan-antoni-samaranch-ha-acollit-lexposicio-volta-a-catalunya-1911-2011-un-segle-desport-i-pais\/","og_locale":"ca_ES","og_type":"article","og_title":"Amb motiu del centenari de la Volta, el Museu Ol\u00edmpic i de l'Esport Joan Antoni Samaranch ha acollit l'exposici\u00f3 'Volta' a Catalunya 1911-2011. Un segle d'esport i pa\u00eds. - Museu Ol\u00edmpic i de l&#039;Esport","og_description":"L'acte de presentaci&oacute; ha estat presidit per Ivan Tibau - Secretari General de l'Esport -, Maite Fandos - presidenta de la Fundaci&oacute; Barcelona Ol&iacute;mpica i Tinenta d'Alcalde de Qualitat de Vida, Igualtat i Esports -, Rub&egrave;n Peris - president de la Volta Ciclista a Catalunya-, i Rafel Vallbona - comissari de l'Exposici&oacute;. A l'acte van acudir personalitats del m&oacute;n de l'esport, la societat i la pol&iacute;tica que no s'han volgut perdre 100 anys d'hist&ograve;ria esportiva de Catalunya.","og_url":"https:\/\/www.museuolimpicbcn.cat\/ca\/amb-motiu-del-centenari-de-la-volta-el-museu-olimpic-i-de-lesport-joan-antoni-samaranch-ha-acollit-lexposicio-volta-a-catalunya-1911-2011-un-segle-desport-i-pais\/","og_site_name":"Museu Ol\u00edmpic i de l&#039;Esport","article_published_time":"2011-09-26T22:00:00+00:00","author":"useradmin","twitter_card":"summary_large_image","twitter_misc":{"Escrit per":"useradmin","Temps estimat de lectura":"2 minuts"},"schema":{"@context":"https:\/\/schema.org","@graph":[{"@type":"Article","@id":"https:\/\/www.museuolimpicbcn.cat\/ca\/amb-motiu-del-centenari-de-la-volta-el-museu-olimpic-i-de-lesport-joan-antoni-samaranch-ha-acollit-lexposicio-volta-a-catalunya-1911-2011-un-segle-desport-i-pais\/#article","isPartOf":{"@id":"https:\/\/www.museuolimpicbcn.cat\/ca\/amb-motiu-del-centenari-de-la-volta-el-museu-olimpic-i-de-lesport-joan-antoni-samaranch-ha-acollit-lexposicio-volta-a-catalunya-1911-2011-un-segle-desport-i-pais\/"},"author":{"name":"useradmin","@id":"https:\/\/www.museuolimpicbcn.cat\/ca\/#\/schema\/person\/d05705664e87aa04c6ce53d48133fb39"},"headline":"Amb motiu del centenari de la Volta, el Museu Ol\u00edmpic i de l&#8217;Esport Joan Antoni Samaranch ha acollit l&#8217;exposici\u00f3 &#8216;Volta&#8217; a Catalunya 1911-2011. Un segle d&#8217;esport i pa\u00eds.","datePublished":"2011-09-26T22:00:00+00:00","dateModified":"2011-09-26T22:00:00+00:00","mainEntityOfPage":{"@id":"https:\/\/www.museuolimpicbcn.cat\/ca\/amb-motiu-del-centenari-de-la-volta-el-museu-olimpic-i-de-lesport-joan-antoni-samaranch-ha-acollit-lexposicio-volta-a-catalunya-1911-2011-un-segle-desport-i-pais\/"},"wordCount":478,"commentCount":0,"publisher":{"@id":"https:\/\/www.museuolimpicbcn.cat\/ca\/#organization"},"articleSection":["Uncategorized @ca"],"inLanguage":"ca","potentialAction":[{"@type":"CommentAction","name":"Comment","target":["https:\/\/www.museuolimpicbcn.cat\/ca\/amb-motiu-del-centenari-de-la-volta-el-museu-olimpic-i-de-lesport-joan-antoni-samaranch-ha-acollit-lexposicio-volta-a-catalunya-1911-2011-un-segle-desport-i-pais\/#respond"]}]},{"@type":"WebPage","@id":"https:\/\/www.museuolimpicbcn.cat\/ca\/amb-motiu-del-centenari-de-la-volta-el-museu-olimpic-i-de-lesport-joan-antoni-samaranch-ha-acollit-lexposicio-volta-a-catalunya-1911-2011-un-segle-desport-i-pais\/","url":"https:\/\/www.museuolimpicbcn.cat\/ca\/amb-motiu-del-centenari-de-la-volta-el-museu-olimpic-i-de-lesport-joan-antoni-samaranch-ha-acollit-lexposicio-volta-a-catalunya-1911-2011-un-segle-desport-i-pais\/","name":"Amb motiu del centenari de la Volta, el Museu Ol\u00edmpic i de l'Esport Joan Antoni Samaranch ha acollit l'exposici\u00f3 'Volta' a Catalunya 1911-2011. Un segle d'esport i pa\u00eds. - Museu Ol\u00edmpic i de l&#039;Esport","isPartOf":{"@id":"https:\/\/www.museuolimpicbcn.cat\/ca\/#website"},"datePublished":"2011-09-26T22:00:00+00:00","dateModified":"2011-09-26T22:00:00+00:00","breadcrumb":{"@id":"https:\/\/www.museuolimpicbcn.cat\/ca\/amb-motiu-del-centenari-de-la-volta-el-museu-olimpic-i-de-lesport-joan-antoni-samaranch-ha-acollit-lexposicio-volta-a-catalunya-1911-2011-un-segle-desport-i-pais\/#breadcrumb"},"inLanguage":"ca","potentialAction":[{"@type":"ReadAction","target":["https:\/\/www.museuolimpicbcn.cat\/ca\/amb-motiu-del-centenari-de-la-volta-el-museu-olimpic-i-de-lesport-joan-antoni-samaranch-ha-acollit-lexposicio-volta-a-catalunya-1911-2011-un-segle-desport-i-pais\/"]}]},{"@type":"BreadcrumbList","@id":"https:\/\/www.museuolimpicbcn.cat\/ca\/amb-motiu-del-centenari-de-la-volta-el-museu-olimpic-i-de-lesport-joan-antoni-samaranch-ha-acollit-lexposicio-volta-a-catalunya-1911-2011-un-segle-desport-i-pais\/#breadcrumb","itemListElement":[{"@type":"ListItem","position":1,"name":"Inici","item":"https:\/\/www.museuolimpicbcn.cat\/es\/"},{"@type":"ListItem","position":2,"name":"Amb motiu del centenari de la Volta, el Museu Ol\u00edmpic i de l&#8217;Esport Joan Antoni Samaranch ha acollit l&#8217;exposici\u00f3 &#8216;Volta&#8217; a Catalunya 1911-2011. Un segle d&#8217;esport i pa\u00eds."}]},{"@type":"WebSite","@id":"https:\/\/www.museuolimpicbcn.cat\/ca\/#website","url":"https:\/\/www.museuolimpicbcn.cat\/ca\/","name":"Museu Ol\u00edmpic i de l&#039;Esport","description":"Altre lloc Web del Museu Ol\u00edmpic i de l&#039;Esport llocs","publisher":{"@id":"https:\/\/www.museuolimpicbcn.cat\/ca\/#organization"},"potentialAction":[{"@type":"SearchAction","target":{"@type":"EntryPoint","urlTemplate":"https:\/\/www.museuolimpicbcn.cat\/ca\/?s={search_term_string}"},"query-input":{"@type":"PropertyValueSpecification","valueRequired":true,"valueName":"search_term_string"}}],"inLanguage":"ca"},{"@type":"Organization","@id":"https:\/\/www.museuolimpicbcn.cat\/ca\/#organization","name":"Museu Ol\u00edmpic i de l&#039;Esport","url":"https:\/\/www.museuolimpicbcn.cat\/ca\/","logo":{"@type":"ImageObject","inLanguage":"ca","@id":"https:\/\/www.museuolimpicbcn.cat\/ca\/#\/schema\/logo\/image\/","url":"https:\/\/www.museuolimpicbcn.cat\/wp-content\/uploads\/sites\/2\/2018\/12\/logo-moe-header.svg","contentUrl":"https:\/\/www.museuolimpicbcn.cat\/wp-content\/uploads\/sites\/2\/2018\/12\/logo-moe-header.svg","caption":"Museu Ol\u00edmpic i de l&#039;Esport"},"image":{"@id":"https:\/\/www.museuolimpicbcn.cat\/ca\/#\/schema\/logo\/image\/"}},{"@type":"Person","@id":"https:\/\/www.museuolimpicbcn.cat\/ca\/#\/schema\/person\/d05705664e87aa04c6ce53d48133fb39","name":"useradmin","url":"https:\/\/www.museuolimpicbcn.cat\/ca\/author\/useradmin\/"}]}},"_links":{"self":[{"href":"https:\/\/www.museuolimpicbcn.cat\/ca\/wp-json\/wp\/v2\/posts\/7577"}],"collection":[{"href":"https:\/\/www.museuolimpicbcn.cat\/ca\/wp-json\/wp\/v2\/posts"}],"about":[{"href":"https:\/\/www.museuolimpicbcn.cat\/ca\/wp-json\/wp\/v2\/types\/post"}],"author":[{"embeddable":true,"href":"https:\/\/www.museuolimpicbcn.cat\/ca\/wp-json\/wp\/v2\/users\/1"}],"replies":[{"embeddable":true,"href":"https:\/\/www.museuolimpicbcn.cat\/ca\/wp-json\/wp\/v2\/comments?post=7577"}],"version-history":[{"count":0,"href":"https:\/\/www.museuolimpicbcn.cat\/ca\/wp-json\/wp\/v2\/posts\/7577\/revisions"}],"wp:attachment":[{"href":"https:\/\/www.museuolimpicbcn.cat\/ca\/wp-json\/wp\/v2\/media?parent=7577"}],"wp:term":[{"taxonomy":"category","embeddable":true,"href":"https:\/\/www.museuolimpicbcn.cat\/ca\/wp-json\/wp\/v2\/categories?post=7577"},{"taxonomy":"post_tag","embeddable":true,"href":"https:\/\/www.museuolimpicbcn.cat\/ca\/wp-json\/wp\/v2\/tags?post=7577"}],"curies":[{"name":"wp","href":"https:\/\/api.w.org\/{rel}","templated":true}]}}