{"id":7782,"date":"2011-10-28T00:00:00","date_gmt":"2011-10-27T22:00:00","guid":{"rendered":"http:\/\/dev.museuolimpicbcn.cat\/el-museu-olimpic-i-de-lesport-joan-antoni-samaranch-un-exemple-de-gestio-per-als-alumnes-del-master-en-direccio-i-gestio-de-lesport-de-la-pompeu-fabra\/"},"modified":"2011-10-28T00:00:00","modified_gmt":"2011-10-27T22:00:00","slug":"el-museu-olimpic-i-de-lesport-joan-antoni-samaranch-un-exemple-de-gestio-per-als-alumnes-del-master-en-direccio-i-gestio-de-lesport-de-la-pompeu-fabra","status":"publish","type":"post","link":"https:\/\/www.museuolimpicbcn.cat\/ca\/el-museu-olimpic-i-de-lesport-joan-antoni-samaranch-un-exemple-de-gestio-per-als-alumnes-del-master-en-direccio-i-gestio-de-lesport-de-la-pompeu-fabra\/","title":{"rendered":"El Museu Ol\u00edmpic i de l&#8217;Esport Joan Antoni Samaranch, un exemple de gesti\u00f3 per als alumnes del M\u00e0ster en Direcci\u00f3 i Gesti\u00f3 de l&#8217;Esport de la Pompeu Fabra."},"content":{"rendered":"<p>El <strong>M&agrave;ster en Direcci&oacute; i Gesti&oacute; de l&#8217;Esport<\/strong> s&#8217;ha dissenyat per transmetre els coneixements b&agrave;sics per al desenvolupament amb &egrave;xit de llocs directius i de gesti&oacute; en qualsevol de les institucions, clubs, entitats i empreses relacionades amb l&#8217;esport.<\/p>\n<p>El Museu Ol&iacute;mpic i de l&#8217;Esport Joan Antoni Samaranch &eacute;s un espai d&#8217;inter&egrave;s global. La cultura i esport interaccionen amb finalitats educatives. El passat, el present i el futur esportiu interactuen en el mateix espai per transmetre els valors positius de l&#8217;esport.<\/p>\n","protected":false},"excerpt":{"rendered":"<p>Juli Pernas, director de la Fundaci&oacute; Barcelona Ol&iacute;mpica, ha estat el ponent convidat pels alumnes del M&agrave;ster en Direcci&oacute; i Gesti&oacute; de l&#8217;Esport de l&#8217;Escola de negocis de la Universitat Pompeu Fabra.<\/p>\n","protected":false},"author":1,"featured_media":0,"comment_status":"open","ping_status":"open","sticky":false,"template":"","format":"standard","meta":{"_acf_changed":false,"_price":"","_stock":"","_tribe_ticket_header":"","_tribe_default_ticket_provider":"","_tribe_ticket_capacity":"0","_ticket_start_date":"","_ticket_end_date":"","_tribe_ticket_show_description":"","_tribe_ticket_show_not_going":false,"_tribe_ticket_use_global_stock":"","_tribe_ticket_global_stock_level":"","_global_stock_mode":"","_global_stock_cap":"","_tribe_rsvp_for_event":"","_tribe_ticket_going_count":"","_tribe_ticket_not_going_count":"","_tribe_tickets_list":"[]","_tribe_ticket_has_attendee_info_fields":false,"footnotes":""},"categories":[1],"tags":[],"class_list":["post-7782","post","type-post","status-publish","format-standard","hentry","category-uncategorized-ca"],"acf":[],"yoast_head":"<!-- This site is optimized with the Yoast SEO plugin v23.7 - https:\/\/yoast.com\/wordpress\/plugins\/seo\/ -->\n<title>El Museu Ol\u00edmpic i de l&#039;Esport Joan Antoni Samaranch, un exemple de gesti\u00f3 per als alumnes del M\u00e0ster en Direcci\u00f3 i Gesti\u00f3 de l&#039;Esport de la Pompeu Fabra. - Museu Ol\u00edmpic i de l&#039;Esport<\/title>\n<meta name=\"robots\" content=\"index, follow, max-snippet:-1, max-image-preview:large, max-video-preview:-1\" \/>\n<link rel=\"canonical\" href=\"https:\/\/www.museuolimpicbcn.cat\/ca\/el-museu-olimpic-i-de-lesport-joan-antoni-samaranch-un-exemple-de-gestio-per-als-alumnes-del-master-en-direccio-i-gestio-de-lesport-de-la-pompeu-fabra\/\" \/>\n<meta property=\"og:locale\" content=\"ca_ES\" \/>\n<meta property=\"og:type\" content=\"article\" \/>\n<meta property=\"og:title\" content=\"El Museu Ol\u00edmpic i de l&#039;Esport Joan Antoni Samaranch, un exemple de gesti\u00f3 per als alumnes del M\u00e0ster en Direcci\u00f3 i Gesti\u00f3 de l&#039;Esport de la Pompeu Fabra. - Museu Ol\u00edmpic i de l&#039;Esport\" \/>\n<meta property=\"og:description\" content=\"Juli Pernas, director de la Fundaci&oacute; Barcelona Ol&iacute;mpica, ha estat el ponent convidat pels alumnes del M&agrave;ster en Direcci&oacute; i Gesti&oacute; de l&#039;Esport de l&#039;Escola de negocis de la Universitat Pompeu Fabra.\" \/>\n<meta property=\"og:url\" content=\"https:\/\/www.museuolimpicbcn.cat\/ca\/el-museu-olimpic-i-de-lesport-joan-antoni-samaranch-un-exemple-de-gestio-per-als-alumnes-del-master-en-direccio-i-gestio-de-lesport-de-la-pompeu-fabra\/\" \/>\n<meta property=\"og:site_name\" content=\"Museu Ol\u00edmpic i de l&#039;Esport\" \/>\n<meta property=\"article:published_time\" content=\"2011-10-27T22:00:00+00:00\" \/>\n<meta name=\"author\" content=\"useradmin\" \/>\n<meta name=\"twitter:card\" content=\"summary_large_image\" \/>\n<meta name=\"twitter:label1\" content=\"Escrit per\" \/>\n\t<meta name=\"twitter:data1\" content=\"useradmin\" \/>\n<script type=\"application\/ld+json\" class=\"yoast-schema-graph\">{\"@context\":\"https:\/\/schema.org\",\"@graph\":[{\"@type\":\"Article\",\"@id\":\"https:\/\/www.museuolimpicbcn.cat\/ca\/el-museu-olimpic-i-de-lesport-joan-antoni-samaranch-un-exemple-de-gestio-per-als-alumnes-del-master-en-direccio-i-gestio-de-lesport-de-la-pompeu-fabra\/#article\",\"isPartOf\":{\"@id\":\"https:\/\/www.museuolimpicbcn.cat\/ca\/el-museu-olimpic-i-de-lesport-joan-antoni-samaranch-un-exemple-de-gestio-per-als-alumnes-del-master-en-direccio-i-gestio-de-lesport-de-la-pompeu-fabra\/\"},\"author\":{\"name\":\"useradmin\",\"@id\":\"https:\/\/www.museuolimpicbcn.cat\/ca\/#\/schema\/person\/d05705664e87aa04c6ce53d48133fb39\"},\"headline\":\"El Museu Ol\u00edmpic i de l&#8217;Esport Joan Antoni Samaranch, un exemple de gesti\u00f3 per als alumnes del M\u00e0ster en Direcci\u00f3 i Gesti\u00f3 de l&#8217;Esport de la Pompeu Fabra.\",\"datePublished\":\"2011-10-27T22:00:00+00:00\",\"dateModified\":\"2011-10-27T22:00:00+00:00\",\"mainEntityOfPage\":{\"@id\":\"https:\/\/www.museuolimpicbcn.cat\/ca\/el-museu-olimpic-i-de-lesport-joan-antoni-samaranch-un-exemple-de-gestio-per-als-alumnes-del-master-en-direccio-i-gestio-de-lesport-de-la-pompeu-fabra\/\"},\"wordCount\":123,\"commentCount\":0,\"publisher\":{\"@id\":\"https:\/\/www.museuolimpicbcn.cat\/ca\/#organization\"},\"articleSection\":[\"Uncategorized @ca\"],\"inLanguage\":\"ca\",\"potentialAction\":[{\"@type\":\"CommentAction\",\"name\":\"Comment\",\"target\":[\"https:\/\/www.museuolimpicbcn.cat\/ca\/el-museu-olimpic-i-de-lesport-joan-antoni-samaranch-un-exemple-de-gestio-per-als-alumnes-del-master-en-direccio-i-gestio-de-lesport-de-la-pompeu-fabra\/#respond\"]}]},{\"@type\":\"WebPage\",\"@id\":\"https:\/\/www.museuolimpicbcn.cat\/ca\/el-museu-olimpic-i-de-lesport-joan-antoni-samaranch-un-exemple-de-gestio-per-als-alumnes-del-master-en-direccio-i-gestio-de-lesport-de-la-pompeu-fabra\/\",\"url\":\"https:\/\/www.museuolimpicbcn.cat\/ca\/el-museu-olimpic-i-de-lesport-joan-antoni-samaranch-un-exemple-de-gestio-per-als-alumnes-del-master-en-direccio-i-gestio-de-lesport-de-la-pompeu-fabra\/\",\"name\":\"El Museu Ol\u00edmpic i de l'Esport Joan Antoni Samaranch, un exemple de gesti\u00f3 per als alumnes del M\u00e0ster en Direcci\u00f3 i Gesti\u00f3 de l'Esport de la Pompeu Fabra. - Museu Ol\u00edmpic i de l&#039;Esport\",\"isPartOf\":{\"@id\":\"https:\/\/www.museuolimpicbcn.cat\/ca\/#website\"},\"datePublished\":\"2011-10-27T22:00:00+00:00\",\"dateModified\":\"2011-10-27T22:00:00+00:00\",\"breadcrumb\":{\"@id\":\"https:\/\/www.museuolimpicbcn.cat\/ca\/el-museu-olimpic-i-de-lesport-joan-antoni-samaranch-un-exemple-de-gestio-per-als-alumnes-del-master-en-direccio-i-gestio-de-lesport-de-la-pompeu-fabra\/#breadcrumb\"},\"inLanguage\":\"ca\",\"potentialAction\":[{\"@type\":\"ReadAction\",\"target\":[\"https:\/\/www.museuolimpicbcn.cat\/ca\/el-museu-olimpic-i-de-lesport-joan-antoni-samaranch-un-exemple-de-gestio-per-als-alumnes-del-master-en-direccio-i-gestio-de-lesport-de-la-pompeu-fabra\/\"]}]},{\"@type\":\"BreadcrumbList\",\"@id\":\"https:\/\/www.museuolimpicbcn.cat\/ca\/el-museu-olimpic-i-de-lesport-joan-antoni-samaranch-un-exemple-de-gestio-per-als-alumnes-del-master-en-direccio-i-gestio-de-lesport-de-la-pompeu-fabra\/#breadcrumb\",\"itemListElement\":[{\"@type\":\"ListItem\",\"position\":1,\"name\":\"Inici\",\"item\":\"https:\/\/www.museuolimpicbcn.cat\/es\/\"},{\"@type\":\"ListItem\",\"position\":2,\"name\":\"El Museu Ol\u00edmpic i de l&#8217;Esport Joan Antoni Samaranch, un exemple de gesti\u00f3 per als alumnes del M\u00e0ster en Direcci\u00f3 i Gesti\u00f3 de l&#8217;Esport de la Pompeu Fabra.\"}]},{\"@type\":\"WebSite\",\"@id\":\"https:\/\/www.museuolimpicbcn.cat\/ca\/#website\",\"url\":\"https:\/\/www.museuolimpicbcn.cat\/ca\/\",\"name\":\"Museu Ol\u00edmpic i de l&#039;Esport\",\"description\":\"Altre lloc Web del Museu Ol\u00edmpic i de l&#039;Esport llocs\",\"publisher\":{\"@id\":\"https:\/\/www.museuolimpicbcn.cat\/ca\/#organization\"},\"potentialAction\":[{\"@type\":\"SearchAction\",\"target\":{\"@type\":\"EntryPoint\",\"urlTemplate\":\"https:\/\/www.museuolimpicbcn.cat\/ca\/?s={search_term_string}\"},\"query-input\":{\"@type\":\"PropertyValueSpecification\",\"valueRequired\":true,\"valueName\":\"search_term_string\"}}],\"inLanguage\":\"ca\"},{\"@type\":\"Organization\",\"@id\":\"https:\/\/www.museuolimpicbcn.cat\/ca\/#organization\",\"name\":\"Museu Ol\u00edmpic i de l&#039;Esport\",\"url\":\"https:\/\/www.museuolimpicbcn.cat\/ca\/\",\"logo\":{\"@type\":\"ImageObject\",\"inLanguage\":\"ca\",\"@id\":\"https:\/\/www.museuolimpicbcn.cat\/ca\/#\/schema\/logo\/image\/\",\"url\":\"https:\/\/www.museuolimpicbcn.cat\/wp-content\/uploads\/sites\/2\/2018\/12\/logo-moe-header.svg\",\"contentUrl\":\"https:\/\/www.museuolimpicbcn.cat\/wp-content\/uploads\/sites\/2\/2018\/12\/logo-moe-header.svg\",\"caption\":\"Museu Ol\u00edmpic i de l&#039;Esport\"},\"image\":{\"@id\":\"https:\/\/www.museuolimpicbcn.cat\/ca\/#\/schema\/logo\/image\/\"}},{\"@type\":\"Person\",\"@id\":\"https:\/\/www.museuolimpicbcn.cat\/ca\/#\/schema\/person\/d05705664e87aa04c6ce53d48133fb39\",\"name\":\"useradmin\",\"url\":\"https:\/\/www.museuolimpicbcn.cat\/ca\/author\/useradmin\/\"}]}<\/script>\n<!-- \/ Yoast SEO plugin. -->","yoast_head_json":{"title":"El Museu Ol\u00edmpic i de l'Esport Joan Antoni Samaranch, un exemple de gesti\u00f3 per als alumnes del M\u00e0ster en Direcci\u00f3 i Gesti\u00f3 de l'Esport de la Pompeu Fabra. - Museu Ol\u00edmpic i de l&#039;Esport","robots":{"index":"index","follow":"follow","max-snippet":"max-snippet:-1","max-image-preview":"max-image-preview:large","max-video-preview":"max-video-preview:-1"},"canonical":"https:\/\/www.museuolimpicbcn.cat\/ca\/el-museu-olimpic-i-de-lesport-joan-antoni-samaranch-un-exemple-de-gestio-per-als-alumnes-del-master-en-direccio-i-gestio-de-lesport-de-la-pompeu-fabra\/","og_locale":"ca_ES","og_type":"article","og_title":"El Museu Ol\u00edmpic i de l'Esport Joan Antoni Samaranch, un exemple de gesti\u00f3 per als alumnes del M\u00e0ster en Direcci\u00f3 i Gesti\u00f3 de l'Esport de la Pompeu Fabra. - Museu Ol\u00edmpic i de l&#039;Esport","og_description":"Juli Pernas, director de la Fundaci&oacute; Barcelona Ol&iacute;mpica, ha estat el ponent convidat pels alumnes del M&agrave;ster en Direcci&oacute; i Gesti&oacute; de l'Esport de l'Escola de negocis de la Universitat Pompeu Fabra.","og_url":"https:\/\/www.museuolimpicbcn.cat\/ca\/el-museu-olimpic-i-de-lesport-joan-antoni-samaranch-un-exemple-de-gestio-per-als-alumnes-del-master-en-direccio-i-gestio-de-lesport-de-la-pompeu-fabra\/","og_site_name":"Museu Ol\u00edmpic i de l&#039;Esport","article_published_time":"2011-10-27T22:00:00+00:00","author":"useradmin","twitter_card":"summary_large_image","twitter_misc":{"Escrit per":"useradmin"},"schema":{"@context":"https:\/\/schema.org","@graph":[{"@type":"Article","@id":"https:\/\/www.museuolimpicbcn.cat\/ca\/el-museu-olimpic-i-de-lesport-joan-antoni-samaranch-un-exemple-de-gestio-per-als-alumnes-del-master-en-direccio-i-gestio-de-lesport-de-la-pompeu-fabra\/#article","isPartOf":{"@id":"https:\/\/www.museuolimpicbcn.cat\/ca\/el-museu-olimpic-i-de-lesport-joan-antoni-samaranch-un-exemple-de-gestio-per-als-alumnes-del-master-en-direccio-i-gestio-de-lesport-de-la-pompeu-fabra\/"},"author":{"name":"useradmin","@id":"https:\/\/www.museuolimpicbcn.cat\/ca\/#\/schema\/person\/d05705664e87aa04c6ce53d48133fb39"},"headline":"El Museu Ol\u00edmpic i de l&#8217;Esport Joan Antoni Samaranch, un exemple de gesti\u00f3 per als alumnes del M\u00e0ster en Direcci\u00f3 i Gesti\u00f3 de l&#8217;Esport de la Pompeu Fabra.","datePublished":"2011-10-27T22:00:00+00:00","dateModified":"2011-10-27T22:00:00+00:00","mainEntityOfPage":{"@id":"https:\/\/www.museuolimpicbcn.cat\/ca\/el-museu-olimpic-i-de-lesport-joan-antoni-samaranch-un-exemple-de-gestio-per-als-alumnes-del-master-en-direccio-i-gestio-de-lesport-de-la-pompeu-fabra\/"},"wordCount":123,"commentCount":0,"publisher":{"@id":"https:\/\/www.museuolimpicbcn.cat\/ca\/#organization"},"articleSection":["Uncategorized @ca"],"inLanguage":"ca","potentialAction":[{"@type":"CommentAction","name":"Comment","target":["https:\/\/www.museuolimpicbcn.cat\/ca\/el-museu-olimpic-i-de-lesport-joan-antoni-samaranch-un-exemple-de-gestio-per-als-alumnes-del-master-en-direccio-i-gestio-de-lesport-de-la-pompeu-fabra\/#respond"]}]},{"@type":"WebPage","@id":"https:\/\/www.museuolimpicbcn.cat\/ca\/el-museu-olimpic-i-de-lesport-joan-antoni-samaranch-un-exemple-de-gestio-per-als-alumnes-del-master-en-direccio-i-gestio-de-lesport-de-la-pompeu-fabra\/","url":"https:\/\/www.museuolimpicbcn.cat\/ca\/el-museu-olimpic-i-de-lesport-joan-antoni-samaranch-un-exemple-de-gestio-per-als-alumnes-del-master-en-direccio-i-gestio-de-lesport-de-la-pompeu-fabra\/","name":"El Museu Ol\u00edmpic i de l'Esport Joan Antoni Samaranch, un exemple de gesti\u00f3 per als alumnes del M\u00e0ster en Direcci\u00f3 i Gesti\u00f3 de l'Esport de la Pompeu Fabra. - Museu Ol\u00edmpic i de l&#039;Esport","isPartOf":{"@id":"https:\/\/www.museuolimpicbcn.cat\/ca\/#website"},"datePublished":"2011-10-27T22:00:00+00:00","dateModified":"2011-10-27T22:00:00+00:00","breadcrumb":{"@id":"https:\/\/www.museuolimpicbcn.cat\/ca\/el-museu-olimpic-i-de-lesport-joan-antoni-samaranch-un-exemple-de-gestio-per-als-alumnes-del-master-en-direccio-i-gestio-de-lesport-de-la-pompeu-fabra\/#breadcrumb"},"inLanguage":"ca","potentialAction":[{"@type":"ReadAction","target":["https:\/\/www.museuolimpicbcn.cat\/ca\/el-museu-olimpic-i-de-lesport-joan-antoni-samaranch-un-exemple-de-gestio-per-als-alumnes-del-master-en-direccio-i-gestio-de-lesport-de-la-pompeu-fabra\/"]}]},{"@type":"BreadcrumbList","@id":"https:\/\/www.museuolimpicbcn.cat\/ca\/el-museu-olimpic-i-de-lesport-joan-antoni-samaranch-un-exemple-de-gestio-per-als-alumnes-del-master-en-direccio-i-gestio-de-lesport-de-la-pompeu-fabra\/#breadcrumb","itemListElement":[{"@type":"ListItem","position":1,"name":"Inici","item":"https:\/\/www.museuolimpicbcn.cat\/es\/"},{"@type":"ListItem","position":2,"name":"El Museu Ol\u00edmpic i de l&#8217;Esport Joan Antoni Samaranch, un exemple de gesti\u00f3 per als alumnes del M\u00e0ster en Direcci\u00f3 i Gesti\u00f3 de l&#8217;Esport de la Pompeu Fabra."}]},{"@type":"WebSite","@id":"https:\/\/www.museuolimpicbcn.cat\/ca\/#website","url":"https:\/\/www.museuolimpicbcn.cat\/ca\/","name":"Museu Ol\u00edmpic i de l&#039;Esport","description":"Altre lloc Web del Museu Ol\u00edmpic i de l&#039;Esport llocs","publisher":{"@id":"https:\/\/www.museuolimpicbcn.cat\/ca\/#organization"},"potentialAction":[{"@type":"SearchAction","target":{"@type":"EntryPoint","urlTemplate":"https:\/\/www.museuolimpicbcn.cat\/ca\/?s={search_term_string}"},"query-input":{"@type":"PropertyValueSpecification","valueRequired":true,"valueName":"search_term_string"}}],"inLanguage":"ca"},{"@type":"Organization","@id":"https:\/\/www.museuolimpicbcn.cat\/ca\/#organization","name":"Museu Ol\u00edmpic i de l&#039;Esport","url":"https:\/\/www.museuolimpicbcn.cat\/ca\/","logo":{"@type":"ImageObject","inLanguage":"ca","@id":"https:\/\/www.museuolimpicbcn.cat\/ca\/#\/schema\/logo\/image\/","url":"https:\/\/www.museuolimpicbcn.cat\/wp-content\/uploads\/sites\/2\/2018\/12\/logo-moe-header.svg","contentUrl":"https:\/\/www.museuolimpicbcn.cat\/wp-content\/uploads\/sites\/2\/2018\/12\/logo-moe-header.svg","caption":"Museu Ol\u00edmpic i de l&#039;Esport"},"image":{"@id":"https:\/\/www.museuolimpicbcn.cat\/ca\/#\/schema\/logo\/image\/"}},{"@type":"Person","@id":"https:\/\/www.museuolimpicbcn.cat\/ca\/#\/schema\/person\/d05705664e87aa04c6ce53d48133fb39","name":"useradmin","url":"https:\/\/www.museuolimpicbcn.cat\/ca\/author\/useradmin\/"}]}},"_links":{"self":[{"href":"https:\/\/www.museuolimpicbcn.cat\/ca\/wp-json\/wp\/v2\/posts\/7782"}],"collection":[{"href":"https:\/\/www.museuolimpicbcn.cat\/ca\/wp-json\/wp\/v2\/posts"}],"about":[{"href":"https:\/\/www.museuolimpicbcn.cat\/ca\/wp-json\/wp\/v2\/types\/post"}],"author":[{"embeddable":true,"href":"https:\/\/www.museuolimpicbcn.cat\/ca\/wp-json\/wp\/v2\/users\/1"}],"replies":[{"embeddable":true,"href":"https:\/\/www.museuolimpicbcn.cat\/ca\/wp-json\/wp\/v2\/comments?post=7782"}],"version-history":[{"count":0,"href":"https:\/\/www.museuolimpicbcn.cat\/ca\/wp-json\/wp\/v2\/posts\/7782\/revisions"}],"wp:attachment":[{"href":"https:\/\/www.museuolimpicbcn.cat\/ca\/wp-json\/wp\/v2\/media?parent=7782"}],"wp:term":[{"taxonomy":"category","embeddable":true,"href":"https:\/\/www.museuolimpicbcn.cat\/ca\/wp-json\/wp\/v2\/categories?post=7782"},{"taxonomy":"post_tag","embeddable":true,"href":"https:\/\/www.museuolimpicbcn.cat\/ca\/wp-json\/wp\/v2\/tags?post=7782"}],"curies":[{"name":"wp","href":"https:\/\/api.w.org\/{rel}","templated":true}]}}