{"id":8307,"date":"2012-03-06T00:00:00","date_gmt":"2012-03-05T23:00:00","guid":{"rendered":"http:\/\/dev.museuolimpicbcn.cat\/amb-motiu-de-la-2a-edicio-de-la-trailwalker-intermon-oxfam-el-museu-olimpic-i-de-lesport-joan-antoni-samaranch-acollira-lexposicio-fotografica-trailwalker-2012-del-6-al-31-de-marc\/"},"modified":"2012-03-06T00:00:00","modified_gmt":"2012-03-05T23:00:00","slug":"amb-motiu-de-la-2a-edicio-de-la-trailwalker-intermon-oxfam-el-museu-olimpic-i-de-lesport-joan-antoni-samaranch-acollira-lexposicio-fotografica-trailwalker-2012-del-6-al-31-de-marc","status":"publish","type":"post","link":"https:\/\/www.museuolimpicbcn.cat\/ca\/amb-motiu-de-la-2a-edicio-de-la-trailwalker-intermon-oxfam-el-museu-olimpic-i-de-lesport-joan-antoni-samaranch-acollira-lexposicio-fotografica-trailwalker-2012-del-6-al-31-de-marc\/","title":{"rendered":"Amb motiu de la 2a edici\u00f3 de la Trailwalker Intermon Oxfam, el Museu Ol\u00edmpic i de l\u2019Esport Joan Antoni Samaranch acollir\u00e0 l\u2019exposici\u00f3 fotogr\u00e0fica Trailwalker 2012, del 6 al 31 de mar\u00e7"},"content":{"rendered":"<p>El Trailwalker 2012 es desenvolupar&agrave; del 5 al 6 de maig i el recorregut ser&agrave; des d&#8217;Olot fins a Sant Feliu de Gu&iacute;xols. &Eacute;s un repte solidari amb el valor principal del treball en equip i la superaci&oacute;. Intermon Oxfam desenvolupa m&eacute;s de 400 projectes solidaris arreu el m&oacute;n. El que es recapti a trav&eacute;s de les fitxes d&#8217;inscripci&oacute; i de donatius faran possible la continu&iuml;tat d&#8217;aquests projectes.<\/p>\n<p>El Trailwalker &eacute;s una marxa solid&agrave;ria de 100 km contra la pobresa. L&rsquo;exposici&oacute; mostra com els equips participants col&middot;laboren amb Interm&oacute;n Oxfam en programes com el Banc d&rsquo;Aigua d&rsquo;Eti&ograve;pia. En aquest pa&iacute;s, que pateix una sequera cr&ograve;nica, les dones i les nenes han de caminar fins a 5 i 6 hores di&agrave;ries per anar a buscar aigua, que no sempre est&agrave; en bon estat. Amb el Banc d&rsquo;aigua d&rsquo;Eti&ograve;pia Interm&oacute;n Oxfam proveeix milers de persones d&rsquo;instal&middot;lacions d&rsquo;aigua potable i formaci&oacute; en higiene, facilitant-ne el seu desenvolupament.<\/p>\n<p>Per celebrar el 20 aniversari dels Jocs Ol&iacute;mpics de Barcelona&rsquo;92, el nombre de visites escolars s&#8217;ha incrementat considerablement. Durant el mes de mar&ccedil; m&eacute;s de 2000 escolars recorreran les instal&middot;lacions del Museu Ol&iacute;mpic i de l&rsquo;Esport Joan Antoni Samaranch i podran gaudir de l&#8217;exposici&oacute; de Trailwalker 2012.<\/p>\n<p>M&eacute;s informaci&oacute;<\/p>\n","protected":false},"excerpt":{"rendered":"<p>Elena Rodriguez, responsable de Trailwalker Intermon Oxfam, i Juli Pernas, director de la Fundaci&oacute; Barcelona Ol&iacute;mpica, destaquen la import&agrave;ncia de conscienciar les noves generacions del poder de la solidaritat.<\/p>\n","protected":false},"author":1,"featured_media":0,"comment_status":"open","ping_status":"open","sticky":false,"template":"","format":"standard","meta":{"_acf_changed":false,"_price":"","_stock":"","_tribe_ticket_header":"","_tribe_default_ticket_provider":"","_tribe_ticket_capacity":"0","_ticket_start_date":"","_ticket_end_date":"","_tribe_ticket_show_description":"","_tribe_ticket_show_not_going":false,"_tribe_ticket_use_global_stock":"","_tribe_ticket_global_stock_level":"","_global_stock_mode":"","_global_stock_cap":"","_tribe_rsvp_for_event":"","_tribe_ticket_going_count":"","_tribe_ticket_not_going_count":"","_tribe_tickets_list":"[]","_tribe_ticket_has_attendee_info_fields":false,"footnotes":""},"categories":[1],"tags":[],"class_list":["post-8307","post","type-post","status-publish","format-standard","hentry","category-uncategorized-ca"],"acf":[],"yoast_head":"<!-- This site is optimized with the Yoast SEO plugin v23.7 - https:\/\/yoast.com\/wordpress\/plugins\/seo\/ -->\n<title>Amb motiu de la 2a edici\u00f3 de la Trailwalker Intermon Oxfam, el Museu Ol\u00edmpic i de l\u2019Esport Joan Antoni Samaranch acollir\u00e0 l\u2019exposici\u00f3 fotogr\u00e0fica Trailwalker 2012, del 6 al 31 de mar\u00e7 - Museu Ol\u00edmpic i de l&#039;Esport<\/title>\n<meta name=\"robots\" content=\"index, follow, max-snippet:-1, max-image-preview:large, max-video-preview:-1\" \/>\n<link rel=\"canonical\" href=\"https:\/\/www.museuolimpicbcn.cat\/ca\/amb-motiu-de-la-2a-edicio-de-la-trailwalker-intermon-oxfam-el-museu-olimpic-i-de-lesport-joan-antoni-samaranch-acollira-lexposicio-fotografica-trailwalker-2012-del-6-al-31-de-marc\/\" \/>\n<meta property=\"og:locale\" content=\"ca_ES\" \/>\n<meta property=\"og:type\" content=\"article\" \/>\n<meta property=\"og:title\" content=\"Amb motiu de la 2a edici\u00f3 de la Trailwalker Intermon Oxfam, el Museu Ol\u00edmpic i de l\u2019Esport Joan Antoni Samaranch acollir\u00e0 l\u2019exposici\u00f3 fotogr\u00e0fica Trailwalker 2012, del 6 al 31 de mar\u00e7 - Museu Ol\u00edmpic i de l&#039;Esport\" \/>\n<meta property=\"og:description\" content=\"Elena Rodriguez, responsable de Trailwalker Intermon Oxfam, i Juli Pernas, director de la Fundaci&oacute; Barcelona Ol&iacute;mpica, destaquen la import&agrave;ncia de conscienciar les noves generacions del poder de la solidaritat.\" \/>\n<meta property=\"og:url\" content=\"https:\/\/www.museuolimpicbcn.cat\/ca\/amb-motiu-de-la-2a-edicio-de-la-trailwalker-intermon-oxfam-el-museu-olimpic-i-de-lesport-joan-antoni-samaranch-acollira-lexposicio-fotografica-trailwalker-2012-del-6-al-31-de-marc\/\" \/>\n<meta property=\"og:site_name\" content=\"Museu Ol\u00edmpic i de l&#039;Esport\" \/>\n<meta property=\"article:published_time\" content=\"2012-03-05T23:00:00+00:00\" \/>\n<meta name=\"author\" content=\"useradmin\" \/>\n<meta name=\"twitter:card\" content=\"summary_large_image\" \/>\n<meta name=\"twitter:label1\" content=\"Escrit per\" \/>\n\t<meta name=\"twitter:data1\" content=\"useradmin\" \/>\n\t<meta name=\"twitter:label2\" content=\"Temps estimat de lectura\" \/>\n\t<meta name=\"twitter:data2\" content=\"1 minut\" \/>\n<script type=\"application\/ld+json\" class=\"yoast-schema-graph\">{\"@context\":\"https:\/\/schema.org\",\"@graph\":[{\"@type\":\"Article\",\"@id\":\"https:\/\/www.museuolimpicbcn.cat\/ca\/amb-motiu-de-la-2a-edicio-de-la-trailwalker-intermon-oxfam-el-museu-olimpic-i-de-lesport-joan-antoni-samaranch-acollira-lexposicio-fotografica-trailwalker-2012-del-6-al-31-de-marc\/#article\",\"isPartOf\":{\"@id\":\"https:\/\/www.museuolimpicbcn.cat\/ca\/amb-motiu-de-la-2a-edicio-de-la-trailwalker-intermon-oxfam-el-museu-olimpic-i-de-lesport-joan-antoni-samaranch-acollira-lexposicio-fotografica-trailwalker-2012-del-6-al-31-de-marc\/\"},\"author\":{\"name\":\"useradmin\",\"@id\":\"https:\/\/www.museuolimpicbcn.cat\/ca\/#\/schema\/person\/d05705664e87aa04c6ce53d48133fb39\"},\"headline\":\"Amb motiu de la 2a edici\u00f3 de la Trailwalker Intermon Oxfam, el Museu Ol\u00edmpic i de l\u2019Esport Joan Antoni Samaranch acollir\u00e0 l\u2019exposici\u00f3 fotogr\u00e0fica Trailwalker 2012, del 6 al 31 de mar\u00e7\",\"datePublished\":\"2012-03-05T23:00:00+00:00\",\"dateModified\":\"2012-03-05T23:00:00+00:00\",\"mainEntityOfPage\":{\"@id\":\"https:\/\/www.museuolimpicbcn.cat\/ca\/amb-motiu-de-la-2a-edicio-de-la-trailwalker-intermon-oxfam-el-museu-olimpic-i-de-lesport-joan-antoni-samaranch-acollira-lexposicio-fotografica-trailwalker-2012-del-6-al-31-de-marc\/\"},\"wordCount\":294,\"commentCount\":0,\"publisher\":{\"@id\":\"https:\/\/www.museuolimpicbcn.cat\/ca\/#organization\"},\"articleSection\":[\"Uncategorized @ca\"],\"inLanguage\":\"ca\",\"potentialAction\":[{\"@type\":\"CommentAction\",\"name\":\"Comment\",\"target\":[\"https:\/\/www.museuolimpicbcn.cat\/ca\/amb-motiu-de-la-2a-edicio-de-la-trailwalker-intermon-oxfam-el-museu-olimpic-i-de-lesport-joan-antoni-samaranch-acollira-lexposicio-fotografica-trailwalker-2012-del-6-al-31-de-marc\/#respond\"]}]},{\"@type\":\"WebPage\",\"@id\":\"https:\/\/www.museuolimpicbcn.cat\/ca\/amb-motiu-de-la-2a-edicio-de-la-trailwalker-intermon-oxfam-el-museu-olimpic-i-de-lesport-joan-antoni-samaranch-acollira-lexposicio-fotografica-trailwalker-2012-del-6-al-31-de-marc\/\",\"url\":\"https:\/\/www.museuolimpicbcn.cat\/ca\/amb-motiu-de-la-2a-edicio-de-la-trailwalker-intermon-oxfam-el-museu-olimpic-i-de-lesport-joan-antoni-samaranch-acollira-lexposicio-fotografica-trailwalker-2012-del-6-al-31-de-marc\/\",\"name\":\"Amb motiu de la 2a edici\u00f3 de la Trailwalker Intermon Oxfam, el Museu Ol\u00edmpic i de l\u2019Esport Joan Antoni Samaranch acollir\u00e0 l\u2019exposici\u00f3 fotogr\u00e0fica Trailwalker 2012, del 6 al 31 de mar\u00e7 - Museu Ol\u00edmpic i de l&#039;Esport\",\"isPartOf\":{\"@id\":\"https:\/\/www.museuolimpicbcn.cat\/ca\/#website\"},\"datePublished\":\"2012-03-05T23:00:00+00:00\",\"dateModified\":\"2012-03-05T23:00:00+00:00\",\"breadcrumb\":{\"@id\":\"https:\/\/www.museuolimpicbcn.cat\/ca\/amb-motiu-de-la-2a-edicio-de-la-trailwalker-intermon-oxfam-el-museu-olimpic-i-de-lesport-joan-antoni-samaranch-acollira-lexposicio-fotografica-trailwalker-2012-del-6-al-31-de-marc\/#breadcrumb\"},\"inLanguage\":\"ca\",\"potentialAction\":[{\"@type\":\"ReadAction\",\"target\":[\"https:\/\/www.museuolimpicbcn.cat\/ca\/amb-motiu-de-la-2a-edicio-de-la-trailwalker-intermon-oxfam-el-museu-olimpic-i-de-lesport-joan-antoni-samaranch-acollira-lexposicio-fotografica-trailwalker-2012-del-6-al-31-de-marc\/\"]}]},{\"@type\":\"BreadcrumbList\",\"@id\":\"https:\/\/www.museuolimpicbcn.cat\/ca\/amb-motiu-de-la-2a-edicio-de-la-trailwalker-intermon-oxfam-el-museu-olimpic-i-de-lesport-joan-antoni-samaranch-acollira-lexposicio-fotografica-trailwalker-2012-del-6-al-31-de-marc\/#breadcrumb\",\"itemListElement\":[{\"@type\":\"ListItem\",\"position\":1,\"name\":\"Inici\",\"item\":\"https:\/\/www.museuolimpicbcn.cat\/es\/\"},{\"@type\":\"ListItem\",\"position\":2,\"name\":\"Amb motiu de la 2a edici\u00f3 de la Trailwalker Intermon Oxfam, el Museu Ol\u00edmpic i de l\u2019Esport Joan Antoni Samaranch acollir\u00e0 l\u2019exposici\u00f3 fotogr\u00e0fica Trailwalker 2012, del 6 al 31 de mar\u00e7\"}]},{\"@type\":\"WebSite\",\"@id\":\"https:\/\/www.museuolimpicbcn.cat\/ca\/#website\",\"url\":\"https:\/\/www.museuolimpicbcn.cat\/ca\/\",\"name\":\"Museu Ol\u00edmpic i de l&#039;Esport\",\"description\":\"Altre lloc Web del Museu Ol\u00edmpic i de l&#039;Esport llocs\",\"publisher\":{\"@id\":\"https:\/\/www.museuolimpicbcn.cat\/ca\/#organization\"},\"potentialAction\":[{\"@type\":\"SearchAction\",\"target\":{\"@type\":\"EntryPoint\",\"urlTemplate\":\"https:\/\/www.museuolimpicbcn.cat\/ca\/?s={search_term_string}\"},\"query-input\":{\"@type\":\"PropertyValueSpecification\",\"valueRequired\":true,\"valueName\":\"search_term_string\"}}],\"inLanguage\":\"ca\"},{\"@type\":\"Organization\",\"@id\":\"https:\/\/www.museuolimpicbcn.cat\/ca\/#organization\",\"name\":\"Museu Ol\u00edmpic i de l&#039;Esport\",\"url\":\"https:\/\/www.museuolimpicbcn.cat\/ca\/\",\"logo\":{\"@type\":\"ImageObject\",\"inLanguage\":\"ca\",\"@id\":\"https:\/\/www.museuolimpicbcn.cat\/ca\/#\/schema\/logo\/image\/\",\"url\":\"https:\/\/www.museuolimpicbcn.cat\/wp-content\/uploads\/sites\/2\/2018\/12\/logo-moe-header.svg\",\"contentUrl\":\"https:\/\/www.museuolimpicbcn.cat\/wp-content\/uploads\/sites\/2\/2018\/12\/logo-moe-header.svg\",\"caption\":\"Museu Ol\u00edmpic i de l&#039;Esport\"},\"image\":{\"@id\":\"https:\/\/www.museuolimpicbcn.cat\/ca\/#\/schema\/logo\/image\/\"}},{\"@type\":\"Person\",\"@id\":\"https:\/\/www.museuolimpicbcn.cat\/ca\/#\/schema\/person\/d05705664e87aa04c6ce53d48133fb39\",\"name\":\"useradmin\",\"url\":\"https:\/\/www.museuolimpicbcn.cat\/ca\/author\/useradmin\/\"}]}<\/script>\n<!-- \/ Yoast SEO plugin. -->","yoast_head_json":{"title":"Amb motiu de la 2a edici\u00f3 de la Trailwalker Intermon Oxfam, el Museu Ol\u00edmpic i de l\u2019Esport Joan Antoni Samaranch acollir\u00e0 l\u2019exposici\u00f3 fotogr\u00e0fica Trailwalker 2012, del 6 al 31 de mar\u00e7 - Museu Ol\u00edmpic i de l&#039;Esport","robots":{"index":"index","follow":"follow","max-snippet":"max-snippet:-1","max-image-preview":"max-image-preview:large","max-video-preview":"max-video-preview:-1"},"canonical":"https:\/\/www.museuolimpicbcn.cat\/ca\/amb-motiu-de-la-2a-edicio-de-la-trailwalker-intermon-oxfam-el-museu-olimpic-i-de-lesport-joan-antoni-samaranch-acollira-lexposicio-fotografica-trailwalker-2012-del-6-al-31-de-marc\/","og_locale":"ca_ES","og_type":"article","og_title":"Amb motiu de la 2a edici\u00f3 de la Trailwalker Intermon Oxfam, el Museu Ol\u00edmpic i de l\u2019Esport Joan Antoni Samaranch acollir\u00e0 l\u2019exposici\u00f3 fotogr\u00e0fica Trailwalker 2012, del 6 al 31 de mar\u00e7 - Museu Ol\u00edmpic i de l&#039;Esport","og_description":"Elena Rodriguez, responsable de Trailwalker Intermon Oxfam, i Juli Pernas, director de la Fundaci&oacute; Barcelona Ol&iacute;mpica, destaquen la import&agrave;ncia de conscienciar les noves generacions del poder de la solidaritat.","og_url":"https:\/\/www.museuolimpicbcn.cat\/ca\/amb-motiu-de-la-2a-edicio-de-la-trailwalker-intermon-oxfam-el-museu-olimpic-i-de-lesport-joan-antoni-samaranch-acollira-lexposicio-fotografica-trailwalker-2012-del-6-al-31-de-marc\/","og_site_name":"Museu Ol\u00edmpic i de l&#039;Esport","article_published_time":"2012-03-05T23:00:00+00:00","author":"useradmin","twitter_card":"summary_large_image","twitter_misc":{"Escrit per":"useradmin","Temps estimat de lectura":"1 minut"},"schema":{"@context":"https:\/\/schema.org","@graph":[{"@type":"Article","@id":"https:\/\/www.museuolimpicbcn.cat\/ca\/amb-motiu-de-la-2a-edicio-de-la-trailwalker-intermon-oxfam-el-museu-olimpic-i-de-lesport-joan-antoni-samaranch-acollira-lexposicio-fotografica-trailwalker-2012-del-6-al-31-de-marc\/#article","isPartOf":{"@id":"https:\/\/www.museuolimpicbcn.cat\/ca\/amb-motiu-de-la-2a-edicio-de-la-trailwalker-intermon-oxfam-el-museu-olimpic-i-de-lesport-joan-antoni-samaranch-acollira-lexposicio-fotografica-trailwalker-2012-del-6-al-31-de-marc\/"},"author":{"name":"useradmin","@id":"https:\/\/www.museuolimpicbcn.cat\/ca\/#\/schema\/person\/d05705664e87aa04c6ce53d48133fb39"},"headline":"Amb motiu de la 2a edici\u00f3 de la Trailwalker Intermon Oxfam, el Museu Ol\u00edmpic i de l\u2019Esport Joan Antoni Samaranch acollir\u00e0 l\u2019exposici\u00f3 fotogr\u00e0fica Trailwalker 2012, del 6 al 31 de mar\u00e7","datePublished":"2012-03-05T23:00:00+00:00","dateModified":"2012-03-05T23:00:00+00:00","mainEntityOfPage":{"@id":"https:\/\/www.museuolimpicbcn.cat\/ca\/amb-motiu-de-la-2a-edicio-de-la-trailwalker-intermon-oxfam-el-museu-olimpic-i-de-lesport-joan-antoni-samaranch-acollira-lexposicio-fotografica-trailwalker-2012-del-6-al-31-de-marc\/"},"wordCount":294,"commentCount":0,"publisher":{"@id":"https:\/\/www.museuolimpicbcn.cat\/ca\/#organization"},"articleSection":["Uncategorized @ca"],"inLanguage":"ca","potentialAction":[{"@type":"CommentAction","name":"Comment","target":["https:\/\/www.museuolimpicbcn.cat\/ca\/amb-motiu-de-la-2a-edicio-de-la-trailwalker-intermon-oxfam-el-museu-olimpic-i-de-lesport-joan-antoni-samaranch-acollira-lexposicio-fotografica-trailwalker-2012-del-6-al-31-de-marc\/#respond"]}]},{"@type":"WebPage","@id":"https:\/\/www.museuolimpicbcn.cat\/ca\/amb-motiu-de-la-2a-edicio-de-la-trailwalker-intermon-oxfam-el-museu-olimpic-i-de-lesport-joan-antoni-samaranch-acollira-lexposicio-fotografica-trailwalker-2012-del-6-al-31-de-marc\/","url":"https:\/\/www.museuolimpicbcn.cat\/ca\/amb-motiu-de-la-2a-edicio-de-la-trailwalker-intermon-oxfam-el-museu-olimpic-i-de-lesport-joan-antoni-samaranch-acollira-lexposicio-fotografica-trailwalker-2012-del-6-al-31-de-marc\/","name":"Amb motiu de la 2a edici\u00f3 de la Trailwalker Intermon Oxfam, el Museu Ol\u00edmpic i de l\u2019Esport Joan Antoni Samaranch acollir\u00e0 l\u2019exposici\u00f3 fotogr\u00e0fica Trailwalker 2012, del 6 al 31 de mar\u00e7 - Museu Ol\u00edmpic i de l&#039;Esport","isPartOf":{"@id":"https:\/\/www.museuolimpicbcn.cat\/ca\/#website"},"datePublished":"2012-03-05T23:00:00+00:00","dateModified":"2012-03-05T23:00:00+00:00","breadcrumb":{"@id":"https:\/\/www.museuolimpicbcn.cat\/ca\/amb-motiu-de-la-2a-edicio-de-la-trailwalker-intermon-oxfam-el-museu-olimpic-i-de-lesport-joan-antoni-samaranch-acollira-lexposicio-fotografica-trailwalker-2012-del-6-al-31-de-marc\/#breadcrumb"},"inLanguage":"ca","potentialAction":[{"@type":"ReadAction","target":["https:\/\/www.museuolimpicbcn.cat\/ca\/amb-motiu-de-la-2a-edicio-de-la-trailwalker-intermon-oxfam-el-museu-olimpic-i-de-lesport-joan-antoni-samaranch-acollira-lexposicio-fotografica-trailwalker-2012-del-6-al-31-de-marc\/"]}]},{"@type":"BreadcrumbList","@id":"https:\/\/www.museuolimpicbcn.cat\/ca\/amb-motiu-de-la-2a-edicio-de-la-trailwalker-intermon-oxfam-el-museu-olimpic-i-de-lesport-joan-antoni-samaranch-acollira-lexposicio-fotografica-trailwalker-2012-del-6-al-31-de-marc\/#breadcrumb","itemListElement":[{"@type":"ListItem","position":1,"name":"Inici","item":"https:\/\/www.museuolimpicbcn.cat\/es\/"},{"@type":"ListItem","position":2,"name":"Amb motiu de la 2a edici\u00f3 de la Trailwalker Intermon Oxfam, el Museu Ol\u00edmpic i de l\u2019Esport Joan Antoni Samaranch acollir\u00e0 l\u2019exposici\u00f3 fotogr\u00e0fica Trailwalker 2012, del 6 al 31 de mar\u00e7"}]},{"@type":"WebSite","@id":"https:\/\/www.museuolimpicbcn.cat\/ca\/#website","url":"https:\/\/www.museuolimpicbcn.cat\/ca\/","name":"Museu Ol\u00edmpic i de l&#039;Esport","description":"Altre lloc Web del Museu Ol\u00edmpic i de l&#039;Esport llocs","publisher":{"@id":"https:\/\/www.museuolimpicbcn.cat\/ca\/#organization"},"potentialAction":[{"@type":"SearchAction","target":{"@type":"EntryPoint","urlTemplate":"https:\/\/www.museuolimpicbcn.cat\/ca\/?s={search_term_string}"},"query-input":{"@type":"PropertyValueSpecification","valueRequired":true,"valueName":"search_term_string"}}],"inLanguage":"ca"},{"@type":"Organization","@id":"https:\/\/www.museuolimpicbcn.cat\/ca\/#organization","name":"Museu Ol\u00edmpic i de l&#039;Esport","url":"https:\/\/www.museuolimpicbcn.cat\/ca\/","logo":{"@type":"ImageObject","inLanguage":"ca","@id":"https:\/\/www.museuolimpicbcn.cat\/ca\/#\/schema\/logo\/image\/","url":"https:\/\/www.museuolimpicbcn.cat\/wp-content\/uploads\/sites\/2\/2018\/12\/logo-moe-header.svg","contentUrl":"https:\/\/www.museuolimpicbcn.cat\/wp-content\/uploads\/sites\/2\/2018\/12\/logo-moe-header.svg","caption":"Museu Ol\u00edmpic i de l&#039;Esport"},"image":{"@id":"https:\/\/www.museuolimpicbcn.cat\/ca\/#\/schema\/logo\/image\/"}},{"@type":"Person","@id":"https:\/\/www.museuolimpicbcn.cat\/ca\/#\/schema\/person\/d05705664e87aa04c6ce53d48133fb39","name":"useradmin","url":"https:\/\/www.museuolimpicbcn.cat\/ca\/author\/useradmin\/"}]}},"_links":{"self":[{"href":"https:\/\/www.museuolimpicbcn.cat\/ca\/wp-json\/wp\/v2\/posts\/8307"}],"collection":[{"href":"https:\/\/www.museuolimpicbcn.cat\/ca\/wp-json\/wp\/v2\/posts"}],"about":[{"href":"https:\/\/www.museuolimpicbcn.cat\/ca\/wp-json\/wp\/v2\/types\/post"}],"author":[{"embeddable":true,"href":"https:\/\/www.museuolimpicbcn.cat\/ca\/wp-json\/wp\/v2\/users\/1"}],"replies":[{"embeddable":true,"href":"https:\/\/www.museuolimpicbcn.cat\/ca\/wp-json\/wp\/v2\/comments?post=8307"}],"version-history":[{"count":0,"href":"https:\/\/www.museuolimpicbcn.cat\/ca\/wp-json\/wp\/v2\/posts\/8307\/revisions"}],"wp:attachment":[{"href":"https:\/\/www.museuolimpicbcn.cat\/ca\/wp-json\/wp\/v2\/media?parent=8307"}],"wp:term":[{"taxonomy":"category","embeddable":true,"href":"https:\/\/www.museuolimpicbcn.cat\/ca\/wp-json\/wp\/v2\/categories?post=8307"},{"taxonomy":"post_tag","embeddable":true,"href":"https:\/\/www.museuolimpicbcn.cat\/ca\/wp-json\/wp\/v2\/tags?post=8307"}],"curies":[{"name":"wp","href":"https:\/\/api.w.org\/{rel}","templated":true}]}}