{"id":9212,"date":"2012-10-04T00:00:00","date_gmt":"2012-10-03T22:00:00","guid":{"rendered":"http:\/\/dev.museuolimpicbcn.cat\/presentacio-de-les-lligues-nacionals-de-waterpolo-2012-13-on-lequip-femeni-nacional-ha-estat-la-maxima-atraccio\/"},"modified":"2012-10-04T00:00:00","modified_gmt":"2012-10-03T22:00:00","slug":"presentacio-de-les-lligues-nacionals-de-waterpolo-2012-13-on-lequip-femeni-nacional-ha-estat-la-maxima-atraccio","status":"publish","type":"post","link":"https:\/\/www.museuolimpicbcn.cat\/ca\/presentacio-de-les-lligues-nacionals-de-waterpolo-2012-13-on-lequip-femeni-nacional-ha-estat-la-maxima-atraccio\/","title":{"rendered":"Presentaci\u00f3 de les Lligues Nacionals de Waterpolo 2012\u201413, on l&#8217;equip femen\u00ed nacional ha estat la m\u00e0xima atracci\u00f3"},"content":{"rendered":"<p>Roser Tarrag&oacute;, m&agrave;xima golejadora de la lliga; Laura Ester, portera menys golejada i Ivan P&eacute;rez, millor jugador de la lliga passada, han estat els protagonistes en un acte on se li ha donat especial rellev&agrave;ncia a la medalla de plata obtinguda per l&#8217;equip femen&iacute; de waterpolo, en els passats Jocs Ol&iacute;mpics de Londres. Miki Oca, excampi&oacute; ol&iacute;mpic i actual entrenador de l&#8217;equip femen&iacute;, ha destacat que el treball d&#8217;aquest equip s&#8217;ha vist recompensat en forma de medalla de plata per&ograve; que l&#8217;esfor&ccedil; &eacute;s mantenir el nivell de p&ograve;dium durant els propers mundials amb vista a les properes olimp&iacute;ades. Va advertir que hi ha equip per a estona, perqu&egrave; l&#8217;ambici&oacute; de les jugadores no t&eacute; sostre.<\/p>\n","protected":false},"excerpt":{"rendered":"<p>Fernando Carpena, President de la Federaci&oacute; Espanyola de Nataci&oacute;, acompanyat d&#8217;Enric Beltr&aacute;n, president de la Federaci&oacute; Catalana de Nataci&oacute;, i Santi Siquier, representant territorial de la Generalitat, han estat els encarregats de lliurar els trofeus als millors jugadors de waterpolo de la temporada passada, el Museu Ol&iacute;mpic i de l&rsquo;Esport ha estat l&#8217;escenari perfecte per a la gala.<\/p>\n<p>&nbsp;<\/p>\n","protected":false},"author":1,"featured_media":0,"comment_status":"open","ping_status":"open","sticky":false,"template":"","format":"standard","meta":{"_acf_changed":false,"_price":"","_stock":"","_tribe_ticket_header":"","_tribe_default_ticket_provider":"","_tribe_ticket_capacity":"0","_ticket_start_date":"","_ticket_end_date":"","_tribe_ticket_show_description":"","_tribe_ticket_show_not_going":false,"_tribe_ticket_use_global_stock":"","_tribe_ticket_global_stock_level":"","_global_stock_mode":"","_global_stock_cap":"","_tribe_rsvp_for_event":"","_tribe_ticket_going_count":"","_tribe_ticket_not_going_count":"","_tribe_tickets_list":"[]","_tribe_ticket_has_attendee_info_fields":false,"footnotes":""},"categories":[1],"tags":[],"class_list":["post-9212","post","type-post","status-publish","format-standard","hentry","category-uncategorized-ca"],"acf":[],"yoast_head":"<!-- This site is optimized with the Yoast SEO plugin v23.7 - https:\/\/yoast.com\/wordpress\/plugins\/seo\/ -->\n<title>Presentaci\u00f3 de les Lligues Nacionals de Waterpolo 2012\u201413, on l&#039;equip femen\u00ed nacional ha estat la m\u00e0xima atracci\u00f3 - Museu Ol\u00edmpic i de l&#039;Esport<\/title>\n<meta name=\"robots\" content=\"index, follow, max-snippet:-1, max-image-preview:large, max-video-preview:-1\" \/>\n<link rel=\"canonical\" href=\"https:\/\/www.museuolimpicbcn.cat\/ca\/presentacio-de-les-lligues-nacionals-de-waterpolo-2012-13-on-lequip-femeni-nacional-ha-estat-la-maxima-atraccio\/\" \/>\n<meta property=\"og:locale\" content=\"ca_ES\" \/>\n<meta property=\"og:type\" content=\"article\" \/>\n<meta property=\"og:title\" content=\"Presentaci\u00f3 de les Lligues Nacionals de Waterpolo 2012\u201413, on l&#039;equip femen\u00ed nacional ha estat la m\u00e0xima atracci\u00f3 - Museu Ol\u00edmpic i de l&#039;Esport\" \/>\n<meta property=\"og:description\" content=\"Fernando Carpena, President de la Federaci&oacute; Espanyola de Nataci&oacute;, acompanyat d&#039;Enric Beltr&aacute;n, president de la Federaci&oacute; Catalana de Nataci&oacute;, i Santi Siquier, representant territorial de la Generalitat, han estat els encarregats de lliurar els trofeus als millors jugadors de waterpolo de la temporada passada, el Museu Ol&iacute;mpic i de l&rsquo;Esport ha estat l&#039;escenari perfecte per a la gala. &nbsp;\" \/>\n<meta property=\"og:url\" content=\"https:\/\/www.museuolimpicbcn.cat\/ca\/presentacio-de-les-lligues-nacionals-de-waterpolo-2012-13-on-lequip-femeni-nacional-ha-estat-la-maxima-atraccio\/\" \/>\n<meta property=\"og:site_name\" content=\"Museu Ol\u00edmpic i de l&#039;Esport\" \/>\n<meta property=\"article:published_time\" content=\"2012-10-03T22:00:00+00:00\" \/>\n<meta name=\"author\" content=\"useradmin\" \/>\n<meta name=\"twitter:card\" content=\"summary_large_image\" \/>\n<meta name=\"twitter:label1\" content=\"Escrit per\" \/>\n\t<meta name=\"twitter:data1\" content=\"useradmin\" \/>\n\t<meta name=\"twitter:label2\" content=\"Temps estimat de lectura\" \/>\n\t<meta name=\"twitter:data2\" content=\"1 minut\" \/>\n<script type=\"application\/ld+json\" class=\"yoast-schema-graph\">{\"@context\":\"https:\/\/schema.org\",\"@graph\":[{\"@type\":\"Article\",\"@id\":\"https:\/\/www.museuolimpicbcn.cat\/ca\/presentacio-de-les-lligues-nacionals-de-waterpolo-2012-13-on-lequip-femeni-nacional-ha-estat-la-maxima-atraccio\/#article\",\"isPartOf\":{\"@id\":\"https:\/\/www.museuolimpicbcn.cat\/ca\/presentacio-de-les-lligues-nacionals-de-waterpolo-2012-13-on-lequip-femeni-nacional-ha-estat-la-maxima-atraccio\/\"},\"author\":{\"name\":\"useradmin\",\"@id\":\"https:\/\/www.museuolimpicbcn.cat\/ca\/#\/schema\/person\/d05705664e87aa04c6ce53d48133fb39\"},\"headline\":\"Presentaci\u00f3 de les Lligues Nacionals de Waterpolo 2012\u201413, on l&#8217;equip femen\u00ed nacional ha estat la m\u00e0xima atracci\u00f3\",\"datePublished\":\"2012-10-03T22:00:00+00:00\",\"dateModified\":\"2012-10-03T22:00:00+00:00\",\"mainEntityOfPage\":{\"@id\":\"https:\/\/www.museuolimpicbcn.cat\/ca\/presentacio-de-les-lligues-nacionals-de-waterpolo-2012-13-on-lequip-femeni-nacional-ha-estat-la-maxima-atraccio\/\"},\"wordCount\":156,\"commentCount\":0,\"publisher\":{\"@id\":\"https:\/\/www.museuolimpicbcn.cat\/ca\/#organization\"},\"articleSection\":[\"Uncategorized @ca\"],\"inLanguage\":\"ca\",\"potentialAction\":[{\"@type\":\"CommentAction\",\"name\":\"Comment\",\"target\":[\"https:\/\/www.museuolimpicbcn.cat\/ca\/presentacio-de-les-lligues-nacionals-de-waterpolo-2012-13-on-lequip-femeni-nacional-ha-estat-la-maxima-atraccio\/#respond\"]}]},{\"@type\":\"WebPage\",\"@id\":\"https:\/\/www.museuolimpicbcn.cat\/ca\/presentacio-de-les-lligues-nacionals-de-waterpolo-2012-13-on-lequip-femeni-nacional-ha-estat-la-maxima-atraccio\/\",\"url\":\"https:\/\/www.museuolimpicbcn.cat\/ca\/presentacio-de-les-lligues-nacionals-de-waterpolo-2012-13-on-lequip-femeni-nacional-ha-estat-la-maxima-atraccio\/\",\"name\":\"Presentaci\u00f3 de les Lligues Nacionals de Waterpolo 2012\u201413, on l'equip femen\u00ed nacional ha estat la m\u00e0xima atracci\u00f3 - Museu Ol\u00edmpic i de l&#039;Esport\",\"isPartOf\":{\"@id\":\"https:\/\/www.museuolimpicbcn.cat\/ca\/#website\"},\"datePublished\":\"2012-10-03T22:00:00+00:00\",\"dateModified\":\"2012-10-03T22:00:00+00:00\",\"breadcrumb\":{\"@id\":\"https:\/\/www.museuolimpicbcn.cat\/ca\/presentacio-de-les-lligues-nacionals-de-waterpolo-2012-13-on-lequip-femeni-nacional-ha-estat-la-maxima-atraccio\/#breadcrumb\"},\"inLanguage\":\"ca\",\"potentialAction\":[{\"@type\":\"ReadAction\",\"target\":[\"https:\/\/www.museuolimpicbcn.cat\/ca\/presentacio-de-les-lligues-nacionals-de-waterpolo-2012-13-on-lequip-femeni-nacional-ha-estat-la-maxima-atraccio\/\"]}]},{\"@type\":\"BreadcrumbList\",\"@id\":\"https:\/\/www.museuolimpicbcn.cat\/ca\/presentacio-de-les-lligues-nacionals-de-waterpolo-2012-13-on-lequip-femeni-nacional-ha-estat-la-maxima-atraccio\/#breadcrumb\",\"itemListElement\":[{\"@type\":\"ListItem\",\"position\":1,\"name\":\"Inici\",\"item\":\"https:\/\/www.museuolimpicbcn.cat\/es\/\"},{\"@type\":\"ListItem\",\"position\":2,\"name\":\"Presentaci\u00f3 de les Lligues Nacionals de Waterpolo 2012\u201413, on l&#8217;equip femen\u00ed nacional ha estat la m\u00e0xima atracci\u00f3\"}]},{\"@type\":\"WebSite\",\"@id\":\"https:\/\/www.museuolimpicbcn.cat\/ca\/#website\",\"url\":\"https:\/\/www.museuolimpicbcn.cat\/ca\/\",\"name\":\"Museu Ol\u00edmpic i de l&#039;Esport\",\"description\":\"Altre lloc Web del Museu Ol\u00edmpic i de l&#039;Esport llocs\",\"publisher\":{\"@id\":\"https:\/\/www.museuolimpicbcn.cat\/ca\/#organization\"},\"potentialAction\":[{\"@type\":\"SearchAction\",\"target\":{\"@type\":\"EntryPoint\",\"urlTemplate\":\"https:\/\/www.museuolimpicbcn.cat\/ca\/?s={search_term_string}\"},\"query-input\":{\"@type\":\"PropertyValueSpecification\",\"valueRequired\":true,\"valueName\":\"search_term_string\"}}],\"inLanguage\":\"ca\"},{\"@type\":\"Organization\",\"@id\":\"https:\/\/www.museuolimpicbcn.cat\/ca\/#organization\",\"name\":\"Museu Ol\u00edmpic i de l&#039;Esport\",\"url\":\"https:\/\/www.museuolimpicbcn.cat\/ca\/\",\"logo\":{\"@type\":\"ImageObject\",\"inLanguage\":\"ca\",\"@id\":\"https:\/\/www.museuolimpicbcn.cat\/ca\/#\/schema\/logo\/image\/\",\"url\":\"https:\/\/www.museuolimpicbcn.cat\/wp-content\/uploads\/sites\/2\/2018\/12\/logo-moe-header.svg\",\"contentUrl\":\"https:\/\/www.museuolimpicbcn.cat\/wp-content\/uploads\/sites\/2\/2018\/12\/logo-moe-header.svg\",\"caption\":\"Museu Ol\u00edmpic i de l&#039;Esport\"},\"image\":{\"@id\":\"https:\/\/www.museuolimpicbcn.cat\/ca\/#\/schema\/logo\/image\/\"}},{\"@type\":\"Person\",\"@id\":\"https:\/\/www.museuolimpicbcn.cat\/ca\/#\/schema\/person\/d05705664e87aa04c6ce53d48133fb39\",\"name\":\"useradmin\",\"url\":\"https:\/\/www.museuolimpicbcn.cat\/ca\/author\/useradmin\/\"}]}<\/script>\n<!-- \/ Yoast SEO plugin. -->","yoast_head_json":{"title":"Presentaci\u00f3 de les Lligues Nacionals de Waterpolo 2012\u201413, on l'equip femen\u00ed nacional ha estat la m\u00e0xima atracci\u00f3 - Museu Ol\u00edmpic i de l&#039;Esport","robots":{"index":"index","follow":"follow","max-snippet":"max-snippet:-1","max-image-preview":"max-image-preview:large","max-video-preview":"max-video-preview:-1"},"canonical":"https:\/\/www.museuolimpicbcn.cat\/ca\/presentacio-de-les-lligues-nacionals-de-waterpolo-2012-13-on-lequip-femeni-nacional-ha-estat-la-maxima-atraccio\/","og_locale":"ca_ES","og_type":"article","og_title":"Presentaci\u00f3 de les Lligues Nacionals de Waterpolo 2012\u201413, on l'equip femen\u00ed nacional ha estat la m\u00e0xima atracci\u00f3 - Museu Ol\u00edmpic i de l&#039;Esport","og_description":"Fernando Carpena, President de la Federaci&oacute; Espanyola de Nataci&oacute;, acompanyat d'Enric Beltr&aacute;n, president de la Federaci&oacute; Catalana de Nataci&oacute;, i Santi Siquier, representant territorial de la Generalitat, han estat els encarregats de lliurar els trofeus als millors jugadors de waterpolo de la temporada passada, el Museu Ol&iacute;mpic i de l&rsquo;Esport ha estat l'escenari perfecte per a la gala. &nbsp;","og_url":"https:\/\/www.museuolimpicbcn.cat\/ca\/presentacio-de-les-lligues-nacionals-de-waterpolo-2012-13-on-lequip-femeni-nacional-ha-estat-la-maxima-atraccio\/","og_site_name":"Museu Ol\u00edmpic i de l&#039;Esport","article_published_time":"2012-10-03T22:00:00+00:00","author":"useradmin","twitter_card":"summary_large_image","twitter_misc":{"Escrit per":"useradmin","Temps estimat de lectura":"1 minut"},"schema":{"@context":"https:\/\/schema.org","@graph":[{"@type":"Article","@id":"https:\/\/www.museuolimpicbcn.cat\/ca\/presentacio-de-les-lligues-nacionals-de-waterpolo-2012-13-on-lequip-femeni-nacional-ha-estat-la-maxima-atraccio\/#article","isPartOf":{"@id":"https:\/\/www.museuolimpicbcn.cat\/ca\/presentacio-de-les-lligues-nacionals-de-waterpolo-2012-13-on-lequip-femeni-nacional-ha-estat-la-maxima-atraccio\/"},"author":{"name":"useradmin","@id":"https:\/\/www.museuolimpicbcn.cat\/ca\/#\/schema\/person\/d05705664e87aa04c6ce53d48133fb39"},"headline":"Presentaci\u00f3 de les Lligues Nacionals de Waterpolo 2012\u201413, on l&#8217;equip femen\u00ed nacional ha estat la m\u00e0xima atracci\u00f3","datePublished":"2012-10-03T22:00:00+00:00","dateModified":"2012-10-03T22:00:00+00:00","mainEntityOfPage":{"@id":"https:\/\/www.museuolimpicbcn.cat\/ca\/presentacio-de-les-lligues-nacionals-de-waterpolo-2012-13-on-lequip-femeni-nacional-ha-estat-la-maxima-atraccio\/"},"wordCount":156,"commentCount":0,"publisher":{"@id":"https:\/\/www.museuolimpicbcn.cat\/ca\/#organization"},"articleSection":["Uncategorized @ca"],"inLanguage":"ca","potentialAction":[{"@type":"CommentAction","name":"Comment","target":["https:\/\/www.museuolimpicbcn.cat\/ca\/presentacio-de-les-lligues-nacionals-de-waterpolo-2012-13-on-lequip-femeni-nacional-ha-estat-la-maxima-atraccio\/#respond"]}]},{"@type":"WebPage","@id":"https:\/\/www.museuolimpicbcn.cat\/ca\/presentacio-de-les-lligues-nacionals-de-waterpolo-2012-13-on-lequip-femeni-nacional-ha-estat-la-maxima-atraccio\/","url":"https:\/\/www.museuolimpicbcn.cat\/ca\/presentacio-de-les-lligues-nacionals-de-waterpolo-2012-13-on-lequip-femeni-nacional-ha-estat-la-maxima-atraccio\/","name":"Presentaci\u00f3 de les Lligues Nacionals de Waterpolo 2012\u201413, on l'equip femen\u00ed nacional ha estat la m\u00e0xima atracci\u00f3 - Museu Ol\u00edmpic i de l&#039;Esport","isPartOf":{"@id":"https:\/\/www.museuolimpicbcn.cat\/ca\/#website"},"datePublished":"2012-10-03T22:00:00+00:00","dateModified":"2012-10-03T22:00:00+00:00","breadcrumb":{"@id":"https:\/\/www.museuolimpicbcn.cat\/ca\/presentacio-de-les-lligues-nacionals-de-waterpolo-2012-13-on-lequip-femeni-nacional-ha-estat-la-maxima-atraccio\/#breadcrumb"},"inLanguage":"ca","potentialAction":[{"@type":"ReadAction","target":["https:\/\/www.museuolimpicbcn.cat\/ca\/presentacio-de-les-lligues-nacionals-de-waterpolo-2012-13-on-lequip-femeni-nacional-ha-estat-la-maxima-atraccio\/"]}]},{"@type":"BreadcrumbList","@id":"https:\/\/www.museuolimpicbcn.cat\/ca\/presentacio-de-les-lligues-nacionals-de-waterpolo-2012-13-on-lequip-femeni-nacional-ha-estat-la-maxima-atraccio\/#breadcrumb","itemListElement":[{"@type":"ListItem","position":1,"name":"Inici","item":"https:\/\/www.museuolimpicbcn.cat\/es\/"},{"@type":"ListItem","position":2,"name":"Presentaci\u00f3 de les Lligues Nacionals de Waterpolo 2012\u201413, on l&#8217;equip femen\u00ed nacional ha estat la m\u00e0xima atracci\u00f3"}]},{"@type":"WebSite","@id":"https:\/\/www.museuolimpicbcn.cat\/ca\/#website","url":"https:\/\/www.museuolimpicbcn.cat\/ca\/","name":"Museu Ol\u00edmpic i de l&#039;Esport","description":"Altre lloc Web del Museu Ol\u00edmpic i de l&#039;Esport llocs","publisher":{"@id":"https:\/\/www.museuolimpicbcn.cat\/ca\/#organization"},"potentialAction":[{"@type":"SearchAction","target":{"@type":"EntryPoint","urlTemplate":"https:\/\/www.museuolimpicbcn.cat\/ca\/?s={search_term_string}"},"query-input":{"@type":"PropertyValueSpecification","valueRequired":true,"valueName":"search_term_string"}}],"inLanguage":"ca"},{"@type":"Organization","@id":"https:\/\/www.museuolimpicbcn.cat\/ca\/#organization","name":"Museu Ol\u00edmpic i de l&#039;Esport","url":"https:\/\/www.museuolimpicbcn.cat\/ca\/","logo":{"@type":"ImageObject","inLanguage":"ca","@id":"https:\/\/www.museuolimpicbcn.cat\/ca\/#\/schema\/logo\/image\/","url":"https:\/\/www.museuolimpicbcn.cat\/wp-content\/uploads\/sites\/2\/2018\/12\/logo-moe-header.svg","contentUrl":"https:\/\/www.museuolimpicbcn.cat\/wp-content\/uploads\/sites\/2\/2018\/12\/logo-moe-header.svg","caption":"Museu Ol\u00edmpic i de l&#039;Esport"},"image":{"@id":"https:\/\/www.museuolimpicbcn.cat\/ca\/#\/schema\/logo\/image\/"}},{"@type":"Person","@id":"https:\/\/www.museuolimpicbcn.cat\/ca\/#\/schema\/person\/d05705664e87aa04c6ce53d48133fb39","name":"useradmin","url":"https:\/\/www.museuolimpicbcn.cat\/ca\/author\/useradmin\/"}]}},"_links":{"self":[{"href":"https:\/\/www.museuolimpicbcn.cat\/ca\/wp-json\/wp\/v2\/posts\/9212"}],"collection":[{"href":"https:\/\/www.museuolimpicbcn.cat\/ca\/wp-json\/wp\/v2\/posts"}],"about":[{"href":"https:\/\/www.museuolimpicbcn.cat\/ca\/wp-json\/wp\/v2\/types\/post"}],"author":[{"embeddable":true,"href":"https:\/\/www.museuolimpicbcn.cat\/ca\/wp-json\/wp\/v2\/users\/1"}],"replies":[{"embeddable":true,"href":"https:\/\/www.museuolimpicbcn.cat\/ca\/wp-json\/wp\/v2\/comments?post=9212"}],"version-history":[{"count":0,"href":"https:\/\/www.museuolimpicbcn.cat\/ca\/wp-json\/wp\/v2\/posts\/9212\/revisions"}],"wp:attachment":[{"href":"https:\/\/www.museuolimpicbcn.cat\/ca\/wp-json\/wp\/v2\/media?parent=9212"}],"wp:term":[{"taxonomy":"category","embeddable":true,"href":"https:\/\/www.museuolimpicbcn.cat\/ca\/wp-json\/wp\/v2\/categories?post=9212"},{"taxonomy":"post_tag","embeddable":true,"href":"https:\/\/www.museuolimpicbcn.cat\/ca\/wp-json\/wp\/v2\/tags?post=9212"}],"curies":[{"name":"wp","href":"https:\/\/api.w.org\/{rel}","templated":true}]}}