{"id":9483,"date":"2012-11-20T00:00:00","date_gmt":"2012-11-19T23:00:00","guid":{"rendered":"http:\/\/dev.museuolimpicbcn.cat\/el-monografic-generant-compromis-eines-directives-i-competitives-per-la-gestio-dequips-altament-competitius\/"},"modified":"2012-11-20T00:00:00","modified_gmt":"2012-11-19T23:00:00","slug":"el-monografic-generant-compromis-eines-directives-i-competitives-per-la-gestio-dequips-altament-competitius","status":"publish","type":"post","link":"https:\/\/www.museuolimpicbcn.cat\/ca\/el-monografic-generant-compromis-eines-directives-i-competitives-per-la-gestio-dequips-altament-competitius\/","title":{"rendered":"El monogr\u00e0fic. &#8216;Generant comprom\u00eds. Eines directives i competitives per la gesti\u00f3 d\u2019equips altament competitius&#8217;"},"content":{"rendered":"<p>Aquest curs t&eacute; com a finalitat reflexionar sobre les dificultats que els gestors i l&iacute;ders esportius tenen per mantenir els nivells de motivaci&oacute; dels seus equips. El bombardeig de males noticies i les p&egrave;ssimes perspectives de futur en alguns casos, fan absolutament necessari equips forts i compromesos amb ganes d&#8217;enfrontar-se als reptes amb optimisme i garanties d&#8217;&egrave;xit.<\/p>\n<p>L&rsquo;Associaci&oacute; Catalana de Gestors Esportius Professionals &eacute;s una comunitat de professionals del m&oacute;n de l&#8217;activitat f&iacute;sica i l&#8217;esport implicats en la gesti&oacute; esportiva. Te per objectiu facilitar la tasca dels nostres socis a trav&eacute;s d&#8217;informaci&oacute;, formaci&oacute; especialitzada i descomptes exclusius en material esportiu.<\/p>\n","protected":false},"excerpt":{"rendered":"<p>L&rsquo;Associaci&oacute; Catalana de Gestors Esportius Professionals i la Fundaci&oacute; Barcelona&nbsp;Ol&iacute;mpica, amb la col&middot;laboraci&oacute; de la Secretaria General de l&rsquo;Esport, la Diputaci&oacute; de Barcelona, el Col&middot;legi de Llicenciats en Educaci&oacute; F&iacute;sica i Ci&egrave;ncies de l&rsquo;Activitat F&iacute;sica i l&rsquo;Esport de Catalunya, l&rsquo;Institut Nacional d&rsquo;Educaci&oacute; F&iacute;sica de Barcelona, la Fundaci&oacute; Catalana de l&rsquo;Esport, l&rsquo;Associaci&oacute; Catalana de Dirigents de l&rsquo;Esport i l&rsquo;Associaci&oacute; de joves dirigents han organitzat el curs monogr&agrave;fic &ldquo;Generant comprom&iacute;s. Eines directives i competitives per la gesti&oacute; d&rsquo;equips altament competitius&rdquo;.&nbsp;L&#8217;acte va ser presentat per Ivan Tibau, Secretari General de l&rsquo;Esport; Mart&iacute; Niub&oacute;, assessor del Institut Barcelona Esports; Josep Campa&ntilde;a, president de l&#8217;Associaci&oacute; Catalana de Gestors Esportius Professionals i Pere Manuel Guti&eacute;rrez, vicepresident de la COPLEF.&nbsp;<\/p>\n<p>&nbsp;<\/p>\n","protected":false},"author":1,"featured_media":0,"comment_status":"open","ping_status":"open","sticky":false,"template":"","format":"standard","meta":{"_acf_changed":false,"_price":"","_stock":"","_tribe_ticket_header":"","_tribe_default_ticket_provider":"","_tribe_ticket_capacity":"0","_ticket_start_date":"","_ticket_end_date":"","_tribe_ticket_show_description":"","_tribe_ticket_show_not_going":false,"_tribe_ticket_use_global_stock":"","_tribe_ticket_global_stock_level":"","_global_stock_mode":"","_global_stock_cap":"","_tribe_rsvp_for_event":"","_tribe_ticket_going_count":"","_tribe_ticket_not_going_count":"","_tribe_tickets_list":"[]","_tribe_ticket_has_attendee_info_fields":false,"footnotes":""},"categories":[1],"tags":[],"class_list":["post-9483","post","type-post","status-publish","format-standard","hentry","category-uncategorized-ca"],"acf":[],"yoast_head":"<!-- This site is optimized with the Yoast SEO plugin v23.7 - https:\/\/yoast.com\/wordpress\/plugins\/seo\/ -->\n<title>El monogr\u00e0fic. &#039;Generant comprom\u00eds. Eines directives i competitives per la gesti\u00f3 d\u2019equips altament competitius&#039; - Museu Ol\u00edmpic i de l&#039;Esport<\/title>\n<meta name=\"robots\" content=\"index, follow, max-snippet:-1, max-image-preview:large, max-video-preview:-1\" \/>\n<link rel=\"canonical\" href=\"https:\/\/www.museuolimpicbcn.cat\/ca\/el-monografic-generant-compromis-eines-directives-i-competitives-per-la-gestio-dequips-altament-competitius\/\" \/>\n<meta property=\"og:locale\" content=\"ca_ES\" \/>\n<meta property=\"og:type\" content=\"article\" \/>\n<meta property=\"og:title\" content=\"El monogr\u00e0fic. &#039;Generant comprom\u00eds. Eines directives i competitives per la gesti\u00f3 d\u2019equips altament competitius&#039; - Museu Ol\u00edmpic i de l&#039;Esport\" \/>\n<meta property=\"og:description\" content=\"L&rsquo;Associaci&oacute; Catalana de Gestors Esportius Professionals i la Fundaci&oacute; Barcelona&nbsp;Ol&iacute;mpica, amb la col&middot;laboraci&oacute; de la Secretaria General de l&rsquo;Esport, la Diputaci&oacute; de Barcelona, el Col&middot;legi de Llicenciats en Educaci&oacute; F&iacute;sica i Ci&egrave;ncies de l&rsquo;Activitat F&iacute;sica i l&rsquo;Esport de Catalunya, l&rsquo;Institut Nacional d&rsquo;Educaci&oacute; F&iacute;sica de Barcelona, la Fundaci&oacute; Catalana de l&rsquo;Esport, l&rsquo;Associaci&oacute; Catalana de Dirigents de l&rsquo;Esport i l&rsquo;Associaci&oacute; de joves dirigents han organitzat el curs monogr&agrave;fic &ldquo;Generant comprom&iacute;s. Eines directives i competitives per la gesti&oacute; d&rsquo;equips altament competitius&rdquo;.&nbsp;L&#039;acte va ser presentat per Ivan Tibau, Secretari General de l&rsquo;Esport; Mart&iacute; Niub&oacute;, assessor del Institut Barcelona Esports; Josep Campa&ntilde;a, president de l&#039;Associaci&oacute; Catalana de Gestors Esportius Professionals i Pere Manuel Guti&eacute;rrez, vicepresident de la COPLEF.&nbsp; &nbsp;\" \/>\n<meta property=\"og:url\" content=\"https:\/\/www.museuolimpicbcn.cat\/ca\/el-monografic-generant-compromis-eines-directives-i-competitives-per-la-gestio-dequips-altament-competitius\/\" \/>\n<meta property=\"og:site_name\" content=\"Museu Ol\u00edmpic i de l&#039;Esport\" \/>\n<meta property=\"article:published_time\" content=\"2012-11-19T23:00:00+00:00\" \/>\n<meta name=\"author\" content=\"useradmin\" \/>\n<meta name=\"twitter:card\" content=\"summary_large_image\" \/>\n<meta name=\"twitter:label1\" content=\"Escrit per\" \/>\n\t<meta name=\"twitter:data1\" content=\"useradmin\" \/>\n\t<meta name=\"twitter:label2\" content=\"Temps estimat de lectura\" \/>\n\t<meta name=\"twitter:data2\" content=\"1 minut\" \/>\n<script type=\"application\/ld+json\" class=\"yoast-schema-graph\">{\"@context\":\"https:\/\/schema.org\",\"@graph\":[{\"@type\":\"Article\",\"@id\":\"https:\/\/www.museuolimpicbcn.cat\/ca\/el-monografic-generant-compromis-eines-directives-i-competitives-per-la-gestio-dequips-altament-competitius\/#article\",\"isPartOf\":{\"@id\":\"https:\/\/www.museuolimpicbcn.cat\/ca\/el-monografic-generant-compromis-eines-directives-i-competitives-per-la-gestio-dequips-altament-competitius\/\"},\"author\":{\"name\":\"useradmin\",\"@id\":\"https:\/\/www.museuolimpicbcn.cat\/ca\/#\/schema\/person\/d05705664e87aa04c6ce53d48133fb39\"},\"headline\":\"El monogr\u00e0fic. &#8216;Generant comprom\u00eds. Eines directives i competitives per la gesti\u00f3 d\u2019equips altament competitius&#8217;\",\"datePublished\":\"2012-11-19T23:00:00+00:00\",\"dateModified\":\"2012-11-19T23:00:00+00:00\",\"mainEntityOfPage\":{\"@id\":\"https:\/\/www.museuolimpicbcn.cat\/ca\/el-monografic-generant-compromis-eines-directives-i-competitives-per-la-gestio-dequips-altament-competitius\/\"},\"wordCount\":138,\"commentCount\":0,\"publisher\":{\"@id\":\"https:\/\/www.museuolimpicbcn.cat\/ca\/#organization\"},\"articleSection\":[\"Uncategorized @ca\"],\"inLanguage\":\"ca\",\"potentialAction\":[{\"@type\":\"CommentAction\",\"name\":\"Comment\",\"target\":[\"https:\/\/www.museuolimpicbcn.cat\/ca\/el-monografic-generant-compromis-eines-directives-i-competitives-per-la-gestio-dequips-altament-competitius\/#respond\"]}]},{\"@type\":\"WebPage\",\"@id\":\"https:\/\/www.museuolimpicbcn.cat\/ca\/el-monografic-generant-compromis-eines-directives-i-competitives-per-la-gestio-dequips-altament-competitius\/\",\"url\":\"https:\/\/www.museuolimpicbcn.cat\/ca\/el-monografic-generant-compromis-eines-directives-i-competitives-per-la-gestio-dequips-altament-competitius\/\",\"name\":\"El monogr\u00e0fic. 'Generant comprom\u00eds. Eines directives i competitives per la gesti\u00f3 d\u2019equips altament competitius' - Museu Ol\u00edmpic i de l&#039;Esport\",\"isPartOf\":{\"@id\":\"https:\/\/www.museuolimpicbcn.cat\/ca\/#website\"},\"datePublished\":\"2012-11-19T23:00:00+00:00\",\"dateModified\":\"2012-11-19T23:00:00+00:00\",\"breadcrumb\":{\"@id\":\"https:\/\/www.museuolimpicbcn.cat\/ca\/el-monografic-generant-compromis-eines-directives-i-competitives-per-la-gestio-dequips-altament-competitius\/#breadcrumb\"},\"inLanguage\":\"ca\",\"potentialAction\":[{\"@type\":\"ReadAction\",\"target\":[\"https:\/\/www.museuolimpicbcn.cat\/ca\/el-monografic-generant-compromis-eines-directives-i-competitives-per-la-gestio-dequips-altament-competitius\/\"]}]},{\"@type\":\"BreadcrumbList\",\"@id\":\"https:\/\/www.museuolimpicbcn.cat\/ca\/el-monografic-generant-compromis-eines-directives-i-competitives-per-la-gestio-dequips-altament-competitius\/#breadcrumb\",\"itemListElement\":[{\"@type\":\"ListItem\",\"position\":1,\"name\":\"Inici\",\"item\":\"https:\/\/www.museuolimpicbcn.cat\/es\/\"},{\"@type\":\"ListItem\",\"position\":2,\"name\":\"El monogr\u00e0fic. &#8216;Generant comprom\u00eds. Eines directives i competitives per la gesti\u00f3 d\u2019equips altament competitius&#8217;\"}]},{\"@type\":\"WebSite\",\"@id\":\"https:\/\/www.museuolimpicbcn.cat\/ca\/#website\",\"url\":\"https:\/\/www.museuolimpicbcn.cat\/ca\/\",\"name\":\"Museu Ol\u00edmpic i de l&#039;Esport\",\"description\":\"Altre lloc Web del Museu Ol\u00edmpic i de l&#039;Esport llocs\",\"publisher\":{\"@id\":\"https:\/\/www.museuolimpicbcn.cat\/ca\/#organization\"},\"potentialAction\":[{\"@type\":\"SearchAction\",\"target\":{\"@type\":\"EntryPoint\",\"urlTemplate\":\"https:\/\/www.museuolimpicbcn.cat\/ca\/?s={search_term_string}\"},\"query-input\":{\"@type\":\"PropertyValueSpecification\",\"valueRequired\":true,\"valueName\":\"search_term_string\"}}],\"inLanguage\":\"ca\"},{\"@type\":\"Organization\",\"@id\":\"https:\/\/www.museuolimpicbcn.cat\/ca\/#organization\",\"name\":\"Museu Ol\u00edmpic i de l&#039;Esport\",\"url\":\"https:\/\/www.museuolimpicbcn.cat\/ca\/\",\"logo\":{\"@type\":\"ImageObject\",\"inLanguage\":\"ca\",\"@id\":\"https:\/\/www.museuolimpicbcn.cat\/ca\/#\/schema\/logo\/image\/\",\"url\":\"https:\/\/www.museuolimpicbcn.cat\/wp-content\/uploads\/sites\/2\/2018\/12\/logo-moe-header.svg\",\"contentUrl\":\"https:\/\/www.museuolimpicbcn.cat\/wp-content\/uploads\/sites\/2\/2018\/12\/logo-moe-header.svg\",\"caption\":\"Museu Ol\u00edmpic i de l&#039;Esport\"},\"image\":{\"@id\":\"https:\/\/www.museuolimpicbcn.cat\/ca\/#\/schema\/logo\/image\/\"}},{\"@type\":\"Person\",\"@id\":\"https:\/\/www.museuolimpicbcn.cat\/ca\/#\/schema\/person\/d05705664e87aa04c6ce53d48133fb39\",\"name\":\"useradmin\",\"url\":\"https:\/\/www.museuolimpicbcn.cat\/ca\/author\/useradmin\/\"}]}<\/script>\n<!-- \/ Yoast SEO plugin. -->","yoast_head_json":{"title":"El monogr\u00e0fic. 'Generant comprom\u00eds. Eines directives i competitives per la gesti\u00f3 d\u2019equips altament competitius' - Museu Ol\u00edmpic i de l&#039;Esport","robots":{"index":"index","follow":"follow","max-snippet":"max-snippet:-1","max-image-preview":"max-image-preview:large","max-video-preview":"max-video-preview:-1"},"canonical":"https:\/\/www.museuolimpicbcn.cat\/ca\/el-monografic-generant-compromis-eines-directives-i-competitives-per-la-gestio-dequips-altament-competitius\/","og_locale":"ca_ES","og_type":"article","og_title":"El monogr\u00e0fic. 'Generant comprom\u00eds. Eines directives i competitives per la gesti\u00f3 d\u2019equips altament competitius' - Museu Ol\u00edmpic i de l&#039;Esport","og_description":"L&rsquo;Associaci&oacute; Catalana de Gestors Esportius Professionals i la Fundaci&oacute; Barcelona&nbsp;Ol&iacute;mpica, amb la col&middot;laboraci&oacute; de la Secretaria General de l&rsquo;Esport, la Diputaci&oacute; de Barcelona, el Col&middot;legi de Llicenciats en Educaci&oacute; F&iacute;sica i Ci&egrave;ncies de l&rsquo;Activitat F&iacute;sica i l&rsquo;Esport de Catalunya, l&rsquo;Institut Nacional d&rsquo;Educaci&oacute; F&iacute;sica de Barcelona, la Fundaci&oacute; Catalana de l&rsquo;Esport, l&rsquo;Associaci&oacute; Catalana de Dirigents de l&rsquo;Esport i l&rsquo;Associaci&oacute; de joves dirigents han organitzat el curs monogr&agrave;fic &ldquo;Generant comprom&iacute;s. Eines directives i competitives per la gesti&oacute; d&rsquo;equips altament competitius&rdquo;.&nbsp;L'acte va ser presentat per Ivan Tibau, Secretari General de l&rsquo;Esport; Mart&iacute; Niub&oacute;, assessor del Institut Barcelona Esports; Josep Campa&ntilde;a, president de l'Associaci&oacute; Catalana de Gestors Esportius Professionals i Pere Manuel Guti&eacute;rrez, vicepresident de la COPLEF.&nbsp; &nbsp;","og_url":"https:\/\/www.museuolimpicbcn.cat\/ca\/el-monografic-generant-compromis-eines-directives-i-competitives-per-la-gestio-dequips-altament-competitius\/","og_site_name":"Museu Ol\u00edmpic i de l&#039;Esport","article_published_time":"2012-11-19T23:00:00+00:00","author":"useradmin","twitter_card":"summary_large_image","twitter_misc":{"Escrit per":"useradmin","Temps estimat de lectura":"1 minut"},"schema":{"@context":"https:\/\/schema.org","@graph":[{"@type":"Article","@id":"https:\/\/www.museuolimpicbcn.cat\/ca\/el-monografic-generant-compromis-eines-directives-i-competitives-per-la-gestio-dequips-altament-competitius\/#article","isPartOf":{"@id":"https:\/\/www.museuolimpicbcn.cat\/ca\/el-monografic-generant-compromis-eines-directives-i-competitives-per-la-gestio-dequips-altament-competitius\/"},"author":{"name":"useradmin","@id":"https:\/\/www.museuolimpicbcn.cat\/ca\/#\/schema\/person\/d05705664e87aa04c6ce53d48133fb39"},"headline":"El monogr\u00e0fic. &#8216;Generant comprom\u00eds. Eines directives i competitives per la gesti\u00f3 d\u2019equips altament competitius&#8217;","datePublished":"2012-11-19T23:00:00+00:00","dateModified":"2012-11-19T23:00:00+00:00","mainEntityOfPage":{"@id":"https:\/\/www.museuolimpicbcn.cat\/ca\/el-monografic-generant-compromis-eines-directives-i-competitives-per-la-gestio-dequips-altament-competitius\/"},"wordCount":138,"commentCount":0,"publisher":{"@id":"https:\/\/www.museuolimpicbcn.cat\/ca\/#organization"},"articleSection":["Uncategorized @ca"],"inLanguage":"ca","potentialAction":[{"@type":"CommentAction","name":"Comment","target":["https:\/\/www.museuolimpicbcn.cat\/ca\/el-monografic-generant-compromis-eines-directives-i-competitives-per-la-gestio-dequips-altament-competitius\/#respond"]}]},{"@type":"WebPage","@id":"https:\/\/www.museuolimpicbcn.cat\/ca\/el-monografic-generant-compromis-eines-directives-i-competitives-per-la-gestio-dequips-altament-competitius\/","url":"https:\/\/www.museuolimpicbcn.cat\/ca\/el-monografic-generant-compromis-eines-directives-i-competitives-per-la-gestio-dequips-altament-competitius\/","name":"El monogr\u00e0fic. 'Generant comprom\u00eds. Eines directives i competitives per la gesti\u00f3 d\u2019equips altament competitius' - Museu Ol\u00edmpic i de l&#039;Esport","isPartOf":{"@id":"https:\/\/www.museuolimpicbcn.cat\/ca\/#website"},"datePublished":"2012-11-19T23:00:00+00:00","dateModified":"2012-11-19T23:00:00+00:00","breadcrumb":{"@id":"https:\/\/www.museuolimpicbcn.cat\/ca\/el-monografic-generant-compromis-eines-directives-i-competitives-per-la-gestio-dequips-altament-competitius\/#breadcrumb"},"inLanguage":"ca","potentialAction":[{"@type":"ReadAction","target":["https:\/\/www.museuolimpicbcn.cat\/ca\/el-monografic-generant-compromis-eines-directives-i-competitives-per-la-gestio-dequips-altament-competitius\/"]}]},{"@type":"BreadcrumbList","@id":"https:\/\/www.museuolimpicbcn.cat\/ca\/el-monografic-generant-compromis-eines-directives-i-competitives-per-la-gestio-dequips-altament-competitius\/#breadcrumb","itemListElement":[{"@type":"ListItem","position":1,"name":"Inici","item":"https:\/\/www.museuolimpicbcn.cat\/es\/"},{"@type":"ListItem","position":2,"name":"El monogr\u00e0fic. &#8216;Generant comprom\u00eds. Eines directives i competitives per la gesti\u00f3 d\u2019equips altament competitius&#8217;"}]},{"@type":"WebSite","@id":"https:\/\/www.museuolimpicbcn.cat\/ca\/#website","url":"https:\/\/www.museuolimpicbcn.cat\/ca\/","name":"Museu Ol\u00edmpic i de l&#039;Esport","description":"Altre lloc Web del Museu Ol\u00edmpic i de l&#039;Esport llocs","publisher":{"@id":"https:\/\/www.museuolimpicbcn.cat\/ca\/#organization"},"potentialAction":[{"@type":"SearchAction","target":{"@type":"EntryPoint","urlTemplate":"https:\/\/www.museuolimpicbcn.cat\/ca\/?s={search_term_string}"},"query-input":{"@type":"PropertyValueSpecification","valueRequired":true,"valueName":"search_term_string"}}],"inLanguage":"ca"},{"@type":"Organization","@id":"https:\/\/www.museuolimpicbcn.cat\/ca\/#organization","name":"Museu Ol\u00edmpic i de l&#039;Esport","url":"https:\/\/www.museuolimpicbcn.cat\/ca\/","logo":{"@type":"ImageObject","inLanguage":"ca","@id":"https:\/\/www.museuolimpicbcn.cat\/ca\/#\/schema\/logo\/image\/","url":"https:\/\/www.museuolimpicbcn.cat\/wp-content\/uploads\/sites\/2\/2018\/12\/logo-moe-header.svg","contentUrl":"https:\/\/www.museuolimpicbcn.cat\/wp-content\/uploads\/sites\/2\/2018\/12\/logo-moe-header.svg","caption":"Museu Ol\u00edmpic i de l&#039;Esport"},"image":{"@id":"https:\/\/www.museuolimpicbcn.cat\/ca\/#\/schema\/logo\/image\/"}},{"@type":"Person","@id":"https:\/\/www.museuolimpicbcn.cat\/ca\/#\/schema\/person\/d05705664e87aa04c6ce53d48133fb39","name":"useradmin","url":"https:\/\/www.museuolimpicbcn.cat\/ca\/author\/useradmin\/"}]}},"_links":{"self":[{"href":"https:\/\/www.museuolimpicbcn.cat\/ca\/wp-json\/wp\/v2\/posts\/9483"}],"collection":[{"href":"https:\/\/www.museuolimpicbcn.cat\/ca\/wp-json\/wp\/v2\/posts"}],"about":[{"href":"https:\/\/www.museuolimpicbcn.cat\/ca\/wp-json\/wp\/v2\/types\/post"}],"author":[{"embeddable":true,"href":"https:\/\/www.museuolimpicbcn.cat\/ca\/wp-json\/wp\/v2\/users\/1"}],"replies":[{"embeddable":true,"href":"https:\/\/www.museuolimpicbcn.cat\/ca\/wp-json\/wp\/v2\/comments?post=9483"}],"version-history":[{"count":0,"href":"https:\/\/www.museuolimpicbcn.cat\/ca\/wp-json\/wp\/v2\/posts\/9483\/revisions"}],"wp:attachment":[{"href":"https:\/\/www.museuolimpicbcn.cat\/ca\/wp-json\/wp\/v2\/media?parent=9483"}],"wp:term":[{"taxonomy":"category","embeddable":true,"href":"https:\/\/www.museuolimpicbcn.cat\/ca\/wp-json\/wp\/v2\/categories?post=9483"},{"taxonomy":"post_tag","embeddable":true,"href":"https:\/\/www.museuolimpicbcn.cat\/ca\/wp-json\/wp\/v2\/tags?post=9483"}],"curies":[{"name":"wp","href":"https:\/\/api.w.org\/{rel}","templated":true}]}}