{"id":10475,"date":"2013-10-01T00:00:00","date_gmt":"2013-09-30T22:00:00","guid":{"rendered":"http:\/\/dev.museuolimpicbcn.cat\/olympic-medal-winners-ona-carbonell-and-joel-gonzalez-will-be-the-ambassadors-of-the-4th-oxfam-intermon-trailwalker-event\/"},"modified":"2013-10-01T00:00:00","modified_gmt":"2013-09-30T22:00:00","slug":"olympic-medal-winners-ona-carbonell-and-joel-gonzalez-will-be-the-ambassadors-of-the-4th-oxfam-intermon-trailwalker-event","status":"publish","type":"post","link":"https:\/\/www.museuolimpicbcn.cat\/en\/olympic-medal-winners-ona-carbonell-and-joel-gonzalez-will-be-the-ambassadors-of-the-4th-oxfam-intermon-trailwalker-event\/","title":{"rendered":"Olympic medal-winners Ona Carbonell and Joel Gonz\u00e1lez will be the ambassadors of the 4th Oxfam Interm\u00f3n Trailwalker event"},"content":{"rendered":"<p>This latest edition of the walk broadens the event&#8217;s horizons by developing two new challenges: the traditional Girona trailwalker event, which will take place on 26 and 27 April, and a new stage in Madrid, held on 5 and 6 July.<\/p>\n<p>Trailwalker will be raising funds to support charitable initiatives in the Third World. Access to food and above all drinking water in the most deprived areas are the main uses which Interm&oacute;n Oxfam will be giving to the funds raised. A charity challenge which enjoys the support of institutions, companies and individuals who dream of a better world.<\/p>\n<p>&nbsp;<\/p>\n","protected":false},"excerpt":{"rendered":"<p>Athletes Joel Gonzalez and Ona Carbonell, alongside Francesc Mateu, the Oxfam Interm&oacute;n Director in Catalonia, and Juli Pernas, Director of the Barcelona Olympic Foundation, were at the Olympic and Sport Museum to present this 4th edition of Trailwalker, the charitable project promoted by Interm&oacute;n Oxfam.<\/p>\n<p>&nbsp;<\/p>\n","protected":false},"author":1,"featured_media":0,"comment_status":"open","ping_status":"open","sticky":false,"template":"","format":"standard","meta":{"_acf_changed":false,"_price":"","_stock":"","_tribe_ticket_header":"","_tribe_default_ticket_provider":"","_tribe_ticket_capacity":"0","_ticket_start_date":"","_ticket_end_date":"","_tribe_ticket_show_description":"","_tribe_ticket_show_not_going":false,"_tribe_ticket_use_global_stock":"","_tribe_ticket_global_stock_level":"","_global_stock_mode":"","_global_stock_cap":"","_tribe_rsvp_for_event":"","_tribe_ticket_going_count":"","_tribe_ticket_not_going_count":"","_tribe_tickets_list":"[]","_tribe_ticket_has_attendee_info_fields":false,"footnotes":""},"categories":[2],"tags":[],"class_list":["post-10475","post","type-post","status-publish","format-standard","hentry","category-uncategorized"],"acf":[],"yoast_head":"<!-- This site is optimized with the Yoast SEO plugin v23.7 - https:\/\/yoast.com\/wordpress\/plugins\/seo\/ -->\n<title>Olympic medal-winners Ona Carbonell and Joel Gonz\u00e1lez will be the ambassadors of the 4th Oxfam Interm\u00f3n Trailwalker event - Museu Ol\u00edmpic i de l&#039;Esport<\/title>\n<meta name=\"robots\" content=\"index, follow, max-snippet:-1, max-image-preview:large, max-video-preview:-1\" \/>\n<link rel=\"canonical\" href=\"https:\/\/www.museuolimpicbcn.cat\/en\/olympic-medal-winners-ona-carbonell-and-joel-gonzalez-will-be-the-ambassadors-of-the-4th-oxfam-intermon-trailwalker-event\/\" \/>\n<meta property=\"og:locale\" content=\"en_US\" \/>\n<meta property=\"og:type\" content=\"article\" \/>\n<meta property=\"og:title\" content=\"Olympic medal-winners Ona Carbonell and Joel Gonz\u00e1lez will be the ambassadors of the 4th Oxfam Interm\u00f3n Trailwalker event - Museu Ol\u00edmpic i de l&#039;Esport\" \/>\n<meta property=\"og:description\" content=\"Athletes Joel Gonzalez and Ona Carbonell, alongside Francesc Mateu, the Oxfam Interm&oacute;n Director in Catalonia, and Juli Pernas, Director of the Barcelona Olympic Foundation, were at the Olympic and Sport Museum to present this 4th edition of Trailwalker, the charitable project promoted by Interm&oacute;n Oxfam. &nbsp;\" \/>\n<meta property=\"og:url\" content=\"https:\/\/www.museuolimpicbcn.cat\/en\/olympic-medal-winners-ona-carbonell-and-joel-gonzalez-will-be-the-ambassadors-of-the-4th-oxfam-intermon-trailwalker-event\/\" \/>\n<meta property=\"og:site_name\" content=\"Museu Ol\u00edmpic i de l&#039;Esport\" \/>\n<meta property=\"article:published_time\" content=\"2013-09-30T22:00:00+00:00\" \/>\n<meta name=\"author\" content=\"useradmin\" \/>\n<meta name=\"twitter:card\" content=\"summary_large_image\" \/>\n<meta name=\"twitter:label1\" content=\"Written by\" \/>\n\t<meta name=\"twitter:data1\" content=\"useradmin\" \/>\n<script type=\"application\/ld+json\" class=\"yoast-schema-graph\">{\"@context\":\"https:\/\/schema.org\",\"@graph\":[{\"@type\":\"Article\",\"@id\":\"https:\/\/www.museuolimpicbcn.cat\/en\/olympic-medal-winners-ona-carbonell-and-joel-gonzalez-will-be-the-ambassadors-of-the-4th-oxfam-intermon-trailwalker-event\/#article\",\"isPartOf\":{\"@id\":\"https:\/\/www.museuolimpicbcn.cat\/en\/olympic-medal-winners-ona-carbonell-and-joel-gonzalez-will-be-the-ambassadors-of-the-4th-oxfam-intermon-trailwalker-event\/\"},\"author\":{\"name\":\"useradmin\",\"@id\":\"https:\/\/www.museuolimpicbcn.cat\/ca\/#\/schema\/person\/d05705664e87aa04c6ce53d48133fb39\"},\"headline\":\"Olympic medal-winners Ona Carbonell and Joel Gonz\u00e1lez will be the ambassadors of the 4th Oxfam Interm\u00f3n Trailwalker event\",\"datePublished\":\"2013-09-30T22:00:00+00:00\",\"dateModified\":\"2013-09-30T22:00:00+00:00\",\"mainEntityOfPage\":{\"@id\":\"https:\/\/www.museuolimpicbcn.cat\/en\/olympic-medal-winners-ona-carbonell-and-joel-gonzalez-will-be-the-ambassadors-of-the-4th-oxfam-intermon-trailwalker-event\/\"},\"wordCount\":118,\"commentCount\":0,\"publisher\":{\"@id\":\"https:\/\/www.museuolimpicbcn.cat\/ca\/#organization\"},\"inLanguage\":\"en-US\",\"potentialAction\":[{\"@type\":\"CommentAction\",\"name\":\"Comment\",\"target\":[\"https:\/\/www.museuolimpicbcn.cat\/en\/olympic-medal-winners-ona-carbonell-and-joel-gonzalez-will-be-the-ambassadors-of-the-4th-oxfam-intermon-trailwalker-event\/#respond\"]}]},{\"@type\":\"WebPage\",\"@id\":\"https:\/\/www.museuolimpicbcn.cat\/en\/olympic-medal-winners-ona-carbonell-and-joel-gonzalez-will-be-the-ambassadors-of-the-4th-oxfam-intermon-trailwalker-event\/\",\"url\":\"https:\/\/www.museuolimpicbcn.cat\/en\/olympic-medal-winners-ona-carbonell-and-joel-gonzalez-will-be-the-ambassadors-of-the-4th-oxfam-intermon-trailwalker-event\/\",\"name\":\"Olympic medal-winners Ona Carbonell and Joel Gonz\u00e1lez will be the ambassadors of the 4th Oxfam Interm\u00f3n Trailwalker event - Museu Ol\u00edmpic i de l&#039;Esport\",\"isPartOf\":{\"@id\":\"https:\/\/www.museuolimpicbcn.cat\/ca\/#website\"},\"datePublished\":\"2013-09-30T22:00:00+00:00\",\"dateModified\":\"2013-09-30T22:00:00+00:00\",\"breadcrumb\":{\"@id\":\"https:\/\/www.museuolimpicbcn.cat\/en\/olympic-medal-winners-ona-carbonell-and-joel-gonzalez-will-be-the-ambassadors-of-the-4th-oxfam-intermon-trailwalker-event\/#breadcrumb\"},\"inLanguage\":\"en-US\",\"potentialAction\":[{\"@type\":\"ReadAction\",\"target\":[\"https:\/\/www.museuolimpicbcn.cat\/en\/olympic-medal-winners-ona-carbonell-and-joel-gonzalez-will-be-the-ambassadors-of-the-4th-oxfam-intermon-trailwalker-event\/\"]}]},{\"@type\":\"BreadcrumbList\",\"@id\":\"https:\/\/www.museuolimpicbcn.cat\/en\/olympic-medal-winners-ona-carbonell-and-joel-gonzalez-will-be-the-ambassadors-of-the-4th-oxfam-intermon-trailwalker-event\/#breadcrumb\",\"itemListElement\":[{\"@type\":\"ListItem\",\"position\":1,\"name\":\"Home\",\"item\":\"https:\/\/www.museuolimpicbcn.cat\/es\/\"},{\"@type\":\"ListItem\",\"position\":2,\"name\":\"Olympic medal-winners Ona Carbonell and Joel Gonz\u00e1lez will be the ambassadors of the 4th Oxfam Interm\u00f3n Trailwalker event\"}]},{\"@type\":\"WebSite\",\"@id\":\"https:\/\/www.museuolimpicbcn.cat\/ca\/#website\",\"url\":\"https:\/\/www.museuolimpicbcn.cat\/ca\/\",\"name\":\"Museu Ol\u00edmpic i de l&#039;Esport\",\"description\":\"Altre lloc Web del Museu Ol\u00edmpic i de l&#039;Esport llocs\",\"publisher\":{\"@id\":\"https:\/\/www.museuolimpicbcn.cat\/ca\/#organization\"},\"potentialAction\":[{\"@type\":\"SearchAction\",\"target\":{\"@type\":\"EntryPoint\",\"urlTemplate\":\"https:\/\/www.museuolimpicbcn.cat\/ca\/?s={search_term_string}\"},\"query-input\":{\"@type\":\"PropertyValueSpecification\",\"valueRequired\":true,\"valueName\":\"search_term_string\"}}],\"inLanguage\":\"en-US\"},{\"@type\":\"Organization\",\"@id\":\"https:\/\/www.museuolimpicbcn.cat\/ca\/#organization\",\"name\":\"Museu Ol\u00edmpic i de l&#039;Esport\",\"url\":\"https:\/\/www.museuolimpicbcn.cat\/ca\/\",\"logo\":{\"@type\":\"ImageObject\",\"inLanguage\":\"en-US\",\"@id\":\"https:\/\/www.museuolimpicbcn.cat\/ca\/#\/schema\/logo\/image\/\",\"url\":\"https:\/\/www.museuolimpicbcn.cat\/wp-content\/uploads\/sites\/2\/2018\/12\/logo-moe-header.svg\",\"contentUrl\":\"https:\/\/www.museuolimpicbcn.cat\/wp-content\/uploads\/sites\/2\/2018\/12\/logo-moe-header.svg\",\"caption\":\"Museu Ol\u00edmpic i de l&#039;Esport\"},\"image\":{\"@id\":\"https:\/\/www.museuolimpicbcn.cat\/ca\/#\/schema\/logo\/image\/\"}},{\"@type\":\"Person\",\"@id\":\"https:\/\/www.museuolimpicbcn.cat\/ca\/#\/schema\/person\/d05705664e87aa04c6ce53d48133fb39\",\"name\":\"useradmin\",\"url\":\"https:\/\/www.museuolimpicbcn.cat\/en\/author\/useradmin\/\"}]}<\/script>\n<!-- \/ Yoast SEO plugin. -->","yoast_head_json":{"title":"Olympic medal-winners Ona Carbonell and Joel Gonz\u00e1lez will be the ambassadors of the 4th Oxfam Interm\u00f3n Trailwalker event - Museu Ol\u00edmpic i de l&#039;Esport","robots":{"index":"index","follow":"follow","max-snippet":"max-snippet:-1","max-image-preview":"max-image-preview:large","max-video-preview":"max-video-preview:-1"},"canonical":"https:\/\/www.museuolimpicbcn.cat\/en\/olympic-medal-winners-ona-carbonell-and-joel-gonzalez-will-be-the-ambassadors-of-the-4th-oxfam-intermon-trailwalker-event\/","og_locale":"en_US","og_type":"article","og_title":"Olympic medal-winners Ona Carbonell and Joel Gonz\u00e1lez will be the ambassadors of the 4th Oxfam Interm\u00f3n Trailwalker event - Museu Ol\u00edmpic i de l&#039;Esport","og_description":"Athletes Joel Gonzalez and Ona Carbonell, alongside Francesc Mateu, the Oxfam Interm&oacute;n Director in Catalonia, and Juli Pernas, Director of the Barcelona Olympic Foundation, were at the Olympic and Sport Museum to present this 4th edition of Trailwalker, the charitable project promoted by Interm&oacute;n Oxfam. &nbsp;","og_url":"https:\/\/www.museuolimpicbcn.cat\/en\/olympic-medal-winners-ona-carbonell-and-joel-gonzalez-will-be-the-ambassadors-of-the-4th-oxfam-intermon-trailwalker-event\/","og_site_name":"Museu Ol\u00edmpic i de l&#039;Esport","article_published_time":"2013-09-30T22:00:00+00:00","author":"useradmin","twitter_card":"summary_large_image","twitter_misc":{"Written by":"useradmin"},"schema":{"@context":"https:\/\/schema.org","@graph":[{"@type":"Article","@id":"https:\/\/www.museuolimpicbcn.cat\/en\/olympic-medal-winners-ona-carbonell-and-joel-gonzalez-will-be-the-ambassadors-of-the-4th-oxfam-intermon-trailwalker-event\/#article","isPartOf":{"@id":"https:\/\/www.museuolimpicbcn.cat\/en\/olympic-medal-winners-ona-carbonell-and-joel-gonzalez-will-be-the-ambassadors-of-the-4th-oxfam-intermon-trailwalker-event\/"},"author":{"name":"useradmin","@id":"https:\/\/www.museuolimpicbcn.cat\/ca\/#\/schema\/person\/d05705664e87aa04c6ce53d48133fb39"},"headline":"Olympic medal-winners Ona Carbonell and Joel Gonz\u00e1lez will be the ambassadors of the 4th Oxfam Interm\u00f3n Trailwalker event","datePublished":"2013-09-30T22:00:00+00:00","dateModified":"2013-09-30T22:00:00+00:00","mainEntityOfPage":{"@id":"https:\/\/www.museuolimpicbcn.cat\/en\/olympic-medal-winners-ona-carbonell-and-joel-gonzalez-will-be-the-ambassadors-of-the-4th-oxfam-intermon-trailwalker-event\/"},"wordCount":118,"commentCount":0,"publisher":{"@id":"https:\/\/www.museuolimpicbcn.cat\/ca\/#organization"},"inLanguage":"en-US","potentialAction":[{"@type":"CommentAction","name":"Comment","target":["https:\/\/www.museuolimpicbcn.cat\/en\/olympic-medal-winners-ona-carbonell-and-joel-gonzalez-will-be-the-ambassadors-of-the-4th-oxfam-intermon-trailwalker-event\/#respond"]}]},{"@type":"WebPage","@id":"https:\/\/www.museuolimpicbcn.cat\/en\/olympic-medal-winners-ona-carbonell-and-joel-gonzalez-will-be-the-ambassadors-of-the-4th-oxfam-intermon-trailwalker-event\/","url":"https:\/\/www.museuolimpicbcn.cat\/en\/olympic-medal-winners-ona-carbonell-and-joel-gonzalez-will-be-the-ambassadors-of-the-4th-oxfam-intermon-trailwalker-event\/","name":"Olympic medal-winners Ona Carbonell and Joel Gonz\u00e1lez will be the ambassadors of the 4th Oxfam Interm\u00f3n Trailwalker event - Museu Ol\u00edmpic i de l&#039;Esport","isPartOf":{"@id":"https:\/\/www.museuolimpicbcn.cat\/ca\/#website"},"datePublished":"2013-09-30T22:00:00+00:00","dateModified":"2013-09-30T22:00:00+00:00","breadcrumb":{"@id":"https:\/\/www.museuolimpicbcn.cat\/en\/olympic-medal-winners-ona-carbonell-and-joel-gonzalez-will-be-the-ambassadors-of-the-4th-oxfam-intermon-trailwalker-event\/#breadcrumb"},"inLanguage":"en-US","potentialAction":[{"@type":"ReadAction","target":["https:\/\/www.museuolimpicbcn.cat\/en\/olympic-medal-winners-ona-carbonell-and-joel-gonzalez-will-be-the-ambassadors-of-the-4th-oxfam-intermon-trailwalker-event\/"]}]},{"@type":"BreadcrumbList","@id":"https:\/\/www.museuolimpicbcn.cat\/en\/olympic-medal-winners-ona-carbonell-and-joel-gonzalez-will-be-the-ambassadors-of-the-4th-oxfam-intermon-trailwalker-event\/#breadcrumb","itemListElement":[{"@type":"ListItem","position":1,"name":"Home","item":"https:\/\/www.museuolimpicbcn.cat\/es\/"},{"@type":"ListItem","position":2,"name":"Olympic medal-winners Ona Carbonell and Joel Gonz\u00e1lez will be the ambassadors of the 4th Oxfam Interm\u00f3n Trailwalker event"}]},{"@type":"WebSite","@id":"https:\/\/www.museuolimpicbcn.cat\/ca\/#website","url":"https:\/\/www.museuolimpicbcn.cat\/ca\/","name":"Museu Ol\u00edmpic i de l&#039;Esport","description":"Altre lloc Web del Museu Ol\u00edmpic i de l&#039;Esport llocs","publisher":{"@id":"https:\/\/www.museuolimpicbcn.cat\/ca\/#organization"},"potentialAction":[{"@type":"SearchAction","target":{"@type":"EntryPoint","urlTemplate":"https:\/\/www.museuolimpicbcn.cat\/ca\/?s={search_term_string}"},"query-input":{"@type":"PropertyValueSpecification","valueRequired":true,"valueName":"search_term_string"}}],"inLanguage":"en-US"},{"@type":"Organization","@id":"https:\/\/www.museuolimpicbcn.cat\/ca\/#organization","name":"Museu Ol\u00edmpic i de l&#039;Esport","url":"https:\/\/www.museuolimpicbcn.cat\/ca\/","logo":{"@type":"ImageObject","inLanguage":"en-US","@id":"https:\/\/www.museuolimpicbcn.cat\/ca\/#\/schema\/logo\/image\/","url":"https:\/\/www.museuolimpicbcn.cat\/wp-content\/uploads\/sites\/2\/2018\/12\/logo-moe-header.svg","contentUrl":"https:\/\/www.museuolimpicbcn.cat\/wp-content\/uploads\/sites\/2\/2018\/12\/logo-moe-header.svg","caption":"Museu Ol\u00edmpic i de l&#039;Esport"},"image":{"@id":"https:\/\/www.museuolimpicbcn.cat\/ca\/#\/schema\/logo\/image\/"}},{"@type":"Person","@id":"https:\/\/www.museuolimpicbcn.cat\/ca\/#\/schema\/person\/d05705664e87aa04c6ce53d48133fb39","name":"useradmin","url":"https:\/\/www.museuolimpicbcn.cat\/en\/author\/useradmin\/"}]}},"_links":{"self":[{"href":"https:\/\/www.museuolimpicbcn.cat\/en\/wp-json\/wp\/v2\/posts\/10475"}],"collection":[{"href":"https:\/\/www.museuolimpicbcn.cat\/en\/wp-json\/wp\/v2\/posts"}],"about":[{"href":"https:\/\/www.museuolimpicbcn.cat\/en\/wp-json\/wp\/v2\/types\/post"}],"author":[{"embeddable":true,"href":"https:\/\/www.museuolimpicbcn.cat\/en\/wp-json\/wp\/v2\/users\/1"}],"replies":[{"embeddable":true,"href":"https:\/\/www.museuolimpicbcn.cat\/en\/wp-json\/wp\/v2\/comments?post=10475"}],"version-history":[{"count":0,"href":"https:\/\/www.museuolimpicbcn.cat\/en\/wp-json\/wp\/v2\/posts\/10475\/revisions"}],"wp:attachment":[{"href":"https:\/\/www.museuolimpicbcn.cat\/en\/wp-json\/wp\/v2\/media?parent=10475"}],"wp:term":[{"taxonomy":"category","embeddable":true,"href":"https:\/\/www.museuolimpicbcn.cat\/en\/wp-json\/wp\/v2\/categories?post=10475"},{"taxonomy":"post_tag","embeddable":true,"href":"https:\/\/www.museuolimpicbcn.cat\/en\/wp-json\/wp\/v2\/tags?post=10475"}],"curies":[{"name":"wp","href":"https:\/\/api.w.org\/{rel}","templated":true}]}}