{"id":24276,"date":"2020-01-08T17:11:24","date_gmt":"2020-01-08T16:11:24","guid":{"rendered":"https:\/\/www.museuolimpicbcn.cat\/125th-anniversary-of-the-international-olympic-committee\/"},"modified":"2020-01-08T17:11:24","modified_gmt":"2020-01-08T16:11:24","slug":"125th-anniversary-of-the-international-olympic-committee","status":"publish","type":"post","link":"https:\/\/www.museuolimpicbcn.cat\/en\/125th-anniversary-of-the-international-olympic-committee\/","title":{"rendered":"125th anniversary of the International Olympic Committee"},"content":{"rendered":"<p>David Escud\u00e9, President of the Barcelona Olympic Foundation and sports councillor of Barcelona City Council, and Pere Vil\u00e0, regional representative of Sport and Physical Activity in Barcelona and Catalonia Regions, opened the commemorative event held by the Barcelona Olympic Foundation (FBO) on the occasion of the 125th anniversary of the creation of the IOC.<\/p>\n<p>We had the opportunity to discover by audiovisual means the background of the International Olympic Committee over these 125 years, as well as Pierre de Coubertin&#8217;s relationship with the city of Barcelona.<\/p>\n<p>We then had the pleasure of attending a round table with Maria Teresa Samaranch, member of the International Skating Union (ISU) and member of the FBO board of trustees; Leandre Negre, former president of the International Hockey Federation (IHF); Isabel Fern\u00e1ndez, Olympic champion and first vice-president of the EOC; and Jordi Sans, Olympic champion and director of the UFEC. Together with the moderator and journalist Joan Manuel Surroca, they explained the importance of sport in today&#8217;s society.<\/p>\n<p>To finish the event, Alejandro Blanco, president of the Spanish Olympic Committee, reminded us of the importance of sport, Olympism and the values they entail.<\/p>\n","protected":false},"excerpt":{"rendered":"<p>David Escud\u00e9, President of the Barcelona Olympic Foundation and sports councillor of Barcelona City Council, and Pere Vil\u00e0, regional representative of Sport and Physical Activity in Barcelona and Catalonia Regions, opened the commemorative event held by the Barcelona Olympic Foundation (FBO) on the occasion of the 125th anniversary of the creation of the IOC. We [&hellip;]<\/p>\n","protected":false},"author":11,"featured_media":24175,"comment_status":"open","ping_status":"open","sticky":false,"template":"","format":"standard","meta":{"_acf_changed":false,"_price":"","_stock":"","_tribe_ticket_header":"","_tribe_default_ticket_provider":"","_tribe_ticket_capacity":"0","_ticket_start_date":"","_ticket_end_date":"","_tribe_ticket_show_description":"","_tribe_ticket_show_not_going":false,"_tribe_ticket_use_global_stock":"","_tribe_ticket_global_stock_level":"","_global_stock_mode":"","_global_stock_cap":"","_tribe_rsvp_for_event":"","_tribe_ticket_going_count":"","_tribe_ticket_not_going_count":"","_tribe_tickets_list":"[]","_tribe_ticket_has_attendee_info_fields":false,"footnotes":""},"categories":[2],"tags":[],"class_list":["post-24276","post","type-post","status-publish","format-standard","has-post-thumbnail","hentry","category-uncategorized"],"acf":[],"yoast_head":"<!-- This site is optimized with the Yoast SEO plugin v23.7 - https:\/\/yoast.com\/wordpress\/plugins\/seo\/ -->\n<title>125th anniversary of the International Olympic Committee - Museu Ol\u00edmpic i de l&#039;Esport<\/title>\n<meta name=\"robots\" content=\"index, follow, max-snippet:-1, max-image-preview:large, max-video-preview:-1\" \/>\n<link rel=\"canonical\" href=\"https:\/\/www.museuolimpicbcn.cat\/en\/125th-anniversary-of-the-international-olympic-committee\/\" \/>\n<meta property=\"og:locale\" content=\"en_US\" \/>\n<meta property=\"og:type\" content=\"article\" \/>\n<meta property=\"og:title\" content=\"125th anniversary of the International Olympic Committee - Museu Ol\u00edmpic i de l&#039;Esport\" \/>\n<meta property=\"og:description\" content=\"David Escud\u00e9, President of the Barcelona Olympic Foundation and sports councillor of Barcelona City Council, and Pere Vil\u00e0, regional representative of Sport and Physical Activity in Barcelona and Catalonia Regions, opened the commemorative event held by the Barcelona Olympic Foundation (FBO) on the occasion of the 125th anniversary of the creation of the IOC. We [&hellip;]\" \/>\n<meta property=\"og:url\" content=\"https:\/\/www.museuolimpicbcn.cat\/en\/125th-anniversary-of-the-international-olympic-committee\/\" \/>\n<meta property=\"og:site_name\" content=\"Museu Ol\u00edmpic i de l&#039;Esport\" \/>\n<meta property=\"article:published_time\" content=\"2020-01-08T16:11:24+00:00\" \/>\n<meta property=\"og:image\" content=\"https:\/\/www.museuolimpicbcn.cat\/wp-content\/uploads\/sites\/2\/2019\/12\/IOC125Aniversary-MuseuOlimpic-Samaranch-Escude-Alejandro-Blanco.jpg\" \/>\n\t<meta property=\"og:image:width\" content=\"5381\" \/>\n\t<meta property=\"og:image:height\" content=\"3135\" \/>\n\t<meta property=\"og:image:type\" content=\"image\/jpeg\" \/>\n<meta name=\"author\" content=\"Ibone\" \/>\n<meta name=\"twitter:card\" content=\"summary_large_image\" \/>\n<meta name=\"twitter:label1\" content=\"Written by\" \/>\n\t<meta name=\"twitter:data1\" content=\"Ibone\" \/>\n\t<meta name=\"twitter:label2\" content=\"Est. reading time\" \/>\n\t<meta name=\"twitter:data2\" content=\"1 minute\" \/>\n<script type=\"application\/ld+json\" class=\"yoast-schema-graph\">{\"@context\":\"https:\/\/schema.org\",\"@graph\":[{\"@type\":\"Article\",\"@id\":\"https:\/\/www.museuolimpicbcn.cat\/en\/125th-anniversary-of-the-international-olympic-committee\/#article\",\"isPartOf\":{\"@id\":\"https:\/\/www.museuolimpicbcn.cat\/en\/125th-anniversary-of-the-international-olympic-committee\/\"},\"author\":{\"name\":\"Ibone\",\"@id\":\"https:\/\/www.museuolimpicbcn.cat\/ca\/#\/schema\/person\/b792834a53f193977df425a499287aa9\"},\"headline\":\"125th anniversary of the International Olympic Committee\",\"datePublished\":\"2020-01-08T16:11:24+00:00\",\"dateModified\":\"2020-01-08T16:11:24+00:00\",\"mainEntityOfPage\":{\"@id\":\"https:\/\/www.museuolimpicbcn.cat\/en\/125th-anniversary-of-the-international-olympic-committee\/\"},\"wordCount\":195,\"commentCount\":0,\"publisher\":{\"@id\":\"https:\/\/www.museuolimpicbcn.cat\/ca\/#organization\"},\"image\":{\"@id\":\"https:\/\/www.museuolimpicbcn.cat\/en\/125th-anniversary-of-the-international-olympic-committee\/#primaryimage\"},\"thumbnailUrl\":\"https:\/\/www.museuolimpicbcn.cat\/wp-content\/uploads\/sites\/2\/2019\/12\/IOC125Aniversary-MuseuOlimpic-Samaranch-Escude-Alejandro-Blanco.jpg\",\"inLanguage\":\"en-US\",\"potentialAction\":[{\"@type\":\"CommentAction\",\"name\":\"Comment\",\"target\":[\"https:\/\/www.museuolimpicbcn.cat\/en\/125th-anniversary-of-the-international-olympic-committee\/#respond\"]}]},{\"@type\":\"WebPage\",\"@id\":\"https:\/\/www.museuolimpicbcn.cat\/en\/125th-anniversary-of-the-international-olympic-committee\/\",\"url\":\"https:\/\/www.museuolimpicbcn.cat\/en\/125th-anniversary-of-the-international-olympic-committee\/\",\"name\":\"125th anniversary of the International Olympic Committee - Museu Ol\u00edmpic i de l&#039;Esport\",\"isPartOf\":{\"@id\":\"https:\/\/www.museuolimpicbcn.cat\/ca\/#website\"},\"primaryImageOfPage\":{\"@id\":\"https:\/\/www.museuolimpicbcn.cat\/en\/125th-anniversary-of-the-international-olympic-committee\/#primaryimage\"},\"image\":{\"@id\":\"https:\/\/www.museuolimpicbcn.cat\/en\/125th-anniversary-of-the-international-olympic-committee\/#primaryimage\"},\"thumbnailUrl\":\"https:\/\/www.museuolimpicbcn.cat\/wp-content\/uploads\/sites\/2\/2019\/12\/IOC125Aniversary-MuseuOlimpic-Samaranch-Escude-Alejandro-Blanco.jpg\",\"datePublished\":\"2020-01-08T16:11:24+00:00\",\"dateModified\":\"2020-01-08T16:11:24+00:00\",\"breadcrumb\":{\"@id\":\"https:\/\/www.museuolimpicbcn.cat\/en\/125th-anniversary-of-the-international-olympic-committee\/#breadcrumb\"},\"inLanguage\":\"en-US\",\"potentialAction\":[{\"@type\":\"ReadAction\",\"target\":[\"https:\/\/www.museuolimpicbcn.cat\/en\/125th-anniversary-of-the-international-olympic-committee\/\"]}]},{\"@type\":\"ImageObject\",\"inLanguage\":\"en-US\",\"@id\":\"https:\/\/www.museuolimpicbcn.cat\/en\/125th-anniversary-of-the-international-olympic-committee\/#primaryimage\",\"url\":\"https:\/\/www.museuolimpicbcn.cat\/wp-content\/uploads\/sites\/2\/2019\/12\/IOC125Aniversary-MuseuOlimpic-Samaranch-Escude-Alejandro-Blanco.jpg\",\"contentUrl\":\"https:\/\/www.museuolimpicbcn.cat\/wp-content\/uploads\/sites\/2\/2019\/12\/IOC125Aniversary-MuseuOlimpic-Samaranch-Escude-Alejandro-Blanco.jpg\",\"width\":5381,\"height\":3135,\"caption\":\"Joan Manuel Surroca - Jordi Sans . Maria Teresa Samaranch - David Escud\u00e9 - Alejandro Blanco - Isabel Fern\u00e1ndez - Leandre Negre - Pere Vil\u00e0\"},{\"@type\":\"BreadcrumbList\",\"@id\":\"https:\/\/www.museuolimpicbcn.cat\/en\/125th-anniversary-of-the-international-olympic-committee\/#breadcrumb\",\"itemListElement\":[{\"@type\":\"ListItem\",\"position\":1,\"name\":\"Home\",\"item\":\"https:\/\/www.museuolimpicbcn.cat\/es\/\"},{\"@type\":\"ListItem\",\"position\":2,\"name\":\"125th anniversary of the International Olympic Committee\"}]},{\"@type\":\"WebSite\",\"@id\":\"https:\/\/www.museuolimpicbcn.cat\/ca\/#website\",\"url\":\"https:\/\/www.museuolimpicbcn.cat\/ca\/\",\"name\":\"Museu Ol\u00edmpic i de l&#039;Esport\",\"description\":\"Altre lloc Web del Museu Ol\u00edmpic i de l&#039;Esport llocs\",\"publisher\":{\"@id\":\"https:\/\/www.museuolimpicbcn.cat\/ca\/#organization\"},\"potentialAction\":[{\"@type\":\"SearchAction\",\"target\":{\"@type\":\"EntryPoint\",\"urlTemplate\":\"https:\/\/www.museuolimpicbcn.cat\/ca\/?s={search_term_string}\"},\"query-input\":{\"@type\":\"PropertyValueSpecification\",\"valueRequired\":true,\"valueName\":\"search_term_string\"}}],\"inLanguage\":\"en-US\"},{\"@type\":\"Organization\",\"@id\":\"https:\/\/www.museuolimpicbcn.cat\/ca\/#organization\",\"name\":\"Museu Ol\u00edmpic i de l&#039;Esport\",\"url\":\"https:\/\/www.museuolimpicbcn.cat\/ca\/\",\"logo\":{\"@type\":\"ImageObject\",\"inLanguage\":\"en-US\",\"@id\":\"https:\/\/www.museuolimpicbcn.cat\/ca\/#\/schema\/logo\/image\/\",\"url\":\"https:\/\/www.museuolimpicbcn.cat\/wp-content\/uploads\/sites\/2\/2018\/12\/logo-moe-header.svg\",\"contentUrl\":\"https:\/\/www.museuolimpicbcn.cat\/wp-content\/uploads\/sites\/2\/2018\/12\/logo-moe-header.svg\",\"caption\":\"Museu Ol\u00edmpic i de l&#039;Esport\"},\"image\":{\"@id\":\"https:\/\/www.museuolimpicbcn.cat\/ca\/#\/schema\/logo\/image\/\"}},{\"@type\":\"Person\",\"@id\":\"https:\/\/www.museuolimpicbcn.cat\/ca\/#\/schema\/person\/b792834a53f193977df425a499287aa9\",\"name\":\"Ibone\",\"url\":\"https:\/\/www.museuolimpicbcn.cat\/en\/author\/fbolimpica\/\"}]}<\/script>\n<!-- \/ Yoast SEO plugin. -->","yoast_head_json":{"title":"125th anniversary of the International Olympic Committee - Museu Ol\u00edmpic i de l&#039;Esport","robots":{"index":"index","follow":"follow","max-snippet":"max-snippet:-1","max-image-preview":"max-image-preview:large","max-video-preview":"max-video-preview:-1"},"canonical":"https:\/\/www.museuolimpicbcn.cat\/en\/125th-anniversary-of-the-international-olympic-committee\/","og_locale":"en_US","og_type":"article","og_title":"125th anniversary of the International Olympic Committee - Museu Ol\u00edmpic i de l&#039;Esport","og_description":"David Escud\u00e9, President of the Barcelona Olympic Foundation and sports councillor of Barcelona City Council, and Pere Vil\u00e0, regional representative of Sport and Physical Activity in Barcelona and Catalonia Regions, opened the commemorative event held by the Barcelona Olympic Foundation (FBO) on the occasion of the 125th anniversary of the creation of the IOC. We [&hellip;]","og_url":"https:\/\/www.museuolimpicbcn.cat\/en\/125th-anniversary-of-the-international-olympic-committee\/","og_site_name":"Museu Ol\u00edmpic i de l&#039;Esport","article_published_time":"2020-01-08T16:11:24+00:00","og_image":[{"width":5381,"height":3135,"url":"https:\/\/www.museuolimpicbcn.cat\/wp-content\/uploads\/sites\/2\/2019\/12\/IOC125Aniversary-MuseuOlimpic-Samaranch-Escude-Alejandro-Blanco.jpg","type":"image\/jpeg"}],"author":"Ibone","twitter_card":"summary_large_image","twitter_misc":{"Written by":"Ibone","Est. reading time":"1 minute"},"schema":{"@context":"https:\/\/schema.org","@graph":[{"@type":"Article","@id":"https:\/\/www.museuolimpicbcn.cat\/en\/125th-anniversary-of-the-international-olympic-committee\/#article","isPartOf":{"@id":"https:\/\/www.museuolimpicbcn.cat\/en\/125th-anniversary-of-the-international-olympic-committee\/"},"author":{"name":"Ibone","@id":"https:\/\/www.museuolimpicbcn.cat\/ca\/#\/schema\/person\/b792834a53f193977df425a499287aa9"},"headline":"125th anniversary of the International Olympic Committee","datePublished":"2020-01-08T16:11:24+00:00","dateModified":"2020-01-08T16:11:24+00:00","mainEntityOfPage":{"@id":"https:\/\/www.museuolimpicbcn.cat\/en\/125th-anniversary-of-the-international-olympic-committee\/"},"wordCount":195,"commentCount":0,"publisher":{"@id":"https:\/\/www.museuolimpicbcn.cat\/ca\/#organization"},"image":{"@id":"https:\/\/www.museuolimpicbcn.cat\/en\/125th-anniversary-of-the-international-olympic-committee\/#primaryimage"},"thumbnailUrl":"https:\/\/www.museuolimpicbcn.cat\/wp-content\/uploads\/sites\/2\/2019\/12\/IOC125Aniversary-MuseuOlimpic-Samaranch-Escude-Alejandro-Blanco.jpg","inLanguage":"en-US","potentialAction":[{"@type":"CommentAction","name":"Comment","target":["https:\/\/www.museuolimpicbcn.cat\/en\/125th-anniversary-of-the-international-olympic-committee\/#respond"]}]},{"@type":"WebPage","@id":"https:\/\/www.museuolimpicbcn.cat\/en\/125th-anniversary-of-the-international-olympic-committee\/","url":"https:\/\/www.museuolimpicbcn.cat\/en\/125th-anniversary-of-the-international-olympic-committee\/","name":"125th anniversary of the International Olympic Committee - Museu Ol\u00edmpic i de l&#039;Esport","isPartOf":{"@id":"https:\/\/www.museuolimpicbcn.cat\/ca\/#website"},"primaryImageOfPage":{"@id":"https:\/\/www.museuolimpicbcn.cat\/en\/125th-anniversary-of-the-international-olympic-committee\/#primaryimage"},"image":{"@id":"https:\/\/www.museuolimpicbcn.cat\/en\/125th-anniversary-of-the-international-olympic-committee\/#primaryimage"},"thumbnailUrl":"https:\/\/www.museuolimpicbcn.cat\/wp-content\/uploads\/sites\/2\/2019\/12\/IOC125Aniversary-MuseuOlimpic-Samaranch-Escude-Alejandro-Blanco.jpg","datePublished":"2020-01-08T16:11:24+00:00","dateModified":"2020-01-08T16:11:24+00:00","breadcrumb":{"@id":"https:\/\/www.museuolimpicbcn.cat\/en\/125th-anniversary-of-the-international-olympic-committee\/#breadcrumb"},"inLanguage":"en-US","potentialAction":[{"@type":"ReadAction","target":["https:\/\/www.museuolimpicbcn.cat\/en\/125th-anniversary-of-the-international-olympic-committee\/"]}]},{"@type":"ImageObject","inLanguage":"en-US","@id":"https:\/\/www.museuolimpicbcn.cat\/en\/125th-anniversary-of-the-international-olympic-committee\/#primaryimage","url":"https:\/\/www.museuolimpicbcn.cat\/wp-content\/uploads\/sites\/2\/2019\/12\/IOC125Aniversary-MuseuOlimpic-Samaranch-Escude-Alejandro-Blanco.jpg","contentUrl":"https:\/\/www.museuolimpicbcn.cat\/wp-content\/uploads\/sites\/2\/2019\/12\/IOC125Aniversary-MuseuOlimpic-Samaranch-Escude-Alejandro-Blanco.jpg","width":5381,"height":3135,"caption":"Joan Manuel Surroca - Jordi Sans . Maria Teresa Samaranch - David Escud\u00e9 - Alejandro Blanco - Isabel Fern\u00e1ndez - Leandre Negre - Pere Vil\u00e0"},{"@type":"BreadcrumbList","@id":"https:\/\/www.museuolimpicbcn.cat\/en\/125th-anniversary-of-the-international-olympic-committee\/#breadcrumb","itemListElement":[{"@type":"ListItem","position":1,"name":"Home","item":"https:\/\/www.museuolimpicbcn.cat\/es\/"},{"@type":"ListItem","position":2,"name":"125th anniversary of the International Olympic Committee"}]},{"@type":"WebSite","@id":"https:\/\/www.museuolimpicbcn.cat\/ca\/#website","url":"https:\/\/www.museuolimpicbcn.cat\/ca\/","name":"Museu Ol\u00edmpic i de l&#039;Esport","description":"Altre lloc Web del Museu Ol\u00edmpic i de l&#039;Esport llocs","publisher":{"@id":"https:\/\/www.museuolimpicbcn.cat\/ca\/#organization"},"potentialAction":[{"@type":"SearchAction","target":{"@type":"EntryPoint","urlTemplate":"https:\/\/www.museuolimpicbcn.cat\/ca\/?s={search_term_string}"},"query-input":{"@type":"PropertyValueSpecification","valueRequired":true,"valueName":"search_term_string"}}],"inLanguage":"en-US"},{"@type":"Organization","@id":"https:\/\/www.museuolimpicbcn.cat\/ca\/#organization","name":"Museu Ol\u00edmpic i de l&#039;Esport","url":"https:\/\/www.museuolimpicbcn.cat\/ca\/","logo":{"@type":"ImageObject","inLanguage":"en-US","@id":"https:\/\/www.museuolimpicbcn.cat\/ca\/#\/schema\/logo\/image\/","url":"https:\/\/www.museuolimpicbcn.cat\/wp-content\/uploads\/sites\/2\/2018\/12\/logo-moe-header.svg","contentUrl":"https:\/\/www.museuolimpicbcn.cat\/wp-content\/uploads\/sites\/2\/2018\/12\/logo-moe-header.svg","caption":"Museu Ol\u00edmpic i de l&#039;Esport"},"image":{"@id":"https:\/\/www.museuolimpicbcn.cat\/ca\/#\/schema\/logo\/image\/"}},{"@type":"Person","@id":"https:\/\/www.museuolimpicbcn.cat\/ca\/#\/schema\/person\/b792834a53f193977df425a499287aa9","name":"Ibone","url":"https:\/\/www.museuolimpicbcn.cat\/en\/author\/fbolimpica\/"}]}},"_links":{"self":[{"href":"https:\/\/www.museuolimpicbcn.cat\/en\/wp-json\/wp\/v2\/posts\/24276"}],"collection":[{"href":"https:\/\/www.museuolimpicbcn.cat\/en\/wp-json\/wp\/v2\/posts"}],"about":[{"href":"https:\/\/www.museuolimpicbcn.cat\/en\/wp-json\/wp\/v2\/types\/post"}],"author":[{"embeddable":true,"href":"https:\/\/www.museuolimpicbcn.cat\/en\/wp-json\/wp\/v2\/users\/11"}],"replies":[{"embeddable":true,"href":"https:\/\/www.museuolimpicbcn.cat\/en\/wp-json\/wp\/v2\/comments?post=24276"}],"version-history":[{"count":0,"href":"https:\/\/www.museuolimpicbcn.cat\/en\/wp-json\/wp\/v2\/posts\/24276\/revisions"}],"wp:featuredmedia":[{"embeddable":true,"href":"https:\/\/www.museuolimpicbcn.cat\/en\/wp-json\/wp\/v2\/media\/24175"}],"wp:attachment":[{"href":"https:\/\/www.museuolimpicbcn.cat\/en\/wp-json\/wp\/v2\/media?parent=24276"}],"wp:term":[{"taxonomy":"category","embeddable":true,"href":"https:\/\/www.museuolimpicbcn.cat\/en\/wp-json\/wp\/v2\/categories?post=24276"},{"taxonomy":"post_tag","embeddable":true,"href":"https:\/\/www.museuolimpicbcn.cat\/en\/wp-json\/wp\/v2\/tags?post=24276"}],"curies":[{"name":"wp","href":"https:\/\/api.w.org\/{rel}","templated":true}]}}