{"id":24954,"date":"2020-06-04T14:09:14","date_gmt":"2020-06-04T12:09:14","guid":{"rendered":"https:\/\/www.museuolimpicbcn.cat\/june-9-the-museu-olimpi-opens-its-door-to-the-public\/"},"modified":"2020-06-05T10:41:52","modified_gmt":"2020-06-05T08:41:52","slug":"june-9-the-museu-olimpi-opens-its-door-to-the-public","status":"publish","type":"post","link":"https:\/\/www.museuolimpicbcn.cat\/en\/june-9-the-museu-olimpi-opens-its-door-to-the-public\/","title":{"rendered":"June 9 the Museu Ol\u00edmpic opens its door to the public"},"content":{"rendered":"<p>The Museu Ol\u00edmpic I de l\u2019Esport Joan Antoni Samaranch is pleased to announce our reopening next <strong>Tuesday, June 9<\/strong> with the permanent exhibition and the temporary exhibition \u201cOl\u00edmpics\u201d.<\/p>\n<p>Until July 12, <strong>all our visitors will be able to enjoy a 2&#215;1 in the individual entrance for adults or children<\/strong> (On sale exclusively at the museum entrance &#8211; not combinable with other offers). Those people who present the health worker card will have free access to our venue.<\/p>\n<p>We will be happy to attend you from Tuesday to Saturday from 10 a.m. to 6 p.m. and Sundays and public holidays from 10 a.m. to 2.30 p.m.<\/p>\n<p>It is reported that the Sports Dynamics area of the Museum will remain closed until further notice.<\/p>\n<p>For school group visits you can contact\u00a0<a href=\"mailto:reserves@fbolimpica.es\">reserves@fbolimpica.es<\/a>.<\/p>\n<p><strong>We wait for you!<\/strong><\/p>\n<p><strong>To visit our venue: <\/strong><\/p>\n<p><strong>Required<\/strong><\/p>\n<ul>\n<li>\u00b7 Access one by one or in family units.<\/li>\n<li>\u00b7 Maintenance of safety measures of 1 to 2 meters.<\/li>\n<li>\u00b7 Use of mask.<\/li>\n<li>\u00b7 Use of stairs.<\/li>\n<\/ul>\n<p><strong>Recommended<\/strong><\/p>\n<ul>\n<li>\u00b7 Card payment.<\/li>\n<li>\u00b7 Avoid touching your face, eyes, nose and mouth.<\/li>\n<li>\u00b7 Disinfect your hands after touching the screens.<\/li>\n<\/ul>\n","protected":false},"excerpt":{"rendered":"<p>The Museu Ol\u00edmpic I de l\u2019Esport Joan Antoni Samaranch is pleased to announce our reopening next Tuesday, June 9 with the permanent exhibition and the temporary exhibition \u201cOl\u00edmpics\u201d. Until July 12, all our visitors will be able to enjoy a 2&#215;1 in the individual entrance for adults or children (On sale exclusively at the museum [&hellip;]<\/p>\n","protected":false},"author":11,"featured_media":24948,"comment_status":"closed","ping_status":"closed","sticky":false,"template":"","format":"standard","meta":{"_acf_changed":false,"_price":"","_stock":"","_tribe_ticket_header":"","_tribe_default_ticket_provider":"","_tribe_ticket_capacity":"0","_ticket_start_date":"","_ticket_end_date":"","_tribe_ticket_show_description":"","_tribe_ticket_show_not_going":false,"_tribe_ticket_use_global_stock":"","_tribe_ticket_global_stock_level":"","_global_stock_mode":"","_global_stock_cap":"","_tribe_rsvp_for_event":"","_tribe_ticket_going_count":"","_tribe_ticket_not_going_count":"","_tribe_tickets_list":"[]","_tribe_ticket_has_attendee_info_fields":false,"footnotes":""},"categories":[2],"tags":[],"class_list":["post-24954","post","type-post","status-publish","format-standard","has-post-thumbnail","hentry","category-uncategorized"],"acf":[],"yoast_head":"<!-- This site is optimized with the Yoast SEO plugin v23.7 - https:\/\/yoast.com\/wordpress\/plugins\/seo\/ -->\n<title>June 9 the Museu Ol\u00edmpic opens its door to the public - Museu Ol\u00edmpic i de l&#039;Esport<\/title>\n<meta name=\"robots\" content=\"index, follow, max-snippet:-1, max-image-preview:large, max-video-preview:-1\" \/>\n<link rel=\"canonical\" href=\"https:\/\/www.museuolimpicbcn.cat\/en\/june-9-the-museu-olimpi-opens-its-door-to-the-public\/\" \/>\n<meta property=\"og:locale\" content=\"en_US\" \/>\n<meta property=\"og:type\" content=\"article\" \/>\n<meta property=\"og:title\" content=\"June 9 the Museu Ol\u00edmpic opens its door to the public - Museu Ol\u00edmpic i de l&#039;Esport\" \/>\n<meta property=\"og:description\" content=\"The Museu Ol\u00edmpic I de l\u2019Esport Joan Antoni Samaranch is pleased to announce our reopening next Tuesday, June 9 with the permanent exhibition and the temporary exhibition \u201cOl\u00edmpics\u201d. Until July 12, all our visitors will be able to enjoy a 2&#215;1 in the individual entrance for adults or children (On sale exclusively at the museum [&hellip;]\" \/>\n<meta property=\"og:url\" content=\"https:\/\/www.museuolimpicbcn.cat\/en\/june-9-the-museu-olimpi-opens-its-door-to-the-public\/\" \/>\n<meta property=\"og:site_name\" content=\"Museu Ol\u00edmpic i de l&#039;Esport\" \/>\n<meta property=\"article:published_time\" content=\"2020-06-04T12:09:14+00:00\" \/>\n<meta property=\"article:modified_time\" content=\"2020-06-05T08:41:52+00:00\" \/>\n<meta property=\"og:image\" content=\"https:\/\/www.museuolimpicbcn.cat\/wp-content\/uploads\/sites\/2\/2020\/06\/Museu-_8.jpg\" \/>\n\t<meta property=\"og:image:width\" content=\"4490\" \/>\n\t<meta property=\"og:image:height\" content=\"3130\" \/>\n\t<meta property=\"og:image:type\" content=\"image\/jpeg\" \/>\n<meta name=\"author\" content=\"Ibone\" \/>\n<meta name=\"twitter:card\" content=\"summary_large_image\" \/>\n<meta name=\"twitter:label1\" content=\"Written by\" \/>\n\t<meta name=\"twitter:data1\" content=\"Ibone\" \/>\n\t<meta name=\"twitter:label2\" content=\"Est. reading time\" \/>\n\t<meta name=\"twitter:data2\" content=\"1 minute\" \/>\n<script type=\"application\/ld+json\" class=\"yoast-schema-graph\">{\"@context\":\"https:\/\/schema.org\",\"@graph\":[{\"@type\":\"Article\",\"@id\":\"https:\/\/www.museuolimpicbcn.cat\/en\/june-9-the-museu-olimpi-opens-its-door-to-the-public\/#article\",\"isPartOf\":{\"@id\":\"https:\/\/www.museuolimpicbcn.cat\/en\/june-9-the-museu-olimpi-opens-its-door-to-the-public\/\"},\"author\":{\"name\":\"Ibone\",\"@id\":\"https:\/\/www.museuolimpicbcn.cat\/ca\/#\/schema\/person\/b792834a53f193977df425a499287aa9\"},\"headline\":\"June 9 the Museu Ol\u00edmpic opens its door to the public\",\"datePublished\":\"2020-06-04T12:09:14+00:00\",\"dateModified\":\"2020-06-05T08:41:52+00:00\",\"mainEntityOfPage\":{\"@id\":\"https:\/\/www.museuolimpicbcn.cat\/en\/june-9-the-museu-olimpi-opens-its-door-to-the-public\/\"},\"wordCount\":192,\"publisher\":{\"@id\":\"https:\/\/www.museuolimpicbcn.cat\/ca\/#organization\"},\"image\":{\"@id\":\"https:\/\/www.museuolimpicbcn.cat\/en\/june-9-the-museu-olimpi-opens-its-door-to-the-public\/#primaryimage\"},\"thumbnailUrl\":\"https:\/\/www.museuolimpicbcn.cat\/wp-content\/uploads\/sites\/2\/2020\/06\/Museu-_8.jpg\",\"inLanguage\":\"en-US\"},{\"@type\":\"WebPage\",\"@id\":\"https:\/\/www.museuolimpicbcn.cat\/en\/june-9-the-museu-olimpi-opens-its-door-to-the-public\/\",\"url\":\"https:\/\/www.museuolimpicbcn.cat\/en\/june-9-the-museu-olimpi-opens-its-door-to-the-public\/\",\"name\":\"June 9 the Museu Ol\u00edmpic opens its door to the public - Museu Ol\u00edmpic i de l&#039;Esport\",\"isPartOf\":{\"@id\":\"https:\/\/www.museuolimpicbcn.cat\/ca\/#website\"},\"primaryImageOfPage\":{\"@id\":\"https:\/\/www.museuolimpicbcn.cat\/en\/june-9-the-museu-olimpi-opens-its-door-to-the-public\/#primaryimage\"},\"image\":{\"@id\":\"https:\/\/www.museuolimpicbcn.cat\/en\/june-9-the-museu-olimpi-opens-its-door-to-the-public\/#primaryimage\"},\"thumbnailUrl\":\"https:\/\/www.museuolimpicbcn.cat\/wp-content\/uploads\/sites\/2\/2020\/06\/Museu-_8.jpg\",\"datePublished\":\"2020-06-04T12:09:14+00:00\",\"dateModified\":\"2020-06-05T08:41:52+00:00\",\"breadcrumb\":{\"@id\":\"https:\/\/www.museuolimpicbcn.cat\/en\/june-9-the-museu-olimpi-opens-its-door-to-the-public\/#breadcrumb\"},\"inLanguage\":\"en-US\",\"potentialAction\":[{\"@type\":\"ReadAction\",\"target\":[\"https:\/\/www.museuolimpicbcn.cat\/en\/june-9-the-museu-olimpi-opens-its-door-to-the-public\/\"]}]},{\"@type\":\"ImageObject\",\"inLanguage\":\"en-US\",\"@id\":\"https:\/\/www.museuolimpicbcn.cat\/en\/june-9-the-museu-olimpi-opens-its-door-to-the-public\/#primaryimage\",\"url\":\"https:\/\/www.museuolimpicbcn.cat\/wp-content\/uploads\/sites\/2\/2020\/06\/Museu-_8.jpg\",\"contentUrl\":\"https:\/\/www.museuolimpicbcn.cat\/wp-content\/uploads\/sites\/2\/2020\/06\/Museu-_8.jpg\",\"width\":4490,\"height\":3130},{\"@type\":\"BreadcrumbList\",\"@id\":\"https:\/\/www.museuolimpicbcn.cat\/en\/june-9-the-museu-olimpi-opens-its-door-to-the-public\/#breadcrumb\",\"itemListElement\":[{\"@type\":\"ListItem\",\"position\":1,\"name\":\"Home\",\"item\":\"https:\/\/www.museuolimpicbcn.cat\/es\/\"},{\"@type\":\"ListItem\",\"position\":2,\"name\":\"June 9 the Museu Ol\u00edmpic opens its door to the public\"}]},{\"@type\":\"WebSite\",\"@id\":\"https:\/\/www.museuolimpicbcn.cat\/ca\/#website\",\"url\":\"https:\/\/www.museuolimpicbcn.cat\/ca\/\",\"name\":\"Museu Ol\u00edmpic i de l&#039;Esport\",\"description\":\"Altre lloc Web del Museu Ol\u00edmpic i de l&#039;Esport llocs\",\"publisher\":{\"@id\":\"https:\/\/www.museuolimpicbcn.cat\/ca\/#organization\"},\"potentialAction\":[{\"@type\":\"SearchAction\",\"target\":{\"@type\":\"EntryPoint\",\"urlTemplate\":\"https:\/\/www.museuolimpicbcn.cat\/ca\/?s={search_term_string}\"},\"query-input\":{\"@type\":\"PropertyValueSpecification\",\"valueRequired\":true,\"valueName\":\"search_term_string\"}}],\"inLanguage\":\"en-US\"},{\"@type\":\"Organization\",\"@id\":\"https:\/\/www.museuolimpicbcn.cat\/ca\/#organization\",\"name\":\"Museu Ol\u00edmpic i de l&#039;Esport\",\"url\":\"https:\/\/www.museuolimpicbcn.cat\/ca\/\",\"logo\":{\"@type\":\"ImageObject\",\"inLanguage\":\"en-US\",\"@id\":\"https:\/\/www.museuolimpicbcn.cat\/ca\/#\/schema\/logo\/image\/\",\"url\":\"https:\/\/www.museuolimpicbcn.cat\/wp-content\/uploads\/sites\/2\/2018\/12\/logo-moe-header.svg\",\"contentUrl\":\"https:\/\/www.museuolimpicbcn.cat\/wp-content\/uploads\/sites\/2\/2018\/12\/logo-moe-header.svg\",\"caption\":\"Museu Ol\u00edmpic i de l&#039;Esport\"},\"image\":{\"@id\":\"https:\/\/www.museuolimpicbcn.cat\/ca\/#\/schema\/logo\/image\/\"}},{\"@type\":\"Person\",\"@id\":\"https:\/\/www.museuolimpicbcn.cat\/ca\/#\/schema\/person\/b792834a53f193977df425a499287aa9\",\"name\":\"Ibone\",\"url\":\"https:\/\/www.museuolimpicbcn.cat\/en\/author\/fbolimpica\/\"}]}<\/script>\n<!-- \/ Yoast SEO plugin. -->","yoast_head_json":{"title":"June 9 the Museu Ol\u00edmpic opens its door to the public - Museu Ol\u00edmpic i de l&#039;Esport","robots":{"index":"index","follow":"follow","max-snippet":"max-snippet:-1","max-image-preview":"max-image-preview:large","max-video-preview":"max-video-preview:-1"},"canonical":"https:\/\/www.museuolimpicbcn.cat\/en\/june-9-the-museu-olimpi-opens-its-door-to-the-public\/","og_locale":"en_US","og_type":"article","og_title":"June 9 the Museu Ol\u00edmpic opens its door to the public - Museu Ol\u00edmpic i de l&#039;Esport","og_description":"The Museu Ol\u00edmpic I de l\u2019Esport Joan Antoni Samaranch is pleased to announce our reopening next Tuesday, June 9 with the permanent exhibition and the temporary exhibition \u201cOl\u00edmpics\u201d. Until July 12, all our visitors will be able to enjoy a 2&#215;1 in the individual entrance for adults or children (On sale exclusively at the museum [&hellip;]","og_url":"https:\/\/www.museuolimpicbcn.cat\/en\/june-9-the-museu-olimpi-opens-its-door-to-the-public\/","og_site_name":"Museu Ol\u00edmpic i de l&#039;Esport","article_published_time":"2020-06-04T12:09:14+00:00","article_modified_time":"2020-06-05T08:41:52+00:00","og_image":[{"width":4490,"height":3130,"url":"https:\/\/www.museuolimpicbcn.cat\/wp-content\/uploads\/sites\/2\/2020\/06\/Museu-_8.jpg","type":"image\/jpeg"}],"author":"Ibone","twitter_card":"summary_large_image","twitter_misc":{"Written by":"Ibone","Est. reading time":"1 minute"},"schema":{"@context":"https:\/\/schema.org","@graph":[{"@type":"Article","@id":"https:\/\/www.museuolimpicbcn.cat\/en\/june-9-the-museu-olimpi-opens-its-door-to-the-public\/#article","isPartOf":{"@id":"https:\/\/www.museuolimpicbcn.cat\/en\/june-9-the-museu-olimpi-opens-its-door-to-the-public\/"},"author":{"name":"Ibone","@id":"https:\/\/www.museuolimpicbcn.cat\/ca\/#\/schema\/person\/b792834a53f193977df425a499287aa9"},"headline":"June 9 the Museu Ol\u00edmpic opens its door to the public","datePublished":"2020-06-04T12:09:14+00:00","dateModified":"2020-06-05T08:41:52+00:00","mainEntityOfPage":{"@id":"https:\/\/www.museuolimpicbcn.cat\/en\/june-9-the-museu-olimpi-opens-its-door-to-the-public\/"},"wordCount":192,"publisher":{"@id":"https:\/\/www.museuolimpicbcn.cat\/ca\/#organization"},"image":{"@id":"https:\/\/www.museuolimpicbcn.cat\/en\/june-9-the-museu-olimpi-opens-its-door-to-the-public\/#primaryimage"},"thumbnailUrl":"https:\/\/www.museuolimpicbcn.cat\/wp-content\/uploads\/sites\/2\/2020\/06\/Museu-_8.jpg","inLanguage":"en-US"},{"@type":"WebPage","@id":"https:\/\/www.museuolimpicbcn.cat\/en\/june-9-the-museu-olimpi-opens-its-door-to-the-public\/","url":"https:\/\/www.museuolimpicbcn.cat\/en\/june-9-the-museu-olimpi-opens-its-door-to-the-public\/","name":"June 9 the Museu Ol\u00edmpic opens its door to the public - Museu Ol\u00edmpic i de l&#039;Esport","isPartOf":{"@id":"https:\/\/www.museuolimpicbcn.cat\/ca\/#website"},"primaryImageOfPage":{"@id":"https:\/\/www.museuolimpicbcn.cat\/en\/june-9-the-museu-olimpi-opens-its-door-to-the-public\/#primaryimage"},"image":{"@id":"https:\/\/www.museuolimpicbcn.cat\/en\/june-9-the-museu-olimpi-opens-its-door-to-the-public\/#primaryimage"},"thumbnailUrl":"https:\/\/www.museuolimpicbcn.cat\/wp-content\/uploads\/sites\/2\/2020\/06\/Museu-_8.jpg","datePublished":"2020-06-04T12:09:14+00:00","dateModified":"2020-06-05T08:41:52+00:00","breadcrumb":{"@id":"https:\/\/www.museuolimpicbcn.cat\/en\/june-9-the-museu-olimpi-opens-its-door-to-the-public\/#breadcrumb"},"inLanguage":"en-US","potentialAction":[{"@type":"ReadAction","target":["https:\/\/www.museuolimpicbcn.cat\/en\/june-9-the-museu-olimpi-opens-its-door-to-the-public\/"]}]},{"@type":"ImageObject","inLanguage":"en-US","@id":"https:\/\/www.museuolimpicbcn.cat\/en\/june-9-the-museu-olimpi-opens-its-door-to-the-public\/#primaryimage","url":"https:\/\/www.museuolimpicbcn.cat\/wp-content\/uploads\/sites\/2\/2020\/06\/Museu-_8.jpg","contentUrl":"https:\/\/www.museuolimpicbcn.cat\/wp-content\/uploads\/sites\/2\/2020\/06\/Museu-_8.jpg","width":4490,"height":3130},{"@type":"BreadcrumbList","@id":"https:\/\/www.museuolimpicbcn.cat\/en\/june-9-the-museu-olimpi-opens-its-door-to-the-public\/#breadcrumb","itemListElement":[{"@type":"ListItem","position":1,"name":"Home","item":"https:\/\/www.museuolimpicbcn.cat\/es\/"},{"@type":"ListItem","position":2,"name":"June 9 the Museu Ol\u00edmpic opens its door to the public"}]},{"@type":"WebSite","@id":"https:\/\/www.museuolimpicbcn.cat\/ca\/#website","url":"https:\/\/www.museuolimpicbcn.cat\/ca\/","name":"Museu Ol\u00edmpic i de l&#039;Esport","description":"Altre lloc Web del Museu Ol\u00edmpic i de l&#039;Esport llocs","publisher":{"@id":"https:\/\/www.museuolimpicbcn.cat\/ca\/#organization"},"potentialAction":[{"@type":"SearchAction","target":{"@type":"EntryPoint","urlTemplate":"https:\/\/www.museuolimpicbcn.cat\/ca\/?s={search_term_string}"},"query-input":{"@type":"PropertyValueSpecification","valueRequired":true,"valueName":"search_term_string"}}],"inLanguage":"en-US"},{"@type":"Organization","@id":"https:\/\/www.museuolimpicbcn.cat\/ca\/#organization","name":"Museu Ol\u00edmpic i de l&#039;Esport","url":"https:\/\/www.museuolimpicbcn.cat\/ca\/","logo":{"@type":"ImageObject","inLanguage":"en-US","@id":"https:\/\/www.museuolimpicbcn.cat\/ca\/#\/schema\/logo\/image\/","url":"https:\/\/www.museuolimpicbcn.cat\/wp-content\/uploads\/sites\/2\/2018\/12\/logo-moe-header.svg","contentUrl":"https:\/\/www.museuolimpicbcn.cat\/wp-content\/uploads\/sites\/2\/2018\/12\/logo-moe-header.svg","caption":"Museu Ol\u00edmpic i de l&#039;Esport"},"image":{"@id":"https:\/\/www.museuolimpicbcn.cat\/ca\/#\/schema\/logo\/image\/"}},{"@type":"Person","@id":"https:\/\/www.museuolimpicbcn.cat\/ca\/#\/schema\/person\/b792834a53f193977df425a499287aa9","name":"Ibone","url":"https:\/\/www.museuolimpicbcn.cat\/en\/author\/fbolimpica\/"}]}},"_links":{"self":[{"href":"https:\/\/www.museuolimpicbcn.cat\/en\/wp-json\/wp\/v2\/posts\/24954"}],"collection":[{"href":"https:\/\/www.museuolimpicbcn.cat\/en\/wp-json\/wp\/v2\/posts"}],"about":[{"href":"https:\/\/www.museuolimpicbcn.cat\/en\/wp-json\/wp\/v2\/types\/post"}],"author":[{"embeddable":true,"href":"https:\/\/www.museuolimpicbcn.cat\/en\/wp-json\/wp\/v2\/users\/11"}],"replies":[{"embeddable":true,"href":"https:\/\/www.museuolimpicbcn.cat\/en\/wp-json\/wp\/v2\/comments?post=24954"}],"version-history":[{"count":3,"href":"https:\/\/www.museuolimpicbcn.cat\/en\/wp-json\/wp\/v2\/posts\/24954\/revisions"}],"predecessor-version":[{"id":24982,"href":"https:\/\/www.museuolimpicbcn.cat\/en\/wp-json\/wp\/v2\/posts\/24954\/revisions\/24982"}],"wp:featuredmedia":[{"embeddable":true,"href":"https:\/\/www.museuolimpicbcn.cat\/en\/wp-json\/wp\/v2\/media\/24948"}],"wp:attachment":[{"href":"https:\/\/www.museuolimpicbcn.cat\/en\/wp-json\/wp\/v2\/media?parent=24954"}],"wp:term":[{"taxonomy":"category","embeddable":true,"href":"https:\/\/www.museuolimpicbcn.cat\/en\/wp-json\/wp\/v2\/categories?post=24954"},{"taxonomy":"post_tag","embeddable":true,"href":"https:\/\/www.museuolimpicbcn.cat\/en\/wp-json\/wp\/v2\/tags?post=24954"}],"curies":[{"name":"wp","href":"https:\/\/api.w.org\/{rel}","templated":true}]}}