{"id":29358,"date":"2021-07-08T14:18:03","date_gmt":"2021-07-08T12:18:03","guid":{"rendered":"https:\/\/www.museuolimpicbcn.cat\/juan-antonio-samaranch-salisachs-visits-the-olympic-and-sports-museum\/"},"modified":"2021-07-08T14:18:03","modified_gmt":"2021-07-08T12:18:03","slug":"juan-antonio-samaranch-salisachs-visits-the-olympic-and-sports-museum","status":"publish","type":"post","link":"https:\/\/www.museuolimpicbcn.cat\/en\/juan-antonio-samaranch-salisachs-visits-the-olympic-and-sports-museum\/","title":{"rendered":"Juan Antonio Samaranch Salisachs visits the Olympic and Sports Museum"},"content":{"rendered":"<p>Francesc Terr\u00f3n, director of the Fundaci\u00f3 Barcelona Ol\u00edmpica, has received Juan Antonio Samaranch, Jr., first vice president of the International Olympic Committee (IOC) and among the different positions he holds, he stands out as a member of the Board of Olympic Channel Services SA, a delegated member of Broadcast rights and Chairman of the Board of Olympic Channel Services SL<br \/>\nJuan Antonio Samaranch, who will be a speaker at the XIV edition of the Olympic Forum to be held on October 5, 6 and 7 and which will address the issue of COVID&#8217;s impact on sport, wanted to visit the Museum facilities and visit the temporary exhibition &#8220;Tokyo 2020&#8221; linked to the Tokyo Olympic Games that will begin on Friday, July 23.<br \/>\nRemember that at 12 in the morning on July 23, the Olympic Museum will screen the Opening Ceremony of the Olympic Games in the Auditorium.<\/p>\n","protected":false},"excerpt":{"rendered":"<p>Francesc Terr\u00f3n, director of the Fundaci\u00f3 Barcelona Ol\u00edmpica, has received Juan Antonio Samaranch, Jr., first vice president of the International Olympic Committee (IOC) and among the different positions he holds, he stands out as a member of the Board of Olympic Channel Services SA, a delegated member of Broadcast rights and Chairman of the Board [&hellip;]<\/p>\n","protected":false},"author":11,"featured_media":29351,"comment_status":"closed","ping_status":"closed","sticky":false,"template":"","format":"standard","meta":{"_acf_changed":false,"_price":"","_stock":"","_tribe_ticket_header":"","_tribe_default_ticket_provider":"","_tribe_ticket_capacity":"0","_ticket_start_date":"","_ticket_end_date":"","_tribe_ticket_show_description":"","_tribe_ticket_show_not_going":false,"_tribe_ticket_use_global_stock":"","_tribe_ticket_global_stock_level":"","_global_stock_mode":"","_global_stock_cap":"","_tribe_rsvp_for_event":"","_tribe_ticket_going_count":"","_tribe_ticket_not_going_count":"","_tribe_tickets_list":"[]","_tribe_ticket_has_attendee_info_fields":false,"footnotes":""},"categories":[2],"tags":[],"class_list":["post-29358","post","type-post","status-publish","format-standard","has-post-thumbnail","hentry","category-uncategorized"],"acf":[],"yoast_head":"<!-- This site is optimized with the Yoast SEO plugin v23.7 - https:\/\/yoast.com\/wordpress\/plugins\/seo\/ -->\n<title>Juan Antonio Samaranch Salisachs visits the Olympic and Sports Museum - Museu Ol\u00edmpic i de l&#039;Esport<\/title>\n<meta name=\"robots\" content=\"index, follow, max-snippet:-1, max-image-preview:large, max-video-preview:-1\" \/>\n<link rel=\"canonical\" href=\"https:\/\/www.museuolimpicbcn.cat\/en\/juan-antonio-samaranch-salisachs-visits-the-olympic-and-sports-museum\/\" \/>\n<meta property=\"og:locale\" content=\"en_US\" \/>\n<meta property=\"og:type\" content=\"article\" \/>\n<meta property=\"og:title\" content=\"Juan Antonio Samaranch Salisachs visits the Olympic and Sports Museum - Museu Ol\u00edmpic i de l&#039;Esport\" \/>\n<meta property=\"og:description\" content=\"Francesc Terr\u00f3n, director of the Fundaci\u00f3 Barcelona Ol\u00edmpica, has received Juan Antonio Samaranch, Jr., first vice president of the International Olympic Committee (IOC) and among the different positions he holds, he stands out as a member of the Board of Olympic Channel Services SA, a delegated member of Broadcast rights and Chairman of the Board [&hellip;]\" \/>\n<meta property=\"og:url\" content=\"https:\/\/www.museuolimpicbcn.cat\/en\/juan-antonio-samaranch-salisachs-visits-the-olympic-and-sports-museum\/\" \/>\n<meta property=\"og:site_name\" content=\"Museu Ol\u00edmpic i de l&#039;Esport\" \/>\n<meta property=\"article:published_time\" content=\"2021-07-08T12:18:03+00:00\" \/>\n<meta property=\"og:image\" content=\"https:\/\/www.museuolimpicbcn.cat\/wp-content\/uploads\/sites\/2\/2021\/07\/SAMARANCH-Jr-MuseuOlimpicBCN_9-scaled.jpg\" \/>\n\t<meta property=\"og:image:width\" content=\"2560\" \/>\n\t<meta property=\"og:image:height\" content=\"1842\" \/>\n\t<meta property=\"og:image:type\" content=\"image\/jpeg\" \/>\n<meta name=\"author\" content=\"Ibone\" \/>\n<meta name=\"twitter:card\" content=\"summary_large_image\" \/>\n<meta name=\"twitter:label1\" content=\"Written by\" \/>\n\t<meta name=\"twitter:data1\" content=\"Ibone\" \/>\n\t<meta name=\"twitter:label2\" content=\"Est. reading time\" \/>\n\t<meta name=\"twitter:data2\" content=\"1 minute\" \/>\n<script type=\"application\/ld+json\" class=\"yoast-schema-graph\">{\"@context\":\"https:\/\/schema.org\",\"@graph\":[{\"@type\":\"Article\",\"@id\":\"https:\/\/www.museuolimpicbcn.cat\/en\/juan-antonio-samaranch-salisachs-visits-the-olympic-and-sports-museum\/#article\",\"isPartOf\":{\"@id\":\"https:\/\/www.museuolimpicbcn.cat\/en\/juan-antonio-samaranch-salisachs-visits-the-olympic-and-sports-museum\/\"},\"author\":{\"name\":\"Ibone\",\"@id\":\"https:\/\/www.museuolimpicbcn.cat\/ca\/#\/schema\/person\/b792834a53f193977df425a499287aa9\"},\"headline\":\"Juan Antonio Samaranch Salisachs visits the Olympic and Sports Museum\",\"datePublished\":\"2021-07-08T12:18:03+00:00\",\"dateModified\":\"2021-07-08T12:18:03+00:00\",\"mainEntityOfPage\":{\"@id\":\"https:\/\/www.museuolimpicbcn.cat\/en\/juan-antonio-samaranch-salisachs-visits-the-olympic-and-sports-museum\/\"},\"wordCount\":152,\"publisher\":{\"@id\":\"https:\/\/www.museuolimpicbcn.cat\/ca\/#organization\"},\"image\":{\"@id\":\"https:\/\/www.museuolimpicbcn.cat\/en\/juan-antonio-samaranch-salisachs-visits-the-olympic-and-sports-museum\/#primaryimage\"},\"thumbnailUrl\":\"https:\/\/www.museuolimpicbcn.cat\/wp-content\/uploads\/sites\/2\/2021\/07\/SAMARANCH-Jr-MuseuOlimpicBCN_9-scaled.jpg\",\"inLanguage\":\"en-US\"},{\"@type\":\"WebPage\",\"@id\":\"https:\/\/www.museuolimpicbcn.cat\/en\/juan-antonio-samaranch-salisachs-visits-the-olympic-and-sports-museum\/\",\"url\":\"https:\/\/www.museuolimpicbcn.cat\/en\/juan-antonio-samaranch-salisachs-visits-the-olympic-and-sports-museum\/\",\"name\":\"Juan Antonio Samaranch Salisachs visits the Olympic and Sports Museum - Museu Ol\u00edmpic i de l&#039;Esport\",\"isPartOf\":{\"@id\":\"https:\/\/www.museuolimpicbcn.cat\/ca\/#website\"},\"primaryImageOfPage\":{\"@id\":\"https:\/\/www.museuolimpicbcn.cat\/en\/juan-antonio-samaranch-salisachs-visits-the-olympic-and-sports-museum\/#primaryimage\"},\"image\":{\"@id\":\"https:\/\/www.museuolimpicbcn.cat\/en\/juan-antonio-samaranch-salisachs-visits-the-olympic-and-sports-museum\/#primaryimage\"},\"thumbnailUrl\":\"https:\/\/www.museuolimpicbcn.cat\/wp-content\/uploads\/sites\/2\/2021\/07\/SAMARANCH-Jr-MuseuOlimpicBCN_9-scaled.jpg\",\"datePublished\":\"2021-07-08T12:18:03+00:00\",\"dateModified\":\"2021-07-08T12:18:03+00:00\",\"breadcrumb\":{\"@id\":\"https:\/\/www.museuolimpicbcn.cat\/en\/juan-antonio-samaranch-salisachs-visits-the-olympic-and-sports-museum\/#breadcrumb\"},\"inLanguage\":\"en-US\",\"potentialAction\":[{\"@type\":\"ReadAction\",\"target\":[\"https:\/\/www.museuolimpicbcn.cat\/en\/juan-antonio-samaranch-salisachs-visits-the-olympic-and-sports-museum\/\"]}]},{\"@type\":\"ImageObject\",\"inLanguage\":\"en-US\",\"@id\":\"https:\/\/www.museuolimpicbcn.cat\/en\/juan-antonio-samaranch-salisachs-visits-the-olympic-and-sports-museum\/#primaryimage\",\"url\":\"https:\/\/www.museuolimpicbcn.cat\/wp-content\/uploads\/sites\/2\/2021\/07\/SAMARANCH-Jr-MuseuOlimpicBCN_9-scaled.jpg\",\"contentUrl\":\"https:\/\/www.museuolimpicbcn.cat\/wp-content\/uploads\/sites\/2\/2021\/07\/SAMARANCH-Jr-MuseuOlimpicBCN_9-scaled.jpg\",\"width\":2560,\"height\":1842},{\"@type\":\"BreadcrumbList\",\"@id\":\"https:\/\/www.museuolimpicbcn.cat\/en\/juan-antonio-samaranch-salisachs-visits-the-olympic-and-sports-museum\/#breadcrumb\",\"itemListElement\":[{\"@type\":\"ListItem\",\"position\":1,\"name\":\"Home\",\"item\":\"https:\/\/www.museuolimpicbcn.cat\/es\/\"},{\"@type\":\"ListItem\",\"position\":2,\"name\":\"Juan Antonio Samaranch Salisachs visits the Olympic and Sports Museum\"}]},{\"@type\":\"WebSite\",\"@id\":\"https:\/\/www.museuolimpicbcn.cat\/ca\/#website\",\"url\":\"https:\/\/www.museuolimpicbcn.cat\/ca\/\",\"name\":\"Museu Ol\u00edmpic i de l&#039;Esport\",\"description\":\"Altre lloc Web del Museu Ol\u00edmpic i de l&#039;Esport llocs\",\"publisher\":{\"@id\":\"https:\/\/www.museuolimpicbcn.cat\/ca\/#organization\"},\"potentialAction\":[{\"@type\":\"SearchAction\",\"target\":{\"@type\":\"EntryPoint\",\"urlTemplate\":\"https:\/\/www.museuolimpicbcn.cat\/ca\/?s={search_term_string}\"},\"query-input\":{\"@type\":\"PropertyValueSpecification\",\"valueRequired\":true,\"valueName\":\"search_term_string\"}}],\"inLanguage\":\"en-US\"},{\"@type\":\"Organization\",\"@id\":\"https:\/\/www.museuolimpicbcn.cat\/ca\/#organization\",\"name\":\"Museu Ol\u00edmpic i de l&#039;Esport\",\"url\":\"https:\/\/www.museuolimpicbcn.cat\/ca\/\",\"logo\":{\"@type\":\"ImageObject\",\"inLanguage\":\"en-US\",\"@id\":\"https:\/\/www.museuolimpicbcn.cat\/ca\/#\/schema\/logo\/image\/\",\"url\":\"https:\/\/www.museuolimpicbcn.cat\/wp-content\/uploads\/sites\/2\/2018\/12\/logo-moe-header.svg\",\"contentUrl\":\"https:\/\/www.museuolimpicbcn.cat\/wp-content\/uploads\/sites\/2\/2018\/12\/logo-moe-header.svg\",\"caption\":\"Museu Ol\u00edmpic i de l&#039;Esport\"},\"image\":{\"@id\":\"https:\/\/www.museuolimpicbcn.cat\/ca\/#\/schema\/logo\/image\/\"}},{\"@type\":\"Person\",\"@id\":\"https:\/\/www.museuolimpicbcn.cat\/ca\/#\/schema\/person\/b792834a53f193977df425a499287aa9\",\"name\":\"Ibone\",\"url\":\"https:\/\/www.museuolimpicbcn.cat\/en\/author\/fbolimpica\/\"}]}<\/script>\n<!-- \/ Yoast SEO plugin. -->","yoast_head_json":{"title":"Juan Antonio Samaranch Salisachs visits the Olympic and Sports Museum - Museu Ol\u00edmpic i de l&#039;Esport","robots":{"index":"index","follow":"follow","max-snippet":"max-snippet:-1","max-image-preview":"max-image-preview:large","max-video-preview":"max-video-preview:-1"},"canonical":"https:\/\/www.museuolimpicbcn.cat\/en\/juan-antonio-samaranch-salisachs-visits-the-olympic-and-sports-museum\/","og_locale":"en_US","og_type":"article","og_title":"Juan Antonio Samaranch Salisachs visits the Olympic and Sports Museum - Museu Ol\u00edmpic i de l&#039;Esport","og_description":"Francesc Terr\u00f3n, director of the Fundaci\u00f3 Barcelona Ol\u00edmpica, has received Juan Antonio Samaranch, Jr., first vice president of the International Olympic Committee (IOC) and among the different positions he holds, he stands out as a member of the Board of Olympic Channel Services SA, a delegated member of Broadcast rights and Chairman of the Board [&hellip;]","og_url":"https:\/\/www.museuolimpicbcn.cat\/en\/juan-antonio-samaranch-salisachs-visits-the-olympic-and-sports-museum\/","og_site_name":"Museu Ol\u00edmpic i de l&#039;Esport","article_published_time":"2021-07-08T12:18:03+00:00","og_image":[{"width":2560,"height":1842,"url":"https:\/\/www.museuolimpicbcn.cat\/wp-content\/uploads\/sites\/2\/2021\/07\/SAMARANCH-Jr-MuseuOlimpicBCN_9-scaled.jpg","type":"image\/jpeg"}],"author":"Ibone","twitter_card":"summary_large_image","twitter_misc":{"Written by":"Ibone","Est. reading time":"1 minute"},"schema":{"@context":"https:\/\/schema.org","@graph":[{"@type":"Article","@id":"https:\/\/www.museuolimpicbcn.cat\/en\/juan-antonio-samaranch-salisachs-visits-the-olympic-and-sports-museum\/#article","isPartOf":{"@id":"https:\/\/www.museuolimpicbcn.cat\/en\/juan-antonio-samaranch-salisachs-visits-the-olympic-and-sports-museum\/"},"author":{"name":"Ibone","@id":"https:\/\/www.museuolimpicbcn.cat\/ca\/#\/schema\/person\/b792834a53f193977df425a499287aa9"},"headline":"Juan Antonio Samaranch Salisachs visits the Olympic and Sports Museum","datePublished":"2021-07-08T12:18:03+00:00","dateModified":"2021-07-08T12:18:03+00:00","mainEntityOfPage":{"@id":"https:\/\/www.museuolimpicbcn.cat\/en\/juan-antonio-samaranch-salisachs-visits-the-olympic-and-sports-museum\/"},"wordCount":152,"publisher":{"@id":"https:\/\/www.museuolimpicbcn.cat\/ca\/#organization"},"image":{"@id":"https:\/\/www.museuolimpicbcn.cat\/en\/juan-antonio-samaranch-salisachs-visits-the-olympic-and-sports-museum\/#primaryimage"},"thumbnailUrl":"https:\/\/www.museuolimpicbcn.cat\/wp-content\/uploads\/sites\/2\/2021\/07\/SAMARANCH-Jr-MuseuOlimpicBCN_9-scaled.jpg","inLanguage":"en-US"},{"@type":"WebPage","@id":"https:\/\/www.museuolimpicbcn.cat\/en\/juan-antonio-samaranch-salisachs-visits-the-olympic-and-sports-museum\/","url":"https:\/\/www.museuolimpicbcn.cat\/en\/juan-antonio-samaranch-salisachs-visits-the-olympic-and-sports-museum\/","name":"Juan Antonio Samaranch Salisachs visits the Olympic and Sports Museum - Museu Ol\u00edmpic i de l&#039;Esport","isPartOf":{"@id":"https:\/\/www.museuolimpicbcn.cat\/ca\/#website"},"primaryImageOfPage":{"@id":"https:\/\/www.museuolimpicbcn.cat\/en\/juan-antonio-samaranch-salisachs-visits-the-olympic-and-sports-museum\/#primaryimage"},"image":{"@id":"https:\/\/www.museuolimpicbcn.cat\/en\/juan-antonio-samaranch-salisachs-visits-the-olympic-and-sports-museum\/#primaryimage"},"thumbnailUrl":"https:\/\/www.museuolimpicbcn.cat\/wp-content\/uploads\/sites\/2\/2021\/07\/SAMARANCH-Jr-MuseuOlimpicBCN_9-scaled.jpg","datePublished":"2021-07-08T12:18:03+00:00","dateModified":"2021-07-08T12:18:03+00:00","breadcrumb":{"@id":"https:\/\/www.museuolimpicbcn.cat\/en\/juan-antonio-samaranch-salisachs-visits-the-olympic-and-sports-museum\/#breadcrumb"},"inLanguage":"en-US","potentialAction":[{"@type":"ReadAction","target":["https:\/\/www.museuolimpicbcn.cat\/en\/juan-antonio-samaranch-salisachs-visits-the-olympic-and-sports-museum\/"]}]},{"@type":"ImageObject","inLanguage":"en-US","@id":"https:\/\/www.museuolimpicbcn.cat\/en\/juan-antonio-samaranch-salisachs-visits-the-olympic-and-sports-museum\/#primaryimage","url":"https:\/\/www.museuolimpicbcn.cat\/wp-content\/uploads\/sites\/2\/2021\/07\/SAMARANCH-Jr-MuseuOlimpicBCN_9-scaled.jpg","contentUrl":"https:\/\/www.museuolimpicbcn.cat\/wp-content\/uploads\/sites\/2\/2021\/07\/SAMARANCH-Jr-MuseuOlimpicBCN_9-scaled.jpg","width":2560,"height":1842},{"@type":"BreadcrumbList","@id":"https:\/\/www.museuolimpicbcn.cat\/en\/juan-antonio-samaranch-salisachs-visits-the-olympic-and-sports-museum\/#breadcrumb","itemListElement":[{"@type":"ListItem","position":1,"name":"Home","item":"https:\/\/www.museuolimpicbcn.cat\/es\/"},{"@type":"ListItem","position":2,"name":"Juan Antonio Samaranch Salisachs visits the Olympic and Sports Museum"}]},{"@type":"WebSite","@id":"https:\/\/www.museuolimpicbcn.cat\/ca\/#website","url":"https:\/\/www.museuolimpicbcn.cat\/ca\/","name":"Museu Ol\u00edmpic i de l&#039;Esport","description":"Altre lloc Web del Museu Ol\u00edmpic i de l&#039;Esport llocs","publisher":{"@id":"https:\/\/www.museuolimpicbcn.cat\/ca\/#organization"},"potentialAction":[{"@type":"SearchAction","target":{"@type":"EntryPoint","urlTemplate":"https:\/\/www.museuolimpicbcn.cat\/ca\/?s={search_term_string}"},"query-input":{"@type":"PropertyValueSpecification","valueRequired":true,"valueName":"search_term_string"}}],"inLanguage":"en-US"},{"@type":"Organization","@id":"https:\/\/www.museuolimpicbcn.cat\/ca\/#organization","name":"Museu Ol\u00edmpic i de l&#039;Esport","url":"https:\/\/www.museuolimpicbcn.cat\/ca\/","logo":{"@type":"ImageObject","inLanguage":"en-US","@id":"https:\/\/www.museuolimpicbcn.cat\/ca\/#\/schema\/logo\/image\/","url":"https:\/\/www.museuolimpicbcn.cat\/wp-content\/uploads\/sites\/2\/2018\/12\/logo-moe-header.svg","contentUrl":"https:\/\/www.museuolimpicbcn.cat\/wp-content\/uploads\/sites\/2\/2018\/12\/logo-moe-header.svg","caption":"Museu Ol\u00edmpic i de l&#039;Esport"},"image":{"@id":"https:\/\/www.museuolimpicbcn.cat\/ca\/#\/schema\/logo\/image\/"}},{"@type":"Person","@id":"https:\/\/www.museuolimpicbcn.cat\/ca\/#\/schema\/person\/b792834a53f193977df425a499287aa9","name":"Ibone","url":"https:\/\/www.museuolimpicbcn.cat\/en\/author\/fbolimpica\/"}]}},"_links":{"self":[{"href":"https:\/\/www.museuolimpicbcn.cat\/en\/wp-json\/wp\/v2\/posts\/29358"}],"collection":[{"href":"https:\/\/www.museuolimpicbcn.cat\/en\/wp-json\/wp\/v2\/posts"}],"about":[{"href":"https:\/\/www.museuolimpicbcn.cat\/en\/wp-json\/wp\/v2\/types\/post"}],"author":[{"embeddable":true,"href":"https:\/\/www.museuolimpicbcn.cat\/en\/wp-json\/wp\/v2\/users\/11"}],"replies":[{"embeddable":true,"href":"https:\/\/www.museuolimpicbcn.cat\/en\/wp-json\/wp\/v2\/comments?post=29358"}],"version-history":[{"count":0,"href":"https:\/\/www.museuolimpicbcn.cat\/en\/wp-json\/wp\/v2\/posts\/29358\/revisions"}],"wp:featuredmedia":[{"embeddable":true,"href":"https:\/\/www.museuolimpicbcn.cat\/en\/wp-json\/wp\/v2\/media\/29351"}],"wp:attachment":[{"href":"https:\/\/www.museuolimpicbcn.cat\/en\/wp-json\/wp\/v2\/media?parent=29358"}],"wp:term":[{"taxonomy":"category","embeddable":true,"href":"https:\/\/www.museuolimpicbcn.cat\/en\/wp-json\/wp\/v2\/categories?post=29358"},{"taxonomy":"post_tag","embeddable":true,"href":"https:\/\/www.museuolimpicbcn.cat\/en\/wp-json\/wp\/v2\/tags?post=29358"}],"curies":[{"name":"wp","href":"https:\/\/api.w.org\/{rel}","templated":true}]}}