{"id":37654,"date":"2023-07-06T12:34:18","date_gmt":"2023-07-06T10:34:18","guid":{"rendered":"https:\/\/www.museuolimpicbcn.cat\/?p=37654"},"modified":"2023-07-06T12:34:18","modified_gmt":"2023-07-06T10:34:18","slug":"presentation-and-draw-of-the-catalan-football-history-tournament-2023","status":"publish","type":"post","link":"https:\/\/www.museuolimpicbcn.cat\/en\/presentation-and-draw-of-the-catalan-football-history-tournament-2023\/","title":{"rendered":"Presentation and draw of the Catalan Football History Tournament 2023"},"content":{"rendered":"<p>Francesc Terr\u00f3n, director of the Barcelona Ol\u00edmpica Foundation and Joan Soteras, president of the Catalan Football Federation, have welcomed, in the Olympic Museum, the presentation and drawings of the Catalan Football History Tournament 2023, which includes the 37th male edition and the 8th female edition.<\/p>\n","protected":false},"excerpt":{"rendered":"<p>Francesc Terr\u00f3n, director of the Barcelona Ol\u00edmpica Foundation and Joan Soteras, president of the Catalan Football Federation, have welcomed, in the Olympic Museum, the presentation and drawings of the Catalan Football History Tournament 2023, which includes the 37th male edition and the 8th female edition.<\/p>\n","protected":false},"author":11,"featured_media":37686,"comment_status":"closed","ping_status":"closed","sticky":false,"template":"","format":"standard","meta":{"_acf_changed":false,"_price":"","_stock":"","_tribe_ticket_header":"","_tribe_default_ticket_provider":"","_tribe_ticket_capacity":"0","_ticket_start_date":"","_ticket_end_date":"","_tribe_ticket_show_description":"","_tribe_ticket_show_not_going":false,"_tribe_ticket_use_global_stock":"","_tribe_ticket_global_stock_level":"","_global_stock_mode":"","_global_stock_cap":"","_tribe_rsvp_for_event":"","_tribe_ticket_going_count":"","_tribe_ticket_not_going_count":"","_tribe_tickets_list":"[]","_tribe_ticket_has_attendee_info_fields":false,"footnotes":""},"categories":[2],"tags":[],"class_list":["post-37654","post","type-post","status-publish","format-standard","has-post-thumbnail","hentry","category-uncategorized"],"acf":[],"yoast_head":"<!-- This site is optimized with the Yoast SEO plugin v23.7 - https:\/\/yoast.com\/wordpress\/plugins\/seo\/ -->\n<title>Presentation and draw of the Catalan Football History Tournament 2023 - Museu Ol\u00edmpic i de l&#039;Esport<\/title>\n<meta name=\"robots\" content=\"index, follow, max-snippet:-1, max-image-preview:large, max-video-preview:-1\" \/>\n<link rel=\"canonical\" href=\"https:\/\/www.museuolimpicbcn.cat\/en\/presentation-and-draw-of-the-catalan-football-history-tournament-2023\/\" \/>\n<meta property=\"og:locale\" content=\"en_US\" \/>\n<meta property=\"og:type\" content=\"article\" \/>\n<meta property=\"og:title\" content=\"Presentation and draw of the Catalan Football History Tournament 2023 - Museu Ol\u00edmpic i de l&#039;Esport\" \/>\n<meta property=\"og:description\" content=\"Francesc Terr\u00f3n, director of the Barcelona Ol\u00edmpica Foundation and Joan Soteras, president of the Catalan Football Federation, have welcomed, in the Olympic Museum, the presentation and drawings of the Catalan Football History Tournament 2023, which includes the 37th male edition and the 8th female edition.\" \/>\n<meta property=\"og:url\" content=\"https:\/\/www.museuolimpicbcn.cat\/en\/presentation-and-draw-of-the-catalan-football-history-tournament-2023\/\" \/>\n<meta property=\"og:site_name\" content=\"Museu Ol\u00edmpic i de l&#039;Esport\" \/>\n<meta property=\"article:published_time\" content=\"2023-07-06T10:34:18+00:00\" \/>\n<meta property=\"og:image\" content=\"https:\/\/www.museuolimpicbcn.cat\/wp-content\/uploads\/sites\/2\/2023\/07\/C42A7050-scaled.jpg\" \/>\n\t<meta property=\"og:image:width\" content=\"2560\" \/>\n\t<meta property=\"og:image:height\" content=\"1707\" \/>\n\t<meta property=\"og:image:type\" content=\"image\/jpeg\" \/>\n<meta name=\"author\" content=\"Ibone\" \/>\n<meta name=\"twitter:card\" content=\"summary_large_image\" \/>\n<meta name=\"twitter:label1\" content=\"Written by\" \/>\n\t<meta name=\"twitter:data1\" content=\"Ibone\" \/>\n\t<meta name=\"twitter:label2\" content=\"Est. reading time\" \/>\n\t<meta name=\"twitter:data2\" content=\"1 minute\" \/>\n<script type=\"application\/ld+json\" class=\"yoast-schema-graph\">{\"@context\":\"https:\/\/schema.org\",\"@graph\":[{\"@type\":\"Article\",\"@id\":\"https:\/\/www.museuolimpicbcn.cat\/en\/presentation-and-draw-of-the-catalan-football-history-tournament-2023\/#article\",\"isPartOf\":{\"@id\":\"https:\/\/www.museuolimpicbcn.cat\/en\/presentation-and-draw-of-the-catalan-football-history-tournament-2023\/\"},\"author\":{\"name\":\"Ibone\",\"@id\":\"https:\/\/www.museuolimpicbcn.cat\/ca\/#\/schema\/person\/b792834a53f193977df425a499287aa9\"},\"headline\":\"Presentation and draw of the Catalan Football History Tournament 2023\",\"datePublished\":\"2023-07-06T10:34:18+00:00\",\"dateModified\":\"2023-07-06T10:34:18+00:00\",\"mainEntityOfPage\":{\"@id\":\"https:\/\/www.museuolimpicbcn.cat\/en\/presentation-and-draw-of-the-catalan-football-history-tournament-2023\/\"},\"wordCount\":55,\"publisher\":{\"@id\":\"https:\/\/www.museuolimpicbcn.cat\/ca\/#organization\"},\"image\":{\"@id\":\"https:\/\/www.museuolimpicbcn.cat\/en\/presentation-and-draw-of-the-catalan-football-history-tournament-2023\/#primaryimage\"},\"thumbnailUrl\":\"https:\/\/www.museuolimpicbcn.cat\/wp-content\/uploads\/sites\/2\/2023\/07\/C42A7050-scaled.jpg\",\"inLanguage\":\"en-US\"},{\"@type\":\"WebPage\",\"@id\":\"https:\/\/www.museuolimpicbcn.cat\/en\/presentation-and-draw-of-the-catalan-football-history-tournament-2023\/\",\"url\":\"https:\/\/www.museuolimpicbcn.cat\/en\/presentation-and-draw-of-the-catalan-football-history-tournament-2023\/\",\"name\":\"Presentation and draw of the Catalan Football History Tournament 2023 - Museu Ol\u00edmpic i de l&#039;Esport\",\"isPartOf\":{\"@id\":\"https:\/\/www.museuolimpicbcn.cat\/ca\/#website\"},\"primaryImageOfPage\":{\"@id\":\"https:\/\/www.museuolimpicbcn.cat\/en\/presentation-and-draw-of-the-catalan-football-history-tournament-2023\/#primaryimage\"},\"image\":{\"@id\":\"https:\/\/www.museuolimpicbcn.cat\/en\/presentation-and-draw-of-the-catalan-football-history-tournament-2023\/#primaryimage\"},\"thumbnailUrl\":\"https:\/\/www.museuolimpicbcn.cat\/wp-content\/uploads\/sites\/2\/2023\/07\/C42A7050-scaled.jpg\",\"datePublished\":\"2023-07-06T10:34:18+00:00\",\"dateModified\":\"2023-07-06T10:34:18+00:00\",\"breadcrumb\":{\"@id\":\"https:\/\/www.museuolimpicbcn.cat\/en\/presentation-and-draw-of-the-catalan-football-history-tournament-2023\/#breadcrumb\"},\"inLanguage\":\"en-US\",\"potentialAction\":[{\"@type\":\"ReadAction\",\"target\":[\"https:\/\/www.museuolimpicbcn.cat\/en\/presentation-and-draw-of-the-catalan-football-history-tournament-2023\/\"]}]},{\"@type\":\"ImageObject\",\"inLanguage\":\"en-US\",\"@id\":\"https:\/\/www.museuolimpicbcn.cat\/en\/presentation-and-draw-of-the-catalan-football-history-tournament-2023\/#primaryimage\",\"url\":\"https:\/\/www.museuolimpicbcn.cat\/wp-content\/uploads\/sites\/2\/2023\/07\/C42A7050-scaled.jpg\",\"contentUrl\":\"https:\/\/www.museuolimpicbcn.cat\/wp-content\/uploads\/sites\/2\/2023\/07\/C42A7050-scaled.jpg\",\"width\":2560,\"height\":1707},{\"@type\":\"BreadcrumbList\",\"@id\":\"https:\/\/www.museuolimpicbcn.cat\/en\/presentation-and-draw-of-the-catalan-football-history-tournament-2023\/#breadcrumb\",\"itemListElement\":[{\"@type\":\"ListItem\",\"position\":1,\"name\":\"Home\",\"item\":\"https:\/\/www.museuolimpicbcn.cat\/es\/\"},{\"@type\":\"ListItem\",\"position\":2,\"name\":\"Presentation and draw of the Catalan Football History Tournament 2023\"}]},{\"@type\":\"WebSite\",\"@id\":\"https:\/\/www.museuolimpicbcn.cat\/ca\/#website\",\"url\":\"https:\/\/www.museuolimpicbcn.cat\/ca\/\",\"name\":\"Museu Ol\u00edmpic i de l&#039;Esport\",\"description\":\"Altre lloc Web del Museu Ol\u00edmpic i de l&#039;Esport llocs\",\"publisher\":{\"@id\":\"https:\/\/www.museuolimpicbcn.cat\/ca\/#organization\"},\"potentialAction\":[{\"@type\":\"SearchAction\",\"target\":{\"@type\":\"EntryPoint\",\"urlTemplate\":\"https:\/\/www.museuolimpicbcn.cat\/ca\/?s={search_term_string}\"},\"query-input\":{\"@type\":\"PropertyValueSpecification\",\"valueRequired\":true,\"valueName\":\"search_term_string\"}}],\"inLanguage\":\"en-US\"},{\"@type\":\"Organization\",\"@id\":\"https:\/\/www.museuolimpicbcn.cat\/ca\/#organization\",\"name\":\"Museu Ol\u00edmpic i de l&#039;Esport\",\"url\":\"https:\/\/www.museuolimpicbcn.cat\/ca\/\",\"logo\":{\"@type\":\"ImageObject\",\"inLanguage\":\"en-US\",\"@id\":\"https:\/\/www.museuolimpicbcn.cat\/ca\/#\/schema\/logo\/image\/\",\"url\":\"https:\/\/www.museuolimpicbcn.cat\/wp-content\/uploads\/sites\/2\/2018\/12\/logo-moe-header.svg\",\"contentUrl\":\"https:\/\/www.museuolimpicbcn.cat\/wp-content\/uploads\/sites\/2\/2018\/12\/logo-moe-header.svg\",\"caption\":\"Museu Ol\u00edmpic i de l&#039;Esport\"},\"image\":{\"@id\":\"https:\/\/www.museuolimpicbcn.cat\/ca\/#\/schema\/logo\/image\/\"}},{\"@type\":\"Person\",\"@id\":\"https:\/\/www.museuolimpicbcn.cat\/ca\/#\/schema\/person\/b792834a53f193977df425a499287aa9\",\"name\":\"Ibone\",\"url\":\"https:\/\/www.museuolimpicbcn.cat\/en\/author\/fbolimpica\/\"}]}<\/script>\n<!-- \/ Yoast SEO plugin. -->","yoast_head_json":{"title":"Presentation and draw of the Catalan Football History Tournament 2023 - Museu Ol\u00edmpic i de l&#039;Esport","robots":{"index":"index","follow":"follow","max-snippet":"max-snippet:-1","max-image-preview":"max-image-preview:large","max-video-preview":"max-video-preview:-1"},"canonical":"https:\/\/www.museuolimpicbcn.cat\/en\/presentation-and-draw-of-the-catalan-football-history-tournament-2023\/","og_locale":"en_US","og_type":"article","og_title":"Presentation and draw of the Catalan Football History Tournament 2023 - Museu Ol\u00edmpic i de l&#039;Esport","og_description":"Francesc Terr\u00f3n, director of the Barcelona Ol\u00edmpica Foundation and Joan Soteras, president of the Catalan Football Federation, have welcomed, in the Olympic Museum, the presentation and drawings of the Catalan Football History Tournament 2023, which includes the 37th male edition and the 8th female edition.","og_url":"https:\/\/www.museuolimpicbcn.cat\/en\/presentation-and-draw-of-the-catalan-football-history-tournament-2023\/","og_site_name":"Museu Ol\u00edmpic i de l&#039;Esport","article_published_time":"2023-07-06T10:34:18+00:00","og_image":[{"width":2560,"height":1707,"url":"https:\/\/www.museuolimpicbcn.cat\/wp-content\/uploads\/sites\/2\/2023\/07\/C42A7050-scaled.jpg","type":"image\/jpeg"}],"author":"Ibone","twitter_card":"summary_large_image","twitter_misc":{"Written by":"Ibone","Est. reading time":"1 minute"},"schema":{"@context":"https:\/\/schema.org","@graph":[{"@type":"Article","@id":"https:\/\/www.museuolimpicbcn.cat\/en\/presentation-and-draw-of-the-catalan-football-history-tournament-2023\/#article","isPartOf":{"@id":"https:\/\/www.museuolimpicbcn.cat\/en\/presentation-and-draw-of-the-catalan-football-history-tournament-2023\/"},"author":{"name":"Ibone","@id":"https:\/\/www.museuolimpicbcn.cat\/ca\/#\/schema\/person\/b792834a53f193977df425a499287aa9"},"headline":"Presentation and draw of the Catalan Football History Tournament 2023","datePublished":"2023-07-06T10:34:18+00:00","dateModified":"2023-07-06T10:34:18+00:00","mainEntityOfPage":{"@id":"https:\/\/www.museuolimpicbcn.cat\/en\/presentation-and-draw-of-the-catalan-football-history-tournament-2023\/"},"wordCount":55,"publisher":{"@id":"https:\/\/www.museuolimpicbcn.cat\/ca\/#organization"},"image":{"@id":"https:\/\/www.museuolimpicbcn.cat\/en\/presentation-and-draw-of-the-catalan-football-history-tournament-2023\/#primaryimage"},"thumbnailUrl":"https:\/\/www.museuolimpicbcn.cat\/wp-content\/uploads\/sites\/2\/2023\/07\/C42A7050-scaled.jpg","inLanguage":"en-US"},{"@type":"WebPage","@id":"https:\/\/www.museuolimpicbcn.cat\/en\/presentation-and-draw-of-the-catalan-football-history-tournament-2023\/","url":"https:\/\/www.museuolimpicbcn.cat\/en\/presentation-and-draw-of-the-catalan-football-history-tournament-2023\/","name":"Presentation and draw of the Catalan Football History Tournament 2023 - Museu Ol\u00edmpic i de l&#039;Esport","isPartOf":{"@id":"https:\/\/www.museuolimpicbcn.cat\/ca\/#website"},"primaryImageOfPage":{"@id":"https:\/\/www.museuolimpicbcn.cat\/en\/presentation-and-draw-of-the-catalan-football-history-tournament-2023\/#primaryimage"},"image":{"@id":"https:\/\/www.museuolimpicbcn.cat\/en\/presentation-and-draw-of-the-catalan-football-history-tournament-2023\/#primaryimage"},"thumbnailUrl":"https:\/\/www.museuolimpicbcn.cat\/wp-content\/uploads\/sites\/2\/2023\/07\/C42A7050-scaled.jpg","datePublished":"2023-07-06T10:34:18+00:00","dateModified":"2023-07-06T10:34:18+00:00","breadcrumb":{"@id":"https:\/\/www.museuolimpicbcn.cat\/en\/presentation-and-draw-of-the-catalan-football-history-tournament-2023\/#breadcrumb"},"inLanguage":"en-US","potentialAction":[{"@type":"ReadAction","target":["https:\/\/www.museuolimpicbcn.cat\/en\/presentation-and-draw-of-the-catalan-football-history-tournament-2023\/"]}]},{"@type":"ImageObject","inLanguage":"en-US","@id":"https:\/\/www.museuolimpicbcn.cat\/en\/presentation-and-draw-of-the-catalan-football-history-tournament-2023\/#primaryimage","url":"https:\/\/www.museuolimpicbcn.cat\/wp-content\/uploads\/sites\/2\/2023\/07\/C42A7050-scaled.jpg","contentUrl":"https:\/\/www.museuolimpicbcn.cat\/wp-content\/uploads\/sites\/2\/2023\/07\/C42A7050-scaled.jpg","width":2560,"height":1707},{"@type":"BreadcrumbList","@id":"https:\/\/www.museuolimpicbcn.cat\/en\/presentation-and-draw-of-the-catalan-football-history-tournament-2023\/#breadcrumb","itemListElement":[{"@type":"ListItem","position":1,"name":"Home","item":"https:\/\/www.museuolimpicbcn.cat\/es\/"},{"@type":"ListItem","position":2,"name":"Presentation and draw of the Catalan Football History Tournament 2023"}]},{"@type":"WebSite","@id":"https:\/\/www.museuolimpicbcn.cat\/ca\/#website","url":"https:\/\/www.museuolimpicbcn.cat\/ca\/","name":"Museu Ol\u00edmpic i de l&#039;Esport","description":"Altre lloc Web del Museu Ol\u00edmpic i de l&#039;Esport llocs","publisher":{"@id":"https:\/\/www.museuolimpicbcn.cat\/ca\/#organization"},"potentialAction":[{"@type":"SearchAction","target":{"@type":"EntryPoint","urlTemplate":"https:\/\/www.museuolimpicbcn.cat\/ca\/?s={search_term_string}"},"query-input":{"@type":"PropertyValueSpecification","valueRequired":true,"valueName":"search_term_string"}}],"inLanguage":"en-US"},{"@type":"Organization","@id":"https:\/\/www.museuolimpicbcn.cat\/ca\/#organization","name":"Museu Ol\u00edmpic i de l&#039;Esport","url":"https:\/\/www.museuolimpicbcn.cat\/ca\/","logo":{"@type":"ImageObject","inLanguage":"en-US","@id":"https:\/\/www.museuolimpicbcn.cat\/ca\/#\/schema\/logo\/image\/","url":"https:\/\/www.museuolimpicbcn.cat\/wp-content\/uploads\/sites\/2\/2018\/12\/logo-moe-header.svg","contentUrl":"https:\/\/www.museuolimpicbcn.cat\/wp-content\/uploads\/sites\/2\/2018\/12\/logo-moe-header.svg","caption":"Museu Ol\u00edmpic i de l&#039;Esport"},"image":{"@id":"https:\/\/www.museuolimpicbcn.cat\/ca\/#\/schema\/logo\/image\/"}},{"@type":"Person","@id":"https:\/\/www.museuolimpicbcn.cat\/ca\/#\/schema\/person\/b792834a53f193977df425a499287aa9","name":"Ibone","url":"https:\/\/www.museuolimpicbcn.cat\/en\/author\/fbolimpica\/"}]}},"_links":{"self":[{"href":"https:\/\/www.museuolimpicbcn.cat\/en\/wp-json\/wp\/v2\/posts\/37654"}],"collection":[{"href":"https:\/\/www.museuolimpicbcn.cat\/en\/wp-json\/wp\/v2\/posts"}],"about":[{"href":"https:\/\/www.museuolimpicbcn.cat\/en\/wp-json\/wp\/v2\/types\/post"}],"author":[{"embeddable":true,"href":"https:\/\/www.museuolimpicbcn.cat\/en\/wp-json\/wp\/v2\/users\/11"}],"replies":[{"embeddable":true,"href":"https:\/\/www.museuolimpicbcn.cat\/en\/wp-json\/wp\/v2\/comments?post=37654"}],"version-history":[{"count":1,"href":"https:\/\/www.museuolimpicbcn.cat\/en\/wp-json\/wp\/v2\/posts\/37654\/revisions"}],"predecessor-version":[{"id":37689,"href":"https:\/\/www.museuolimpicbcn.cat\/en\/wp-json\/wp\/v2\/posts\/37654\/revisions\/37689"}],"wp:featuredmedia":[{"embeddable":true,"href":"https:\/\/www.museuolimpicbcn.cat\/en\/wp-json\/wp\/v2\/media\/37686"}],"wp:attachment":[{"href":"https:\/\/www.museuolimpicbcn.cat\/en\/wp-json\/wp\/v2\/media?parent=37654"}],"wp:term":[{"taxonomy":"category","embeddable":true,"href":"https:\/\/www.museuolimpicbcn.cat\/en\/wp-json\/wp\/v2\/categories?post=37654"},{"taxonomy":"post_tag","embeddable":true,"href":"https:\/\/www.museuolimpicbcn.cat\/en\/wp-json\/wp\/v2\/tags?post=37654"}],"curies":[{"name":"wp","href":"https:\/\/api.w.org\/{rel}","templated":true}]}}