{"id":5941,"date":"2010-09-02T00:00:00","date_gmt":"2010-09-01T22:00:00","guid":{"rendered":"http:\/\/dev.museuolimpicbcn.cat\/exhibition-lesport-es-il%c2%b7lusio\/"},"modified":"2010-09-02T00:00:00","modified_gmt":"2010-09-01T22:00:00","slug":"exhibition-lesport-es-il%c2%b7lusio","status":"publish","type":"post","link":"https:\/\/www.museuolimpicbcn.cat\/en\/exhibition-lesport-es-il%c2%b7lusio\/","title":{"rendered":"Exhibition: L&#8217;Esport es il\u00b7lusi\u00f3"},"content":{"rendered":"<p><strong>Gabriela Mihailescu<\/strong><\/p>\n<p><em>Every since I was a little girl, I loved to watch the young gymnasts who trained in the city where I was born. My memories of some of them like Nadia Comaneci brought me to love sports. Although I did not practise seriously, tennis was my motivation. The values provided by sports and habitual practise &#8211; attitudes of overcoming and sacrifice, recognition for victory and defeat as learning opportunity as well as the excitement of triumph are all part of the most enriching sensations I have experienced. Trying to reflect these inner feelings with a camera is difficult, but it is possible if you are able to capture the effort, happiness, emotions, beauty and art of the movements and even the surrounding anecdotes. I have been combining my professional work with this sports photography hobby for many years. My training, just like that of some of the masters of this art who I admire and from whom I continuously learn, is self-didactic.<\/em><\/p>\n<p><strong>Maribel Mart&iacute;nez de Murgu&iacute;a<\/strong><\/p>\n<p>As a hockey player, she competed 119 times internationally, achieved 3 silver medals and 3 bronze medals at European Cups, was <strong>Olympic Champion<\/strong> having won the gold medal at the Barcelona Olympic Games (1992), and was granted the Olympic Order by the Spanish Olympic Committee. As a coach, she participated with the National Women&rsquo;s Field Hockey Team at the 2000 Sidney Olympic Games which attained a worthy 4th place. She is currently a partner, athlete, manager and coach with <strong>makeateam<\/strong>. She directs the R+D+i department, is a regular on the conference circuit and a trainer and also actively participates in customer management. She also works as an organisational, personal and sports coach.<\/p>\n<p>&nbsp;<\/p>\n","protected":false},"excerpt":{"rendered":"<p>From 2 September to 31 October, the exhibition room at the Joan Antoni Samaranch Museu Ol\u00edmpic i de l&#8217;Esport (Olympics and Sports Museum) will host Gabriela Mihailescu\u2019s photography exhibit &#8216;L&#8217;Esport es il\u00b7lusi\u00f3&#8217;. The inaugural ceremony will feature the presence of Maribel Mart\u00ednez de Murgu\u00eda, Barcelona &#8217;92 Olympic champion with the field hockey team, who will offer a conference at the end of the exhibition.<\/p>\n","protected":false},"author":1,"featured_media":0,"comment_status":"open","ping_status":"open","sticky":false,"template":"","format":"standard","meta":{"_acf_changed":false,"_price":"","_stock":"","_tribe_ticket_header":"","_tribe_default_ticket_provider":"","_tribe_ticket_capacity":"0","_ticket_start_date":"","_ticket_end_date":"","_tribe_ticket_show_description":"","_tribe_ticket_show_not_going":false,"_tribe_ticket_use_global_stock":"","_tribe_ticket_global_stock_level":"","_global_stock_mode":"","_global_stock_cap":"","_tribe_rsvp_for_event":"","_tribe_ticket_going_count":"","_tribe_ticket_not_going_count":"","_tribe_tickets_list":"[]","_tribe_ticket_has_attendee_info_fields":false,"footnotes":""},"categories":[2],"tags":[],"class_list":["post-5941","post","type-post","status-publish","format-standard","hentry","category-uncategorized"],"acf":[],"yoast_head":"<!-- This site is optimized with the Yoast SEO plugin v23.7 - https:\/\/yoast.com\/wordpress\/plugins\/seo\/ -->\n<title>Exhibition: L&#039;Esport es il\u00b7lusi\u00f3 - Museu Ol\u00edmpic i de l&#039;Esport<\/title>\n<meta name=\"robots\" content=\"index, follow, max-snippet:-1, max-image-preview:large, max-video-preview:-1\" \/>\n<link rel=\"canonical\" href=\"https:\/\/www.museuolimpicbcn.cat\/en\/exhibition-lesport-es-il\u00b7lusio\/\" \/>\n<meta property=\"og:locale\" content=\"en_US\" \/>\n<meta property=\"og:type\" content=\"article\" \/>\n<meta property=\"og:title\" content=\"Exhibition: L&#039;Esport es il\u00b7lusi\u00f3 - Museu Ol\u00edmpic i de l&#039;Esport\" \/>\n<meta property=\"og:description\" content=\"From 2 September to 31 October, the exhibition room at the Joan Antoni Samaranch Museu Ol\u00edmpic i de l&#039;Esport (Olympics and Sports Museum) will host Gabriela Mihailescu\u2019s photography exhibit &#039;L&#039;Esport es il\u00b7lusi\u00f3&#039;. The inaugural ceremony will feature the presence of Maribel Mart\u00ednez de Murgu\u00eda, Barcelona &#039;92 Olympic champion with the field hockey team, who will offer a conference at the end of the exhibition.\" \/>\n<meta property=\"og:url\" content=\"https:\/\/www.museuolimpicbcn.cat\/en\/exhibition-lesport-es-il\u00b7lusio\/\" \/>\n<meta property=\"og:site_name\" content=\"Museu Ol\u00edmpic i de l&#039;Esport\" \/>\n<meta property=\"article:published_time\" content=\"2010-09-01T22:00:00+00:00\" \/>\n<meta name=\"author\" content=\"useradmin\" \/>\n<meta name=\"twitter:card\" content=\"summary_large_image\" \/>\n<meta name=\"twitter:label1\" content=\"Written by\" \/>\n\t<meta name=\"twitter:data1\" content=\"useradmin\" \/>\n\t<meta name=\"twitter:label2\" content=\"Est. reading time\" \/>\n\t<meta name=\"twitter:data2\" content=\"1 minute\" \/>\n<script type=\"application\/ld+json\" class=\"yoast-schema-graph\">{\"@context\":\"https:\/\/schema.org\",\"@graph\":[{\"@type\":\"Article\",\"@id\":\"https:\/\/www.museuolimpicbcn.cat\/en\/exhibition-lesport-es-il%c2%b7lusio\/#article\",\"isPartOf\":{\"@id\":\"https:\/\/www.museuolimpicbcn.cat\/en\/exhibition-lesport-es-il%c2%b7lusio\/\"},\"author\":{\"name\":\"useradmin\",\"@id\":\"https:\/\/www.museuolimpicbcn.cat\/ca\/#\/schema\/person\/d05705664e87aa04c6ce53d48133fb39\"},\"headline\":\"Exhibition: L&#8217;Esport es il\u00b7lusi\u00f3\",\"datePublished\":\"2010-09-01T22:00:00+00:00\",\"dateModified\":\"2010-09-01T22:00:00+00:00\",\"mainEntityOfPage\":{\"@id\":\"https:\/\/www.museuolimpicbcn.cat\/en\/exhibition-lesport-es-il%c2%b7lusio\/\"},\"wordCount\":289,\"commentCount\":0,\"publisher\":{\"@id\":\"https:\/\/www.museuolimpicbcn.cat\/ca\/#organization\"},\"inLanguage\":\"en-US\",\"potentialAction\":[{\"@type\":\"CommentAction\",\"name\":\"Comment\",\"target\":[\"https:\/\/www.museuolimpicbcn.cat\/en\/exhibition-lesport-es-il%c2%b7lusio\/#respond\"]}]},{\"@type\":\"WebPage\",\"@id\":\"https:\/\/www.museuolimpicbcn.cat\/en\/exhibition-lesport-es-il%c2%b7lusio\/\",\"url\":\"https:\/\/www.museuolimpicbcn.cat\/en\/exhibition-lesport-es-il%c2%b7lusio\/\",\"name\":\"Exhibition: L'Esport es il\u00b7lusi\u00f3 - Museu Ol\u00edmpic i de l&#039;Esport\",\"isPartOf\":{\"@id\":\"https:\/\/www.museuolimpicbcn.cat\/ca\/#website\"},\"datePublished\":\"2010-09-01T22:00:00+00:00\",\"dateModified\":\"2010-09-01T22:00:00+00:00\",\"breadcrumb\":{\"@id\":\"https:\/\/www.museuolimpicbcn.cat\/en\/exhibition-lesport-es-il%c2%b7lusio\/#breadcrumb\"},\"inLanguage\":\"en-US\",\"potentialAction\":[{\"@type\":\"ReadAction\",\"target\":[\"https:\/\/www.museuolimpicbcn.cat\/en\/exhibition-lesport-es-il%c2%b7lusio\/\"]}]},{\"@type\":\"BreadcrumbList\",\"@id\":\"https:\/\/www.museuolimpicbcn.cat\/en\/exhibition-lesport-es-il%c2%b7lusio\/#breadcrumb\",\"itemListElement\":[{\"@type\":\"ListItem\",\"position\":1,\"name\":\"Home\",\"item\":\"https:\/\/www.museuolimpicbcn.cat\/es\/\"},{\"@type\":\"ListItem\",\"position\":2,\"name\":\"Exhibition: L&#8217;Esport es il\u00b7lusi\u00f3\"}]},{\"@type\":\"WebSite\",\"@id\":\"https:\/\/www.museuolimpicbcn.cat\/ca\/#website\",\"url\":\"https:\/\/www.museuolimpicbcn.cat\/ca\/\",\"name\":\"Museu Ol\u00edmpic i de l&#039;Esport\",\"description\":\"Altre lloc Web del Museu Ol\u00edmpic i de l&#039;Esport llocs\",\"publisher\":{\"@id\":\"https:\/\/www.museuolimpicbcn.cat\/ca\/#organization\"},\"potentialAction\":[{\"@type\":\"SearchAction\",\"target\":{\"@type\":\"EntryPoint\",\"urlTemplate\":\"https:\/\/www.museuolimpicbcn.cat\/ca\/?s={search_term_string}\"},\"query-input\":{\"@type\":\"PropertyValueSpecification\",\"valueRequired\":true,\"valueName\":\"search_term_string\"}}],\"inLanguage\":\"en-US\"},{\"@type\":\"Organization\",\"@id\":\"https:\/\/www.museuolimpicbcn.cat\/ca\/#organization\",\"name\":\"Museu Ol\u00edmpic i de l&#039;Esport\",\"url\":\"https:\/\/www.museuolimpicbcn.cat\/ca\/\",\"logo\":{\"@type\":\"ImageObject\",\"inLanguage\":\"en-US\",\"@id\":\"https:\/\/www.museuolimpicbcn.cat\/ca\/#\/schema\/logo\/image\/\",\"url\":\"https:\/\/www.museuolimpicbcn.cat\/wp-content\/uploads\/sites\/2\/2018\/12\/logo-moe-header.svg\",\"contentUrl\":\"https:\/\/www.museuolimpicbcn.cat\/wp-content\/uploads\/sites\/2\/2018\/12\/logo-moe-header.svg\",\"caption\":\"Museu Ol\u00edmpic i de l&#039;Esport\"},\"image\":{\"@id\":\"https:\/\/www.museuolimpicbcn.cat\/ca\/#\/schema\/logo\/image\/\"}},{\"@type\":\"Person\",\"@id\":\"https:\/\/www.museuolimpicbcn.cat\/ca\/#\/schema\/person\/d05705664e87aa04c6ce53d48133fb39\",\"name\":\"useradmin\",\"url\":\"https:\/\/www.museuolimpicbcn.cat\/en\/author\/useradmin\/\"}]}<\/script>\n<!-- \/ Yoast SEO plugin. -->","yoast_head_json":{"title":"Exhibition: L'Esport es il\u00b7lusi\u00f3 - Museu Ol\u00edmpic i de l&#039;Esport","robots":{"index":"index","follow":"follow","max-snippet":"max-snippet:-1","max-image-preview":"max-image-preview:large","max-video-preview":"max-video-preview:-1"},"canonical":"https:\/\/www.museuolimpicbcn.cat\/en\/exhibition-lesport-es-il\u00b7lusio\/","og_locale":"en_US","og_type":"article","og_title":"Exhibition: L'Esport es il\u00b7lusi\u00f3 - Museu Ol\u00edmpic i de l&#039;Esport","og_description":"From 2 September to 31 October, the exhibition room at the Joan Antoni Samaranch Museu Ol\u00edmpic i de l'Esport (Olympics and Sports Museum) will host Gabriela Mihailescu\u2019s photography exhibit 'L'Esport es il\u00b7lusi\u00f3'. The inaugural ceremony will feature the presence of Maribel Mart\u00ednez de Murgu\u00eda, Barcelona '92 Olympic champion with the field hockey team, who will offer a conference at the end of the exhibition.","og_url":"https:\/\/www.museuolimpicbcn.cat\/en\/exhibition-lesport-es-il\u00b7lusio\/","og_site_name":"Museu Ol\u00edmpic i de l&#039;Esport","article_published_time":"2010-09-01T22:00:00+00:00","author":"useradmin","twitter_card":"summary_large_image","twitter_misc":{"Written by":"useradmin","Est. reading time":"1 minute"},"schema":{"@context":"https:\/\/schema.org","@graph":[{"@type":"Article","@id":"https:\/\/www.museuolimpicbcn.cat\/en\/exhibition-lesport-es-il%c2%b7lusio\/#article","isPartOf":{"@id":"https:\/\/www.museuolimpicbcn.cat\/en\/exhibition-lesport-es-il%c2%b7lusio\/"},"author":{"name":"useradmin","@id":"https:\/\/www.museuolimpicbcn.cat\/ca\/#\/schema\/person\/d05705664e87aa04c6ce53d48133fb39"},"headline":"Exhibition: L&#8217;Esport es il\u00b7lusi\u00f3","datePublished":"2010-09-01T22:00:00+00:00","dateModified":"2010-09-01T22:00:00+00:00","mainEntityOfPage":{"@id":"https:\/\/www.museuolimpicbcn.cat\/en\/exhibition-lesport-es-il%c2%b7lusio\/"},"wordCount":289,"commentCount":0,"publisher":{"@id":"https:\/\/www.museuolimpicbcn.cat\/ca\/#organization"},"inLanguage":"en-US","potentialAction":[{"@type":"CommentAction","name":"Comment","target":["https:\/\/www.museuolimpicbcn.cat\/en\/exhibition-lesport-es-il%c2%b7lusio\/#respond"]}]},{"@type":"WebPage","@id":"https:\/\/www.museuolimpicbcn.cat\/en\/exhibition-lesport-es-il%c2%b7lusio\/","url":"https:\/\/www.museuolimpicbcn.cat\/en\/exhibition-lesport-es-il%c2%b7lusio\/","name":"Exhibition: L'Esport es il\u00b7lusi\u00f3 - Museu Ol\u00edmpic i de l&#039;Esport","isPartOf":{"@id":"https:\/\/www.museuolimpicbcn.cat\/ca\/#website"},"datePublished":"2010-09-01T22:00:00+00:00","dateModified":"2010-09-01T22:00:00+00:00","breadcrumb":{"@id":"https:\/\/www.museuolimpicbcn.cat\/en\/exhibition-lesport-es-il%c2%b7lusio\/#breadcrumb"},"inLanguage":"en-US","potentialAction":[{"@type":"ReadAction","target":["https:\/\/www.museuolimpicbcn.cat\/en\/exhibition-lesport-es-il%c2%b7lusio\/"]}]},{"@type":"BreadcrumbList","@id":"https:\/\/www.museuolimpicbcn.cat\/en\/exhibition-lesport-es-il%c2%b7lusio\/#breadcrumb","itemListElement":[{"@type":"ListItem","position":1,"name":"Home","item":"https:\/\/www.museuolimpicbcn.cat\/es\/"},{"@type":"ListItem","position":2,"name":"Exhibition: L&#8217;Esport es il\u00b7lusi\u00f3"}]},{"@type":"WebSite","@id":"https:\/\/www.museuolimpicbcn.cat\/ca\/#website","url":"https:\/\/www.museuolimpicbcn.cat\/ca\/","name":"Museu Ol\u00edmpic i de l&#039;Esport","description":"Altre lloc Web del Museu Ol\u00edmpic i de l&#039;Esport llocs","publisher":{"@id":"https:\/\/www.museuolimpicbcn.cat\/ca\/#organization"},"potentialAction":[{"@type":"SearchAction","target":{"@type":"EntryPoint","urlTemplate":"https:\/\/www.museuolimpicbcn.cat\/ca\/?s={search_term_string}"},"query-input":{"@type":"PropertyValueSpecification","valueRequired":true,"valueName":"search_term_string"}}],"inLanguage":"en-US"},{"@type":"Organization","@id":"https:\/\/www.museuolimpicbcn.cat\/ca\/#organization","name":"Museu Ol\u00edmpic i de l&#039;Esport","url":"https:\/\/www.museuolimpicbcn.cat\/ca\/","logo":{"@type":"ImageObject","inLanguage":"en-US","@id":"https:\/\/www.museuolimpicbcn.cat\/ca\/#\/schema\/logo\/image\/","url":"https:\/\/www.museuolimpicbcn.cat\/wp-content\/uploads\/sites\/2\/2018\/12\/logo-moe-header.svg","contentUrl":"https:\/\/www.museuolimpicbcn.cat\/wp-content\/uploads\/sites\/2\/2018\/12\/logo-moe-header.svg","caption":"Museu Ol\u00edmpic i de l&#039;Esport"},"image":{"@id":"https:\/\/www.museuolimpicbcn.cat\/ca\/#\/schema\/logo\/image\/"}},{"@type":"Person","@id":"https:\/\/www.museuolimpicbcn.cat\/ca\/#\/schema\/person\/d05705664e87aa04c6ce53d48133fb39","name":"useradmin","url":"https:\/\/www.museuolimpicbcn.cat\/en\/author\/useradmin\/"}]}},"_links":{"self":[{"href":"https:\/\/www.museuolimpicbcn.cat\/en\/wp-json\/wp\/v2\/posts\/5941"}],"collection":[{"href":"https:\/\/www.museuolimpicbcn.cat\/en\/wp-json\/wp\/v2\/posts"}],"about":[{"href":"https:\/\/www.museuolimpicbcn.cat\/en\/wp-json\/wp\/v2\/types\/post"}],"author":[{"embeddable":true,"href":"https:\/\/www.museuolimpicbcn.cat\/en\/wp-json\/wp\/v2\/users\/1"}],"replies":[{"embeddable":true,"href":"https:\/\/www.museuolimpicbcn.cat\/en\/wp-json\/wp\/v2\/comments?post=5941"}],"version-history":[{"count":0,"href":"https:\/\/www.museuolimpicbcn.cat\/en\/wp-json\/wp\/v2\/posts\/5941\/revisions"}],"wp:attachment":[{"href":"https:\/\/www.museuolimpicbcn.cat\/en\/wp-json\/wp\/v2\/media?parent=5941"}],"wp:term":[{"taxonomy":"category","embeddable":true,"href":"https:\/\/www.museuolimpicbcn.cat\/en\/wp-json\/wp\/v2\/categories?post=5941"},{"taxonomy":"post_tag","embeddable":true,"href":"https:\/\/www.museuolimpicbcn.cat\/en\/wp-json\/wp\/v2\/tags?post=5941"}],"curies":[{"name":"wp","href":"https:\/\/api.w.org\/{rel}","templated":true}]}}