{"id":10342,"date":"2013-06-18T00:00:00","date_gmt":"2013-06-17T22:00:00","guid":{"rendered":"http:\/\/dev.museuolimpicbcn.cat\/hasta-el-1-de-septiembre-en-montjuic-la-muestra-los-banadores-de-los-exitos-de-la-sincro-espanola-la-exhibicion-incluye-los-principales-trajes-de-bano-utilizados-desde-2003-hasta-2012-incluyendo\/"},"modified":"2013-06-18T00:00:00","modified_gmt":"2013-06-17T22:00:00","slug":"hasta-el-1-de-septiembre-en-montjuic-la-muestra-los-banadores-de-los-exitos-de-la-sincro-espanola-la-exhibicion-incluye-los-principales-trajes-de-bano-utilizados-desde-2003-hasta-2012-incluyendo","status":"publish","type":"post","link":"https:\/\/www.museuolimpicbcn.cat\/es\/hasta-el-1-de-septiembre-en-montjuic-la-muestra-los-banadores-de-los-exitos-de-la-sincro-espanola-la-exhibicion-incluye-los-principales-trajes-de-bano-utilizados-desde-2003-hasta-2012-incluyendo\/","title":{"rendered":"Hasta el 1 de septiembre en Montju\u00efc, la muestra &#8216;Los ba\u00f1adores de los \u00e9xitos de la sincro espa\u00f1ola&#8217;. La exhibici\u00f3n incluye los principales trajes de ba\u00f1o utilizados desde 2003 hasta 2012, incluyendo todos los Juegos Ol\u00edmpicos y los FINA Campeonatos del Mundo"},"content":{"rendered":"<p>Mengual ha comentado durante el acto que a la hora de escoger el dise&ntilde;o del traje de ba&ntilde;o &#8220;se busca una m&uacute;sica y una tem&aacute;tica, y esto inspira la creaci&oacute;n del ba&ntilde;ador, se hacen diferentes versiones hasta que se encuentra aquella que se ajusta a la coreograf&iacute;a &#8220;. La legendaria nadadora espa&ntilde;ola, que ha prestado algunos de estos ba&ntilde;adores para la exhibici&oacute;n, est&aacute; convencida de que estas piezas &#8220;siempre nos han dado un rasgo diferencial&#8221;.<\/p>\n<p>Los trajes de ba&ntilde;o que fueron usados &#8203;&#8203;en los Juegos Ol&iacute;mpicos de Atenas (2004), Pek&iacute;n (2008) y Londres 2012, as&iacute; como en Barcelona 2003, Montreal, Melbourne, Roma y Shanghai, est&aacute;n expuestos en el museo, y sirven como promoci&oacute;n de los 15&ordm; FINA Campeonatos del Mundo de Nataci&oacute;n que comenzar&aacute;n el 19 de julio.<\/p>\n<p>Los ba&ntilde;adores de la muestra, con denominaciones como Miedo, Mar, Ra&uacute;l, &Aacute;frica, Dal&iacute; y Yesterday, han sido muy bien acogidos por los asistentes a la inauguraci&oacute;n, entre los que se encontraba un grupo de directivos de Barcelona 2013<\/p>\n<p>A un mes del comienzo de los 15&ordm; FINA Campeonatos del Mundo de Nataci&oacute;n, se ha celebrado la presentaci&oacute;n de los ba&ntilde;adores hist&oacute;ricos utilizados por las nadadoras espa&ntilde;olas en los &uacute;ltimos diez a&ntilde;os desde los primeros mundiales de nataci&oacute;n celebrados en Barcelona en 2003 hasta los Juegos Ol&iacute;mpicos de Londres 2012. La exposici&oacute;n ha quedado abierta hoy y se podr&aacute; visitar hasta el 1 de septiembre.<\/p>\n<p>&nbsp;<\/p>\n","protected":false},"excerpt":{"rendered":"<p>El acto ha sido presidido por Xavier Amador, del Ayuntamiento de Barcelona, Fernando Carpena, presidente de la Real Federaci&oacute;n Espa&ntilde;ola de Nataci&oacute;n y copresidente del Comit&eacute; Organizador de Barcelona 2013, Enric Bertr&aacute;n, presidente de la Federaci&oacute;n Catalana de Nataci&oacute;n, y Gemma Mengual, embajadora de Barcelona 2013.<\/p>\n<p>&nbsp;<\/p>\n","protected":false},"author":1,"featured_media":0,"comment_status":"open","ping_status":"open","sticky":false,"template":"","format":"standard","meta":{"_acf_changed":false,"_price":"","_stock":"","_tribe_ticket_header":"","_tribe_default_ticket_provider":"","_tribe_ticket_capacity":"0","_ticket_start_date":"","_ticket_end_date":"","_tribe_ticket_show_description":"","_tribe_ticket_show_not_going":false,"_tribe_ticket_use_global_stock":"","_tribe_ticket_global_stock_level":"","_global_stock_mode":"","_global_stock_cap":"","_tribe_rsvp_for_event":"","_tribe_ticket_going_count":"","_tribe_ticket_not_going_count":"","_tribe_tickets_list":"[]","_tribe_ticket_has_attendee_info_fields":false,"footnotes":""},"categories":[3],"tags":[],"class_list":["post-10342","post","type-post","status-publish","format-standard","hentry","category-sin-categorizar"],"acf":[],"yoast_head":"<!-- This site is optimized with the Yoast SEO plugin v23.7 - https:\/\/yoast.com\/wordpress\/plugins\/seo\/ -->\n<title>Hasta el 1 de septiembre en Montju\u00efc, la muestra &#039;Los ba\u00f1adores de los \u00e9xitos de la sincro espa\u00f1ola&#039;. La exhibici\u00f3n incluye los principales trajes de ba\u00f1o utilizados desde 2003 hasta 2012, incluyendo todos los Juegos Ol\u00edmpicos y los FINA Campeonatos del Mundo - Museu Ol\u00edmpic i de l&#039;Esport Joan Antoni Samaranch. Barcelona<\/title>\n<meta name=\"robots\" content=\"index, follow, max-snippet:-1, max-image-preview:large, max-video-preview:-1\" \/>\n<link rel=\"canonical\" href=\"https:\/\/www.museuolimpicbcn.cat\/es\/hasta-el-1-de-septiembre-en-montjuic-la-muestra-los-banadores-de-los-exitos-de-la-sincro-espanola-la-exhibicion-incluye-los-principales-trajes-de-bano-utilizados-desde-2003-hasta-2012-incluyendo\/\" \/>\n<meta property=\"og:locale\" content=\"es_ES\" \/>\n<meta property=\"og:type\" content=\"article\" \/>\n<meta property=\"og:title\" content=\"Hasta el 1 de septiembre en Montju\u00efc, la muestra &#039;Los ba\u00f1adores de los \u00e9xitos de la sincro espa\u00f1ola&#039;. La exhibici\u00f3n incluye los principales trajes de ba\u00f1o utilizados desde 2003 hasta 2012, incluyendo todos los Juegos Ol\u00edmpicos y los FINA Campeonatos del Mundo - Museu Ol\u00edmpic i de l&#039;Esport Joan Antoni Samaranch. Barcelona\" \/>\n<meta property=\"og:description\" content=\"El acto ha sido presidido por Xavier Amador, del Ayuntamiento de Barcelona, Fernando Carpena, presidente de la Real Federaci&oacute;n Espa&ntilde;ola de Nataci&oacute;n y copresidente del Comit&eacute; Organizador de Barcelona 2013, Enric Bertr&aacute;n, presidente de la Federaci&oacute;n Catalana de Nataci&oacute;n, y Gemma Mengual, embajadora de Barcelona 2013. &nbsp;\" \/>\n<meta property=\"og:url\" content=\"https:\/\/www.museuolimpicbcn.cat\/es\/hasta-el-1-de-septiembre-en-montjuic-la-muestra-los-banadores-de-los-exitos-de-la-sincro-espanola-la-exhibicion-incluye-los-principales-trajes-de-bano-utilizados-desde-2003-hasta-2012-incluyendo\/\" \/>\n<meta property=\"og:site_name\" content=\"Museu Ol\u00edmpic i de l&#039;Esport Joan Antoni Samaranch. Barcelona\" \/>\n<meta property=\"article:published_time\" content=\"2013-06-17T22:00:00+00:00\" \/>\n<meta name=\"author\" content=\"useradmin\" \/>\n<meta name=\"twitter:card\" content=\"summary_large_image\" \/>\n<meta name=\"twitter:label1\" content=\"Escrito por\" \/>\n\t<meta name=\"twitter:data1\" content=\"useradmin\" \/>\n\t<meta name=\"twitter:label2\" content=\"Tiempo de lectura\" \/>\n\t<meta name=\"twitter:data2\" content=\"1 minuto\" \/>\n<script type=\"application\/ld+json\" class=\"yoast-schema-graph\">{\"@context\":\"https:\/\/schema.org\",\"@graph\":[{\"@type\":\"Article\",\"@id\":\"https:\/\/www.museuolimpicbcn.cat\/es\/hasta-el-1-de-septiembre-en-montjuic-la-muestra-los-banadores-de-los-exitos-de-la-sincro-espanola-la-exhibicion-incluye-los-principales-trajes-de-bano-utilizados-desde-2003-hasta-2012-incluyendo\/#article\",\"isPartOf\":{\"@id\":\"https:\/\/www.museuolimpicbcn.cat\/es\/hasta-el-1-de-septiembre-en-montjuic-la-muestra-los-banadores-de-los-exitos-de-la-sincro-espanola-la-exhibicion-incluye-los-principales-trajes-de-bano-utilizados-desde-2003-hasta-2012-incluyendo\/\"},\"author\":{\"name\":\"useradmin\",\"@id\":\"https:\/\/www.museuolimpicbcn.cat\/ca\/#\/schema\/person\/d05705664e87aa04c6ce53d48133fb39\"},\"headline\":\"Hasta el 1 de septiembre en Montju\u00efc, la muestra &#8216;Los ba\u00f1adores de los \u00e9xitos de la sincro espa\u00f1ola&#8217;. La exhibici\u00f3n incluye los principales trajes de ba\u00f1o utilizados desde 2003 hasta 2012, incluyendo todos los Juegos Ol\u00edmpicos y los FINA Campeonatos del Mundo\",\"datePublished\":\"2013-06-17T22:00:00+00:00\",\"dateModified\":\"2013-06-17T22:00:00+00:00\",\"mainEntityOfPage\":{\"@id\":\"https:\/\/www.museuolimpicbcn.cat\/es\/hasta-el-1-de-septiembre-en-montjuic-la-muestra-los-banadores-de-los-exitos-de-la-sincro-espanola-la-exhibicion-incluye-los-principales-trajes-de-bano-utilizados-desde-2003-hasta-2012-incluyendo\/\"},\"wordCount\":332,\"commentCount\":3,\"publisher\":{\"@id\":\"https:\/\/www.museuolimpicbcn.cat\/ca\/#organization\"},\"articleSection\":[\"Sin categorizar\"],\"inLanguage\":\"es\",\"potentialAction\":[{\"@type\":\"CommentAction\",\"name\":\"Comment\",\"target\":[\"https:\/\/www.museuolimpicbcn.cat\/es\/hasta-el-1-de-septiembre-en-montjuic-la-muestra-los-banadores-de-los-exitos-de-la-sincro-espanola-la-exhibicion-incluye-los-principales-trajes-de-bano-utilizados-desde-2003-hasta-2012-incluyendo\/#respond\"]}]},{\"@type\":\"WebPage\",\"@id\":\"https:\/\/www.museuolimpicbcn.cat\/es\/hasta-el-1-de-septiembre-en-montjuic-la-muestra-los-banadores-de-los-exitos-de-la-sincro-espanola-la-exhibicion-incluye-los-principales-trajes-de-bano-utilizados-desde-2003-hasta-2012-incluyendo\/\",\"url\":\"https:\/\/www.museuolimpicbcn.cat\/es\/hasta-el-1-de-septiembre-en-montjuic-la-muestra-los-banadores-de-los-exitos-de-la-sincro-espanola-la-exhibicion-incluye-los-principales-trajes-de-bano-utilizados-desde-2003-hasta-2012-incluyendo\/\",\"name\":\"Hasta el 1 de septiembre en Montju\u00efc, la muestra 'Los ba\u00f1adores de los \u00e9xitos de la sincro espa\u00f1ola'. La exhibici\u00f3n incluye los principales trajes de ba\u00f1o utilizados desde 2003 hasta 2012, incluyendo todos los Juegos Ol\u00edmpicos y los FINA Campeonatos del Mundo - Museu Ol\u00edmpic i de l&#039;Esport Joan Antoni Samaranch. Barcelona\",\"isPartOf\":{\"@id\":\"https:\/\/www.museuolimpicbcn.cat\/ca\/#website\"},\"datePublished\":\"2013-06-17T22:00:00+00:00\",\"dateModified\":\"2013-06-17T22:00:00+00:00\",\"breadcrumb\":{\"@id\":\"https:\/\/www.museuolimpicbcn.cat\/es\/hasta-el-1-de-septiembre-en-montjuic-la-muestra-los-banadores-de-los-exitos-de-la-sincro-espanola-la-exhibicion-incluye-los-principales-trajes-de-bano-utilizados-desde-2003-hasta-2012-incluyendo\/#breadcrumb\"},\"inLanguage\":\"es\",\"potentialAction\":[{\"@type\":\"ReadAction\",\"target\":[\"https:\/\/www.museuolimpicbcn.cat\/es\/hasta-el-1-de-septiembre-en-montjuic-la-muestra-los-banadores-de-los-exitos-de-la-sincro-espanola-la-exhibicion-incluye-los-principales-trajes-de-bano-utilizados-desde-2003-hasta-2012-incluyendo\/\"]}]},{\"@type\":\"BreadcrumbList\",\"@id\":\"https:\/\/www.museuolimpicbcn.cat\/es\/hasta-el-1-de-septiembre-en-montjuic-la-muestra-los-banadores-de-los-exitos-de-la-sincro-espanola-la-exhibicion-incluye-los-principales-trajes-de-bano-utilizados-desde-2003-hasta-2012-incluyendo\/#breadcrumb\",\"itemListElement\":[{\"@type\":\"ListItem\",\"position\":1,\"name\":\"Inici\",\"item\":\"https:\/\/www.museuolimpicbcn.cat\/es\/\"},{\"@type\":\"ListItem\",\"position\":2,\"name\":\"Hasta el 1 de septiembre en Montju\u00efc, la muestra &#8216;Los ba\u00f1adores de los \u00e9xitos de la sincro espa\u00f1ola&#8217;. La exhibici\u00f3n incluye los principales trajes de ba\u00f1o utilizados desde 2003 hasta 2012, incluyendo todos los Juegos Ol\u00edmpicos y los FINA Campeonatos del Mundo\"}]},{\"@type\":\"WebSite\",\"@id\":\"https:\/\/www.museuolimpicbcn.cat\/ca\/#website\",\"url\":\"https:\/\/www.museuolimpicbcn.cat\/ca\/\",\"name\":\"Museu Ol\u00edmpic i de l&#039;Esport Joan Antoni Samaranch. Barcelona\",\"description\":\"Altre lloc Web del Museu Ol\u00edmpic i de l&#039;Esport llocs\",\"publisher\":{\"@id\":\"https:\/\/www.museuolimpicbcn.cat\/ca\/#organization\"},\"potentialAction\":[{\"@type\":\"SearchAction\",\"target\":{\"@type\":\"EntryPoint\",\"urlTemplate\":\"https:\/\/www.museuolimpicbcn.cat\/ca\/?s={search_term_string}\"},\"query-input\":{\"@type\":\"PropertyValueSpecification\",\"valueRequired\":true,\"valueName\":\"search_term_string\"}}],\"inLanguage\":\"es\"},{\"@type\":\"Organization\",\"@id\":\"https:\/\/www.museuolimpicbcn.cat\/ca\/#organization\",\"name\":\"Museu Ol\u00edmpic i de l&#039;Esport Joan Antoni Samaranch. Barcelona\",\"url\":\"https:\/\/www.museuolimpicbcn.cat\/ca\/\",\"logo\":{\"@type\":\"ImageObject\",\"inLanguage\":\"es\",\"@id\":\"https:\/\/www.museuolimpicbcn.cat\/ca\/#\/schema\/logo\/image\/\",\"url\":\"https:\/\/www.museuolimpicbcn.cat\/wp-content\/uploads\/sites\/2\/2018\/12\/logo-moe-header.svg\",\"contentUrl\":\"https:\/\/www.museuolimpicbcn.cat\/wp-content\/uploads\/sites\/2\/2018\/12\/logo-moe-header.svg\",\"caption\":\"Museu Ol\u00edmpic i de l&#039;Esport Joan Antoni Samaranch. Barcelona\"},\"image\":{\"@id\":\"https:\/\/www.museuolimpicbcn.cat\/ca\/#\/schema\/logo\/image\/\"}},{\"@type\":\"Person\",\"@id\":\"https:\/\/www.museuolimpicbcn.cat\/ca\/#\/schema\/person\/d05705664e87aa04c6ce53d48133fb39\",\"name\":\"useradmin\",\"url\":\"https:\/\/www.museuolimpicbcn.cat\/es\/author\/useradmin\/\"}]}<\/script>\n<!-- \/ Yoast SEO plugin. -->","yoast_head_json":{"title":"Hasta el 1 de septiembre en Montju\u00efc, la muestra 'Los ba\u00f1adores de los \u00e9xitos de la sincro espa\u00f1ola'. La exhibici\u00f3n incluye los principales trajes de ba\u00f1o utilizados desde 2003 hasta 2012, incluyendo todos los Juegos Ol\u00edmpicos y los FINA Campeonatos del Mundo - Museu Ol\u00edmpic i de l&#039;Esport Joan Antoni Samaranch. Barcelona","robots":{"index":"index","follow":"follow","max-snippet":"max-snippet:-1","max-image-preview":"max-image-preview:large","max-video-preview":"max-video-preview:-1"},"canonical":"https:\/\/www.museuolimpicbcn.cat\/es\/hasta-el-1-de-septiembre-en-montjuic-la-muestra-los-banadores-de-los-exitos-de-la-sincro-espanola-la-exhibicion-incluye-los-principales-trajes-de-bano-utilizados-desde-2003-hasta-2012-incluyendo\/","og_locale":"es_ES","og_type":"article","og_title":"Hasta el 1 de septiembre en Montju\u00efc, la muestra 'Los ba\u00f1adores de los \u00e9xitos de la sincro espa\u00f1ola'. La exhibici\u00f3n incluye los principales trajes de ba\u00f1o utilizados desde 2003 hasta 2012, incluyendo todos los Juegos Ol\u00edmpicos y los FINA Campeonatos del Mundo - Museu Ol\u00edmpic i de l&#039;Esport Joan Antoni Samaranch. Barcelona","og_description":"El acto ha sido presidido por Xavier Amador, del Ayuntamiento de Barcelona, Fernando Carpena, presidente de la Real Federaci&oacute;n Espa&ntilde;ola de Nataci&oacute;n y copresidente del Comit&eacute; Organizador de Barcelona 2013, Enric Bertr&aacute;n, presidente de la Federaci&oacute;n Catalana de Nataci&oacute;n, y Gemma Mengual, embajadora de Barcelona 2013. &nbsp;","og_url":"https:\/\/www.museuolimpicbcn.cat\/es\/hasta-el-1-de-septiembre-en-montjuic-la-muestra-los-banadores-de-los-exitos-de-la-sincro-espanola-la-exhibicion-incluye-los-principales-trajes-de-bano-utilizados-desde-2003-hasta-2012-incluyendo\/","og_site_name":"Museu Ol\u00edmpic i de l&#039;Esport Joan Antoni Samaranch. Barcelona","article_published_time":"2013-06-17T22:00:00+00:00","author":"useradmin","twitter_card":"summary_large_image","twitter_misc":{"Escrito por":"useradmin","Tiempo de lectura":"1 minuto"},"schema":{"@context":"https:\/\/schema.org","@graph":[{"@type":"Article","@id":"https:\/\/www.museuolimpicbcn.cat\/es\/hasta-el-1-de-septiembre-en-montjuic-la-muestra-los-banadores-de-los-exitos-de-la-sincro-espanola-la-exhibicion-incluye-los-principales-trajes-de-bano-utilizados-desde-2003-hasta-2012-incluyendo\/#article","isPartOf":{"@id":"https:\/\/www.museuolimpicbcn.cat\/es\/hasta-el-1-de-septiembre-en-montjuic-la-muestra-los-banadores-de-los-exitos-de-la-sincro-espanola-la-exhibicion-incluye-los-principales-trajes-de-bano-utilizados-desde-2003-hasta-2012-incluyendo\/"},"author":{"name":"useradmin","@id":"https:\/\/www.museuolimpicbcn.cat\/ca\/#\/schema\/person\/d05705664e87aa04c6ce53d48133fb39"},"headline":"Hasta el 1 de septiembre en Montju\u00efc, la muestra &#8216;Los ba\u00f1adores de los \u00e9xitos de la sincro espa\u00f1ola&#8217;. La exhibici\u00f3n incluye los principales trajes de ba\u00f1o utilizados desde 2003 hasta 2012, incluyendo todos los Juegos Ol\u00edmpicos y los FINA Campeonatos del Mundo","datePublished":"2013-06-17T22:00:00+00:00","dateModified":"2013-06-17T22:00:00+00:00","mainEntityOfPage":{"@id":"https:\/\/www.museuolimpicbcn.cat\/es\/hasta-el-1-de-septiembre-en-montjuic-la-muestra-los-banadores-de-los-exitos-de-la-sincro-espanola-la-exhibicion-incluye-los-principales-trajes-de-bano-utilizados-desde-2003-hasta-2012-incluyendo\/"},"wordCount":332,"commentCount":3,"publisher":{"@id":"https:\/\/www.museuolimpicbcn.cat\/ca\/#organization"},"articleSection":["Sin categorizar"],"inLanguage":"es","potentialAction":[{"@type":"CommentAction","name":"Comment","target":["https:\/\/www.museuolimpicbcn.cat\/es\/hasta-el-1-de-septiembre-en-montjuic-la-muestra-los-banadores-de-los-exitos-de-la-sincro-espanola-la-exhibicion-incluye-los-principales-trajes-de-bano-utilizados-desde-2003-hasta-2012-incluyendo\/#respond"]}]},{"@type":"WebPage","@id":"https:\/\/www.museuolimpicbcn.cat\/es\/hasta-el-1-de-septiembre-en-montjuic-la-muestra-los-banadores-de-los-exitos-de-la-sincro-espanola-la-exhibicion-incluye-los-principales-trajes-de-bano-utilizados-desde-2003-hasta-2012-incluyendo\/","url":"https:\/\/www.museuolimpicbcn.cat\/es\/hasta-el-1-de-septiembre-en-montjuic-la-muestra-los-banadores-de-los-exitos-de-la-sincro-espanola-la-exhibicion-incluye-los-principales-trajes-de-bano-utilizados-desde-2003-hasta-2012-incluyendo\/","name":"Hasta el 1 de septiembre en Montju\u00efc, la muestra 'Los ba\u00f1adores de los \u00e9xitos de la sincro espa\u00f1ola'. La exhibici\u00f3n incluye los principales trajes de ba\u00f1o utilizados desde 2003 hasta 2012, incluyendo todos los Juegos Ol\u00edmpicos y los FINA Campeonatos del Mundo - Museu Ol\u00edmpic i de l&#039;Esport Joan Antoni Samaranch. Barcelona","isPartOf":{"@id":"https:\/\/www.museuolimpicbcn.cat\/ca\/#website"},"datePublished":"2013-06-17T22:00:00+00:00","dateModified":"2013-06-17T22:00:00+00:00","breadcrumb":{"@id":"https:\/\/www.museuolimpicbcn.cat\/es\/hasta-el-1-de-septiembre-en-montjuic-la-muestra-los-banadores-de-los-exitos-de-la-sincro-espanola-la-exhibicion-incluye-los-principales-trajes-de-bano-utilizados-desde-2003-hasta-2012-incluyendo\/#breadcrumb"},"inLanguage":"es","potentialAction":[{"@type":"ReadAction","target":["https:\/\/www.museuolimpicbcn.cat\/es\/hasta-el-1-de-septiembre-en-montjuic-la-muestra-los-banadores-de-los-exitos-de-la-sincro-espanola-la-exhibicion-incluye-los-principales-trajes-de-bano-utilizados-desde-2003-hasta-2012-incluyendo\/"]}]},{"@type":"BreadcrumbList","@id":"https:\/\/www.museuolimpicbcn.cat\/es\/hasta-el-1-de-septiembre-en-montjuic-la-muestra-los-banadores-de-los-exitos-de-la-sincro-espanola-la-exhibicion-incluye-los-principales-trajes-de-bano-utilizados-desde-2003-hasta-2012-incluyendo\/#breadcrumb","itemListElement":[{"@type":"ListItem","position":1,"name":"Inici","item":"https:\/\/www.museuolimpicbcn.cat\/es\/"},{"@type":"ListItem","position":2,"name":"Hasta el 1 de septiembre en Montju\u00efc, la muestra &#8216;Los ba\u00f1adores de los \u00e9xitos de la sincro espa\u00f1ola&#8217;. La exhibici\u00f3n incluye los principales trajes de ba\u00f1o utilizados desde 2003 hasta 2012, incluyendo todos los Juegos Ol\u00edmpicos y los FINA Campeonatos del Mundo"}]},{"@type":"WebSite","@id":"https:\/\/www.museuolimpicbcn.cat\/ca\/#website","url":"https:\/\/www.museuolimpicbcn.cat\/ca\/","name":"Museu Ol\u00edmpic i de l&#039;Esport Joan Antoni Samaranch. Barcelona","description":"Altre lloc Web del Museu Ol\u00edmpic i de l&#039;Esport llocs","publisher":{"@id":"https:\/\/www.museuolimpicbcn.cat\/ca\/#organization"},"potentialAction":[{"@type":"SearchAction","target":{"@type":"EntryPoint","urlTemplate":"https:\/\/www.museuolimpicbcn.cat\/ca\/?s={search_term_string}"},"query-input":{"@type":"PropertyValueSpecification","valueRequired":true,"valueName":"search_term_string"}}],"inLanguage":"es"},{"@type":"Organization","@id":"https:\/\/www.museuolimpicbcn.cat\/ca\/#organization","name":"Museu Ol\u00edmpic i de l&#039;Esport Joan Antoni Samaranch. Barcelona","url":"https:\/\/www.museuolimpicbcn.cat\/ca\/","logo":{"@type":"ImageObject","inLanguage":"es","@id":"https:\/\/www.museuolimpicbcn.cat\/ca\/#\/schema\/logo\/image\/","url":"https:\/\/www.museuolimpicbcn.cat\/wp-content\/uploads\/sites\/2\/2018\/12\/logo-moe-header.svg","contentUrl":"https:\/\/www.museuolimpicbcn.cat\/wp-content\/uploads\/sites\/2\/2018\/12\/logo-moe-header.svg","caption":"Museu Ol\u00edmpic i de l&#039;Esport Joan Antoni Samaranch. Barcelona"},"image":{"@id":"https:\/\/www.museuolimpicbcn.cat\/ca\/#\/schema\/logo\/image\/"}},{"@type":"Person","@id":"https:\/\/www.museuolimpicbcn.cat\/ca\/#\/schema\/person\/d05705664e87aa04c6ce53d48133fb39","name":"useradmin","url":"https:\/\/www.museuolimpicbcn.cat\/es\/author\/useradmin\/"}]}},"_links":{"self":[{"href":"https:\/\/www.museuolimpicbcn.cat\/es\/wp-json\/wp\/v2\/posts\/10342"}],"collection":[{"href":"https:\/\/www.museuolimpicbcn.cat\/es\/wp-json\/wp\/v2\/posts"}],"about":[{"href":"https:\/\/www.museuolimpicbcn.cat\/es\/wp-json\/wp\/v2\/types\/post"}],"author":[{"embeddable":true,"href":"https:\/\/www.museuolimpicbcn.cat\/es\/wp-json\/wp\/v2\/users\/1"}],"replies":[{"embeddable":true,"href":"https:\/\/www.museuolimpicbcn.cat\/es\/wp-json\/wp\/v2\/comments?post=10342"}],"version-history":[{"count":0,"href":"https:\/\/www.museuolimpicbcn.cat\/es\/wp-json\/wp\/v2\/posts\/10342\/revisions"}],"wp:attachment":[{"href":"https:\/\/www.museuolimpicbcn.cat\/es\/wp-json\/wp\/v2\/media?parent=10342"}],"wp:term":[{"taxonomy":"category","embeddable":true,"href":"https:\/\/www.museuolimpicbcn.cat\/es\/wp-json\/wp\/v2\/categories?post=10342"},{"taxonomy":"post_tag","embeddable":true,"href":"https:\/\/www.museuolimpicbcn.cat\/es\/wp-json\/wp\/v2\/tags?post=10342"}],"curies":[{"name":"wp","href":"https:\/\/api.w.org\/{rel}","templated":true}]}}