{"id":10689,"date":"2013-11-11T00:00:00","date_gmt":"2013-11-10T23:00:00","guid":{"rendered":"http:\/\/dev.museuolimpicbcn.cat\/gay-de-liebana-cardenal-y-collet-ponentes-de-excepcion-en-el-foro-jose-higueras-futbol-y-tenis-dos-modelos-de-deporte-profesional\/"},"modified":"2013-11-11T00:00:00","modified_gmt":"2013-11-10T23:00:00","slug":"gay-de-liebana-cardenal-y-collet-ponentes-de-excepcion-en-el-foro-jose-higueras-futbol-y-tenis-dos-modelos-de-deporte-profesional","status":"publish","type":"post","link":"https:\/\/www.museuolimpicbcn.cat\/es\/gay-de-liebana-cardenal-y-collet-ponentes-de-excepcion-en-el-foro-jose-higueras-futbol-y-tenis-dos-modelos-de-deporte-profesional\/","title":{"rendered":"Gay de Li\u00e9bana, Cardenal y Collet ponentes de excepci\u00f3n en el foro Jos\u00e9 Higueras \u201cF\u00fatbol y tenis, dos modelos de deporte profesional\u201d"},"content":{"rendered":"<p>El acto cont&oacute; con tres ponentes de excepci&oacute;n Miguel Cardenal, Secretario de Estado para el Deporte; Gay de Li&eacute;bana, doctor en Econom&iacute;a y Derecho y Joan Collet, presidente del Espanyol desde el a&ntilde;o 2012 y tambi&eacute;n es directivo de la Real Federaci&oacute;n Espa&ntilde;ola de f&uacute;tbol desde este a&ntilde;o 2013.&nbsp;<\/p>\n<p>El foro Jos&eacute; Higueras ha congregado a figuras en activo, dirigentes, entrenadores y personalidades vinculadas con el deporte mediante conferencias y debates:Maite Fandos, presidenta de la Fundaci&oacute; Barcelona Ol&iacute;mpica; Santi Siquier, jefe del servicio territorial de deportes de la Generalitat de Catalu&ntilde;a y los miembros de la directiva de la Real Federaci&oacute;n Espa&ntilde;ola de Tenis: Marcos Romagosa, Albert Agusti, Domingo Goenaga, Jose Antonio Pereido, Mikel Aguirre, Fenando Garcia Armengol y Albert Costa, entre otros.<\/p>\n<p>Gay de Li&eacute;bana es doctor en Econom&iacute;a y Derecho, y ejerce de profesor titular de Econom&iacute;a Financiera y contabilidad en la Universidad de Barcelona ha dado su punto de vista de la realidad econ&oacute;mica actual por la que pasa el deporte en general y estos dos deportes en particular.<\/p>\n","protected":false},"excerpt":{"rendered":"<p>La Real Federaci&oacute;n Espa&ntilde;ola de Tenis, la Fundaci&oacute;n del Tenis Espa&ntilde;ol y el Grupo God&oacute; ha realizado en el Museu Ol&iacute;mpic el Foro Jos&eacute; Higueras cuyo objetivo es la promoci&oacute;n y divulgaci&oacute;n de los valores del deporte, en especial del tenis.<\/p>\n<p>&nbsp;<\/p>\n","protected":false},"author":1,"featured_media":0,"comment_status":"open","ping_status":"open","sticky":false,"template":"","format":"standard","meta":{"_acf_changed":false,"_price":"","_stock":"","_tribe_ticket_header":"","_tribe_default_ticket_provider":"","_tribe_ticket_capacity":"0","_ticket_start_date":"","_ticket_end_date":"","_tribe_ticket_show_description":"","_tribe_ticket_show_not_going":false,"_tribe_ticket_use_global_stock":"","_tribe_ticket_global_stock_level":"","_global_stock_mode":"","_global_stock_cap":"","_tribe_rsvp_for_event":"","_tribe_ticket_going_count":"","_tribe_ticket_not_going_count":"","_tribe_tickets_list":"[]","_tribe_ticket_has_attendee_info_fields":false,"footnotes":""},"categories":[3],"tags":[],"class_list":["post-10689","post","type-post","status-publish","format-standard","hentry","category-sin-categorizar"],"acf":[],"yoast_head":"<!-- This site is optimized with the Yoast SEO plugin v23.7 - https:\/\/yoast.com\/wordpress\/plugins\/seo\/ -->\n<title>Gay de Li\u00e9bana, Cardenal y Collet ponentes de excepci\u00f3n en el foro Jos\u00e9 Higueras \u201cF\u00fatbol y tenis, dos modelos de deporte profesional\u201d - Museu Ol\u00edmpic i de l&#039;Esport Joan Antoni Samaranch. Barcelona<\/title>\n<meta name=\"robots\" content=\"index, follow, max-snippet:-1, max-image-preview:large, max-video-preview:-1\" \/>\n<link rel=\"canonical\" href=\"https:\/\/www.museuolimpicbcn.cat\/es\/gay-de-liebana-cardenal-y-collet-ponentes-de-excepcion-en-el-foro-jose-higueras-futbol-y-tenis-dos-modelos-de-deporte-profesional\/\" \/>\n<meta property=\"og:locale\" content=\"es_ES\" \/>\n<meta property=\"og:type\" content=\"article\" \/>\n<meta property=\"og:title\" content=\"Gay de Li\u00e9bana, Cardenal y Collet ponentes de excepci\u00f3n en el foro Jos\u00e9 Higueras \u201cF\u00fatbol y tenis, dos modelos de deporte profesional\u201d - Museu Ol\u00edmpic i de l&#039;Esport Joan Antoni Samaranch. Barcelona\" \/>\n<meta property=\"og:description\" content=\"La Real Federaci&oacute;n Espa&ntilde;ola de Tenis, la Fundaci&oacute;n del Tenis Espa&ntilde;ol y el Grupo God&oacute; ha realizado en el Museu Ol&iacute;mpic el Foro Jos&eacute; Higueras cuyo objetivo es la promoci&oacute;n y divulgaci&oacute;n de los valores del deporte, en especial del tenis. &nbsp;\" \/>\n<meta property=\"og:url\" content=\"https:\/\/www.museuolimpicbcn.cat\/es\/gay-de-liebana-cardenal-y-collet-ponentes-de-excepcion-en-el-foro-jose-higueras-futbol-y-tenis-dos-modelos-de-deporte-profesional\/\" \/>\n<meta property=\"og:site_name\" content=\"Museu Ol\u00edmpic i de l&#039;Esport Joan Antoni Samaranch. Barcelona\" \/>\n<meta property=\"article:published_time\" content=\"2013-11-10T23:00:00+00:00\" \/>\n<meta name=\"author\" content=\"useradmin\" \/>\n<meta name=\"twitter:card\" content=\"summary_large_image\" \/>\n<meta name=\"twitter:label1\" content=\"Escrito por\" \/>\n\t<meta name=\"twitter:data1\" content=\"useradmin\" \/>\n\t<meta name=\"twitter:label2\" content=\"Tiempo de lectura\" \/>\n\t<meta name=\"twitter:data2\" content=\"1 minuto\" \/>\n<script type=\"application\/ld+json\" class=\"yoast-schema-graph\">{\"@context\":\"https:\/\/schema.org\",\"@graph\":[{\"@type\":\"Article\",\"@id\":\"https:\/\/www.museuolimpicbcn.cat\/es\/gay-de-liebana-cardenal-y-collet-ponentes-de-excepcion-en-el-foro-jose-higueras-futbol-y-tenis-dos-modelos-de-deporte-profesional\/#article\",\"isPartOf\":{\"@id\":\"https:\/\/www.museuolimpicbcn.cat\/es\/gay-de-liebana-cardenal-y-collet-ponentes-de-excepcion-en-el-foro-jose-higueras-futbol-y-tenis-dos-modelos-de-deporte-profesional\/\"},\"author\":{\"name\":\"useradmin\",\"@id\":\"https:\/\/www.museuolimpicbcn.cat\/ca\/#\/schema\/person\/d05705664e87aa04c6ce53d48133fb39\"},\"headline\":\"Gay de Li\u00e9bana, Cardenal y Collet ponentes de excepci\u00f3n en el foro Jos\u00e9 Higueras \u201cF\u00fatbol y tenis, dos modelos de deporte profesional\u201d\",\"datePublished\":\"2013-11-10T23:00:00+00:00\",\"dateModified\":\"2013-11-10T23:00:00+00:00\",\"mainEntityOfPage\":{\"@id\":\"https:\/\/www.museuolimpicbcn.cat\/es\/gay-de-liebana-cardenal-y-collet-ponentes-de-excepcion-en-el-foro-jose-higueras-futbol-y-tenis-dos-modelos-de-deporte-profesional\/\"},\"wordCount\":234,\"commentCount\":7,\"publisher\":{\"@id\":\"https:\/\/www.museuolimpicbcn.cat\/ca\/#organization\"},\"articleSection\":[\"Sin categorizar\"],\"inLanguage\":\"es\",\"potentialAction\":[{\"@type\":\"CommentAction\",\"name\":\"Comment\",\"target\":[\"https:\/\/www.museuolimpicbcn.cat\/es\/gay-de-liebana-cardenal-y-collet-ponentes-de-excepcion-en-el-foro-jose-higueras-futbol-y-tenis-dos-modelos-de-deporte-profesional\/#respond\"]}]},{\"@type\":\"WebPage\",\"@id\":\"https:\/\/www.museuolimpicbcn.cat\/es\/gay-de-liebana-cardenal-y-collet-ponentes-de-excepcion-en-el-foro-jose-higueras-futbol-y-tenis-dos-modelos-de-deporte-profesional\/\",\"url\":\"https:\/\/www.museuolimpicbcn.cat\/es\/gay-de-liebana-cardenal-y-collet-ponentes-de-excepcion-en-el-foro-jose-higueras-futbol-y-tenis-dos-modelos-de-deporte-profesional\/\",\"name\":\"Gay de Li\u00e9bana, Cardenal y Collet ponentes de excepci\u00f3n en el foro Jos\u00e9 Higueras \u201cF\u00fatbol y tenis, dos modelos de deporte profesional\u201d - Museu Ol\u00edmpic i de l&#039;Esport Joan Antoni Samaranch. Barcelona\",\"isPartOf\":{\"@id\":\"https:\/\/www.museuolimpicbcn.cat\/ca\/#website\"},\"datePublished\":\"2013-11-10T23:00:00+00:00\",\"dateModified\":\"2013-11-10T23:00:00+00:00\",\"breadcrumb\":{\"@id\":\"https:\/\/www.museuolimpicbcn.cat\/es\/gay-de-liebana-cardenal-y-collet-ponentes-de-excepcion-en-el-foro-jose-higueras-futbol-y-tenis-dos-modelos-de-deporte-profesional\/#breadcrumb\"},\"inLanguage\":\"es\",\"potentialAction\":[{\"@type\":\"ReadAction\",\"target\":[\"https:\/\/www.museuolimpicbcn.cat\/es\/gay-de-liebana-cardenal-y-collet-ponentes-de-excepcion-en-el-foro-jose-higueras-futbol-y-tenis-dos-modelos-de-deporte-profesional\/\"]}]},{\"@type\":\"BreadcrumbList\",\"@id\":\"https:\/\/www.museuolimpicbcn.cat\/es\/gay-de-liebana-cardenal-y-collet-ponentes-de-excepcion-en-el-foro-jose-higueras-futbol-y-tenis-dos-modelos-de-deporte-profesional\/#breadcrumb\",\"itemListElement\":[{\"@type\":\"ListItem\",\"position\":1,\"name\":\"Inici\",\"item\":\"https:\/\/www.museuolimpicbcn.cat\/es\/\"},{\"@type\":\"ListItem\",\"position\":2,\"name\":\"Gay de Li\u00e9bana, Cardenal y Collet ponentes de excepci\u00f3n en el foro Jos\u00e9 Higueras \u201cF\u00fatbol y tenis, dos modelos de deporte profesional\u201d\"}]},{\"@type\":\"WebSite\",\"@id\":\"https:\/\/www.museuolimpicbcn.cat\/ca\/#website\",\"url\":\"https:\/\/www.museuolimpicbcn.cat\/ca\/\",\"name\":\"Museu Ol\u00edmpic i de l&#039;Esport Joan Antoni Samaranch. Barcelona\",\"description\":\"Altre lloc Web del Museu Ol\u00edmpic i de l&#039;Esport llocs\",\"publisher\":{\"@id\":\"https:\/\/www.museuolimpicbcn.cat\/ca\/#organization\"},\"potentialAction\":[{\"@type\":\"SearchAction\",\"target\":{\"@type\":\"EntryPoint\",\"urlTemplate\":\"https:\/\/www.museuolimpicbcn.cat\/ca\/?s={search_term_string}\"},\"query-input\":{\"@type\":\"PropertyValueSpecification\",\"valueRequired\":true,\"valueName\":\"search_term_string\"}}],\"inLanguage\":\"es\"},{\"@type\":\"Organization\",\"@id\":\"https:\/\/www.museuolimpicbcn.cat\/ca\/#organization\",\"name\":\"Museu Ol\u00edmpic i de l&#039;Esport Joan Antoni Samaranch. Barcelona\",\"url\":\"https:\/\/www.museuolimpicbcn.cat\/ca\/\",\"logo\":{\"@type\":\"ImageObject\",\"inLanguage\":\"es\",\"@id\":\"https:\/\/www.museuolimpicbcn.cat\/ca\/#\/schema\/logo\/image\/\",\"url\":\"https:\/\/www.museuolimpicbcn.cat\/wp-content\/uploads\/sites\/2\/2018\/12\/logo-moe-header.svg\",\"contentUrl\":\"https:\/\/www.museuolimpicbcn.cat\/wp-content\/uploads\/sites\/2\/2018\/12\/logo-moe-header.svg\",\"caption\":\"Museu Ol\u00edmpic i de l&#039;Esport Joan Antoni Samaranch. Barcelona\"},\"image\":{\"@id\":\"https:\/\/www.museuolimpicbcn.cat\/ca\/#\/schema\/logo\/image\/\"}},{\"@type\":\"Person\",\"@id\":\"https:\/\/www.museuolimpicbcn.cat\/ca\/#\/schema\/person\/d05705664e87aa04c6ce53d48133fb39\",\"name\":\"useradmin\",\"url\":\"https:\/\/www.museuolimpicbcn.cat\/es\/author\/useradmin\/\"}]}<\/script>\n<!-- \/ Yoast SEO plugin. -->","yoast_head_json":{"title":"Gay de Li\u00e9bana, Cardenal y Collet ponentes de excepci\u00f3n en el foro Jos\u00e9 Higueras \u201cF\u00fatbol y tenis, dos modelos de deporte profesional\u201d - Museu Ol\u00edmpic i de l&#039;Esport Joan Antoni Samaranch. Barcelona","robots":{"index":"index","follow":"follow","max-snippet":"max-snippet:-1","max-image-preview":"max-image-preview:large","max-video-preview":"max-video-preview:-1"},"canonical":"https:\/\/www.museuolimpicbcn.cat\/es\/gay-de-liebana-cardenal-y-collet-ponentes-de-excepcion-en-el-foro-jose-higueras-futbol-y-tenis-dos-modelos-de-deporte-profesional\/","og_locale":"es_ES","og_type":"article","og_title":"Gay de Li\u00e9bana, Cardenal y Collet ponentes de excepci\u00f3n en el foro Jos\u00e9 Higueras \u201cF\u00fatbol y tenis, dos modelos de deporte profesional\u201d - Museu Ol\u00edmpic i de l&#039;Esport Joan Antoni Samaranch. Barcelona","og_description":"La Real Federaci&oacute;n Espa&ntilde;ola de Tenis, la Fundaci&oacute;n del Tenis Espa&ntilde;ol y el Grupo God&oacute; ha realizado en el Museu Ol&iacute;mpic el Foro Jos&eacute; Higueras cuyo objetivo es la promoci&oacute;n y divulgaci&oacute;n de los valores del deporte, en especial del tenis. &nbsp;","og_url":"https:\/\/www.museuolimpicbcn.cat\/es\/gay-de-liebana-cardenal-y-collet-ponentes-de-excepcion-en-el-foro-jose-higueras-futbol-y-tenis-dos-modelos-de-deporte-profesional\/","og_site_name":"Museu Ol\u00edmpic i de l&#039;Esport Joan Antoni Samaranch. Barcelona","article_published_time":"2013-11-10T23:00:00+00:00","author":"useradmin","twitter_card":"summary_large_image","twitter_misc":{"Escrito por":"useradmin","Tiempo de lectura":"1 minuto"},"schema":{"@context":"https:\/\/schema.org","@graph":[{"@type":"Article","@id":"https:\/\/www.museuolimpicbcn.cat\/es\/gay-de-liebana-cardenal-y-collet-ponentes-de-excepcion-en-el-foro-jose-higueras-futbol-y-tenis-dos-modelos-de-deporte-profesional\/#article","isPartOf":{"@id":"https:\/\/www.museuolimpicbcn.cat\/es\/gay-de-liebana-cardenal-y-collet-ponentes-de-excepcion-en-el-foro-jose-higueras-futbol-y-tenis-dos-modelos-de-deporte-profesional\/"},"author":{"name":"useradmin","@id":"https:\/\/www.museuolimpicbcn.cat\/ca\/#\/schema\/person\/d05705664e87aa04c6ce53d48133fb39"},"headline":"Gay de Li\u00e9bana, Cardenal y Collet ponentes de excepci\u00f3n en el foro Jos\u00e9 Higueras \u201cF\u00fatbol y tenis, dos modelos de deporte profesional\u201d","datePublished":"2013-11-10T23:00:00+00:00","dateModified":"2013-11-10T23:00:00+00:00","mainEntityOfPage":{"@id":"https:\/\/www.museuolimpicbcn.cat\/es\/gay-de-liebana-cardenal-y-collet-ponentes-de-excepcion-en-el-foro-jose-higueras-futbol-y-tenis-dos-modelos-de-deporte-profesional\/"},"wordCount":234,"commentCount":7,"publisher":{"@id":"https:\/\/www.museuolimpicbcn.cat\/ca\/#organization"},"articleSection":["Sin categorizar"],"inLanguage":"es","potentialAction":[{"@type":"CommentAction","name":"Comment","target":["https:\/\/www.museuolimpicbcn.cat\/es\/gay-de-liebana-cardenal-y-collet-ponentes-de-excepcion-en-el-foro-jose-higueras-futbol-y-tenis-dos-modelos-de-deporte-profesional\/#respond"]}]},{"@type":"WebPage","@id":"https:\/\/www.museuolimpicbcn.cat\/es\/gay-de-liebana-cardenal-y-collet-ponentes-de-excepcion-en-el-foro-jose-higueras-futbol-y-tenis-dos-modelos-de-deporte-profesional\/","url":"https:\/\/www.museuolimpicbcn.cat\/es\/gay-de-liebana-cardenal-y-collet-ponentes-de-excepcion-en-el-foro-jose-higueras-futbol-y-tenis-dos-modelos-de-deporte-profesional\/","name":"Gay de Li\u00e9bana, Cardenal y Collet ponentes de excepci\u00f3n en el foro Jos\u00e9 Higueras \u201cF\u00fatbol y tenis, dos modelos de deporte profesional\u201d - Museu Ol\u00edmpic i de l&#039;Esport Joan Antoni Samaranch. Barcelona","isPartOf":{"@id":"https:\/\/www.museuolimpicbcn.cat\/ca\/#website"},"datePublished":"2013-11-10T23:00:00+00:00","dateModified":"2013-11-10T23:00:00+00:00","breadcrumb":{"@id":"https:\/\/www.museuolimpicbcn.cat\/es\/gay-de-liebana-cardenal-y-collet-ponentes-de-excepcion-en-el-foro-jose-higueras-futbol-y-tenis-dos-modelos-de-deporte-profesional\/#breadcrumb"},"inLanguage":"es","potentialAction":[{"@type":"ReadAction","target":["https:\/\/www.museuolimpicbcn.cat\/es\/gay-de-liebana-cardenal-y-collet-ponentes-de-excepcion-en-el-foro-jose-higueras-futbol-y-tenis-dos-modelos-de-deporte-profesional\/"]}]},{"@type":"BreadcrumbList","@id":"https:\/\/www.museuolimpicbcn.cat\/es\/gay-de-liebana-cardenal-y-collet-ponentes-de-excepcion-en-el-foro-jose-higueras-futbol-y-tenis-dos-modelos-de-deporte-profesional\/#breadcrumb","itemListElement":[{"@type":"ListItem","position":1,"name":"Inici","item":"https:\/\/www.museuolimpicbcn.cat\/es\/"},{"@type":"ListItem","position":2,"name":"Gay de Li\u00e9bana, Cardenal y Collet ponentes de excepci\u00f3n en el foro Jos\u00e9 Higueras \u201cF\u00fatbol y tenis, dos modelos de deporte profesional\u201d"}]},{"@type":"WebSite","@id":"https:\/\/www.museuolimpicbcn.cat\/ca\/#website","url":"https:\/\/www.museuolimpicbcn.cat\/ca\/","name":"Museu Ol\u00edmpic i de l&#039;Esport Joan Antoni Samaranch. Barcelona","description":"Altre lloc Web del Museu Ol\u00edmpic i de l&#039;Esport llocs","publisher":{"@id":"https:\/\/www.museuolimpicbcn.cat\/ca\/#organization"},"potentialAction":[{"@type":"SearchAction","target":{"@type":"EntryPoint","urlTemplate":"https:\/\/www.museuolimpicbcn.cat\/ca\/?s={search_term_string}"},"query-input":{"@type":"PropertyValueSpecification","valueRequired":true,"valueName":"search_term_string"}}],"inLanguage":"es"},{"@type":"Organization","@id":"https:\/\/www.museuolimpicbcn.cat\/ca\/#organization","name":"Museu Ol\u00edmpic i de l&#039;Esport Joan Antoni Samaranch. Barcelona","url":"https:\/\/www.museuolimpicbcn.cat\/ca\/","logo":{"@type":"ImageObject","inLanguage":"es","@id":"https:\/\/www.museuolimpicbcn.cat\/ca\/#\/schema\/logo\/image\/","url":"https:\/\/www.museuolimpicbcn.cat\/wp-content\/uploads\/sites\/2\/2018\/12\/logo-moe-header.svg","contentUrl":"https:\/\/www.museuolimpicbcn.cat\/wp-content\/uploads\/sites\/2\/2018\/12\/logo-moe-header.svg","caption":"Museu Ol\u00edmpic i de l&#039;Esport Joan Antoni Samaranch. Barcelona"},"image":{"@id":"https:\/\/www.museuolimpicbcn.cat\/ca\/#\/schema\/logo\/image\/"}},{"@type":"Person","@id":"https:\/\/www.museuolimpicbcn.cat\/ca\/#\/schema\/person\/d05705664e87aa04c6ce53d48133fb39","name":"useradmin","url":"https:\/\/www.museuolimpicbcn.cat\/es\/author\/useradmin\/"}]}},"_links":{"self":[{"href":"https:\/\/www.museuolimpicbcn.cat\/es\/wp-json\/wp\/v2\/posts\/10689"}],"collection":[{"href":"https:\/\/www.museuolimpicbcn.cat\/es\/wp-json\/wp\/v2\/posts"}],"about":[{"href":"https:\/\/www.museuolimpicbcn.cat\/es\/wp-json\/wp\/v2\/types\/post"}],"author":[{"embeddable":true,"href":"https:\/\/www.museuolimpicbcn.cat\/es\/wp-json\/wp\/v2\/users\/1"}],"replies":[{"embeddable":true,"href":"https:\/\/www.museuolimpicbcn.cat\/es\/wp-json\/wp\/v2\/comments?post=10689"}],"version-history":[{"count":0,"href":"https:\/\/www.museuolimpicbcn.cat\/es\/wp-json\/wp\/v2\/posts\/10689\/revisions"}],"wp:attachment":[{"href":"https:\/\/www.museuolimpicbcn.cat\/es\/wp-json\/wp\/v2\/media?parent=10689"}],"wp:term":[{"taxonomy":"category","embeddable":true,"href":"https:\/\/www.museuolimpicbcn.cat\/es\/wp-json\/wp\/v2\/categories?post=10689"},{"taxonomy":"post_tag","embeddable":true,"href":"https:\/\/www.museuolimpicbcn.cat\/es\/wp-json\/wp\/v2\/tags?post=10689"}],"curies":[{"name":"wp","href":"https:\/\/api.w.org\/{rel}","templated":true}]}}