{"id":10774,"date":"2013-11-21T00:00:00","date_gmt":"2013-11-20T23:00:00","guid":{"rendered":"http:\/\/dev.museuolimpicbcn.cat\/los-hermanos-samaranch-maria-teresa-y-juan-antonio-samaranch-i-salisachs-resentantes-de-honor-en-la-inauguracion-de-la-exposicion-rememorar-la-gloria-seleccion-de-fotografias-de-wanquan-sha\/"},"modified":"2013-11-21T00:00:00","modified_gmt":"2013-11-20T23:00:00","slug":"los-hermanos-samaranch-maria-teresa-y-juan-antonio-samaranch-i-salisachs-resentantes-de-honor-en-la-inauguracion-de-la-exposicion-rememorar-la-gloria-seleccion-de-fotografias-de-wanquan-sha","status":"publish","type":"post","link":"https:\/\/www.museuolimpicbcn.cat\/es\/los-hermanos-samaranch-maria-teresa-y-juan-antonio-samaranch-i-salisachs-resentantes-de-honor-en-la-inauguracion-de-la-exposicion-rememorar-la-gloria-seleccion-de-fotografias-de-wanquan-sha\/","title":{"rendered":"Los hermanos Samaranch, Maria Teresa y Juan Antonio Samaranch i Salisachs, resentantes de honor en la inauguraci\u00f3n de la exposici\u00f3n \u201cRememorar la gloria Selecci\u00f3n de fotograf\u00edas de Wanquan Sha del Estadio Nido del P\u00e1jaro\u201d"},"content":{"rendered":"<p>Maria Teresa Samaranch acudi&oacute; al evento como representante del patronato de la Fundaci&oacute; Barcelona Ol&iacute;mpica, por su parte Juan Antonio Samaranch Jr lo hizo como presidente de la Samaranch Fundation de China. Wanquan Sha, miembro de la Asociaci&oacute;n de Fot&oacute;grafos de China y director adjunto de la secci&oacute;n fotogr&aacute;fica de la Sociedad para la Promoci&oacute;n de la Cultura China, es el autor de la exposici&oacute;n que se podr&aacute; disfrutar hasta el 30 de noviembre en la sala de exposiciones temporales del Museu Ol&iacute;mpic i de l&rsquo;Esport Joan Antoni Samaranch.<\/p>\n<p>&nbsp;<\/p>\n","protected":false},"excerpt":{"rendered":"<p>&ldquo;Rememorar la gloria&rdquo; es una de las primeras actividades que se realizan en Barcelona, tras el convenio firmado entre la Fundaci&oacute; Barcelona Ol&iacute;mpica y la Samaranch Fundation de China, el pasado mes de octubre.&nbsp;<\/p>\n<p>&nbsp;<\/p>\n","protected":false},"author":1,"featured_media":0,"comment_status":"open","ping_status":"open","sticky":false,"template":"","format":"standard","meta":{"_acf_changed":false,"_price":"","_stock":"","_tribe_ticket_header":"","_tribe_default_ticket_provider":"","_tribe_ticket_capacity":"0","_ticket_start_date":"","_ticket_end_date":"","_tribe_ticket_show_description":"","_tribe_ticket_show_not_going":false,"_tribe_ticket_use_global_stock":"","_tribe_ticket_global_stock_level":"","_global_stock_mode":"","_global_stock_cap":"","_tribe_rsvp_for_event":"","_tribe_ticket_going_count":"","_tribe_ticket_not_going_count":"","_tribe_tickets_list":"[]","_tribe_ticket_has_attendee_info_fields":false,"footnotes":""},"categories":[3],"tags":[],"class_list":["post-10774","post","type-post","status-publish","format-standard","hentry","category-sin-categorizar"],"acf":[],"yoast_head":"<!-- This site is optimized with the Yoast SEO plugin v23.7 - https:\/\/yoast.com\/wordpress\/plugins\/seo\/ -->\n<title>Los hermanos Samaranch, Maria Teresa y Juan Antonio Samaranch i Salisachs, resentantes de honor en la inauguraci\u00f3n de la exposici\u00f3n \u201cRememorar la gloria Selecci\u00f3n de fotograf\u00edas de Wanquan Sha del Estadio Nido del P\u00e1jaro\u201d - Museu Ol\u00edmpic i de l&#039;Esport Joan Antoni Samaranch. Barcelona<\/title>\n<meta name=\"robots\" content=\"index, follow, max-snippet:-1, max-image-preview:large, max-video-preview:-1\" \/>\n<link rel=\"canonical\" href=\"https:\/\/www.museuolimpicbcn.cat\/es\/los-hermanos-samaranch-maria-teresa-y-juan-antonio-samaranch-i-salisachs-resentantes-de-honor-en-la-inauguracion-de-la-exposicion-rememorar-la-gloria-seleccion-de-fotografias-de-wanquan-sha\/\" \/>\n<meta property=\"og:locale\" content=\"es_ES\" \/>\n<meta property=\"og:type\" content=\"article\" \/>\n<meta property=\"og:title\" content=\"Los hermanos Samaranch, Maria Teresa y Juan Antonio Samaranch i Salisachs, resentantes de honor en la inauguraci\u00f3n de la exposici\u00f3n \u201cRememorar la gloria Selecci\u00f3n de fotograf\u00edas de Wanquan Sha del Estadio Nido del P\u00e1jaro\u201d - Museu Ol\u00edmpic i de l&#039;Esport Joan Antoni Samaranch. Barcelona\" \/>\n<meta property=\"og:description\" content=\"&ldquo;Rememorar la gloria&rdquo; es una de las primeras actividades que se realizan en Barcelona, tras el convenio firmado entre la Fundaci&oacute; Barcelona Ol&iacute;mpica y la Samaranch Fundation de China, el pasado mes de octubre.&nbsp; &nbsp;\" \/>\n<meta property=\"og:url\" content=\"https:\/\/www.museuolimpicbcn.cat\/es\/los-hermanos-samaranch-maria-teresa-y-juan-antonio-samaranch-i-salisachs-resentantes-de-honor-en-la-inauguracion-de-la-exposicion-rememorar-la-gloria-seleccion-de-fotografias-de-wanquan-sha\/\" \/>\n<meta property=\"og:site_name\" content=\"Museu Ol\u00edmpic i de l&#039;Esport Joan Antoni Samaranch. Barcelona\" \/>\n<meta property=\"article:published_time\" content=\"2013-11-20T23:00:00+00:00\" \/>\n<meta name=\"author\" content=\"useradmin\" \/>\n<meta name=\"twitter:card\" content=\"summary_large_image\" \/>\n<meta name=\"twitter:label1\" content=\"Escrito por\" \/>\n\t<meta name=\"twitter:data1\" content=\"useradmin\" \/>\n\t<meta name=\"twitter:label2\" content=\"Tiempo de lectura\" \/>\n\t<meta name=\"twitter:data2\" content=\"1 minuto\" \/>\n<script type=\"application\/ld+json\" class=\"yoast-schema-graph\">{\"@context\":\"https:\/\/schema.org\",\"@graph\":[{\"@type\":\"Article\",\"@id\":\"https:\/\/www.museuolimpicbcn.cat\/es\/los-hermanos-samaranch-maria-teresa-y-juan-antonio-samaranch-i-salisachs-resentantes-de-honor-en-la-inauguracion-de-la-exposicion-rememorar-la-gloria-seleccion-de-fotografias-de-wanquan-sha\/#article\",\"isPartOf\":{\"@id\":\"https:\/\/www.museuolimpicbcn.cat\/es\/los-hermanos-samaranch-maria-teresa-y-juan-antonio-samaranch-i-salisachs-resentantes-de-honor-en-la-inauguracion-de-la-exposicion-rememorar-la-gloria-seleccion-de-fotografias-de-wanquan-sha\/\"},\"author\":{\"name\":\"useradmin\",\"@id\":\"https:\/\/www.museuolimpicbcn.cat\/ca\/#\/schema\/person\/d05705664e87aa04c6ce53d48133fb39\"},\"headline\":\"Los hermanos Samaranch, Maria Teresa y Juan Antonio Samaranch i Salisachs, resentantes de honor en la inauguraci\u00f3n de la exposici\u00f3n \u201cRememorar la gloria Selecci\u00f3n de fotograf\u00edas de Wanquan Sha del Estadio Nido del P\u00e1jaro\u201d\",\"datePublished\":\"2013-11-20T23:00:00+00:00\",\"dateModified\":\"2013-11-20T23:00:00+00:00\",\"mainEntityOfPage\":{\"@id\":\"https:\/\/www.museuolimpicbcn.cat\/es\/los-hermanos-samaranch-maria-teresa-y-juan-antonio-samaranch-i-salisachs-resentantes-de-honor-en-la-inauguracion-de-la-exposicion-rememorar-la-gloria-seleccion-de-fotografias-de-wanquan-sha\/\"},\"wordCount\":149,\"commentCount\":1,\"publisher\":{\"@id\":\"https:\/\/www.museuolimpicbcn.cat\/ca\/#organization\"},\"articleSection\":[\"Sin categorizar\"],\"inLanguage\":\"es\",\"potentialAction\":[{\"@type\":\"CommentAction\",\"name\":\"Comment\",\"target\":[\"https:\/\/www.museuolimpicbcn.cat\/es\/los-hermanos-samaranch-maria-teresa-y-juan-antonio-samaranch-i-salisachs-resentantes-de-honor-en-la-inauguracion-de-la-exposicion-rememorar-la-gloria-seleccion-de-fotografias-de-wanquan-sha\/#respond\"]}]},{\"@type\":\"WebPage\",\"@id\":\"https:\/\/www.museuolimpicbcn.cat\/es\/los-hermanos-samaranch-maria-teresa-y-juan-antonio-samaranch-i-salisachs-resentantes-de-honor-en-la-inauguracion-de-la-exposicion-rememorar-la-gloria-seleccion-de-fotografias-de-wanquan-sha\/\",\"url\":\"https:\/\/www.museuolimpicbcn.cat\/es\/los-hermanos-samaranch-maria-teresa-y-juan-antonio-samaranch-i-salisachs-resentantes-de-honor-en-la-inauguracion-de-la-exposicion-rememorar-la-gloria-seleccion-de-fotografias-de-wanquan-sha\/\",\"name\":\"Los hermanos Samaranch, Maria Teresa y Juan Antonio Samaranch i Salisachs, resentantes de honor en la inauguraci\u00f3n de la exposici\u00f3n \u201cRememorar la gloria Selecci\u00f3n de fotograf\u00edas de Wanquan Sha del Estadio Nido del P\u00e1jaro\u201d - Museu Ol\u00edmpic i de l&#039;Esport Joan Antoni Samaranch. Barcelona\",\"isPartOf\":{\"@id\":\"https:\/\/www.museuolimpicbcn.cat\/ca\/#website\"},\"datePublished\":\"2013-11-20T23:00:00+00:00\",\"dateModified\":\"2013-11-20T23:00:00+00:00\",\"breadcrumb\":{\"@id\":\"https:\/\/www.museuolimpicbcn.cat\/es\/los-hermanos-samaranch-maria-teresa-y-juan-antonio-samaranch-i-salisachs-resentantes-de-honor-en-la-inauguracion-de-la-exposicion-rememorar-la-gloria-seleccion-de-fotografias-de-wanquan-sha\/#breadcrumb\"},\"inLanguage\":\"es\",\"potentialAction\":[{\"@type\":\"ReadAction\",\"target\":[\"https:\/\/www.museuolimpicbcn.cat\/es\/los-hermanos-samaranch-maria-teresa-y-juan-antonio-samaranch-i-salisachs-resentantes-de-honor-en-la-inauguracion-de-la-exposicion-rememorar-la-gloria-seleccion-de-fotografias-de-wanquan-sha\/\"]}]},{\"@type\":\"BreadcrumbList\",\"@id\":\"https:\/\/www.museuolimpicbcn.cat\/es\/los-hermanos-samaranch-maria-teresa-y-juan-antonio-samaranch-i-salisachs-resentantes-de-honor-en-la-inauguracion-de-la-exposicion-rememorar-la-gloria-seleccion-de-fotografias-de-wanquan-sha\/#breadcrumb\",\"itemListElement\":[{\"@type\":\"ListItem\",\"position\":1,\"name\":\"Inici\",\"item\":\"https:\/\/www.museuolimpicbcn.cat\/es\/\"},{\"@type\":\"ListItem\",\"position\":2,\"name\":\"Los hermanos Samaranch, Maria Teresa y Juan Antonio Samaranch i Salisachs, resentantes de honor en la inauguraci\u00f3n de la exposici\u00f3n \u201cRememorar la gloria Selecci\u00f3n de fotograf\u00edas de Wanquan Sha del Estadio Nido del P\u00e1jaro\u201d\"}]},{\"@type\":\"WebSite\",\"@id\":\"https:\/\/www.museuolimpicbcn.cat\/ca\/#website\",\"url\":\"https:\/\/www.museuolimpicbcn.cat\/ca\/\",\"name\":\"Museu Ol\u00edmpic i de l&#039;Esport Joan Antoni Samaranch. Barcelona\",\"description\":\"Altre lloc Web del Museu Ol\u00edmpic i de l&#039;Esport llocs\",\"publisher\":{\"@id\":\"https:\/\/www.museuolimpicbcn.cat\/ca\/#organization\"},\"potentialAction\":[{\"@type\":\"SearchAction\",\"target\":{\"@type\":\"EntryPoint\",\"urlTemplate\":\"https:\/\/www.museuolimpicbcn.cat\/ca\/?s={search_term_string}\"},\"query-input\":{\"@type\":\"PropertyValueSpecification\",\"valueRequired\":true,\"valueName\":\"search_term_string\"}}],\"inLanguage\":\"es\"},{\"@type\":\"Organization\",\"@id\":\"https:\/\/www.museuolimpicbcn.cat\/ca\/#organization\",\"name\":\"Museu Ol\u00edmpic i de l&#039;Esport Joan Antoni Samaranch. Barcelona\",\"url\":\"https:\/\/www.museuolimpicbcn.cat\/ca\/\",\"logo\":{\"@type\":\"ImageObject\",\"inLanguage\":\"es\",\"@id\":\"https:\/\/www.museuolimpicbcn.cat\/ca\/#\/schema\/logo\/image\/\",\"url\":\"https:\/\/www.museuolimpicbcn.cat\/wp-content\/uploads\/sites\/2\/2018\/12\/logo-moe-header.svg\",\"contentUrl\":\"https:\/\/www.museuolimpicbcn.cat\/wp-content\/uploads\/sites\/2\/2018\/12\/logo-moe-header.svg\",\"caption\":\"Museu Ol\u00edmpic i de l&#039;Esport Joan Antoni Samaranch. Barcelona\"},\"image\":{\"@id\":\"https:\/\/www.museuolimpicbcn.cat\/ca\/#\/schema\/logo\/image\/\"}},{\"@type\":\"Person\",\"@id\":\"https:\/\/www.museuolimpicbcn.cat\/ca\/#\/schema\/person\/d05705664e87aa04c6ce53d48133fb39\",\"name\":\"useradmin\",\"url\":\"https:\/\/www.museuolimpicbcn.cat\/es\/author\/useradmin\/\"}]}<\/script>\n<!-- \/ Yoast SEO plugin. -->","yoast_head_json":{"title":"Los hermanos Samaranch, Maria Teresa y Juan Antonio Samaranch i Salisachs, resentantes de honor en la inauguraci\u00f3n de la exposici\u00f3n \u201cRememorar la gloria Selecci\u00f3n de fotograf\u00edas de Wanquan Sha del Estadio Nido del P\u00e1jaro\u201d - Museu Ol\u00edmpic i de l&#039;Esport Joan Antoni Samaranch. Barcelona","robots":{"index":"index","follow":"follow","max-snippet":"max-snippet:-1","max-image-preview":"max-image-preview:large","max-video-preview":"max-video-preview:-1"},"canonical":"https:\/\/www.museuolimpicbcn.cat\/es\/los-hermanos-samaranch-maria-teresa-y-juan-antonio-samaranch-i-salisachs-resentantes-de-honor-en-la-inauguracion-de-la-exposicion-rememorar-la-gloria-seleccion-de-fotografias-de-wanquan-sha\/","og_locale":"es_ES","og_type":"article","og_title":"Los hermanos Samaranch, Maria Teresa y Juan Antonio Samaranch i Salisachs, resentantes de honor en la inauguraci\u00f3n de la exposici\u00f3n \u201cRememorar la gloria Selecci\u00f3n de fotograf\u00edas de Wanquan Sha del Estadio Nido del P\u00e1jaro\u201d - Museu Ol\u00edmpic i de l&#039;Esport Joan Antoni Samaranch. Barcelona","og_description":"&ldquo;Rememorar la gloria&rdquo; es una de las primeras actividades que se realizan en Barcelona, tras el convenio firmado entre la Fundaci&oacute; Barcelona Ol&iacute;mpica y la Samaranch Fundation de China, el pasado mes de octubre.&nbsp; &nbsp;","og_url":"https:\/\/www.museuolimpicbcn.cat\/es\/los-hermanos-samaranch-maria-teresa-y-juan-antonio-samaranch-i-salisachs-resentantes-de-honor-en-la-inauguracion-de-la-exposicion-rememorar-la-gloria-seleccion-de-fotografias-de-wanquan-sha\/","og_site_name":"Museu Ol\u00edmpic i de l&#039;Esport Joan Antoni Samaranch. Barcelona","article_published_time":"2013-11-20T23:00:00+00:00","author":"useradmin","twitter_card":"summary_large_image","twitter_misc":{"Escrito por":"useradmin","Tiempo de lectura":"1 minuto"},"schema":{"@context":"https:\/\/schema.org","@graph":[{"@type":"Article","@id":"https:\/\/www.museuolimpicbcn.cat\/es\/los-hermanos-samaranch-maria-teresa-y-juan-antonio-samaranch-i-salisachs-resentantes-de-honor-en-la-inauguracion-de-la-exposicion-rememorar-la-gloria-seleccion-de-fotografias-de-wanquan-sha\/#article","isPartOf":{"@id":"https:\/\/www.museuolimpicbcn.cat\/es\/los-hermanos-samaranch-maria-teresa-y-juan-antonio-samaranch-i-salisachs-resentantes-de-honor-en-la-inauguracion-de-la-exposicion-rememorar-la-gloria-seleccion-de-fotografias-de-wanquan-sha\/"},"author":{"name":"useradmin","@id":"https:\/\/www.museuolimpicbcn.cat\/ca\/#\/schema\/person\/d05705664e87aa04c6ce53d48133fb39"},"headline":"Los hermanos Samaranch, Maria Teresa y Juan Antonio Samaranch i Salisachs, resentantes de honor en la inauguraci\u00f3n de la exposici\u00f3n \u201cRememorar la gloria Selecci\u00f3n de fotograf\u00edas de Wanquan Sha del Estadio Nido del P\u00e1jaro\u201d","datePublished":"2013-11-20T23:00:00+00:00","dateModified":"2013-11-20T23:00:00+00:00","mainEntityOfPage":{"@id":"https:\/\/www.museuolimpicbcn.cat\/es\/los-hermanos-samaranch-maria-teresa-y-juan-antonio-samaranch-i-salisachs-resentantes-de-honor-en-la-inauguracion-de-la-exposicion-rememorar-la-gloria-seleccion-de-fotografias-de-wanquan-sha\/"},"wordCount":149,"commentCount":1,"publisher":{"@id":"https:\/\/www.museuolimpicbcn.cat\/ca\/#organization"},"articleSection":["Sin categorizar"],"inLanguage":"es","potentialAction":[{"@type":"CommentAction","name":"Comment","target":["https:\/\/www.museuolimpicbcn.cat\/es\/los-hermanos-samaranch-maria-teresa-y-juan-antonio-samaranch-i-salisachs-resentantes-de-honor-en-la-inauguracion-de-la-exposicion-rememorar-la-gloria-seleccion-de-fotografias-de-wanquan-sha\/#respond"]}]},{"@type":"WebPage","@id":"https:\/\/www.museuolimpicbcn.cat\/es\/los-hermanos-samaranch-maria-teresa-y-juan-antonio-samaranch-i-salisachs-resentantes-de-honor-en-la-inauguracion-de-la-exposicion-rememorar-la-gloria-seleccion-de-fotografias-de-wanquan-sha\/","url":"https:\/\/www.museuolimpicbcn.cat\/es\/los-hermanos-samaranch-maria-teresa-y-juan-antonio-samaranch-i-salisachs-resentantes-de-honor-en-la-inauguracion-de-la-exposicion-rememorar-la-gloria-seleccion-de-fotografias-de-wanquan-sha\/","name":"Los hermanos Samaranch, Maria Teresa y Juan Antonio Samaranch i Salisachs, resentantes de honor en la inauguraci\u00f3n de la exposici\u00f3n \u201cRememorar la gloria Selecci\u00f3n de fotograf\u00edas de Wanquan Sha del Estadio Nido del P\u00e1jaro\u201d - Museu Ol\u00edmpic i de l&#039;Esport Joan Antoni Samaranch. Barcelona","isPartOf":{"@id":"https:\/\/www.museuolimpicbcn.cat\/ca\/#website"},"datePublished":"2013-11-20T23:00:00+00:00","dateModified":"2013-11-20T23:00:00+00:00","breadcrumb":{"@id":"https:\/\/www.museuolimpicbcn.cat\/es\/los-hermanos-samaranch-maria-teresa-y-juan-antonio-samaranch-i-salisachs-resentantes-de-honor-en-la-inauguracion-de-la-exposicion-rememorar-la-gloria-seleccion-de-fotografias-de-wanquan-sha\/#breadcrumb"},"inLanguage":"es","potentialAction":[{"@type":"ReadAction","target":["https:\/\/www.museuolimpicbcn.cat\/es\/los-hermanos-samaranch-maria-teresa-y-juan-antonio-samaranch-i-salisachs-resentantes-de-honor-en-la-inauguracion-de-la-exposicion-rememorar-la-gloria-seleccion-de-fotografias-de-wanquan-sha\/"]}]},{"@type":"BreadcrumbList","@id":"https:\/\/www.museuolimpicbcn.cat\/es\/los-hermanos-samaranch-maria-teresa-y-juan-antonio-samaranch-i-salisachs-resentantes-de-honor-en-la-inauguracion-de-la-exposicion-rememorar-la-gloria-seleccion-de-fotografias-de-wanquan-sha\/#breadcrumb","itemListElement":[{"@type":"ListItem","position":1,"name":"Inici","item":"https:\/\/www.museuolimpicbcn.cat\/es\/"},{"@type":"ListItem","position":2,"name":"Los hermanos Samaranch, Maria Teresa y Juan Antonio Samaranch i Salisachs, resentantes de honor en la inauguraci\u00f3n de la exposici\u00f3n \u201cRememorar la gloria Selecci\u00f3n de fotograf\u00edas de Wanquan Sha del Estadio Nido del P\u00e1jaro\u201d"}]},{"@type":"WebSite","@id":"https:\/\/www.museuolimpicbcn.cat\/ca\/#website","url":"https:\/\/www.museuolimpicbcn.cat\/ca\/","name":"Museu Ol\u00edmpic i de l&#039;Esport Joan Antoni Samaranch. Barcelona","description":"Altre lloc Web del Museu Ol\u00edmpic i de l&#039;Esport llocs","publisher":{"@id":"https:\/\/www.museuolimpicbcn.cat\/ca\/#organization"},"potentialAction":[{"@type":"SearchAction","target":{"@type":"EntryPoint","urlTemplate":"https:\/\/www.museuolimpicbcn.cat\/ca\/?s={search_term_string}"},"query-input":{"@type":"PropertyValueSpecification","valueRequired":true,"valueName":"search_term_string"}}],"inLanguage":"es"},{"@type":"Organization","@id":"https:\/\/www.museuolimpicbcn.cat\/ca\/#organization","name":"Museu Ol\u00edmpic i de l&#039;Esport Joan Antoni Samaranch. Barcelona","url":"https:\/\/www.museuolimpicbcn.cat\/ca\/","logo":{"@type":"ImageObject","inLanguage":"es","@id":"https:\/\/www.museuolimpicbcn.cat\/ca\/#\/schema\/logo\/image\/","url":"https:\/\/www.museuolimpicbcn.cat\/wp-content\/uploads\/sites\/2\/2018\/12\/logo-moe-header.svg","contentUrl":"https:\/\/www.museuolimpicbcn.cat\/wp-content\/uploads\/sites\/2\/2018\/12\/logo-moe-header.svg","caption":"Museu Ol\u00edmpic i de l&#039;Esport Joan Antoni Samaranch. Barcelona"},"image":{"@id":"https:\/\/www.museuolimpicbcn.cat\/ca\/#\/schema\/logo\/image\/"}},{"@type":"Person","@id":"https:\/\/www.museuolimpicbcn.cat\/ca\/#\/schema\/person\/d05705664e87aa04c6ce53d48133fb39","name":"useradmin","url":"https:\/\/www.museuolimpicbcn.cat\/es\/author\/useradmin\/"}]}},"_links":{"self":[{"href":"https:\/\/www.museuolimpicbcn.cat\/es\/wp-json\/wp\/v2\/posts\/10774"}],"collection":[{"href":"https:\/\/www.museuolimpicbcn.cat\/es\/wp-json\/wp\/v2\/posts"}],"about":[{"href":"https:\/\/www.museuolimpicbcn.cat\/es\/wp-json\/wp\/v2\/types\/post"}],"author":[{"embeddable":true,"href":"https:\/\/www.museuolimpicbcn.cat\/es\/wp-json\/wp\/v2\/users\/1"}],"replies":[{"embeddable":true,"href":"https:\/\/www.museuolimpicbcn.cat\/es\/wp-json\/wp\/v2\/comments?post=10774"}],"version-history":[{"count":0,"href":"https:\/\/www.museuolimpicbcn.cat\/es\/wp-json\/wp\/v2\/posts\/10774\/revisions"}],"wp:attachment":[{"href":"https:\/\/www.museuolimpicbcn.cat\/es\/wp-json\/wp\/v2\/media?parent=10774"}],"wp:term":[{"taxonomy":"category","embeddable":true,"href":"https:\/\/www.museuolimpicbcn.cat\/es\/wp-json\/wp\/v2\/categories?post=10774"},{"taxonomy":"post_tag","embeddable":true,"href":"https:\/\/www.museuolimpicbcn.cat\/es\/wp-json\/wp\/v2\/tags?post=10774"}],"curies":[{"name":"wp","href":"https:\/\/api.w.org\/{rel}","templated":true}]}}