{"id":10925,"date":"2014-02-10T00:00:00","date_gmt":"2014-02-09T23:00:00","guid":{"rendered":"http:\/\/dev.museuolimpicbcn.cat\/manuel-carreras-presidente-de-sport-cultura-barcelona-dio-la-bienvenida-a-los-miembros-de-la-asamblea-de-la-ix-edicion-de-los-premios-de-la-asociacion-sport-cultura-barcelona\/"},"modified":"2014-02-10T00:00:00","modified_gmt":"2014-02-09T23:00:00","slug":"manuel-carreras-presidente-de-sport-cultura-barcelona-dio-la-bienvenida-a-los-miembros-de-la-asamblea-de-la-ix-edicion-de-los-premios-de-la-asociacion-sport-cultura-barcelona","status":"publish","type":"post","link":"https:\/\/www.museuolimpicbcn.cat\/es\/manuel-carreras-presidente-de-sport-cultura-barcelona-dio-la-bienvenida-a-los-miembros-de-la-asamblea-de-la-ix-edicion-de-los-premios-de-la-asociacion-sport-cultura-barcelona\/","title":{"rendered":"Manuel Carreras, presidente de Sport Cultura Barcelona, dio la bienvenida a los miembros de la asamblea de la IX edici\u00f3n de los Premios de la Asociaci\u00f3n Sport Cultura Barcelona"},"content":{"rendered":"<p>Los ganadores de los premios Sport Cultura Barcelona 2013 fueron:<\/p>\n<p><strong>Rafael Nadal<\/strong> a la mejor iniciativa deportiva<\/p>\n<p><strong>Sara Baras<\/strong> a la mejor iniciativa cultural<\/p>\n<p><strong>Tricicle <\/strong>a la mejor trayectoria<strong>&nbsp;<\/strong><\/p>\n<p>&nbsp;<\/p>\n","protected":false},"excerpt":{"rendered":"<p>Representantes de 35 entidades fueron los encargados de votar los premios a la mejor iniciativa cultural, mejor iniciativa deportiva y mejor trayectoria del 2013.<\/p>\n<p>&nbsp;<\/p>\n","protected":false},"author":1,"featured_media":0,"comment_status":"open","ping_status":"open","sticky":false,"template":"","format":"standard","meta":{"_acf_changed":false,"_price":"","_stock":"","_tribe_ticket_header":"","_tribe_default_ticket_provider":"","_tribe_ticket_capacity":"0","_ticket_start_date":"","_ticket_end_date":"","_tribe_ticket_show_description":"","_tribe_ticket_show_not_going":false,"_tribe_ticket_use_global_stock":"","_tribe_ticket_global_stock_level":"","_global_stock_mode":"","_global_stock_cap":"","_tribe_rsvp_for_event":"","_tribe_ticket_going_count":"","_tribe_ticket_not_going_count":"","_tribe_tickets_list":"[]","_tribe_ticket_has_attendee_info_fields":false,"footnotes":""},"categories":[3],"tags":[],"class_list":["post-10925","post","type-post","status-publish","format-standard","hentry","category-sin-categorizar"],"acf":[],"yoast_head":"<!-- This site is optimized with the Yoast SEO plugin v23.7 - https:\/\/yoast.com\/wordpress\/plugins\/seo\/ -->\n<title>Manuel Carreras, presidente de Sport Cultura Barcelona, dio la bienvenida a los miembros de la asamblea de la IX edici\u00f3n de los Premios de la Asociaci\u00f3n Sport Cultura Barcelona - Museu Ol\u00edmpic i de l&#039;Esport Joan Antoni Samaranch. Barcelona<\/title>\n<meta name=\"robots\" content=\"index, follow, max-snippet:-1, max-image-preview:large, max-video-preview:-1\" \/>\n<link rel=\"canonical\" href=\"https:\/\/www.museuolimpicbcn.cat\/es\/manuel-carreras-presidente-de-sport-cultura-barcelona-dio-la-bienvenida-a-los-miembros-de-la-asamblea-de-la-ix-edicion-de-los-premios-de-la-asociacion-sport-cultura-barcelona\/\" \/>\n<meta property=\"og:locale\" content=\"es_ES\" \/>\n<meta property=\"og:type\" content=\"article\" \/>\n<meta property=\"og:title\" content=\"Manuel Carreras, presidente de Sport Cultura Barcelona, dio la bienvenida a los miembros de la asamblea de la IX edici\u00f3n de los Premios de la Asociaci\u00f3n Sport Cultura Barcelona - Museu Ol\u00edmpic i de l&#039;Esport Joan Antoni Samaranch. Barcelona\" \/>\n<meta property=\"og:description\" content=\"Representantes de 35 entidades fueron los encargados de votar los premios a la mejor iniciativa cultural, mejor iniciativa deportiva y mejor trayectoria del 2013. &nbsp;\" \/>\n<meta property=\"og:url\" content=\"https:\/\/www.museuolimpicbcn.cat\/es\/manuel-carreras-presidente-de-sport-cultura-barcelona-dio-la-bienvenida-a-los-miembros-de-la-asamblea-de-la-ix-edicion-de-los-premios-de-la-asociacion-sport-cultura-barcelona\/\" \/>\n<meta property=\"og:site_name\" content=\"Museu Ol\u00edmpic i de l&#039;Esport Joan Antoni Samaranch. Barcelona\" \/>\n<meta property=\"article:published_time\" content=\"2014-02-09T23:00:00+00:00\" \/>\n<meta name=\"author\" content=\"useradmin\" \/>\n<meta name=\"twitter:card\" content=\"summary_large_image\" \/>\n<meta name=\"twitter:label1\" content=\"Escrito por\" \/>\n\t<meta name=\"twitter:data1\" content=\"useradmin\" \/>\n<script type=\"application\/ld+json\" class=\"yoast-schema-graph\">{\"@context\":\"https:\/\/schema.org\",\"@graph\":[{\"@type\":\"Article\",\"@id\":\"https:\/\/www.museuolimpicbcn.cat\/es\/manuel-carreras-presidente-de-sport-cultura-barcelona-dio-la-bienvenida-a-los-miembros-de-la-asamblea-de-la-ix-edicion-de-los-premios-de-la-asociacion-sport-cultura-barcelona\/#article\",\"isPartOf\":{\"@id\":\"https:\/\/www.museuolimpicbcn.cat\/es\/manuel-carreras-presidente-de-sport-cultura-barcelona-dio-la-bienvenida-a-los-miembros-de-la-asamblea-de-la-ix-edicion-de-los-premios-de-la-asociacion-sport-cultura-barcelona\/\"},\"author\":{\"name\":\"useradmin\",\"@id\":\"https:\/\/www.museuolimpicbcn.cat\/ca\/#\/schema\/person\/d05705664e87aa04c6ce53d48133fb39\"},\"headline\":\"Manuel Carreras, presidente de Sport Cultura Barcelona, dio la bienvenida a los miembros de la asamblea de la IX edici\u00f3n de los Premios de la Asociaci\u00f3n Sport Cultura Barcelona\",\"datePublished\":\"2014-02-09T23:00:00+00:00\",\"dateModified\":\"2014-02-09T23:00:00+00:00\",\"mainEntityOfPage\":{\"@id\":\"https:\/\/www.museuolimpicbcn.cat\/es\/manuel-carreras-presidente-de-sport-cultura-barcelona-dio-la-bienvenida-a-los-miembros-de-la-asamblea-de-la-ix-edicion-de-los-premios-de-la-asociacion-sport-cultura-barcelona\/\"},\"wordCount\":61,\"commentCount\":7,\"publisher\":{\"@id\":\"https:\/\/www.museuolimpicbcn.cat\/ca\/#organization\"},\"articleSection\":[\"Sin categorizar\"],\"inLanguage\":\"es\",\"potentialAction\":[{\"@type\":\"CommentAction\",\"name\":\"Comment\",\"target\":[\"https:\/\/www.museuolimpicbcn.cat\/es\/manuel-carreras-presidente-de-sport-cultura-barcelona-dio-la-bienvenida-a-los-miembros-de-la-asamblea-de-la-ix-edicion-de-los-premios-de-la-asociacion-sport-cultura-barcelona\/#respond\"]}]},{\"@type\":\"WebPage\",\"@id\":\"https:\/\/www.museuolimpicbcn.cat\/es\/manuel-carreras-presidente-de-sport-cultura-barcelona-dio-la-bienvenida-a-los-miembros-de-la-asamblea-de-la-ix-edicion-de-los-premios-de-la-asociacion-sport-cultura-barcelona\/\",\"url\":\"https:\/\/www.museuolimpicbcn.cat\/es\/manuel-carreras-presidente-de-sport-cultura-barcelona-dio-la-bienvenida-a-los-miembros-de-la-asamblea-de-la-ix-edicion-de-los-premios-de-la-asociacion-sport-cultura-barcelona\/\",\"name\":\"Manuel Carreras, presidente de Sport Cultura Barcelona, dio la bienvenida a los miembros de la asamblea de la IX edici\u00f3n de los Premios de la Asociaci\u00f3n Sport Cultura Barcelona - Museu Ol\u00edmpic i de l&#039;Esport Joan Antoni Samaranch. Barcelona\",\"isPartOf\":{\"@id\":\"https:\/\/www.museuolimpicbcn.cat\/ca\/#website\"},\"datePublished\":\"2014-02-09T23:00:00+00:00\",\"dateModified\":\"2014-02-09T23:00:00+00:00\",\"breadcrumb\":{\"@id\":\"https:\/\/www.museuolimpicbcn.cat\/es\/manuel-carreras-presidente-de-sport-cultura-barcelona-dio-la-bienvenida-a-los-miembros-de-la-asamblea-de-la-ix-edicion-de-los-premios-de-la-asociacion-sport-cultura-barcelona\/#breadcrumb\"},\"inLanguage\":\"es\",\"potentialAction\":[{\"@type\":\"ReadAction\",\"target\":[\"https:\/\/www.museuolimpicbcn.cat\/es\/manuel-carreras-presidente-de-sport-cultura-barcelona-dio-la-bienvenida-a-los-miembros-de-la-asamblea-de-la-ix-edicion-de-los-premios-de-la-asociacion-sport-cultura-barcelona\/\"]}]},{\"@type\":\"BreadcrumbList\",\"@id\":\"https:\/\/www.museuolimpicbcn.cat\/es\/manuel-carreras-presidente-de-sport-cultura-barcelona-dio-la-bienvenida-a-los-miembros-de-la-asamblea-de-la-ix-edicion-de-los-premios-de-la-asociacion-sport-cultura-barcelona\/#breadcrumb\",\"itemListElement\":[{\"@type\":\"ListItem\",\"position\":1,\"name\":\"Inici\",\"item\":\"https:\/\/www.museuolimpicbcn.cat\/es\/\"},{\"@type\":\"ListItem\",\"position\":2,\"name\":\"Manuel Carreras, presidente de Sport Cultura Barcelona, dio la bienvenida a los miembros de la asamblea de la IX edici\u00f3n de los Premios de la Asociaci\u00f3n Sport Cultura Barcelona\"}]},{\"@type\":\"WebSite\",\"@id\":\"https:\/\/www.museuolimpicbcn.cat\/ca\/#website\",\"url\":\"https:\/\/www.museuolimpicbcn.cat\/ca\/\",\"name\":\"Museu Ol\u00edmpic i de l&#039;Esport Joan Antoni Samaranch. Barcelona\",\"description\":\"Altre lloc Web del Museu Ol\u00edmpic i de l&#039;Esport llocs\",\"publisher\":{\"@id\":\"https:\/\/www.museuolimpicbcn.cat\/ca\/#organization\"},\"potentialAction\":[{\"@type\":\"SearchAction\",\"target\":{\"@type\":\"EntryPoint\",\"urlTemplate\":\"https:\/\/www.museuolimpicbcn.cat\/ca\/?s={search_term_string}\"},\"query-input\":{\"@type\":\"PropertyValueSpecification\",\"valueRequired\":true,\"valueName\":\"search_term_string\"}}],\"inLanguage\":\"es\"},{\"@type\":\"Organization\",\"@id\":\"https:\/\/www.museuolimpicbcn.cat\/ca\/#organization\",\"name\":\"Museu Ol\u00edmpic i de l&#039;Esport Joan Antoni Samaranch. Barcelona\",\"url\":\"https:\/\/www.museuolimpicbcn.cat\/ca\/\",\"logo\":{\"@type\":\"ImageObject\",\"inLanguage\":\"es\",\"@id\":\"https:\/\/www.museuolimpicbcn.cat\/ca\/#\/schema\/logo\/image\/\",\"url\":\"https:\/\/www.museuolimpicbcn.cat\/wp-content\/uploads\/sites\/2\/2018\/12\/logo-moe-header.svg\",\"contentUrl\":\"https:\/\/www.museuolimpicbcn.cat\/wp-content\/uploads\/sites\/2\/2018\/12\/logo-moe-header.svg\",\"caption\":\"Museu Ol\u00edmpic i de l&#039;Esport Joan Antoni Samaranch. Barcelona\"},\"image\":{\"@id\":\"https:\/\/www.museuolimpicbcn.cat\/ca\/#\/schema\/logo\/image\/\"}},{\"@type\":\"Person\",\"@id\":\"https:\/\/www.museuolimpicbcn.cat\/ca\/#\/schema\/person\/d05705664e87aa04c6ce53d48133fb39\",\"name\":\"useradmin\",\"url\":\"https:\/\/www.museuolimpicbcn.cat\/es\/author\/useradmin\/\"}]}<\/script>\n<!-- \/ Yoast SEO plugin. -->","yoast_head_json":{"title":"Manuel Carreras, presidente de Sport Cultura Barcelona, dio la bienvenida a los miembros de la asamblea de la IX edici\u00f3n de los Premios de la Asociaci\u00f3n Sport Cultura Barcelona - Museu Ol\u00edmpic i de l&#039;Esport Joan Antoni Samaranch. Barcelona","robots":{"index":"index","follow":"follow","max-snippet":"max-snippet:-1","max-image-preview":"max-image-preview:large","max-video-preview":"max-video-preview:-1"},"canonical":"https:\/\/www.museuolimpicbcn.cat\/es\/manuel-carreras-presidente-de-sport-cultura-barcelona-dio-la-bienvenida-a-los-miembros-de-la-asamblea-de-la-ix-edicion-de-los-premios-de-la-asociacion-sport-cultura-barcelona\/","og_locale":"es_ES","og_type":"article","og_title":"Manuel Carreras, presidente de Sport Cultura Barcelona, dio la bienvenida a los miembros de la asamblea de la IX edici\u00f3n de los Premios de la Asociaci\u00f3n Sport Cultura Barcelona - Museu Ol\u00edmpic i de l&#039;Esport Joan Antoni Samaranch. Barcelona","og_description":"Representantes de 35 entidades fueron los encargados de votar los premios a la mejor iniciativa cultural, mejor iniciativa deportiva y mejor trayectoria del 2013. &nbsp;","og_url":"https:\/\/www.museuolimpicbcn.cat\/es\/manuel-carreras-presidente-de-sport-cultura-barcelona-dio-la-bienvenida-a-los-miembros-de-la-asamblea-de-la-ix-edicion-de-los-premios-de-la-asociacion-sport-cultura-barcelona\/","og_site_name":"Museu Ol\u00edmpic i de l&#039;Esport Joan Antoni Samaranch. Barcelona","article_published_time":"2014-02-09T23:00:00+00:00","author":"useradmin","twitter_card":"summary_large_image","twitter_misc":{"Escrito por":"useradmin"},"schema":{"@context":"https:\/\/schema.org","@graph":[{"@type":"Article","@id":"https:\/\/www.museuolimpicbcn.cat\/es\/manuel-carreras-presidente-de-sport-cultura-barcelona-dio-la-bienvenida-a-los-miembros-de-la-asamblea-de-la-ix-edicion-de-los-premios-de-la-asociacion-sport-cultura-barcelona\/#article","isPartOf":{"@id":"https:\/\/www.museuolimpicbcn.cat\/es\/manuel-carreras-presidente-de-sport-cultura-barcelona-dio-la-bienvenida-a-los-miembros-de-la-asamblea-de-la-ix-edicion-de-los-premios-de-la-asociacion-sport-cultura-barcelona\/"},"author":{"name":"useradmin","@id":"https:\/\/www.museuolimpicbcn.cat\/ca\/#\/schema\/person\/d05705664e87aa04c6ce53d48133fb39"},"headline":"Manuel Carreras, presidente de Sport Cultura Barcelona, dio la bienvenida a los miembros de la asamblea de la IX edici\u00f3n de los Premios de la Asociaci\u00f3n Sport Cultura Barcelona","datePublished":"2014-02-09T23:00:00+00:00","dateModified":"2014-02-09T23:00:00+00:00","mainEntityOfPage":{"@id":"https:\/\/www.museuolimpicbcn.cat\/es\/manuel-carreras-presidente-de-sport-cultura-barcelona-dio-la-bienvenida-a-los-miembros-de-la-asamblea-de-la-ix-edicion-de-los-premios-de-la-asociacion-sport-cultura-barcelona\/"},"wordCount":61,"commentCount":7,"publisher":{"@id":"https:\/\/www.museuolimpicbcn.cat\/ca\/#organization"},"articleSection":["Sin categorizar"],"inLanguage":"es","potentialAction":[{"@type":"CommentAction","name":"Comment","target":["https:\/\/www.museuolimpicbcn.cat\/es\/manuel-carreras-presidente-de-sport-cultura-barcelona-dio-la-bienvenida-a-los-miembros-de-la-asamblea-de-la-ix-edicion-de-los-premios-de-la-asociacion-sport-cultura-barcelona\/#respond"]}]},{"@type":"WebPage","@id":"https:\/\/www.museuolimpicbcn.cat\/es\/manuel-carreras-presidente-de-sport-cultura-barcelona-dio-la-bienvenida-a-los-miembros-de-la-asamblea-de-la-ix-edicion-de-los-premios-de-la-asociacion-sport-cultura-barcelona\/","url":"https:\/\/www.museuolimpicbcn.cat\/es\/manuel-carreras-presidente-de-sport-cultura-barcelona-dio-la-bienvenida-a-los-miembros-de-la-asamblea-de-la-ix-edicion-de-los-premios-de-la-asociacion-sport-cultura-barcelona\/","name":"Manuel Carreras, presidente de Sport Cultura Barcelona, dio la bienvenida a los miembros de la asamblea de la IX edici\u00f3n de los Premios de la Asociaci\u00f3n Sport Cultura Barcelona - Museu Ol\u00edmpic i de l&#039;Esport Joan Antoni Samaranch. Barcelona","isPartOf":{"@id":"https:\/\/www.museuolimpicbcn.cat\/ca\/#website"},"datePublished":"2014-02-09T23:00:00+00:00","dateModified":"2014-02-09T23:00:00+00:00","breadcrumb":{"@id":"https:\/\/www.museuolimpicbcn.cat\/es\/manuel-carreras-presidente-de-sport-cultura-barcelona-dio-la-bienvenida-a-los-miembros-de-la-asamblea-de-la-ix-edicion-de-los-premios-de-la-asociacion-sport-cultura-barcelona\/#breadcrumb"},"inLanguage":"es","potentialAction":[{"@type":"ReadAction","target":["https:\/\/www.museuolimpicbcn.cat\/es\/manuel-carreras-presidente-de-sport-cultura-barcelona-dio-la-bienvenida-a-los-miembros-de-la-asamblea-de-la-ix-edicion-de-los-premios-de-la-asociacion-sport-cultura-barcelona\/"]}]},{"@type":"BreadcrumbList","@id":"https:\/\/www.museuolimpicbcn.cat\/es\/manuel-carreras-presidente-de-sport-cultura-barcelona-dio-la-bienvenida-a-los-miembros-de-la-asamblea-de-la-ix-edicion-de-los-premios-de-la-asociacion-sport-cultura-barcelona\/#breadcrumb","itemListElement":[{"@type":"ListItem","position":1,"name":"Inici","item":"https:\/\/www.museuolimpicbcn.cat\/es\/"},{"@type":"ListItem","position":2,"name":"Manuel Carreras, presidente de Sport Cultura Barcelona, dio la bienvenida a los miembros de la asamblea de la IX edici\u00f3n de los Premios de la Asociaci\u00f3n Sport Cultura Barcelona"}]},{"@type":"WebSite","@id":"https:\/\/www.museuolimpicbcn.cat\/ca\/#website","url":"https:\/\/www.museuolimpicbcn.cat\/ca\/","name":"Museu Ol\u00edmpic i de l&#039;Esport Joan Antoni Samaranch. Barcelona","description":"Altre lloc Web del Museu Ol\u00edmpic i de l&#039;Esport llocs","publisher":{"@id":"https:\/\/www.museuolimpicbcn.cat\/ca\/#organization"},"potentialAction":[{"@type":"SearchAction","target":{"@type":"EntryPoint","urlTemplate":"https:\/\/www.museuolimpicbcn.cat\/ca\/?s={search_term_string}"},"query-input":{"@type":"PropertyValueSpecification","valueRequired":true,"valueName":"search_term_string"}}],"inLanguage":"es"},{"@type":"Organization","@id":"https:\/\/www.museuolimpicbcn.cat\/ca\/#organization","name":"Museu Ol\u00edmpic i de l&#039;Esport Joan Antoni Samaranch. Barcelona","url":"https:\/\/www.museuolimpicbcn.cat\/ca\/","logo":{"@type":"ImageObject","inLanguage":"es","@id":"https:\/\/www.museuolimpicbcn.cat\/ca\/#\/schema\/logo\/image\/","url":"https:\/\/www.museuolimpicbcn.cat\/wp-content\/uploads\/sites\/2\/2018\/12\/logo-moe-header.svg","contentUrl":"https:\/\/www.museuolimpicbcn.cat\/wp-content\/uploads\/sites\/2\/2018\/12\/logo-moe-header.svg","caption":"Museu Ol\u00edmpic i de l&#039;Esport Joan Antoni Samaranch. Barcelona"},"image":{"@id":"https:\/\/www.museuolimpicbcn.cat\/ca\/#\/schema\/logo\/image\/"}},{"@type":"Person","@id":"https:\/\/www.museuolimpicbcn.cat\/ca\/#\/schema\/person\/d05705664e87aa04c6ce53d48133fb39","name":"useradmin","url":"https:\/\/www.museuolimpicbcn.cat\/es\/author\/useradmin\/"}]}},"_links":{"self":[{"href":"https:\/\/www.museuolimpicbcn.cat\/es\/wp-json\/wp\/v2\/posts\/10925"}],"collection":[{"href":"https:\/\/www.museuolimpicbcn.cat\/es\/wp-json\/wp\/v2\/posts"}],"about":[{"href":"https:\/\/www.museuolimpicbcn.cat\/es\/wp-json\/wp\/v2\/types\/post"}],"author":[{"embeddable":true,"href":"https:\/\/www.museuolimpicbcn.cat\/es\/wp-json\/wp\/v2\/users\/1"}],"replies":[{"embeddable":true,"href":"https:\/\/www.museuolimpicbcn.cat\/es\/wp-json\/wp\/v2\/comments?post=10925"}],"version-history":[{"count":0,"href":"https:\/\/www.museuolimpicbcn.cat\/es\/wp-json\/wp\/v2\/posts\/10925\/revisions"}],"wp:attachment":[{"href":"https:\/\/www.museuolimpicbcn.cat\/es\/wp-json\/wp\/v2\/media?parent=10925"}],"wp:term":[{"taxonomy":"category","embeddable":true,"href":"https:\/\/www.museuolimpicbcn.cat\/es\/wp-json\/wp\/v2\/categories?post=10925"},{"taxonomy":"post_tag","embeddable":true,"href":"https:\/\/www.museuolimpicbcn.cat\/es\/wp-json\/wp\/v2\/tags?post=10925"}],"curies":[{"name":"wp","href":"https:\/\/api.w.org\/{rel}","templated":true}]}}