{"id":11125,"date":"2014-03-20T00:00:00","date_gmt":"2014-03-19T23:00:00","guid":{"rendered":"http:\/\/dev.museuolimpicbcn.cat\/xavier-trias-alcalde-de-barcelona-ha-distinguido-a-josep-lluis-vilaseca-y-roma-cuyas-miembros-del-patronato-de-la-fundacion-barcelona-olimpica-con-la-medalla-de-oro-al-merito-deportivo-del-ayuntam\/"},"modified":"2014-03-20T00:00:00","modified_gmt":"2014-03-19T23:00:00","slug":"xavier-trias-alcalde-de-barcelona-ha-distinguido-a-josep-lluis-vilaseca-y-roma-cuyas-miembros-del-patronato-de-la-fundacion-barcelona-olimpica-con-la-medalla-de-oro-al-merito-deportivo-del-ayuntam","status":"publish","type":"post","link":"https:\/\/www.museuolimpicbcn.cat\/es\/xavier-trias-alcalde-de-barcelona-ha-distinguido-a-josep-lluis-vilaseca-y-roma-cuyas-miembros-del-patronato-de-la-fundacion-barcelona-olimpica-con-la-medalla-de-oro-al-merito-deportivo-del-ayuntam\/","title":{"rendered":"Xavier Trias, alcalde de Barcelona, ha distinguido a Josep Llu\u00eds Vilaseca y Rom\u00e0 Cuy\u00e0s, miembros del patronato de la Fundaci\u00f3n Barcelona Ol\u00edmpica, con la Medalla de Oro al m\u00e9rito deportivo del Ayuntamiento de Barcelona por su contribuci\u00f3n de el \u201c\u00e9xito colectivo\u201d de los JJ.OO. del 92"},"content":{"rendered":"<p>El acto ha sido presidido por el alcalde y ha asistido, entre otros personalidades, el ex presidente de la Generalitat Jordi Pujol; el ex alcalde de Barcelona, Narcis Serra; el secretario general de Presidencia, Jordi Vilajoana, y una numerosa representaci&oacute;n de federaciones y entidades deportivas y de la ciudad. Tambi&eacute;n ha asistido la tenienta de alcalde de Calidad de Vida, Igualdad y Deportes Maite Fandos, as&iacute; como regidores de los cinco grupos municipales del Ayuntamiento de Barcelona.<\/p>\n<p>Trias ha agradecido especialmente a Rom&agrave; Cuy&agrave;s, que coordin&oacute; el proyecto ol&iacute;mpico, haber sabido &ldquo;transmitir en el mundo en aquel momento el esp&iacute;ritu, el talento, la creatividad y la profesionalidad de toda una ciudad y de todo un pa&iacute;s. Aquellos Juegos del 92 representaron un punto y aparte para Barcelona. M&aacute;s all&aacute; de la gran transformaci&oacute;n urban&iacute;stica, el gran legado de las Olimpiadas fue un legado social, humano y de valores&rdquo;.<\/p>\n<p>De Josep Llu&iacute;s Vilaseca, el alcalde ha dicho que es &ldquo;un hombre de grandes valores, un gran trabajador por Catalu&ntilde;a, que ha hecho del deporte su gran signo de identidad. Gracias, Josep Llu&iacute;s, para contribuir a la transmisi&oacute;n de los valores asociados a la pr&aacute;ctica deportiva, como la solidaridad, el respeto, el trabajo en equipo, la disciplina y la autoexigencia&rdquo;<\/p>\n<p>&nbsp;Trias ha asegurado que el ejemplo de Cuy&agrave;s y Vilaseca &ldquo;nos han demostrado que el deporte es una pasi&oacute;n, es un estilo de vida. Pero tambi&eacute;n que el deporte puede ser, y tiene que ser, un motor de cohesi&oacute;n social y de dinamismo econ&oacute;mico, generando oportunidades para todo el mundo&rdquo;. En este sentido, el alcalde ha recordado que hoy &ldquo;somos una ciudad referente en la celebraci&oacute;n de grandes acontecimientos deportivos internacionales, y que sabe aprovechar estos acontecimientos como fuente de riqueza y de proyecci&oacute;n internacional. Una ciudad que tambi&eacute;n vive el deporte en la calle, con la celebraci&oacute;n de acontecimientos como el Marat&oacute;n de Barcelona, que este a&ntilde;o llev&oacute; 18.000 corredores a nuestras calles&rdquo;.<\/p>\n<\/p>\n<p><strong>&nbsp;Reconocimientos<\/strong><\/p>\n<p>&nbsp;El Ayuntamiento de Barcelona ha acordado otorgar la Medalla de Oro al M&eacute;rito Deportivo a Josep Llu&iacute;s Vilaseca en reconocimiento a su dilatada trayectoria en el mundo deportivo y a la gran dedicaci&oacute;n y entrega para promover el deporte profesional y tambi&eacute;n el de base.<\/p>\n<\/p>\n<p>Abogado de profesi&oacute;n, Vilaseca ejerci&oacute; como Secretario General del Deporte, cargo desde el cual impuls&oacute; proyectos de gran prestigio internacional, como los XXV Juegos Ol&iacute;mpicos de Barcelona 1992 y el Centro de Alto Rendimiento Deportivo de Sant Cugat.<\/p>\n<p>La legislatura del 1995 fue Diputado en el Parlamento de Catalu&ntilde;a. En el &aacute;mbito deportivo tambi&eacute;n ha destacado por ser directivo del F.C. Barcelona y presidente de la Comisi&oacute;n de Disciplina de la UEFA. Actualmente es presidente de la Fundaci&oacute;n Agrupaci&oacute;n Mutua y presidente del Tribunal Espa&ntilde;ol de arbitraje deportivo del Comit&eacute; Ol&iacute;mpico Espa&ntilde;ol.<\/p>\n<\/p>\n<p>Cuy&agrave;s destac&oacute; como atleta del Club Nataci&oacute;n Barcelona en las disciplinas de marcha y medio fondo. Ya como directivo, continu&oacute; desarrollando su servicio al deporte desde varios cargos.<\/p>\n<p>&nbsp;El 1982, fue designado para dirigir y coordinar el proyecto de la candidatura de los JJ.OO. del 92, y ha ocupado la Presidencia del Consejo Superior de Deportas (1982-1987) y la Presidencia del Comit&eacute; Ol&iacute;mpico Espa&ntilde;ol (1983-1984). Tambi&eacute;n ha ejercido dentro de la Federaci&oacute;n Espa&ntilde;ola y Catalana de Atletismo. De la Federaci&oacute;n catalana fue presidente desde el a&ntilde;o 2000 hasta el 2012. Desde el 1984 sigue siendo miembro de honor vitalicio del COE.<\/p>\n","protected":false},"excerpt":{"rendered":"<p>El alcalde de Barcelona, Xavier Trias, ha entregado hoy la Medalla de Oro al M&eacute;rito Deportivo de Barcelona a Rom&agrave; Cuy&agrave;s y Josep Llu&iacute;s Vilaseca por su contribuci&oacute;n a &ldquo;el &eacute;xito colectivo&rdquo; de los Juegos Ol&iacute;mpicos del 92, &ldquo;de los cuales todos los barceloneses y barcelonesas todav&iacute;a nos sentimos muy orgullosos&rdquo;.&nbsp;<\/p>\n<p>&nbsp;<\/p>\n","protected":false},"author":1,"featured_media":0,"comment_status":"open","ping_status":"open","sticky":false,"template":"","format":"standard","meta":{"_acf_changed":false,"_price":"","_stock":"","_tribe_ticket_header":"","_tribe_default_ticket_provider":"","_tribe_ticket_capacity":"0","_ticket_start_date":"","_ticket_end_date":"","_tribe_ticket_show_description":"","_tribe_ticket_show_not_going":false,"_tribe_ticket_use_global_stock":"","_tribe_ticket_global_stock_level":"","_global_stock_mode":"","_global_stock_cap":"","_tribe_rsvp_for_event":"","_tribe_ticket_going_count":"","_tribe_ticket_not_going_count":"","_tribe_tickets_list":"[]","_tribe_ticket_has_attendee_info_fields":false,"footnotes":""},"categories":[3],"tags":[],"class_list":["post-11125","post","type-post","status-publish","format-standard","hentry","category-sin-categorizar"],"acf":[],"yoast_head":"<!-- This site is optimized with the Yoast SEO plugin v23.7 - https:\/\/yoast.com\/wordpress\/plugins\/seo\/ -->\n<title>Xavier Trias, alcalde de Barcelona, ha distinguido a Josep Llu\u00eds Vilaseca y Rom\u00e0 Cuy\u00e0s, miembros del patronato de la Fundaci\u00f3n Barcelona Ol\u00edmpica, con la Medalla de Oro al m\u00e9rito deportivo del Ayuntamiento de Barcelona por su contribuci\u00f3n de el \u201c\u00e9xito colectivo\u201d de los JJ.OO. del 92 - Museu Ol\u00edmpic i de l&#039;Esport Joan Antoni Samaranch. Barcelona<\/title>\n<meta name=\"robots\" content=\"index, follow, max-snippet:-1, max-image-preview:large, max-video-preview:-1\" \/>\n<link rel=\"canonical\" href=\"https:\/\/www.museuolimpicbcn.cat\/es\/xavier-trias-alcalde-de-barcelona-ha-distinguido-a-josep-lluis-vilaseca-y-roma-cuyas-miembros-del-patronato-de-la-fundacion-barcelona-olimpica-con-la-medalla-de-oro-al-merito-deportivo-del-ayuntam\/\" \/>\n<meta property=\"og:locale\" content=\"es_ES\" \/>\n<meta property=\"og:type\" content=\"article\" \/>\n<meta property=\"og:title\" content=\"Xavier Trias, alcalde de Barcelona, ha distinguido a Josep Llu\u00eds Vilaseca y Rom\u00e0 Cuy\u00e0s, miembros del patronato de la Fundaci\u00f3n Barcelona Ol\u00edmpica, con la Medalla de Oro al m\u00e9rito deportivo del Ayuntamiento de Barcelona por su contribuci\u00f3n de el \u201c\u00e9xito colectivo\u201d de los JJ.OO. del 92 - Museu Ol\u00edmpic i de l&#039;Esport Joan Antoni Samaranch. Barcelona\" \/>\n<meta property=\"og:description\" content=\"El alcalde de Barcelona, Xavier Trias, ha entregado hoy la Medalla de Oro al M&eacute;rito Deportivo de Barcelona a Rom&agrave; Cuy&agrave;s y Josep Llu&iacute;s Vilaseca por su contribuci&oacute;n a &ldquo;el &eacute;xito colectivo&rdquo; de los Juegos Ol&iacute;mpicos del 92, &ldquo;de los cuales todos los barceloneses y barcelonesas todav&iacute;a nos sentimos muy orgullosos&rdquo;.&nbsp; &nbsp;\" \/>\n<meta property=\"og:url\" content=\"https:\/\/www.museuolimpicbcn.cat\/es\/xavier-trias-alcalde-de-barcelona-ha-distinguido-a-josep-lluis-vilaseca-y-roma-cuyas-miembros-del-patronato-de-la-fundacion-barcelona-olimpica-con-la-medalla-de-oro-al-merito-deportivo-del-ayuntam\/\" \/>\n<meta property=\"og:site_name\" content=\"Museu Ol\u00edmpic i de l&#039;Esport Joan Antoni Samaranch. Barcelona\" \/>\n<meta property=\"article:published_time\" content=\"2014-03-19T23:00:00+00:00\" \/>\n<meta name=\"author\" content=\"useradmin\" \/>\n<meta name=\"twitter:card\" content=\"summary_large_image\" \/>\n<meta name=\"twitter:label1\" content=\"Escrito por\" \/>\n\t<meta name=\"twitter:data1\" content=\"useradmin\" \/>\n\t<meta name=\"twitter:label2\" content=\"Tiempo de lectura\" \/>\n\t<meta name=\"twitter:data2\" content=\"3 minutos\" \/>\n<script type=\"application\/ld+json\" class=\"yoast-schema-graph\">{\"@context\":\"https:\/\/schema.org\",\"@graph\":[{\"@type\":\"Article\",\"@id\":\"https:\/\/www.museuolimpicbcn.cat\/es\/xavier-trias-alcalde-de-barcelona-ha-distinguido-a-josep-lluis-vilaseca-y-roma-cuyas-miembros-del-patronato-de-la-fundacion-barcelona-olimpica-con-la-medalla-de-oro-al-merito-deportivo-del-ayuntam\/#article\",\"isPartOf\":{\"@id\":\"https:\/\/www.museuolimpicbcn.cat\/es\/xavier-trias-alcalde-de-barcelona-ha-distinguido-a-josep-lluis-vilaseca-y-roma-cuyas-miembros-del-patronato-de-la-fundacion-barcelona-olimpica-con-la-medalla-de-oro-al-merito-deportivo-del-ayuntam\/\"},\"author\":{\"name\":\"useradmin\",\"@id\":\"https:\/\/www.museuolimpicbcn.cat\/ca\/#\/schema\/person\/d05705664e87aa04c6ce53d48133fb39\"},\"headline\":\"Xavier Trias, alcalde de Barcelona, ha distinguido a Josep Llu\u00eds Vilaseca y Rom\u00e0 Cuy\u00e0s, miembros del patronato de la Fundaci\u00f3n Barcelona Ol\u00edmpica, con la Medalla de Oro al m\u00e9rito deportivo del Ayuntamiento de Barcelona por su contribuci\u00f3n de el \u201c\u00e9xito colectivo\u201d de los JJ.OO. del 92\",\"datePublished\":\"2014-03-19T23:00:00+00:00\",\"dateModified\":\"2014-03-19T23:00:00+00:00\",\"mainEntityOfPage\":{\"@id\":\"https:\/\/www.museuolimpicbcn.cat\/es\/xavier-trias-alcalde-de-barcelona-ha-distinguido-a-josep-lluis-vilaseca-y-roma-cuyas-miembros-del-patronato-de-la-fundacion-barcelona-olimpica-con-la-medalla-de-oro-al-merito-deportivo-del-ayuntam\/\"},\"wordCount\":726,\"commentCount\":4,\"publisher\":{\"@id\":\"https:\/\/www.museuolimpicbcn.cat\/ca\/#organization\"},\"articleSection\":[\"Sin categorizar\"],\"inLanguage\":\"es\",\"potentialAction\":[{\"@type\":\"CommentAction\",\"name\":\"Comment\",\"target\":[\"https:\/\/www.museuolimpicbcn.cat\/es\/xavier-trias-alcalde-de-barcelona-ha-distinguido-a-josep-lluis-vilaseca-y-roma-cuyas-miembros-del-patronato-de-la-fundacion-barcelona-olimpica-con-la-medalla-de-oro-al-merito-deportivo-del-ayuntam\/#respond\"]}]},{\"@type\":\"WebPage\",\"@id\":\"https:\/\/www.museuolimpicbcn.cat\/es\/xavier-trias-alcalde-de-barcelona-ha-distinguido-a-josep-lluis-vilaseca-y-roma-cuyas-miembros-del-patronato-de-la-fundacion-barcelona-olimpica-con-la-medalla-de-oro-al-merito-deportivo-del-ayuntam\/\",\"url\":\"https:\/\/www.museuolimpicbcn.cat\/es\/xavier-trias-alcalde-de-barcelona-ha-distinguido-a-josep-lluis-vilaseca-y-roma-cuyas-miembros-del-patronato-de-la-fundacion-barcelona-olimpica-con-la-medalla-de-oro-al-merito-deportivo-del-ayuntam\/\",\"name\":\"Xavier Trias, alcalde de Barcelona, ha distinguido a Josep Llu\u00eds Vilaseca y Rom\u00e0 Cuy\u00e0s, miembros del patronato de la Fundaci\u00f3n Barcelona Ol\u00edmpica, con la Medalla de Oro al m\u00e9rito deportivo del Ayuntamiento de Barcelona por su contribuci\u00f3n de el \u201c\u00e9xito colectivo\u201d de los JJ.OO. del 92 - Museu Ol\u00edmpic i de l&#039;Esport Joan Antoni Samaranch. Barcelona\",\"isPartOf\":{\"@id\":\"https:\/\/www.museuolimpicbcn.cat\/ca\/#website\"},\"datePublished\":\"2014-03-19T23:00:00+00:00\",\"dateModified\":\"2014-03-19T23:00:00+00:00\",\"breadcrumb\":{\"@id\":\"https:\/\/www.museuolimpicbcn.cat\/es\/xavier-trias-alcalde-de-barcelona-ha-distinguido-a-josep-lluis-vilaseca-y-roma-cuyas-miembros-del-patronato-de-la-fundacion-barcelona-olimpica-con-la-medalla-de-oro-al-merito-deportivo-del-ayuntam\/#breadcrumb\"},\"inLanguage\":\"es\",\"potentialAction\":[{\"@type\":\"ReadAction\",\"target\":[\"https:\/\/www.museuolimpicbcn.cat\/es\/xavier-trias-alcalde-de-barcelona-ha-distinguido-a-josep-lluis-vilaseca-y-roma-cuyas-miembros-del-patronato-de-la-fundacion-barcelona-olimpica-con-la-medalla-de-oro-al-merito-deportivo-del-ayuntam\/\"]}]},{\"@type\":\"BreadcrumbList\",\"@id\":\"https:\/\/www.museuolimpicbcn.cat\/es\/xavier-trias-alcalde-de-barcelona-ha-distinguido-a-josep-lluis-vilaseca-y-roma-cuyas-miembros-del-patronato-de-la-fundacion-barcelona-olimpica-con-la-medalla-de-oro-al-merito-deportivo-del-ayuntam\/#breadcrumb\",\"itemListElement\":[{\"@type\":\"ListItem\",\"position\":1,\"name\":\"Inici\",\"item\":\"https:\/\/www.museuolimpicbcn.cat\/es\/\"},{\"@type\":\"ListItem\",\"position\":2,\"name\":\"Xavier Trias, alcalde de Barcelona, ha distinguido a Josep Llu\u00eds Vilaseca y Rom\u00e0 Cuy\u00e0s, miembros del patronato de la Fundaci\u00f3n Barcelona Ol\u00edmpica, con la Medalla de Oro al m\u00e9rito deportivo del Ayuntamiento de Barcelona por su contribuci\u00f3n de el \u201c\u00e9xito colectivo\u201d de los JJ.OO. del 92\"}]},{\"@type\":\"WebSite\",\"@id\":\"https:\/\/www.museuolimpicbcn.cat\/ca\/#website\",\"url\":\"https:\/\/www.museuolimpicbcn.cat\/ca\/\",\"name\":\"Museu Ol\u00edmpic i de l&#039;Esport Joan Antoni Samaranch. Barcelona\",\"description\":\"Altre lloc Web del Museu Ol\u00edmpic i de l&#039;Esport llocs\",\"publisher\":{\"@id\":\"https:\/\/www.museuolimpicbcn.cat\/ca\/#organization\"},\"potentialAction\":[{\"@type\":\"SearchAction\",\"target\":{\"@type\":\"EntryPoint\",\"urlTemplate\":\"https:\/\/www.museuolimpicbcn.cat\/ca\/?s={search_term_string}\"},\"query-input\":{\"@type\":\"PropertyValueSpecification\",\"valueRequired\":true,\"valueName\":\"search_term_string\"}}],\"inLanguage\":\"es\"},{\"@type\":\"Organization\",\"@id\":\"https:\/\/www.museuolimpicbcn.cat\/ca\/#organization\",\"name\":\"Museu Ol\u00edmpic i de l&#039;Esport Joan Antoni Samaranch. Barcelona\",\"url\":\"https:\/\/www.museuolimpicbcn.cat\/ca\/\",\"logo\":{\"@type\":\"ImageObject\",\"inLanguage\":\"es\",\"@id\":\"https:\/\/www.museuolimpicbcn.cat\/ca\/#\/schema\/logo\/image\/\",\"url\":\"https:\/\/www.museuolimpicbcn.cat\/wp-content\/uploads\/sites\/2\/2018\/12\/logo-moe-header.svg\",\"contentUrl\":\"https:\/\/www.museuolimpicbcn.cat\/wp-content\/uploads\/sites\/2\/2018\/12\/logo-moe-header.svg\",\"caption\":\"Museu Ol\u00edmpic i de l&#039;Esport Joan Antoni Samaranch. Barcelona\"},\"image\":{\"@id\":\"https:\/\/www.museuolimpicbcn.cat\/ca\/#\/schema\/logo\/image\/\"}},{\"@type\":\"Person\",\"@id\":\"https:\/\/www.museuolimpicbcn.cat\/ca\/#\/schema\/person\/d05705664e87aa04c6ce53d48133fb39\",\"name\":\"useradmin\",\"url\":\"https:\/\/www.museuolimpicbcn.cat\/es\/author\/useradmin\/\"}]}<\/script>\n<!-- \/ Yoast SEO plugin. -->","yoast_head_json":{"title":"Xavier Trias, alcalde de Barcelona, ha distinguido a Josep Llu\u00eds Vilaseca y Rom\u00e0 Cuy\u00e0s, miembros del patronato de la Fundaci\u00f3n Barcelona Ol\u00edmpica, con la Medalla de Oro al m\u00e9rito deportivo del Ayuntamiento de Barcelona por su contribuci\u00f3n de el \u201c\u00e9xito colectivo\u201d de los JJ.OO. del 92 - Museu Ol\u00edmpic i de l&#039;Esport Joan Antoni Samaranch. Barcelona","robots":{"index":"index","follow":"follow","max-snippet":"max-snippet:-1","max-image-preview":"max-image-preview:large","max-video-preview":"max-video-preview:-1"},"canonical":"https:\/\/www.museuolimpicbcn.cat\/es\/xavier-trias-alcalde-de-barcelona-ha-distinguido-a-josep-lluis-vilaseca-y-roma-cuyas-miembros-del-patronato-de-la-fundacion-barcelona-olimpica-con-la-medalla-de-oro-al-merito-deportivo-del-ayuntam\/","og_locale":"es_ES","og_type":"article","og_title":"Xavier Trias, alcalde de Barcelona, ha distinguido a Josep Llu\u00eds Vilaseca y Rom\u00e0 Cuy\u00e0s, miembros del patronato de la Fundaci\u00f3n Barcelona Ol\u00edmpica, con la Medalla de Oro al m\u00e9rito deportivo del Ayuntamiento de Barcelona por su contribuci\u00f3n de el \u201c\u00e9xito colectivo\u201d de los JJ.OO. del 92 - Museu Ol\u00edmpic i de l&#039;Esport Joan Antoni Samaranch. Barcelona","og_description":"El alcalde de Barcelona, Xavier Trias, ha entregado hoy la Medalla de Oro al M&eacute;rito Deportivo de Barcelona a Rom&agrave; Cuy&agrave;s y Josep Llu&iacute;s Vilaseca por su contribuci&oacute;n a &ldquo;el &eacute;xito colectivo&rdquo; de los Juegos Ol&iacute;mpicos del 92, &ldquo;de los cuales todos los barceloneses y barcelonesas todav&iacute;a nos sentimos muy orgullosos&rdquo;.&nbsp; &nbsp;","og_url":"https:\/\/www.museuolimpicbcn.cat\/es\/xavier-trias-alcalde-de-barcelona-ha-distinguido-a-josep-lluis-vilaseca-y-roma-cuyas-miembros-del-patronato-de-la-fundacion-barcelona-olimpica-con-la-medalla-de-oro-al-merito-deportivo-del-ayuntam\/","og_site_name":"Museu Ol\u00edmpic i de l&#039;Esport Joan Antoni Samaranch. Barcelona","article_published_time":"2014-03-19T23:00:00+00:00","author":"useradmin","twitter_card":"summary_large_image","twitter_misc":{"Escrito por":"useradmin","Tiempo de lectura":"3 minutos"},"schema":{"@context":"https:\/\/schema.org","@graph":[{"@type":"Article","@id":"https:\/\/www.museuolimpicbcn.cat\/es\/xavier-trias-alcalde-de-barcelona-ha-distinguido-a-josep-lluis-vilaseca-y-roma-cuyas-miembros-del-patronato-de-la-fundacion-barcelona-olimpica-con-la-medalla-de-oro-al-merito-deportivo-del-ayuntam\/#article","isPartOf":{"@id":"https:\/\/www.museuolimpicbcn.cat\/es\/xavier-trias-alcalde-de-barcelona-ha-distinguido-a-josep-lluis-vilaseca-y-roma-cuyas-miembros-del-patronato-de-la-fundacion-barcelona-olimpica-con-la-medalla-de-oro-al-merito-deportivo-del-ayuntam\/"},"author":{"name":"useradmin","@id":"https:\/\/www.museuolimpicbcn.cat\/ca\/#\/schema\/person\/d05705664e87aa04c6ce53d48133fb39"},"headline":"Xavier Trias, alcalde de Barcelona, ha distinguido a Josep Llu\u00eds Vilaseca y Rom\u00e0 Cuy\u00e0s, miembros del patronato de la Fundaci\u00f3n Barcelona Ol\u00edmpica, con la Medalla de Oro al m\u00e9rito deportivo del Ayuntamiento de Barcelona por su contribuci\u00f3n de el \u201c\u00e9xito colectivo\u201d de los JJ.OO. del 92","datePublished":"2014-03-19T23:00:00+00:00","dateModified":"2014-03-19T23:00:00+00:00","mainEntityOfPage":{"@id":"https:\/\/www.museuolimpicbcn.cat\/es\/xavier-trias-alcalde-de-barcelona-ha-distinguido-a-josep-lluis-vilaseca-y-roma-cuyas-miembros-del-patronato-de-la-fundacion-barcelona-olimpica-con-la-medalla-de-oro-al-merito-deportivo-del-ayuntam\/"},"wordCount":726,"commentCount":4,"publisher":{"@id":"https:\/\/www.museuolimpicbcn.cat\/ca\/#organization"},"articleSection":["Sin categorizar"],"inLanguage":"es","potentialAction":[{"@type":"CommentAction","name":"Comment","target":["https:\/\/www.museuolimpicbcn.cat\/es\/xavier-trias-alcalde-de-barcelona-ha-distinguido-a-josep-lluis-vilaseca-y-roma-cuyas-miembros-del-patronato-de-la-fundacion-barcelona-olimpica-con-la-medalla-de-oro-al-merito-deportivo-del-ayuntam\/#respond"]}]},{"@type":"WebPage","@id":"https:\/\/www.museuolimpicbcn.cat\/es\/xavier-trias-alcalde-de-barcelona-ha-distinguido-a-josep-lluis-vilaseca-y-roma-cuyas-miembros-del-patronato-de-la-fundacion-barcelona-olimpica-con-la-medalla-de-oro-al-merito-deportivo-del-ayuntam\/","url":"https:\/\/www.museuolimpicbcn.cat\/es\/xavier-trias-alcalde-de-barcelona-ha-distinguido-a-josep-lluis-vilaseca-y-roma-cuyas-miembros-del-patronato-de-la-fundacion-barcelona-olimpica-con-la-medalla-de-oro-al-merito-deportivo-del-ayuntam\/","name":"Xavier Trias, alcalde de Barcelona, ha distinguido a Josep Llu\u00eds Vilaseca y Rom\u00e0 Cuy\u00e0s, miembros del patronato de la Fundaci\u00f3n Barcelona Ol\u00edmpica, con la Medalla de Oro al m\u00e9rito deportivo del Ayuntamiento de Barcelona por su contribuci\u00f3n de el \u201c\u00e9xito colectivo\u201d de los JJ.OO. del 92 - Museu Ol\u00edmpic i de l&#039;Esport Joan Antoni Samaranch. Barcelona","isPartOf":{"@id":"https:\/\/www.museuolimpicbcn.cat\/ca\/#website"},"datePublished":"2014-03-19T23:00:00+00:00","dateModified":"2014-03-19T23:00:00+00:00","breadcrumb":{"@id":"https:\/\/www.museuolimpicbcn.cat\/es\/xavier-trias-alcalde-de-barcelona-ha-distinguido-a-josep-lluis-vilaseca-y-roma-cuyas-miembros-del-patronato-de-la-fundacion-barcelona-olimpica-con-la-medalla-de-oro-al-merito-deportivo-del-ayuntam\/#breadcrumb"},"inLanguage":"es","potentialAction":[{"@type":"ReadAction","target":["https:\/\/www.museuolimpicbcn.cat\/es\/xavier-trias-alcalde-de-barcelona-ha-distinguido-a-josep-lluis-vilaseca-y-roma-cuyas-miembros-del-patronato-de-la-fundacion-barcelona-olimpica-con-la-medalla-de-oro-al-merito-deportivo-del-ayuntam\/"]}]},{"@type":"BreadcrumbList","@id":"https:\/\/www.museuolimpicbcn.cat\/es\/xavier-trias-alcalde-de-barcelona-ha-distinguido-a-josep-lluis-vilaseca-y-roma-cuyas-miembros-del-patronato-de-la-fundacion-barcelona-olimpica-con-la-medalla-de-oro-al-merito-deportivo-del-ayuntam\/#breadcrumb","itemListElement":[{"@type":"ListItem","position":1,"name":"Inici","item":"https:\/\/www.museuolimpicbcn.cat\/es\/"},{"@type":"ListItem","position":2,"name":"Xavier Trias, alcalde de Barcelona, ha distinguido a Josep Llu\u00eds Vilaseca y Rom\u00e0 Cuy\u00e0s, miembros del patronato de la Fundaci\u00f3n Barcelona Ol\u00edmpica, con la Medalla de Oro al m\u00e9rito deportivo del Ayuntamiento de Barcelona por su contribuci\u00f3n de el \u201c\u00e9xito colectivo\u201d de los JJ.OO. del 92"}]},{"@type":"WebSite","@id":"https:\/\/www.museuolimpicbcn.cat\/ca\/#website","url":"https:\/\/www.museuolimpicbcn.cat\/ca\/","name":"Museu Ol\u00edmpic i de l&#039;Esport Joan Antoni Samaranch. Barcelona","description":"Altre lloc Web del Museu Ol\u00edmpic i de l&#039;Esport llocs","publisher":{"@id":"https:\/\/www.museuolimpicbcn.cat\/ca\/#organization"},"potentialAction":[{"@type":"SearchAction","target":{"@type":"EntryPoint","urlTemplate":"https:\/\/www.museuolimpicbcn.cat\/ca\/?s={search_term_string}"},"query-input":{"@type":"PropertyValueSpecification","valueRequired":true,"valueName":"search_term_string"}}],"inLanguage":"es"},{"@type":"Organization","@id":"https:\/\/www.museuolimpicbcn.cat\/ca\/#organization","name":"Museu Ol\u00edmpic i de l&#039;Esport Joan Antoni Samaranch. Barcelona","url":"https:\/\/www.museuolimpicbcn.cat\/ca\/","logo":{"@type":"ImageObject","inLanguage":"es","@id":"https:\/\/www.museuolimpicbcn.cat\/ca\/#\/schema\/logo\/image\/","url":"https:\/\/www.museuolimpicbcn.cat\/wp-content\/uploads\/sites\/2\/2018\/12\/logo-moe-header.svg","contentUrl":"https:\/\/www.museuolimpicbcn.cat\/wp-content\/uploads\/sites\/2\/2018\/12\/logo-moe-header.svg","caption":"Museu Ol\u00edmpic i de l&#039;Esport Joan Antoni Samaranch. Barcelona"},"image":{"@id":"https:\/\/www.museuolimpicbcn.cat\/ca\/#\/schema\/logo\/image\/"}},{"@type":"Person","@id":"https:\/\/www.museuolimpicbcn.cat\/ca\/#\/schema\/person\/d05705664e87aa04c6ce53d48133fb39","name":"useradmin","url":"https:\/\/www.museuolimpicbcn.cat\/es\/author\/useradmin\/"}]}},"_links":{"self":[{"href":"https:\/\/www.museuolimpicbcn.cat\/es\/wp-json\/wp\/v2\/posts\/11125"}],"collection":[{"href":"https:\/\/www.museuolimpicbcn.cat\/es\/wp-json\/wp\/v2\/posts"}],"about":[{"href":"https:\/\/www.museuolimpicbcn.cat\/es\/wp-json\/wp\/v2\/types\/post"}],"author":[{"embeddable":true,"href":"https:\/\/www.museuolimpicbcn.cat\/es\/wp-json\/wp\/v2\/users\/1"}],"replies":[{"embeddable":true,"href":"https:\/\/www.museuolimpicbcn.cat\/es\/wp-json\/wp\/v2\/comments?post=11125"}],"version-history":[{"count":0,"href":"https:\/\/www.museuolimpicbcn.cat\/es\/wp-json\/wp\/v2\/posts\/11125\/revisions"}],"wp:attachment":[{"href":"https:\/\/www.museuolimpicbcn.cat\/es\/wp-json\/wp\/v2\/media?parent=11125"}],"wp:term":[{"taxonomy":"category","embeddable":true,"href":"https:\/\/www.museuolimpicbcn.cat\/es\/wp-json\/wp\/v2\/categories?post=11125"},{"taxonomy":"post_tag","embeddable":true,"href":"https:\/\/www.museuolimpicbcn.cat\/es\/wp-json\/wp\/v2\/tags?post=11125"}],"curies":[{"name":"wp","href":"https:\/\/api.w.org\/{rel}","templated":true}]}}