{"id":11168,"date":"2014-04-08T00:00:00","date_gmt":"2014-04-07T22:00:00","guid":{"rendered":"http:\/\/dev.museuolimpicbcn.cat\/avelino-pi-fotografo-consagrado-en-el-mundo-de-la-fotografia-olimpica-ha-inaugurado-su-exposicion-bajo-la-atenta-mirada-de-maria-teresa-samaranch-miembro-del-patronato-de-la-fundacio-barcelona-olim\/"},"modified":"2014-04-08T00:00:00","modified_gmt":"2014-04-07T22:00:00","slug":"avelino-pi-fotografo-consagrado-en-el-mundo-de-la-fotografia-olimpica-ha-inaugurado-su-exposicion-bajo-la-atenta-mirada-de-maria-teresa-samaranch-miembro-del-patronato-de-la-fundacio-barcelona-olim","status":"publish","type":"post","link":"https:\/\/www.museuolimpicbcn.cat\/es\/avelino-pi-fotografo-consagrado-en-el-mundo-de-la-fotografia-olimpica-ha-inaugurado-su-exposicion-bajo-la-atenta-mirada-de-maria-teresa-samaranch-miembro-del-patronato-de-la-fundacio-barcelona-olim\/","title":{"rendered":"Avelino Pi, fot\u00f3grafo consagrado en el mundo de la fotograf\u00eda ol\u00edmpica, ha inaugurado su exposici\u00f3n bajo la atenta mirada de Mar\u00eda Teresa Samaranch, miembro del patronato de la Fundaci\u00f3 Barcelona Ol\u00edmpica"},"content":{"rendered":"<p>&ldquo;El deporte es como la vida&rdquo;, suele decir Avelino Pi. Por eso, a lo largo de su dilatada carrera como fot&oacute;grafo, ha prestado especial atenci&oacute;n a las emociones que inundan el deporte.<\/p>\n<p>La obra de Avelino Pi es un gran mosaico de los sentimientos que se encuentran en la competici&oacute;n y, a su vez, tambi&eacute;n refleja la agitaci&oacute;n del entorno, del p&uacute;blico, de los periodistas, de los estadios&hellip;&nbsp; Todas las expresiones del deporte hallan su lugar en las fotograf&iacute;as de Avelino Pi.<\/p>\n<p>En esta muestra se presentan una veintena de fotograf&iacute;as que quieren proyectar la vivencia ol&iacute;mpica: mujeres y hombres que viven el deporte, ciudades que vibran con los encuentros ol&iacute;mpicos, deportistas y periodistas que trabajan apasionadamente. Siempre atento al matiz, al detalle humano, tanto dentro de la competici&oacute;n como fuera de la pista. Im&aacute;genes impactantes de&nbsp; la gran fiesta del deporte, los Juegos Ol&iacute;mpicos.&nbsp;<\/p>\n<p>Avelino Pi (Barcelona, 1933) ha fotografiado ocho Juegos Ol&iacute;mpicos, de Munich a Atenas, e innumerables competiciones de todos los deportes. Entre 1981 y 1985, durante los primeros a&ntilde;os de la presidencia de J. A. Samaranch, trabaj&oacute; como fot&oacute;grafo oficial de Comit&eacute; Ol&iacute;mpico Internacional.<\/p>\n<p>&nbsp;<\/p>\n","protected":false},"excerpt":{"rendered":"<p>Mar&iacute;a Teresa Samaranch ha destacado la estrecha relaci&oacute;n que el Avelino Pi manten&iacute;a con su padre, Juan Antonio Samaranch, a quien consideraba un gran profesional y amigo.&nbsp; Al acto acudieron Xavier Amador, director de Relaciones Intitucionales del area de calidad de vida, igualdad y deportes; Josep Llu&iacute;s Vilaseca, exsecretario General del Deporte, amigos y falmiliares.<\/p>\n","protected":false},"author":1,"featured_media":0,"comment_status":"open","ping_status":"open","sticky":false,"template":"","format":"standard","meta":{"_acf_changed":false,"_price":"","_stock":"","_tribe_ticket_header":"","_tribe_default_ticket_provider":"","_tribe_ticket_capacity":"0","_ticket_start_date":"","_ticket_end_date":"","_tribe_ticket_show_description":"","_tribe_ticket_show_not_going":false,"_tribe_ticket_use_global_stock":"","_tribe_ticket_global_stock_level":"","_global_stock_mode":"","_global_stock_cap":"","_tribe_rsvp_for_event":"","_tribe_ticket_going_count":"","_tribe_ticket_not_going_count":"","_tribe_tickets_list":"[]","_tribe_ticket_has_attendee_info_fields":false,"footnotes":""},"categories":[3],"tags":[],"class_list":["post-11168","post","type-post","status-publish","format-standard","hentry","category-sin-categorizar"],"acf":[],"yoast_head":"<!-- This site is optimized with the Yoast SEO plugin v23.7 - https:\/\/yoast.com\/wordpress\/plugins\/seo\/ -->\n<title>Avelino Pi, fot\u00f3grafo consagrado en el mundo de la fotograf\u00eda ol\u00edmpica, ha inaugurado su exposici\u00f3n bajo la atenta mirada de Mar\u00eda Teresa Samaranch, miembro del patronato de la Fundaci\u00f3 Barcelona Ol\u00edmpica - Museu Ol\u00edmpic i de l&#039;Esport Joan Antoni Samaranch. Barcelona<\/title>\n<meta name=\"robots\" content=\"index, follow, max-snippet:-1, max-image-preview:large, max-video-preview:-1\" \/>\n<link rel=\"canonical\" href=\"https:\/\/www.museuolimpicbcn.cat\/es\/avelino-pi-fotografo-consagrado-en-el-mundo-de-la-fotografia-olimpica-ha-inaugurado-su-exposicion-bajo-la-atenta-mirada-de-maria-teresa-samaranch-miembro-del-patronato-de-la-fundacio-barcelona-olim\/\" \/>\n<meta property=\"og:locale\" content=\"es_ES\" \/>\n<meta property=\"og:type\" content=\"article\" \/>\n<meta property=\"og:title\" content=\"Avelino Pi, fot\u00f3grafo consagrado en el mundo de la fotograf\u00eda ol\u00edmpica, ha inaugurado su exposici\u00f3n bajo la atenta mirada de Mar\u00eda Teresa Samaranch, miembro del patronato de la Fundaci\u00f3 Barcelona Ol\u00edmpica - Museu Ol\u00edmpic i de l&#039;Esport Joan Antoni Samaranch. Barcelona\" \/>\n<meta property=\"og:description\" content=\"Mar&iacute;a Teresa Samaranch ha destacado la estrecha relaci&oacute;n que el Avelino Pi manten&iacute;a con su padre, Juan Antonio Samaranch, a quien consideraba un gran profesional y amigo.&nbsp; Al acto acudieron Xavier Amador, director de Relaciones Intitucionales del area de calidad de vida, igualdad y deportes; Josep Llu&iacute;s Vilaseca, exsecretario General del Deporte, amigos y falmiliares.\" \/>\n<meta property=\"og:url\" content=\"https:\/\/www.museuolimpicbcn.cat\/es\/avelino-pi-fotografo-consagrado-en-el-mundo-de-la-fotografia-olimpica-ha-inaugurado-su-exposicion-bajo-la-atenta-mirada-de-maria-teresa-samaranch-miembro-del-patronato-de-la-fundacio-barcelona-olim\/\" \/>\n<meta property=\"og:site_name\" content=\"Museu Ol\u00edmpic i de l&#039;Esport Joan Antoni Samaranch. Barcelona\" \/>\n<meta property=\"article:published_time\" content=\"2014-04-07T22:00:00+00:00\" \/>\n<meta name=\"author\" content=\"useradmin\" \/>\n<meta name=\"twitter:card\" content=\"summary_large_image\" \/>\n<meta name=\"twitter:label1\" content=\"Escrito por\" \/>\n\t<meta name=\"twitter:data1\" content=\"useradmin\" \/>\n\t<meta name=\"twitter:label2\" content=\"Tiempo de lectura\" \/>\n\t<meta name=\"twitter:data2\" content=\"1 minuto\" \/>\n<script type=\"application\/ld+json\" class=\"yoast-schema-graph\">{\"@context\":\"https:\/\/schema.org\",\"@graph\":[{\"@type\":\"Article\",\"@id\":\"https:\/\/www.museuolimpicbcn.cat\/es\/avelino-pi-fotografo-consagrado-en-el-mundo-de-la-fotografia-olimpica-ha-inaugurado-su-exposicion-bajo-la-atenta-mirada-de-maria-teresa-samaranch-miembro-del-patronato-de-la-fundacio-barcelona-olim\/#article\",\"isPartOf\":{\"@id\":\"https:\/\/www.museuolimpicbcn.cat\/es\/avelino-pi-fotografo-consagrado-en-el-mundo-de-la-fotografia-olimpica-ha-inaugurado-su-exposicion-bajo-la-atenta-mirada-de-maria-teresa-samaranch-miembro-del-patronato-de-la-fundacio-barcelona-olim\/\"},\"author\":{\"name\":\"useradmin\",\"@id\":\"https:\/\/www.museuolimpicbcn.cat\/ca\/#\/schema\/person\/d05705664e87aa04c6ce53d48133fb39\"},\"headline\":\"Avelino Pi, fot\u00f3grafo consagrado en el mundo de la fotograf\u00eda ol\u00edmpica, ha inaugurado su exposici\u00f3n bajo la atenta mirada de Mar\u00eda Teresa Samaranch, miembro del patronato de la Fundaci\u00f3 Barcelona Ol\u00edmpica\",\"datePublished\":\"2014-04-07T22:00:00+00:00\",\"dateModified\":\"2014-04-07T22:00:00+00:00\",\"mainEntityOfPage\":{\"@id\":\"https:\/\/www.museuolimpicbcn.cat\/es\/avelino-pi-fotografo-consagrado-en-el-mundo-de-la-fotografia-olimpica-ha-inaugurado-su-exposicion-bajo-la-atenta-mirada-de-maria-teresa-samaranch-miembro-del-patronato-de-la-fundacio-barcelona-olim\/\"},\"wordCount\":265,\"commentCount\":5,\"publisher\":{\"@id\":\"https:\/\/www.museuolimpicbcn.cat\/ca\/#organization\"},\"articleSection\":[\"Sin categorizar\"],\"inLanguage\":\"es\",\"potentialAction\":[{\"@type\":\"CommentAction\",\"name\":\"Comment\",\"target\":[\"https:\/\/www.museuolimpicbcn.cat\/es\/avelino-pi-fotografo-consagrado-en-el-mundo-de-la-fotografia-olimpica-ha-inaugurado-su-exposicion-bajo-la-atenta-mirada-de-maria-teresa-samaranch-miembro-del-patronato-de-la-fundacio-barcelona-olim\/#respond\"]}]},{\"@type\":\"WebPage\",\"@id\":\"https:\/\/www.museuolimpicbcn.cat\/es\/avelino-pi-fotografo-consagrado-en-el-mundo-de-la-fotografia-olimpica-ha-inaugurado-su-exposicion-bajo-la-atenta-mirada-de-maria-teresa-samaranch-miembro-del-patronato-de-la-fundacio-barcelona-olim\/\",\"url\":\"https:\/\/www.museuolimpicbcn.cat\/es\/avelino-pi-fotografo-consagrado-en-el-mundo-de-la-fotografia-olimpica-ha-inaugurado-su-exposicion-bajo-la-atenta-mirada-de-maria-teresa-samaranch-miembro-del-patronato-de-la-fundacio-barcelona-olim\/\",\"name\":\"Avelino Pi, fot\u00f3grafo consagrado en el mundo de la fotograf\u00eda ol\u00edmpica, ha inaugurado su exposici\u00f3n bajo la atenta mirada de Mar\u00eda Teresa Samaranch, miembro del patronato de la Fundaci\u00f3 Barcelona Ol\u00edmpica - Museu Ol\u00edmpic i de l&#039;Esport Joan Antoni Samaranch. Barcelona\",\"isPartOf\":{\"@id\":\"https:\/\/www.museuolimpicbcn.cat\/ca\/#website\"},\"datePublished\":\"2014-04-07T22:00:00+00:00\",\"dateModified\":\"2014-04-07T22:00:00+00:00\",\"breadcrumb\":{\"@id\":\"https:\/\/www.museuolimpicbcn.cat\/es\/avelino-pi-fotografo-consagrado-en-el-mundo-de-la-fotografia-olimpica-ha-inaugurado-su-exposicion-bajo-la-atenta-mirada-de-maria-teresa-samaranch-miembro-del-patronato-de-la-fundacio-barcelona-olim\/#breadcrumb\"},\"inLanguage\":\"es\",\"potentialAction\":[{\"@type\":\"ReadAction\",\"target\":[\"https:\/\/www.museuolimpicbcn.cat\/es\/avelino-pi-fotografo-consagrado-en-el-mundo-de-la-fotografia-olimpica-ha-inaugurado-su-exposicion-bajo-la-atenta-mirada-de-maria-teresa-samaranch-miembro-del-patronato-de-la-fundacio-barcelona-olim\/\"]}]},{\"@type\":\"BreadcrumbList\",\"@id\":\"https:\/\/www.museuolimpicbcn.cat\/es\/avelino-pi-fotografo-consagrado-en-el-mundo-de-la-fotografia-olimpica-ha-inaugurado-su-exposicion-bajo-la-atenta-mirada-de-maria-teresa-samaranch-miembro-del-patronato-de-la-fundacio-barcelona-olim\/#breadcrumb\",\"itemListElement\":[{\"@type\":\"ListItem\",\"position\":1,\"name\":\"Inici\",\"item\":\"https:\/\/www.museuolimpicbcn.cat\/es\/\"},{\"@type\":\"ListItem\",\"position\":2,\"name\":\"Avelino Pi, fot\u00f3grafo consagrado en el mundo de la fotograf\u00eda ol\u00edmpica, ha inaugurado su exposici\u00f3n bajo la atenta mirada de Mar\u00eda Teresa Samaranch, miembro del patronato de la Fundaci\u00f3 Barcelona Ol\u00edmpica\"}]},{\"@type\":\"WebSite\",\"@id\":\"https:\/\/www.museuolimpicbcn.cat\/ca\/#website\",\"url\":\"https:\/\/www.museuolimpicbcn.cat\/ca\/\",\"name\":\"Museu Ol\u00edmpic i de l&#039;Esport Joan Antoni Samaranch. Barcelona\",\"description\":\"Altre lloc Web del Museu Ol\u00edmpic i de l&#039;Esport llocs\",\"publisher\":{\"@id\":\"https:\/\/www.museuolimpicbcn.cat\/ca\/#organization\"},\"potentialAction\":[{\"@type\":\"SearchAction\",\"target\":{\"@type\":\"EntryPoint\",\"urlTemplate\":\"https:\/\/www.museuolimpicbcn.cat\/ca\/?s={search_term_string}\"},\"query-input\":{\"@type\":\"PropertyValueSpecification\",\"valueRequired\":true,\"valueName\":\"search_term_string\"}}],\"inLanguage\":\"es\"},{\"@type\":\"Organization\",\"@id\":\"https:\/\/www.museuolimpicbcn.cat\/ca\/#organization\",\"name\":\"Museu Ol\u00edmpic i de l&#039;Esport Joan Antoni Samaranch. Barcelona\",\"url\":\"https:\/\/www.museuolimpicbcn.cat\/ca\/\",\"logo\":{\"@type\":\"ImageObject\",\"inLanguage\":\"es\",\"@id\":\"https:\/\/www.museuolimpicbcn.cat\/ca\/#\/schema\/logo\/image\/\",\"url\":\"https:\/\/www.museuolimpicbcn.cat\/wp-content\/uploads\/sites\/2\/2018\/12\/logo-moe-header.svg\",\"contentUrl\":\"https:\/\/www.museuolimpicbcn.cat\/wp-content\/uploads\/sites\/2\/2018\/12\/logo-moe-header.svg\",\"caption\":\"Museu Ol\u00edmpic i de l&#039;Esport Joan Antoni Samaranch. Barcelona\"},\"image\":{\"@id\":\"https:\/\/www.museuolimpicbcn.cat\/ca\/#\/schema\/logo\/image\/\"}},{\"@type\":\"Person\",\"@id\":\"https:\/\/www.museuolimpicbcn.cat\/ca\/#\/schema\/person\/d05705664e87aa04c6ce53d48133fb39\",\"name\":\"useradmin\",\"url\":\"https:\/\/www.museuolimpicbcn.cat\/es\/author\/useradmin\/\"}]}<\/script>\n<!-- \/ Yoast SEO plugin. -->","yoast_head_json":{"title":"Avelino Pi, fot\u00f3grafo consagrado en el mundo de la fotograf\u00eda ol\u00edmpica, ha inaugurado su exposici\u00f3n bajo la atenta mirada de Mar\u00eda Teresa Samaranch, miembro del patronato de la Fundaci\u00f3 Barcelona Ol\u00edmpica - Museu Ol\u00edmpic i de l&#039;Esport Joan Antoni Samaranch. Barcelona","robots":{"index":"index","follow":"follow","max-snippet":"max-snippet:-1","max-image-preview":"max-image-preview:large","max-video-preview":"max-video-preview:-1"},"canonical":"https:\/\/www.museuolimpicbcn.cat\/es\/avelino-pi-fotografo-consagrado-en-el-mundo-de-la-fotografia-olimpica-ha-inaugurado-su-exposicion-bajo-la-atenta-mirada-de-maria-teresa-samaranch-miembro-del-patronato-de-la-fundacio-barcelona-olim\/","og_locale":"es_ES","og_type":"article","og_title":"Avelino Pi, fot\u00f3grafo consagrado en el mundo de la fotograf\u00eda ol\u00edmpica, ha inaugurado su exposici\u00f3n bajo la atenta mirada de Mar\u00eda Teresa Samaranch, miembro del patronato de la Fundaci\u00f3 Barcelona Ol\u00edmpica - Museu Ol\u00edmpic i de l&#039;Esport Joan Antoni Samaranch. Barcelona","og_description":"Mar&iacute;a Teresa Samaranch ha destacado la estrecha relaci&oacute;n que el Avelino Pi manten&iacute;a con su padre, Juan Antonio Samaranch, a quien consideraba un gran profesional y amigo.&nbsp; Al acto acudieron Xavier Amador, director de Relaciones Intitucionales del area de calidad de vida, igualdad y deportes; Josep Llu&iacute;s Vilaseca, exsecretario General del Deporte, amigos y falmiliares.","og_url":"https:\/\/www.museuolimpicbcn.cat\/es\/avelino-pi-fotografo-consagrado-en-el-mundo-de-la-fotografia-olimpica-ha-inaugurado-su-exposicion-bajo-la-atenta-mirada-de-maria-teresa-samaranch-miembro-del-patronato-de-la-fundacio-barcelona-olim\/","og_site_name":"Museu Ol\u00edmpic i de l&#039;Esport Joan Antoni Samaranch. Barcelona","article_published_time":"2014-04-07T22:00:00+00:00","author":"useradmin","twitter_card":"summary_large_image","twitter_misc":{"Escrito por":"useradmin","Tiempo de lectura":"1 minuto"},"schema":{"@context":"https:\/\/schema.org","@graph":[{"@type":"Article","@id":"https:\/\/www.museuolimpicbcn.cat\/es\/avelino-pi-fotografo-consagrado-en-el-mundo-de-la-fotografia-olimpica-ha-inaugurado-su-exposicion-bajo-la-atenta-mirada-de-maria-teresa-samaranch-miembro-del-patronato-de-la-fundacio-barcelona-olim\/#article","isPartOf":{"@id":"https:\/\/www.museuolimpicbcn.cat\/es\/avelino-pi-fotografo-consagrado-en-el-mundo-de-la-fotografia-olimpica-ha-inaugurado-su-exposicion-bajo-la-atenta-mirada-de-maria-teresa-samaranch-miembro-del-patronato-de-la-fundacio-barcelona-olim\/"},"author":{"name":"useradmin","@id":"https:\/\/www.museuolimpicbcn.cat\/ca\/#\/schema\/person\/d05705664e87aa04c6ce53d48133fb39"},"headline":"Avelino Pi, fot\u00f3grafo consagrado en el mundo de la fotograf\u00eda ol\u00edmpica, ha inaugurado su exposici\u00f3n bajo la atenta mirada de Mar\u00eda Teresa Samaranch, miembro del patronato de la Fundaci\u00f3 Barcelona Ol\u00edmpica","datePublished":"2014-04-07T22:00:00+00:00","dateModified":"2014-04-07T22:00:00+00:00","mainEntityOfPage":{"@id":"https:\/\/www.museuolimpicbcn.cat\/es\/avelino-pi-fotografo-consagrado-en-el-mundo-de-la-fotografia-olimpica-ha-inaugurado-su-exposicion-bajo-la-atenta-mirada-de-maria-teresa-samaranch-miembro-del-patronato-de-la-fundacio-barcelona-olim\/"},"wordCount":265,"commentCount":5,"publisher":{"@id":"https:\/\/www.museuolimpicbcn.cat\/ca\/#organization"},"articleSection":["Sin categorizar"],"inLanguage":"es","potentialAction":[{"@type":"CommentAction","name":"Comment","target":["https:\/\/www.museuolimpicbcn.cat\/es\/avelino-pi-fotografo-consagrado-en-el-mundo-de-la-fotografia-olimpica-ha-inaugurado-su-exposicion-bajo-la-atenta-mirada-de-maria-teresa-samaranch-miembro-del-patronato-de-la-fundacio-barcelona-olim\/#respond"]}]},{"@type":"WebPage","@id":"https:\/\/www.museuolimpicbcn.cat\/es\/avelino-pi-fotografo-consagrado-en-el-mundo-de-la-fotografia-olimpica-ha-inaugurado-su-exposicion-bajo-la-atenta-mirada-de-maria-teresa-samaranch-miembro-del-patronato-de-la-fundacio-barcelona-olim\/","url":"https:\/\/www.museuolimpicbcn.cat\/es\/avelino-pi-fotografo-consagrado-en-el-mundo-de-la-fotografia-olimpica-ha-inaugurado-su-exposicion-bajo-la-atenta-mirada-de-maria-teresa-samaranch-miembro-del-patronato-de-la-fundacio-barcelona-olim\/","name":"Avelino Pi, fot\u00f3grafo consagrado en el mundo de la fotograf\u00eda ol\u00edmpica, ha inaugurado su exposici\u00f3n bajo la atenta mirada de Mar\u00eda Teresa Samaranch, miembro del patronato de la Fundaci\u00f3 Barcelona Ol\u00edmpica - Museu Ol\u00edmpic i de l&#039;Esport Joan Antoni Samaranch. Barcelona","isPartOf":{"@id":"https:\/\/www.museuolimpicbcn.cat\/ca\/#website"},"datePublished":"2014-04-07T22:00:00+00:00","dateModified":"2014-04-07T22:00:00+00:00","breadcrumb":{"@id":"https:\/\/www.museuolimpicbcn.cat\/es\/avelino-pi-fotografo-consagrado-en-el-mundo-de-la-fotografia-olimpica-ha-inaugurado-su-exposicion-bajo-la-atenta-mirada-de-maria-teresa-samaranch-miembro-del-patronato-de-la-fundacio-barcelona-olim\/#breadcrumb"},"inLanguage":"es","potentialAction":[{"@type":"ReadAction","target":["https:\/\/www.museuolimpicbcn.cat\/es\/avelino-pi-fotografo-consagrado-en-el-mundo-de-la-fotografia-olimpica-ha-inaugurado-su-exposicion-bajo-la-atenta-mirada-de-maria-teresa-samaranch-miembro-del-patronato-de-la-fundacio-barcelona-olim\/"]}]},{"@type":"BreadcrumbList","@id":"https:\/\/www.museuolimpicbcn.cat\/es\/avelino-pi-fotografo-consagrado-en-el-mundo-de-la-fotografia-olimpica-ha-inaugurado-su-exposicion-bajo-la-atenta-mirada-de-maria-teresa-samaranch-miembro-del-patronato-de-la-fundacio-barcelona-olim\/#breadcrumb","itemListElement":[{"@type":"ListItem","position":1,"name":"Inici","item":"https:\/\/www.museuolimpicbcn.cat\/es\/"},{"@type":"ListItem","position":2,"name":"Avelino Pi, fot\u00f3grafo consagrado en el mundo de la fotograf\u00eda ol\u00edmpica, ha inaugurado su exposici\u00f3n bajo la atenta mirada de Mar\u00eda Teresa Samaranch, miembro del patronato de la Fundaci\u00f3 Barcelona Ol\u00edmpica"}]},{"@type":"WebSite","@id":"https:\/\/www.museuolimpicbcn.cat\/ca\/#website","url":"https:\/\/www.museuolimpicbcn.cat\/ca\/","name":"Museu Ol\u00edmpic i de l&#039;Esport Joan Antoni Samaranch. Barcelona","description":"Altre lloc Web del Museu Ol\u00edmpic i de l&#039;Esport llocs","publisher":{"@id":"https:\/\/www.museuolimpicbcn.cat\/ca\/#organization"},"potentialAction":[{"@type":"SearchAction","target":{"@type":"EntryPoint","urlTemplate":"https:\/\/www.museuolimpicbcn.cat\/ca\/?s={search_term_string}"},"query-input":{"@type":"PropertyValueSpecification","valueRequired":true,"valueName":"search_term_string"}}],"inLanguage":"es"},{"@type":"Organization","@id":"https:\/\/www.museuolimpicbcn.cat\/ca\/#organization","name":"Museu Ol\u00edmpic i de l&#039;Esport Joan Antoni Samaranch. Barcelona","url":"https:\/\/www.museuolimpicbcn.cat\/ca\/","logo":{"@type":"ImageObject","inLanguage":"es","@id":"https:\/\/www.museuolimpicbcn.cat\/ca\/#\/schema\/logo\/image\/","url":"https:\/\/www.museuolimpicbcn.cat\/wp-content\/uploads\/sites\/2\/2018\/12\/logo-moe-header.svg","contentUrl":"https:\/\/www.museuolimpicbcn.cat\/wp-content\/uploads\/sites\/2\/2018\/12\/logo-moe-header.svg","caption":"Museu Ol\u00edmpic i de l&#039;Esport Joan Antoni Samaranch. Barcelona"},"image":{"@id":"https:\/\/www.museuolimpicbcn.cat\/ca\/#\/schema\/logo\/image\/"}},{"@type":"Person","@id":"https:\/\/www.museuolimpicbcn.cat\/ca\/#\/schema\/person\/d05705664e87aa04c6ce53d48133fb39","name":"useradmin","url":"https:\/\/www.museuolimpicbcn.cat\/es\/author\/useradmin\/"}]}},"_links":{"self":[{"href":"https:\/\/www.museuolimpicbcn.cat\/es\/wp-json\/wp\/v2\/posts\/11168"}],"collection":[{"href":"https:\/\/www.museuolimpicbcn.cat\/es\/wp-json\/wp\/v2\/posts"}],"about":[{"href":"https:\/\/www.museuolimpicbcn.cat\/es\/wp-json\/wp\/v2\/types\/post"}],"author":[{"embeddable":true,"href":"https:\/\/www.museuolimpicbcn.cat\/es\/wp-json\/wp\/v2\/users\/1"}],"replies":[{"embeddable":true,"href":"https:\/\/www.museuolimpicbcn.cat\/es\/wp-json\/wp\/v2\/comments?post=11168"}],"version-history":[{"count":0,"href":"https:\/\/www.museuolimpicbcn.cat\/es\/wp-json\/wp\/v2\/posts\/11168\/revisions"}],"wp:attachment":[{"href":"https:\/\/www.museuolimpicbcn.cat\/es\/wp-json\/wp\/v2\/media?parent=11168"}],"wp:term":[{"taxonomy":"category","embeddable":true,"href":"https:\/\/www.museuolimpicbcn.cat\/es\/wp-json\/wp\/v2\/categories?post=11168"},{"taxonomy":"post_tag","embeddable":true,"href":"https:\/\/www.museuolimpicbcn.cat\/es\/wp-json\/wp\/v2\/tags?post=11168"}],"curies":[{"name":"wp","href":"https:\/\/api.w.org\/{rel}","templated":true}]}}