{"id":11202,"date":"2014-04-24T00:00:00","date_gmt":"2014-04-23T22:00:00","guid":{"rendered":"http:\/\/dev.museuolimpicbcn.cat\/tomas-barris-y-roma-cuyas-invitados-de-excepcion-del-aula-de-historia\/"},"modified":"2014-04-24T00:00:00","modified_gmt":"2014-04-23T22:00:00","slug":"tomas-barris-y-roma-cuyas-invitados-de-excepcion-del-aula-de-historia","status":"publish","type":"post","link":"https:\/\/www.museuolimpicbcn.cat\/es\/tomas-barris-y-roma-cuyas-invitados-de-excepcion-del-aula-de-historia\/","title":{"rendered":"Tom\u00e1s Barris y Rom\u00e0 Cuy\u00e0s invitados de excepci\u00f3n del Aula de Historia"},"content":{"rendered":"<p>La sesi&oacute;n ha contado con el testimonio de primera mano de dos de sus protagonistas, Tom&aacute;s Barris, corredor, y Rom&agrave; Cuy&agrave;s, miembro de la organizaci&oacute;n. Los estudiantes han podido contextualizar el momento gracias a un documental hist&oacute;rico donde se relata el recorrido del &Aacute;nfora, s&iacute;mbolo de aquellos Juegos.<\/p>\n<\/p>\n<p>&nbsp;<\/p>\n","protected":false},"excerpt":{"rendered":"<p>Estudiantes de primero de ciencias de la Educaci&oacute;n F&iacute;sica del INEFC y de la Universidad Blanquerna&nbsp; han acudido al Museu Ol&iacute;mpic i de l&rsquo;Esport con motivo de la sesi&oacute;n del <em>Aula de Historia<\/em> dedicada a los Juegos del Mediterr&aacute;neo de 1955.&nbsp;<\/p>\n<p>&nbsp;<\/p>\n","protected":false},"author":1,"featured_media":0,"comment_status":"open","ping_status":"open","sticky":false,"template":"","format":"standard","meta":{"_acf_changed":false,"_price":"","_stock":"","_tribe_ticket_header":"","_tribe_default_ticket_provider":"","_tribe_ticket_capacity":"0","_ticket_start_date":"","_ticket_end_date":"","_tribe_ticket_show_description":"","_tribe_ticket_show_not_going":false,"_tribe_ticket_use_global_stock":"","_tribe_ticket_global_stock_level":"","_global_stock_mode":"","_global_stock_cap":"","_tribe_rsvp_for_event":"","_tribe_ticket_going_count":"","_tribe_ticket_not_going_count":"","_tribe_tickets_list":"[]","_tribe_ticket_has_attendee_info_fields":false,"footnotes":""},"categories":[3],"tags":[],"class_list":["post-11202","post","type-post","status-publish","format-standard","hentry","category-sin-categorizar"],"acf":[],"yoast_head":"<!-- This site is optimized with the Yoast SEO plugin v23.7 - https:\/\/yoast.com\/wordpress\/plugins\/seo\/ -->\n<title>Tom\u00e1s Barris y Rom\u00e0 Cuy\u00e0s invitados de excepci\u00f3n del Aula de Historia - Museu Ol\u00edmpic i de l&#039;Esport Joan Antoni Samaranch. Barcelona<\/title>\n<meta name=\"robots\" content=\"index, follow, max-snippet:-1, max-image-preview:large, max-video-preview:-1\" \/>\n<link rel=\"canonical\" href=\"https:\/\/www.museuolimpicbcn.cat\/es\/tomas-barris-y-roma-cuyas-invitados-de-excepcion-del-aula-de-historia\/\" \/>\n<meta property=\"og:locale\" content=\"es_ES\" \/>\n<meta property=\"og:type\" content=\"article\" \/>\n<meta property=\"og:title\" content=\"Tom\u00e1s Barris y Rom\u00e0 Cuy\u00e0s invitados de excepci\u00f3n del Aula de Historia - Museu Ol\u00edmpic i de l&#039;Esport Joan Antoni Samaranch. Barcelona\" \/>\n<meta property=\"og:description\" content=\"Estudiantes de primero de ciencias de la Educaci&oacute;n F&iacute;sica del INEFC y de la Universidad Blanquerna&nbsp; han acudido al Museu Ol&iacute;mpic i de l&rsquo;Esport con motivo de la sesi&oacute;n del Aula de Historia dedicada a los Juegos del Mediterr&aacute;neo de 1955.&nbsp; &nbsp;\" \/>\n<meta property=\"og:url\" content=\"https:\/\/www.museuolimpicbcn.cat\/es\/tomas-barris-y-roma-cuyas-invitados-de-excepcion-del-aula-de-historia\/\" \/>\n<meta property=\"og:site_name\" content=\"Museu Ol\u00edmpic i de l&#039;Esport Joan Antoni Samaranch. Barcelona\" \/>\n<meta property=\"article:published_time\" content=\"2014-04-23T22:00:00+00:00\" \/>\n<meta name=\"author\" content=\"useradmin\" \/>\n<meta name=\"twitter:card\" content=\"summary_large_image\" \/>\n<meta name=\"twitter:label1\" content=\"Escrito por\" \/>\n\t<meta name=\"twitter:data1\" content=\"useradmin\" \/>\n<script type=\"application\/ld+json\" class=\"yoast-schema-graph\">{\"@context\":\"https:\/\/schema.org\",\"@graph\":[{\"@type\":\"Article\",\"@id\":\"https:\/\/www.museuolimpicbcn.cat\/es\/tomas-barris-y-roma-cuyas-invitados-de-excepcion-del-aula-de-historia\/#article\",\"isPartOf\":{\"@id\":\"https:\/\/www.museuolimpicbcn.cat\/es\/tomas-barris-y-roma-cuyas-invitados-de-excepcion-del-aula-de-historia\/\"},\"author\":{\"name\":\"useradmin\",\"@id\":\"https:\/\/www.museuolimpicbcn.cat\/ca\/#\/schema\/person\/d05705664e87aa04c6ce53d48133fb39\"},\"headline\":\"Tom\u00e1s Barris y Rom\u00e0 Cuy\u00e0s invitados de excepci\u00f3n del Aula de Historia\",\"datePublished\":\"2014-04-23T22:00:00+00:00\",\"dateModified\":\"2014-04-23T22:00:00+00:00\",\"mainEntityOfPage\":{\"@id\":\"https:\/\/www.museuolimpicbcn.cat\/es\/tomas-barris-y-roma-cuyas-invitados-de-excepcion-del-aula-de-historia\/\"},\"wordCount\":78,\"commentCount\":3,\"publisher\":{\"@id\":\"https:\/\/www.museuolimpicbcn.cat\/ca\/#organization\"},\"articleSection\":[\"Sin categorizar\"],\"inLanguage\":\"es\",\"potentialAction\":[{\"@type\":\"CommentAction\",\"name\":\"Comment\",\"target\":[\"https:\/\/www.museuolimpicbcn.cat\/es\/tomas-barris-y-roma-cuyas-invitados-de-excepcion-del-aula-de-historia\/#respond\"]}]},{\"@type\":\"WebPage\",\"@id\":\"https:\/\/www.museuolimpicbcn.cat\/es\/tomas-barris-y-roma-cuyas-invitados-de-excepcion-del-aula-de-historia\/\",\"url\":\"https:\/\/www.museuolimpicbcn.cat\/es\/tomas-barris-y-roma-cuyas-invitados-de-excepcion-del-aula-de-historia\/\",\"name\":\"Tom\u00e1s Barris y Rom\u00e0 Cuy\u00e0s invitados de excepci\u00f3n del Aula de Historia - Museu Ol\u00edmpic i de l&#039;Esport Joan Antoni Samaranch. Barcelona\",\"isPartOf\":{\"@id\":\"https:\/\/www.museuolimpicbcn.cat\/ca\/#website\"},\"datePublished\":\"2014-04-23T22:00:00+00:00\",\"dateModified\":\"2014-04-23T22:00:00+00:00\",\"breadcrumb\":{\"@id\":\"https:\/\/www.museuolimpicbcn.cat\/es\/tomas-barris-y-roma-cuyas-invitados-de-excepcion-del-aula-de-historia\/#breadcrumb\"},\"inLanguage\":\"es\",\"potentialAction\":[{\"@type\":\"ReadAction\",\"target\":[\"https:\/\/www.museuolimpicbcn.cat\/es\/tomas-barris-y-roma-cuyas-invitados-de-excepcion-del-aula-de-historia\/\"]}]},{\"@type\":\"BreadcrumbList\",\"@id\":\"https:\/\/www.museuolimpicbcn.cat\/es\/tomas-barris-y-roma-cuyas-invitados-de-excepcion-del-aula-de-historia\/#breadcrumb\",\"itemListElement\":[{\"@type\":\"ListItem\",\"position\":1,\"name\":\"Inici\",\"item\":\"https:\/\/www.museuolimpicbcn.cat\/es\/\"},{\"@type\":\"ListItem\",\"position\":2,\"name\":\"Tom\u00e1s Barris y Rom\u00e0 Cuy\u00e0s invitados de excepci\u00f3n del Aula de Historia\"}]},{\"@type\":\"WebSite\",\"@id\":\"https:\/\/www.museuolimpicbcn.cat\/ca\/#website\",\"url\":\"https:\/\/www.museuolimpicbcn.cat\/ca\/\",\"name\":\"Museu Ol\u00edmpic i de l&#039;Esport Joan Antoni Samaranch. Barcelona\",\"description\":\"Altre lloc Web del Museu Ol\u00edmpic i de l&#039;Esport llocs\",\"publisher\":{\"@id\":\"https:\/\/www.museuolimpicbcn.cat\/ca\/#organization\"},\"potentialAction\":[{\"@type\":\"SearchAction\",\"target\":{\"@type\":\"EntryPoint\",\"urlTemplate\":\"https:\/\/www.museuolimpicbcn.cat\/ca\/?s={search_term_string}\"},\"query-input\":{\"@type\":\"PropertyValueSpecification\",\"valueRequired\":true,\"valueName\":\"search_term_string\"}}],\"inLanguage\":\"es\"},{\"@type\":\"Organization\",\"@id\":\"https:\/\/www.museuolimpicbcn.cat\/ca\/#organization\",\"name\":\"Museu Ol\u00edmpic i de l&#039;Esport Joan Antoni Samaranch. Barcelona\",\"url\":\"https:\/\/www.museuolimpicbcn.cat\/ca\/\",\"logo\":{\"@type\":\"ImageObject\",\"inLanguage\":\"es\",\"@id\":\"https:\/\/www.museuolimpicbcn.cat\/ca\/#\/schema\/logo\/image\/\",\"url\":\"https:\/\/www.museuolimpicbcn.cat\/wp-content\/uploads\/sites\/2\/2018\/12\/logo-moe-header.svg\",\"contentUrl\":\"https:\/\/www.museuolimpicbcn.cat\/wp-content\/uploads\/sites\/2\/2018\/12\/logo-moe-header.svg\",\"caption\":\"Museu Ol\u00edmpic i de l&#039;Esport Joan Antoni Samaranch. Barcelona\"},\"image\":{\"@id\":\"https:\/\/www.museuolimpicbcn.cat\/ca\/#\/schema\/logo\/image\/\"}},{\"@type\":\"Person\",\"@id\":\"https:\/\/www.museuolimpicbcn.cat\/ca\/#\/schema\/person\/d05705664e87aa04c6ce53d48133fb39\",\"name\":\"useradmin\",\"url\":\"https:\/\/www.museuolimpicbcn.cat\/es\/author\/useradmin\/\"}]}<\/script>\n<!-- \/ Yoast SEO plugin. -->","yoast_head_json":{"title":"Tom\u00e1s Barris y Rom\u00e0 Cuy\u00e0s invitados de excepci\u00f3n del Aula de Historia - Museu Ol\u00edmpic i de l&#039;Esport Joan Antoni Samaranch. Barcelona","robots":{"index":"index","follow":"follow","max-snippet":"max-snippet:-1","max-image-preview":"max-image-preview:large","max-video-preview":"max-video-preview:-1"},"canonical":"https:\/\/www.museuolimpicbcn.cat\/es\/tomas-barris-y-roma-cuyas-invitados-de-excepcion-del-aula-de-historia\/","og_locale":"es_ES","og_type":"article","og_title":"Tom\u00e1s Barris y Rom\u00e0 Cuy\u00e0s invitados de excepci\u00f3n del Aula de Historia - Museu Ol\u00edmpic i de l&#039;Esport Joan Antoni Samaranch. Barcelona","og_description":"Estudiantes de primero de ciencias de la Educaci&oacute;n F&iacute;sica del INEFC y de la Universidad Blanquerna&nbsp; han acudido al Museu Ol&iacute;mpic i de l&rsquo;Esport con motivo de la sesi&oacute;n del Aula de Historia dedicada a los Juegos del Mediterr&aacute;neo de 1955.&nbsp; &nbsp;","og_url":"https:\/\/www.museuolimpicbcn.cat\/es\/tomas-barris-y-roma-cuyas-invitados-de-excepcion-del-aula-de-historia\/","og_site_name":"Museu Ol\u00edmpic i de l&#039;Esport Joan Antoni Samaranch. Barcelona","article_published_time":"2014-04-23T22:00:00+00:00","author":"useradmin","twitter_card":"summary_large_image","twitter_misc":{"Escrito por":"useradmin"},"schema":{"@context":"https:\/\/schema.org","@graph":[{"@type":"Article","@id":"https:\/\/www.museuolimpicbcn.cat\/es\/tomas-barris-y-roma-cuyas-invitados-de-excepcion-del-aula-de-historia\/#article","isPartOf":{"@id":"https:\/\/www.museuolimpicbcn.cat\/es\/tomas-barris-y-roma-cuyas-invitados-de-excepcion-del-aula-de-historia\/"},"author":{"name":"useradmin","@id":"https:\/\/www.museuolimpicbcn.cat\/ca\/#\/schema\/person\/d05705664e87aa04c6ce53d48133fb39"},"headline":"Tom\u00e1s Barris y Rom\u00e0 Cuy\u00e0s invitados de excepci\u00f3n del Aula de Historia","datePublished":"2014-04-23T22:00:00+00:00","dateModified":"2014-04-23T22:00:00+00:00","mainEntityOfPage":{"@id":"https:\/\/www.museuolimpicbcn.cat\/es\/tomas-barris-y-roma-cuyas-invitados-de-excepcion-del-aula-de-historia\/"},"wordCount":78,"commentCount":3,"publisher":{"@id":"https:\/\/www.museuolimpicbcn.cat\/ca\/#organization"},"articleSection":["Sin categorizar"],"inLanguage":"es","potentialAction":[{"@type":"CommentAction","name":"Comment","target":["https:\/\/www.museuolimpicbcn.cat\/es\/tomas-barris-y-roma-cuyas-invitados-de-excepcion-del-aula-de-historia\/#respond"]}]},{"@type":"WebPage","@id":"https:\/\/www.museuolimpicbcn.cat\/es\/tomas-barris-y-roma-cuyas-invitados-de-excepcion-del-aula-de-historia\/","url":"https:\/\/www.museuolimpicbcn.cat\/es\/tomas-barris-y-roma-cuyas-invitados-de-excepcion-del-aula-de-historia\/","name":"Tom\u00e1s Barris y Rom\u00e0 Cuy\u00e0s invitados de excepci\u00f3n del Aula de Historia - Museu Ol\u00edmpic i de l&#039;Esport Joan Antoni Samaranch. Barcelona","isPartOf":{"@id":"https:\/\/www.museuolimpicbcn.cat\/ca\/#website"},"datePublished":"2014-04-23T22:00:00+00:00","dateModified":"2014-04-23T22:00:00+00:00","breadcrumb":{"@id":"https:\/\/www.museuolimpicbcn.cat\/es\/tomas-barris-y-roma-cuyas-invitados-de-excepcion-del-aula-de-historia\/#breadcrumb"},"inLanguage":"es","potentialAction":[{"@type":"ReadAction","target":["https:\/\/www.museuolimpicbcn.cat\/es\/tomas-barris-y-roma-cuyas-invitados-de-excepcion-del-aula-de-historia\/"]}]},{"@type":"BreadcrumbList","@id":"https:\/\/www.museuolimpicbcn.cat\/es\/tomas-barris-y-roma-cuyas-invitados-de-excepcion-del-aula-de-historia\/#breadcrumb","itemListElement":[{"@type":"ListItem","position":1,"name":"Inici","item":"https:\/\/www.museuolimpicbcn.cat\/es\/"},{"@type":"ListItem","position":2,"name":"Tom\u00e1s Barris y Rom\u00e0 Cuy\u00e0s invitados de excepci\u00f3n del Aula de Historia"}]},{"@type":"WebSite","@id":"https:\/\/www.museuolimpicbcn.cat\/ca\/#website","url":"https:\/\/www.museuolimpicbcn.cat\/ca\/","name":"Museu Ol\u00edmpic i de l&#039;Esport Joan Antoni Samaranch. Barcelona","description":"Altre lloc Web del Museu Ol\u00edmpic i de l&#039;Esport llocs","publisher":{"@id":"https:\/\/www.museuolimpicbcn.cat\/ca\/#organization"},"potentialAction":[{"@type":"SearchAction","target":{"@type":"EntryPoint","urlTemplate":"https:\/\/www.museuolimpicbcn.cat\/ca\/?s={search_term_string}"},"query-input":{"@type":"PropertyValueSpecification","valueRequired":true,"valueName":"search_term_string"}}],"inLanguage":"es"},{"@type":"Organization","@id":"https:\/\/www.museuolimpicbcn.cat\/ca\/#organization","name":"Museu Ol\u00edmpic i de l&#039;Esport Joan Antoni Samaranch. Barcelona","url":"https:\/\/www.museuolimpicbcn.cat\/ca\/","logo":{"@type":"ImageObject","inLanguage":"es","@id":"https:\/\/www.museuolimpicbcn.cat\/ca\/#\/schema\/logo\/image\/","url":"https:\/\/www.museuolimpicbcn.cat\/wp-content\/uploads\/sites\/2\/2018\/12\/logo-moe-header.svg","contentUrl":"https:\/\/www.museuolimpicbcn.cat\/wp-content\/uploads\/sites\/2\/2018\/12\/logo-moe-header.svg","caption":"Museu Ol\u00edmpic i de l&#039;Esport Joan Antoni Samaranch. Barcelona"},"image":{"@id":"https:\/\/www.museuolimpicbcn.cat\/ca\/#\/schema\/logo\/image\/"}},{"@type":"Person","@id":"https:\/\/www.museuolimpicbcn.cat\/ca\/#\/schema\/person\/d05705664e87aa04c6ce53d48133fb39","name":"useradmin","url":"https:\/\/www.museuolimpicbcn.cat\/es\/author\/useradmin\/"}]}},"_links":{"self":[{"href":"https:\/\/www.museuolimpicbcn.cat\/es\/wp-json\/wp\/v2\/posts\/11202"}],"collection":[{"href":"https:\/\/www.museuolimpicbcn.cat\/es\/wp-json\/wp\/v2\/posts"}],"about":[{"href":"https:\/\/www.museuolimpicbcn.cat\/es\/wp-json\/wp\/v2\/types\/post"}],"author":[{"embeddable":true,"href":"https:\/\/www.museuolimpicbcn.cat\/es\/wp-json\/wp\/v2\/users\/1"}],"replies":[{"embeddable":true,"href":"https:\/\/www.museuolimpicbcn.cat\/es\/wp-json\/wp\/v2\/comments?post=11202"}],"version-history":[{"count":0,"href":"https:\/\/www.museuolimpicbcn.cat\/es\/wp-json\/wp\/v2\/posts\/11202\/revisions"}],"wp:attachment":[{"href":"https:\/\/www.museuolimpicbcn.cat\/es\/wp-json\/wp\/v2\/media?parent=11202"}],"wp:term":[{"taxonomy":"category","embeddable":true,"href":"https:\/\/www.museuolimpicbcn.cat\/es\/wp-json\/wp\/v2\/categories?post=11202"},{"taxonomy":"post_tag","embeddable":true,"href":"https:\/\/www.museuolimpicbcn.cat\/es\/wp-json\/wp\/v2\/tags?post=11202"}],"curies":[{"name":"wp","href":"https:\/\/api.w.org\/{rel}","templated":true}]}}