{"id":11204,"date":"2014-05-07T00:00:00","date_gmt":"2014-05-06T22:00:00","guid":{"rendered":"http:\/\/dev.museuolimpicbcn.cat\/el-bcn-sports-film-festival-ya-ha-comenzado-maite-fandos-presidenta-de-la-fundacio-barcelona-olimpica-ha-sido-la-encargada-de-dar-el-pistoletazo-de-salida-al-festival-internacional-de-cine-y-televi\/"},"modified":"2014-05-07T00:00:00","modified_gmt":"2014-05-06T22:00:00","slug":"el-bcn-sports-film-festival-ya-ha-comenzado-maite-fandos-presidenta-de-la-fundacio-barcelona-olimpica-ha-sido-la-encargada-de-dar-el-pistoletazo-de-salida-al-festival-internacional-de-cine-y-televi","status":"publish","type":"post","link":"https:\/\/www.museuolimpicbcn.cat\/es\/el-bcn-sports-film-festival-ya-ha-comenzado-maite-fandos-presidenta-de-la-fundacio-barcelona-olimpica-ha-sido-la-encargada-de-dar-el-pistoletazo-de-salida-al-festival-internacional-de-cine-y-televi\/","title":{"rendered":"El BCN Sports Film Festival ya ha comenzado. Maite Fandos, presidenta de la Fundaci\u00f3 Barcelona Ol\u00edmpica, ha sido la encargada de dar el pistoletazo de salida al festival internacional de cine y televisi\u00f3n de Barcelona"},"content":{"rendered":"<p>El acto de inauguraci&oacute;n ha contado con grandes momentos, seguramente el m&aacute;s emotivo haya sido el reconocimiento a la trayectoria deportiva de dos grandes deportistas catalanes: el waterpolista Jordi Sans &ndash; doble medallista ol&iacute;mpico y cinco veces ol&iacute;mpico &#8211;&nbsp; y nadadora Hortensia Graupera &ndash; una de las grandes pioneras y promotoras dentro de la nataci&oacute;n. Se destac&oacute;, el acto homenaje a &Aacute;lvaro Bult&oacute;, que tendr&aacute; lugar ma&ntilde;ana, jueves 8 de mayo, a las 19.00h&nbsp; en el Auditorio del Museu Ol&iacute;mpic, y que contar&aacute; con familiares y amigos.&nbsp; Y la presencia de Hristo Stoichkov, ser&aacute; el encargado de presentar la sesi&oacute;n &ldquo;Tarde de Futbol&rdquo; del viernes 9 a las 20.00h.<\/p>\n<p>Por su parte Carlos Batll&oacute; y Victor Sala, ganadores de la tercera edici&oacute;n del concurso SpotSport, recogieron el premio &ndash; dotaci&oacute;n de 1000&euro; &#8211; de manos de Miguel Centeno, responsable de Marketing del diario Sport. Esta edici&oacute;n ha contado con la participaci&oacute;n 16 spot creados mayoritariamente por j&oacute;venes publicistas con grandes dotes creativas.<\/p>\n<p>La organizaci&oacute;n del Festival quiere agradecer a todos los patrocinadores, medios colaboradores, y colaboradores el esfuerzo realizado para que esta quinta edici&oacute;n sea todo un &eacute;xito.<\/p>\n<p>Recordar que el s&aacute;bado 10 de&nbsp; mayo a las 19.00h durante la ceremonia de clausura se sabr&aacute; el ganador del &Aacute;nfora Ciudad de Barcelona de la 5&ordm; edici&oacute;n del BCN Sports Film Festival. Os esperamos!!!<\/p>\n<p>&nbsp;<\/p>\n","protected":false},"excerpt":{"rendered":"<p>Al acto de inauguraci&oacute;n acudieron personajes del mundo del deporte, la pol&iacute;tica y el cine que pudieron disfrutar de un peque&ntilde;o avance de la programaci&oacute;n que, hasta el s&aacute;bado, se podr&aacute; disfrutar en las dos sedes oficiales &#8211; el Museu Ol&iacute;mpic i de l&rsquo;Esport Joan Antoni Samaranch y la Sala &Agrave;mbit Cultural de El Corte Ingl&eacute;s &ndash; Portal del Angel del total de 72 audiovisuales vinculados al deporte. Todas las sesiones son gratuitas y de acceso libre.&nbsp;&nbsp;<\/p>\n<p>&nbsp;<\/p>\n","protected":false},"author":1,"featured_media":0,"comment_status":"open","ping_status":"open","sticky":false,"template":"","format":"standard","meta":{"_acf_changed":false,"_price":"","_stock":"","_tribe_ticket_header":"","_tribe_default_ticket_provider":"","_tribe_ticket_capacity":"0","_ticket_start_date":"","_ticket_end_date":"","_tribe_ticket_show_description":"","_tribe_ticket_show_not_going":false,"_tribe_ticket_use_global_stock":"","_tribe_ticket_global_stock_level":"","_global_stock_mode":"","_global_stock_cap":"","_tribe_rsvp_for_event":"","_tribe_ticket_going_count":"","_tribe_ticket_not_going_count":"","_tribe_tickets_list":"[]","_tribe_ticket_has_attendee_info_fields":false,"footnotes":""},"categories":[3],"tags":[],"class_list":["post-11204","post","type-post","status-publish","format-standard","hentry","category-sin-categorizar"],"acf":[],"yoast_head":"<!-- This site is optimized with the Yoast SEO plugin v23.7 - https:\/\/yoast.com\/wordpress\/plugins\/seo\/ -->\n<title>El BCN Sports Film Festival ya ha comenzado. Maite Fandos, presidenta de la Fundaci\u00f3 Barcelona Ol\u00edmpica, ha sido la encargada de dar el pistoletazo de salida al festival internacional de cine y televisi\u00f3n de Barcelona - Museu Ol\u00edmpic i de l&#039;Esport Joan Antoni Samaranch. Barcelona<\/title>\n<meta name=\"robots\" content=\"index, follow, max-snippet:-1, max-image-preview:large, max-video-preview:-1\" \/>\n<link rel=\"canonical\" href=\"https:\/\/www.museuolimpicbcn.cat\/es\/el-bcn-sports-film-festival-ya-ha-comenzado-maite-fandos-presidenta-de-la-fundacio-barcelona-olimpica-ha-sido-la-encargada-de-dar-el-pistoletazo-de-salida-al-festival-internacional-de-cine-y-televi\/\" \/>\n<meta property=\"og:locale\" content=\"es_ES\" \/>\n<meta property=\"og:type\" content=\"article\" \/>\n<meta property=\"og:title\" content=\"El BCN Sports Film Festival ya ha comenzado. Maite Fandos, presidenta de la Fundaci\u00f3 Barcelona Ol\u00edmpica, ha sido la encargada de dar el pistoletazo de salida al festival internacional de cine y televisi\u00f3n de Barcelona - Museu Ol\u00edmpic i de l&#039;Esport Joan Antoni Samaranch. Barcelona\" \/>\n<meta property=\"og:description\" content=\"Al acto de inauguraci&oacute;n acudieron personajes del mundo del deporte, la pol&iacute;tica y el cine que pudieron disfrutar de un peque&ntilde;o avance de la programaci&oacute;n que, hasta el s&aacute;bado, se podr&aacute; disfrutar en las dos sedes oficiales - el Museu Ol&iacute;mpic i de l&rsquo;Esport Joan Antoni Samaranch y la Sala &Agrave;mbit Cultural de El Corte Ingl&eacute;s &ndash; Portal del Angel del total de 72 audiovisuales vinculados al deporte. Todas las sesiones son gratuitas y de acceso libre.&nbsp;&nbsp; &nbsp;\" \/>\n<meta property=\"og:url\" content=\"https:\/\/www.museuolimpicbcn.cat\/es\/el-bcn-sports-film-festival-ya-ha-comenzado-maite-fandos-presidenta-de-la-fundacio-barcelona-olimpica-ha-sido-la-encargada-de-dar-el-pistoletazo-de-salida-al-festival-internacional-de-cine-y-televi\/\" \/>\n<meta property=\"og:site_name\" content=\"Museu Ol\u00edmpic i de l&#039;Esport Joan Antoni Samaranch. Barcelona\" \/>\n<meta property=\"article:published_time\" content=\"2014-05-06T22:00:00+00:00\" \/>\n<meta name=\"author\" content=\"useradmin\" \/>\n<meta name=\"twitter:card\" content=\"summary_large_image\" \/>\n<meta name=\"twitter:label1\" content=\"Escrito por\" \/>\n\t<meta name=\"twitter:data1\" content=\"useradmin\" \/>\n\t<meta name=\"twitter:label2\" content=\"Tiempo de lectura\" \/>\n\t<meta name=\"twitter:data2\" content=\"1 minuto\" \/>\n<script type=\"application\/ld+json\" class=\"yoast-schema-graph\">{\"@context\":\"https:\/\/schema.org\",\"@graph\":[{\"@type\":\"Article\",\"@id\":\"https:\/\/www.museuolimpicbcn.cat\/es\/el-bcn-sports-film-festival-ya-ha-comenzado-maite-fandos-presidenta-de-la-fundacio-barcelona-olimpica-ha-sido-la-encargada-de-dar-el-pistoletazo-de-salida-al-festival-internacional-de-cine-y-televi\/#article\",\"isPartOf\":{\"@id\":\"https:\/\/www.museuolimpicbcn.cat\/es\/el-bcn-sports-film-festival-ya-ha-comenzado-maite-fandos-presidenta-de-la-fundacio-barcelona-olimpica-ha-sido-la-encargada-de-dar-el-pistoletazo-de-salida-al-festival-internacional-de-cine-y-televi\/\"},\"author\":{\"name\":\"useradmin\",\"@id\":\"https:\/\/www.museuolimpicbcn.cat\/ca\/#\/schema\/person\/d05705664e87aa04c6ce53d48133fb39\"},\"headline\":\"El BCN Sports Film Festival ya ha comenzado. Maite Fandos, presidenta de la Fundaci\u00f3 Barcelona Ol\u00edmpica, ha sido la encargada de dar el pistoletazo de salida al festival internacional de cine y televisi\u00f3n de Barcelona\",\"datePublished\":\"2014-05-06T22:00:00+00:00\",\"dateModified\":\"2014-05-06T22:00:00+00:00\",\"mainEntityOfPage\":{\"@id\":\"https:\/\/www.museuolimpicbcn.cat\/es\/el-bcn-sports-film-festival-ya-ha-comenzado-maite-fandos-presidenta-de-la-fundacio-barcelona-olimpica-ha-sido-la-encargada-de-dar-el-pistoletazo-de-salida-al-festival-internacional-de-cine-y-televi\/\"},\"wordCount\":307,\"commentCount\":8,\"publisher\":{\"@id\":\"https:\/\/www.museuolimpicbcn.cat\/ca\/#organization\"},\"articleSection\":[\"Sin categorizar\"],\"inLanguage\":\"es\",\"potentialAction\":[{\"@type\":\"CommentAction\",\"name\":\"Comment\",\"target\":[\"https:\/\/www.museuolimpicbcn.cat\/es\/el-bcn-sports-film-festival-ya-ha-comenzado-maite-fandos-presidenta-de-la-fundacio-barcelona-olimpica-ha-sido-la-encargada-de-dar-el-pistoletazo-de-salida-al-festival-internacional-de-cine-y-televi\/#respond\"]}]},{\"@type\":\"WebPage\",\"@id\":\"https:\/\/www.museuolimpicbcn.cat\/es\/el-bcn-sports-film-festival-ya-ha-comenzado-maite-fandos-presidenta-de-la-fundacio-barcelona-olimpica-ha-sido-la-encargada-de-dar-el-pistoletazo-de-salida-al-festival-internacional-de-cine-y-televi\/\",\"url\":\"https:\/\/www.museuolimpicbcn.cat\/es\/el-bcn-sports-film-festival-ya-ha-comenzado-maite-fandos-presidenta-de-la-fundacio-barcelona-olimpica-ha-sido-la-encargada-de-dar-el-pistoletazo-de-salida-al-festival-internacional-de-cine-y-televi\/\",\"name\":\"El BCN Sports Film Festival ya ha comenzado. Maite Fandos, presidenta de la Fundaci\u00f3 Barcelona Ol\u00edmpica, ha sido la encargada de dar el pistoletazo de salida al festival internacional de cine y televisi\u00f3n de Barcelona - Museu Ol\u00edmpic i de l&#039;Esport Joan Antoni Samaranch. Barcelona\",\"isPartOf\":{\"@id\":\"https:\/\/www.museuolimpicbcn.cat\/ca\/#website\"},\"datePublished\":\"2014-05-06T22:00:00+00:00\",\"dateModified\":\"2014-05-06T22:00:00+00:00\",\"breadcrumb\":{\"@id\":\"https:\/\/www.museuolimpicbcn.cat\/es\/el-bcn-sports-film-festival-ya-ha-comenzado-maite-fandos-presidenta-de-la-fundacio-barcelona-olimpica-ha-sido-la-encargada-de-dar-el-pistoletazo-de-salida-al-festival-internacional-de-cine-y-televi\/#breadcrumb\"},\"inLanguage\":\"es\",\"potentialAction\":[{\"@type\":\"ReadAction\",\"target\":[\"https:\/\/www.museuolimpicbcn.cat\/es\/el-bcn-sports-film-festival-ya-ha-comenzado-maite-fandos-presidenta-de-la-fundacio-barcelona-olimpica-ha-sido-la-encargada-de-dar-el-pistoletazo-de-salida-al-festival-internacional-de-cine-y-televi\/\"]}]},{\"@type\":\"BreadcrumbList\",\"@id\":\"https:\/\/www.museuolimpicbcn.cat\/es\/el-bcn-sports-film-festival-ya-ha-comenzado-maite-fandos-presidenta-de-la-fundacio-barcelona-olimpica-ha-sido-la-encargada-de-dar-el-pistoletazo-de-salida-al-festival-internacional-de-cine-y-televi\/#breadcrumb\",\"itemListElement\":[{\"@type\":\"ListItem\",\"position\":1,\"name\":\"Inici\",\"item\":\"https:\/\/www.museuolimpicbcn.cat\/es\/\"},{\"@type\":\"ListItem\",\"position\":2,\"name\":\"El BCN Sports Film Festival ya ha comenzado. Maite Fandos, presidenta de la Fundaci\u00f3 Barcelona Ol\u00edmpica, ha sido la encargada de dar el pistoletazo de salida al festival internacional de cine y televisi\u00f3n de Barcelona\"}]},{\"@type\":\"WebSite\",\"@id\":\"https:\/\/www.museuolimpicbcn.cat\/ca\/#website\",\"url\":\"https:\/\/www.museuolimpicbcn.cat\/ca\/\",\"name\":\"Museu Ol\u00edmpic i de l&#039;Esport Joan Antoni Samaranch. Barcelona\",\"description\":\"Altre lloc Web del Museu Ol\u00edmpic i de l&#039;Esport llocs\",\"publisher\":{\"@id\":\"https:\/\/www.museuolimpicbcn.cat\/ca\/#organization\"},\"potentialAction\":[{\"@type\":\"SearchAction\",\"target\":{\"@type\":\"EntryPoint\",\"urlTemplate\":\"https:\/\/www.museuolimpicbcn.cat\/ca\/?s={search_term_string}\"},\"query-input\":{\"@type\":\"PropertyValueSpecification\",\"valueRequired\":true,\"valueName\":\"search_term_string\"}}],\"inLanguage\":\"es\"},{\"@type\":\"Organization\",\"@id\":\"https:\/\/www.museuolimpicbcn.cat\/ca\/#organization\",\"name\":\"Museu Ol\u00edmpic i de l&#039;Esport Joan Antoni Samaranch. Barcelona\",\"url\":\"https:\/\/www.museuolimpicbcn.cat\/ca\/\",\"logo\":{\"@type\":\"ImageObject\",\"inLanguage\":\"es\",\"@id\":\"https:\/\/www.museuolimpicbcn.cat\/ca\/#\/schema\/logo\/image\/\",\"url\":\"https:\/\/www.museuolimpicbcn.cat\/wp-content\/uploads\/sites\/2\/2018\/12\/logo-moe-header.svg\",\"contentUrl\":\"https:\/\/www.museuolimpicbcn.cat\/wp-content\/uploads\/sites\/2\/2018\/12\/logo-moe-header.svg\",\"caption\":\"Museu Ol\u00edmpic i de l&#039;Esport Joan Antoni Samaranch. Barcelona\"},\"image\":{\"@id\":\"https:\/\/www.museuolimpicbcn.cat\/ca\/#\/schema\/logo\/image\/\"}},{\"@type\":\"Person\",\"@id\":\"https:\/\/www.museuolimpicbcn.cat\/ca\/#\/schema\/person\/d05705664e87aa04c6ce53d48133fb39\",\"name\":\"useradmin\",\"url\":\"https:\/\/www.museuolimpicbcn.cat\/es\/author\/useradmin\/\"}]}<\/script>\n<!-- \/ Yoast SEO plugin. -->","yoast_head_json":{"title":"El BCN Sports Film Festival ya ha comenzado. Maite Fandos, presidenta de la Fundaci\u00f3 Barcelona Ol\u00edmpica, ha sido la encargada de dar el pistoletazo de salida al festival internacional de cine y televisi\u00f3n de Barcelona - Museu Ol\u00edmpic i de l&#039;Esport Joan Antoni Samaranch. Barcelona","robots":{"index":"index","follow":"follow","max-snippet":"max-snippet:-1","max-image-preview":"max-image-preview:large","max-video-preview":"max-video-preview:-1"},"canonical":"https:\/\/www.museuolimpicbcn.cat\/es\/el-bcn-sports-film-festival-ya-ha-comenzado-maite-fandos-presidenta-de-la-fundacio-barcelona-olimpica-ha-sido-la-encargada-de-dar-el-pistoletazo-de-salida-al-festival-internacional-de-cine-y-televi\/","og_locale":"es_ES","og_type":"article","og_title":"El BCN Sports Film Festival ya ha comenzado. Maite Fandos, presidenta de la Fundaci\u00f3 Barcelona Ol\u00edmpica, ha sido la encargada de dar el pistoletazo de salida al festival internacional de cine y televisi\u00f3n de Barcelona - Museu Ol\u00edmpic i de l&#039;Esport Joan Antoni Samaranch. Barcelona","og_description":"Al acto de inauguraci&oacute;n acudieron personajes del mundo del deporte, la pol&iacute;tica y el cine que pudieron disfrutar de un peque&ntilde;o avance de la programaci&oacute;n que, hasta el s&aacute;bado, se podr&aacute; disfrutar en las dos sedes oficiales - el Museu Ol&iacute;mpic i de l&rsquo;Esport Joan Antoni Samaranch y la Sala &Agrave;mbit Cultural de El Corte Ingl&eacute;s &ndash; Portal del Angel del total de 72 audiovisuales vinculados al deporte. Todas las sesiones son gratuitas y de acceso libre.&nbsp;&nbsp; &nbsp;","og_url":"https:\/\/www.museuolimpicbcn.cat\/es\/el-bcn-sports-film-festival-ya-ha-comenzado-maite-fandos-presidenta-de-la-fundacio-barcelona-olimpica-ha-sido-la-encargada-de-dar-el-pistoletazo-de-salida-al-festival-internacional-de-cine-y-televi\/","og_site_name":"Museu Ol\u00edmpic i de l&#039;Esport Joan Antoni Samaranch. Barcelona","article_published_time":"2014-05-06T22:00:00+00:00","author":"useradmin","twitter_card":"summary_large_image","twitter_misc":{"Escrito por":"useradmin","Tiempo de lectura":"1 minuto"},"schema":{"@context":"https:\/\/schema.org","@graph":[{"@type":"Article","@id":"https:\/\/www.museuolimpicbcn.cat\/es\/el-bcn-sports-film-festival-ya-ha-comenzado-maite-fandos-presidenta-de-la-fundacio-barcelona-olimpica-ha-sido-la-encargada-de-dar-el-pistoletazo-de-salida-al-festival-internacional-de-cine-y-televi\/#article","isPartOf":{"@id":"https:\/\/www.museuolimpicbcn.cat\/es\/el-bcn-sports-film-festival-ya-ha-comenzado-maite-fandos-presidenta-de-la-fundacio-barcelona-olimpica-ha-sido-la-encargada-de-dar-el-pistoletazo-de-salida-al-festival-internacional-de-cine-y-televi\/"},"author":{"name":"useradmin","@id":"https:\/\/www.museuolimpicbcn.cat\/ca\/#\/schema\/person\/d05705664e87aa04c6ce53d48133fb39"},"headline":"El BCN Sports Film Festival ya ha comenzado. Maite Fandos, presidenta de la Fundaci\u00f3 Barcelona Ol\u00edmpica, ha sido la encargada de dar el pistoletazo de salida al festival internacional de cine y televisi\u00f3n de Barcelona","datePublished":"2014-05-06T22:00:00+00:00","dateModified":"2014-05-06T22:00:00+00:00","mainEntityOfPage":{"@id":"https:\/\/www.museuolimpicbcn.cat\/es\/el-bcn-sports-film-festival-ya-ha-comenzado-maite-fandos-presidenta-de-la-fundacio-barcelona-olimpica-ha-sido-la-encargada-de-dar-el-pistoletazo-de-salida-al-festival-internacional-de-cine-y-televi\/"},"wordCount":307,"commentCount":8,"publisher":{"@id":"https:\/\/www.museuolimpicbcn.cat\/ca\/#organization"},"articleSection":["Sin categorizar"],"inLanguage":"es","potentialAction":[{"@type":"CommentAction","name":"Comment","target":["https:\/\/www.museuolimpicbcn.cat\/es\/el-bcn-sports-film-festival-ya-ha-comenzado-maite-fandos-presidenta-de-la-fundacio-barcelona-olimpica-ha-sido-la-encargada-de-dar-el-pistoletazo-de-salida-al-festival-internacional-de-cine-y-televi\/#respond"]}]},{"@type":"WebPage","@id":"https:\/\/www.museuolimpicbcn.cat\/es\/el-bcn-sports-film-festival-ya-ha-comenzado-maite-fandos-presidenta-de-la-fundacio-barcelona-olimpica-ha-sido-la-encargada-de-dar-el-pistoletazo-de-salida-al-festival-internacional-de-cine-y-televi\/","url":"https:\/\/www.museuolimpicbcn.cat\/es\/el-bcn-sports-film-festival-ya-ha-comenzado-maite-fandos-presidenta-de-la-fundacio-barcelona-olimpica-ha-sido-la-encargada-de-dar-el-pistoletazo-de-salida-al-festival-internacional-de-cine-y-televi\/","name":"El BCN Sports Film Festival ya ha comenzado. Maite Fandos, presidenta de la Fundaci\u00f3 Barcelona Ol\u00edmpica, ha sido la encargada de dar el pistoletazo de salida al festival internacional de cine y televisi\u00f3n de Barcelona - Museu Ol\u00edmpic i de l&#039;Esport Joan Antoni Samaranch. Barcelona","isPartOf":{"@id":"https:\/\/www.museuolimpicbcn.cat\/ca\/#website"},"datePublished":"2014-05-06T22:00:00+00:00","dateModified":"2014-05-06T22:00:00+00:00","breadcrumb":{"@id":"https:\/\/www.museuolimpicbcn.cat\/es\/el-bcn-sports-film-festival-ya-ha-comenzado-maite-fandos-presidenta-de-la-fundacio-barcelona-olimpica-ha-sido-la-encargada-de-dar-el-pistoletazo-de-salida-al-festival-internacional-de-cine-y-televi\/#breadcrumb"},"inLanguage":"es","potentialAction":[{"@type":"ReadAction","target":["https:\/\/www.museuolimpicbcn.cat\/es\/el-bcn-sports-film-festival-ya-ha-comenzado-maite-fandos-presidenta-de-la-fundacio-barcelona-olimpica-ha-sido-la-encargada-de-dar-el-pistoletazo-de-salida-al-festival-internacional-de-cine-y-televi\/"]}]},{"@type":"BreadcrumbList","@id":"https:\/\/www.museuolimpicbcn.cat\/es\/el-bcn-sports-film-festival-ya-ha-comenzado-maite-fandos-presidenta-de-la-fundacio-barcelona-olimpica-ha-sido-la-encargada-de-dar-el-pistoletazo-de-salida-al-festival-internacional-de-cine-y-televi\/#breadcrumb","itemListElement":[{"@type":"ListItem","position":1,"name":"Inici","item":"https:\/\/www.museuolimpicbcn.cat\/es\/"},{"@type":"ListItem","position":2,"name":"El BCN Sports Film Festival ya ha comenzado. Maite Fandos, presidenta de la Fundaci\u00f3 Barcelona Ol\u00edmpica, ha sido la encargada de dar el pistoletazo de salida al festival internacional de cine y televisi\u00f3n de Barcelona"}]},{"@type":"WebSite","@id":"https:\/\/www.museuolimpicbcn.cat\/ca\/#website","url":"https:\/\/www.museuolimpicbcn.cat\/ca\/","name":"Museu Ol\u00edmpic i de l&#039;Esport Joan Antoni Samaranch. Barcelona","description":"Altre lloc Web del Museu Ol\u00edmpic i de l&#039;Esport llocs","publisher":{"@id":"https:\/\/www.museuolimpicbcn.cat\/ca\/#organization"},"potentialAction":[{"@type":"SearchAction","target":{"@type":"EntryPoint","urlTemplate":"https:\/\/www.museuolimpicbcn.cat\/ca\/?s={search_term_string}"},"query-input":{"@type":"PropertyValueSpecification","valueRequired":true,"valueName":"search_term_string"}}],"inLanguage":"es"},{"@type":"Organization","@id":"https:\/\/www.museuolimpicbcn.cat\/ca\/#organization","name":"Museu Ol\u00edmpic i de l&#039;Esport Joan Antoni Samaranch. Barcelona","url":"https:\/\/www.museuolimpicbcn.cat\/ca\/","logo":{"@type":"ImageObject","inLanguage":"es","@id":"https:\/\/www.museuolimpicbcn.cat\/ca\/#\/schema\/logo\/image\/","url":"https:\/\/www.museuolimpicbcn.cat\/wp-content\/uploads\/sites\/2\/2018\/12\/logo-moe-header.svg","contentUrl":"https:\/\/www.museuolimpicbcn.cat\/wp-content\/uploads\/sites\/2\/2018\/12\/logo-moe-header.svg","caption":"Museu Ol\u00edmpic i de l&#039;Esport Joan Antoni Samaranch. Barcelona"},"image":{"@id":"https:\/\/www.museuolimpicbcn.cat\/ca\/#\/schema\/logo\/image\/"}},{"@type":"Person","@id":"https:\/\/www.museuolimpicbcn.cat\/ca\/#\/schema\/person\/d05705664e87aa04c6ce53d48133fb39","name":"useradmin","url":"https:\/\/www.museuolimpicbcn.cat\/es\/author\/useradmin\/"}]}},"_links":{"self":[{"href":"https:\/\/www.museuolimpicbcn.cat\/es\/wp-json\/wp\/v2\/posts\/11204"}],"collection":[{"href":"https:\/\/www.museuolimpicbcn.cat\/es\/wp-json\/wp\/v2\/posts"}],"about":[{"href":"https:\/\/www.museuolimpicbcn.cat\/es\/wp-json\/wp\/v2\/types\/post"}],"author":[{"embeddable":true,"href":"https:\/\/www.museuolimpicbcn.cat\/es\/wp-json\/wp\/v2\/users\/1"}],"replies":[{"embeddable":true,"href":"https:\/\/www.museuolimpicbcn.cat\/es\/wp-json\/wp\/v2\/comments?post=11204"}],"version-history":[{"count":0,"href":"https:\/\/www.museuolimpicbcn.cat\/es\/wp-json\/wp\/v2\/posts\/11204\/revisions"}],"wp:attachment":[{"href":"https:\/\/www.museuolimpicbcn.cat\/es\/wp-json\/wp\/v2\/media?parent=11204"}],"wp:term":[{"taxonomy":"category","embeddable":true,"href":"https:\/\/www.museuolimpicbcn.cat\/es\/wp-json\/wp\/v2\/categories?post=11204"},{"taxonomy":"post_tag","embeddable":true,"href":"https:\/\/www.museuolimpicbcn.cat\/es\/wp-json\/wp\/v2\/tags?post=11204"}],"curies":[{"name":"wp","href":"https:\/\/api.w.org\/{rel}","templated":true}]}}