{"id":11297,"date":"2014-05-28T00:00:00","date_gmt":"2014-05-27T22:00:00","guid":{"rendered":"http:\/\/dev.museuolimpicbcn.cat\/presentacion-oficial-de-la-final-six-de-waterpolo-y-inauguracion-de-la-exposicion-barcelona-capital-del-waterpolo\/"},"modified":"2014-05-28T00:00:00","modified_gmt":"2014-05-27T22:00:00","slug":"presentacion-oficial-de-la-final-six-de-waterpolo-y-inauguracion-de-la-exposicion-barcelona-capital-del-waterpolo","status":"publish","type":"post","link":"https:\/\/www.museuolimpicbcn.cat\/es\/presentacion-oficial-de-la-final-six-de-waterpolo-y-inauguracion-de-la-exposicion-barcelona-capital-del-waterpolo\/","title":{"rendered":"Presentaci\u00f3n oficial de la Final Six de Waterpolo y inauguraci\u00f3n de la exposici\u00f3n &#8216;Barcelona, capital del waterpolo&#8217;"},"content":{"rendered":"<p>La Final Six de Waterpolo, con los mejores equipos del waterpolo, se celebrar&aacute; del 29 al 31 de mayo a las Piscinas Municipales Bernat Picornell.<\/p>\n<p>Tambi&eacute;n se inaugur&oacute; la exposici&oacute;n &ldquo;Barcelona, Capital del Waterpolo&rdquo; que, desde hoy hasta el 28 de julio, podr&eacute;is disfrutar de una muestra de fotograf&iacute;as tomadas durante los Mundiales de Nataci&oacute;n de Barcelona 2013.<\/p>\n<p>La exposici&oacute;n fotogr&aacute;fica &ldquo;Barcelona, Capital del Waterpolo&rdquo; nace de la iniciativa de la Fundaci&oacute;n Barcelona Ol&iacute;mpica, el *CN Atl&eacute;tico-Barceloneta, Real *ederaci&oacute;n Espa&ntilde;ola de Nataci&oacute;n y la Federaci&oacute; Catalana de Nataci&oacute;, y es una muestra de fotograf&iacute;as que quieren capturar el esfuerzo, la lucha y la espectacularidad del waterpolo. Y es que Barcelona est&aacute; profundamente vinculada con un deporte, el waterpolo, que tiene una arraigada historia y una s&oacute;lida presencia en nuestra ciudad.<\/p>\n<p>&nbsp;<\/p>\n","protected":false},"excerpt":{"rendered":"<p>El acto fue presidido por los representantes de la Ligue Europ&eacute;ene de Natation (LEN) &#8211; Marco Birri, Director General; Stefan Bottlik, Comit&eacute; T&eacute;cnico de Waterpolo LEN, y Dimitris Diathesopoulos, LEN Bureau &ndash; Alfons C&aacute;novas, vicepresidente del Club Nataci&oacute; Atl&egrave;tic-Barceloneta y Xavier Amador, director de relaciones institucional de deportes del Ayuntamiento de Barcelona.<\/p>\n","protected":false},"author":1,"featured_media":0,"comment_status":"open","ping_status":"open","sticky":false,"template":"","format":"standard","meta":{"_acf_changed":false,"_price":"","_stock":"","_tribe_ticket_header":"","_tribe_default_ticket_provider":"","_tribe_ticket_capacity":"0","_ticket_start_date":"","_ticket_end_date":"","_tribe_ticket_show_description":"","_tribe_ticket_show_not_going":false,"_tribe_ticket_use_global_stock":"","_tribe_ticket_global_stock_level":"","_global_stock_mode":"","_global_stock_cap":"","_tribe_rsvp_for_event":"","_tribe_ticket_going_count":"","_tribe_ticket_not_going_count":"","_tribe_tickets_list":"[]","_tribe_ticket_has_attendee_info_fields":false,"footnotes":""},"categories":[3],"tags":[],"class_list":["post-11297","post","type-post","status-publish","format-standard","hentry","category-sin-categorizar"],"acf":[],"yoast_head":"<!-- This site is optimized with the Yoast SEO plugin v23.7 - https:\/\/yoast.com\/wordpress\/plugins\/seo\/ -->\n<title>Presentaci\u00f3n oficial de la Final Six de Waterpolo y inauguraci\u00f3n de la exposici\u00f3n &#039;Barcelona, capital del waterpolo&#039; - Museu Ol\u00edmpic i de l&#039;Esport Joan Antoni Samaranch. Barcelona<\/title>\n<meta name=\"robots\" content=\"index, follow, max-snippet:-1, max-image-preview:large, max-video-preview:-1\" \/>\n<link rel=\"canonical\" href=\"https:\/\/www.museuolimpicbcn.cat\/es\/presentacion-oficial-de-la-final-six-de-waterpolo-y-inauguracion-de-la-exposicion-barcelona-capital-del-waterpolo\/\" \/>\n<meta property=\"og:locale\" content=\"es_ES\" \/>\n<meta property=\"og:type\" content=\"article\" \/>\n<meta property=\"og:title\" content=\"Presentaci\u00f3n oficial de la Final Six de Waterpolo y inauguraci\u00f3n de la exposici\u00f3n &#039;Barcelona, capital del waterpolo&#039; - Museu Ol\u00edmpic i de l&#039;Esport Joan Antoni Samaranch. Barcelona\" \/>\n<meta property=\"og:description\" content=\"El acto fue presidido por los representantes de la Ligue Europ&eacute;ene de Natation (LEN) - Marco Birri, Director General; Stefan Bottlik, Comit&eacute; T&eacute;cnico de Waterpolo LEN, y Dimitris Diathesopoulos, LEN Bureau &ndash; Alfons C&aacute;novas, vicepresidente del Club Nataci&oacute; Atl&egrave;tic-Barceloneta y Xavier Amador, director de relaciones institucional de deportes del Ayuntamiento de Barcelona.\" \/>\n<meta property=\"og:url\" content=\"https:\/\/www.museuolimpicbcn.cat\/es\/presentacion-oficial-de-la-final-six-de-waterpolo-y-inauguracion-de-la-exposicion-barcelona-capital-del-waterpolo\/\" \/>\n<meta property=\"og:site_name\" content=\"Museu Ol\u00edmpic i de l&#039;Esport Joan Antoni Samaranch. Barcelona\" \/>\n<meta property=\"article:published_time\" content=\"2014-05-27T22:00:00+00:00\" \/>\n<meta name=\"author\" content=\"useradmin\" \/>\n<meta name=\"twitter:card\" content=\"summary_large_image\" \/>\n<meta name=\"twitter:label1\" content=\"Escrito por\" \/>\n\t<meta name=\"twitter:data1\" content=\"useradmin\" \/>\n\t<meta name=\"twitter:label2\" content=\"Tiempo de lectura\" \/>\n\t<meta name=\"twitter:data2\" content=\"1 minuto\" \/>\n<script type=\"application\/ld+json\" class=\"yoast-schema-graph\">{\"@context\":\"https:\/\/schema.org\",\"@graph\":[{\"@type\":\"Article\",\"@id\":\"https:\/\/www.museuolimpicbcn.cat\/es\/presentacion-oficial-de-la-final-six-de-waterpolo-y-inauguracion-de-la-exposicion-barcelona-capital-del-waterpolo\/#article\",\"isPartOf\":{\"@id\":\"https:\/\/www.museuolimpicbcn.cat\/es\/presentacion-oficial-de-la-final-six-de-waterpolo-y-inauguracion-de-la-exposicion-barcelona-capital-del-waterpolo\/\"},\"author\":{\"name\":\"useradmin\",\"@id\":\"https:\/\/www.museuolimpicbcn.cat\/ca\/#\/schema\/person\/d05705664e87aa04c6ce53d48133fb39\"},\"headline\":\"Presentaci\u00f3n oficial de la Final Six de Waterpolo y inauguraci\u00f3n de la exposici\u00f3n &#8216;Barcelona, capital del waterpolo&#8217;\",\"datePublished\":\"2014-05-27T22:00:00+00:00\",\"dateModified\":\"2014-05-27T22:00:00+00:00\",\"mainEntityOfPage\":{\"@id\":\"https:\/\/www.museuolimpicbcn.cat\/es\/presentacion-oficial-de-la-final-six-de-waterpolo-y-inauguracion-de-la-exposicion-barcelona-capital-del-waterpolo\/\"},\"wordCount\":186,\"commentCount\":4,\"publisher\":{\"@id\":\"https:\/\/www.museuolimpicbcn.cat\/ca\/#organization\"},\"articleSection\":[\"Sin categorizar\"],\"inLanguage\":\"es\",\"potentialAction\":[{\"@type\":\"CommentAction\",\"name\":\"Comment\",\"target\":[\"https:\/\/www.museuolimpicbcn.cat\/es\/presentacion-oficial-de-la-final-six-de-waterpolo-y-inauguracion-de-la-exposicion-barcelona-capital-del-waterpolo\/#respond\"]}]},{\"@type\":\"WebPage\",\"@id\":\"https:\/\/www.museuolimpicbcn.cat\/es\/presentacion-oficial-de-la-final-six-de-waterpolo-y-inauguracion-de-la-exposicion-barcelona-capital-del-waterpolo\/\",\"url\":\"https:\/\/www.museuolimpicbcn.cat\/es\/presentacion-oficial-de-la-final-six-de-waterpolo-y-inauguracion-de-la-exposicion-barcelona-capital-del-waterpolo\/\",\"name\":\"Presentaci\u00f3n oficial de la Final Six de Waterpolo y inauguraci\u00f3n de la exposici\u00f3n 'Barcelona, capital del waterpolo' - Museu Ol\u00edmpic i de l&#039;Esport Joan Antoni Samaranch. Barcelona\",\"isPartOf\":{\"@id\":\"https:\/\/www.museuolimpicbcn.cat\/ca\/#website\"},\"datePublished\":\"2014-05-27T22:00:00+00:00\",\"dateModified\":\"2014-05-27T22:00:00+00:00\",\"breadcrumb\":{\"@id\":\"https:\/\/www.museuolimpicbcn.cat\/es\/presentacion-oficial-de-la-final-six-de-waterpolo-y-inauguracion-de-la-exposicion-barcelona-capital-del-waterpolo\/#breadcrumb\"},\"inLanguage\":\"es\",\"potentialAction\":[{\"@type\":\"ReadAction\",\"target\":[\"https:\/\/www.museuolimpicbcn.cat\/es\/presentacion-oficial-de-la-final-six-de-waterpolo-y-inauguracion-de-la-exposicion-barcelona-capital-del-waterpolo\/\"]}]},{\"@type\":\"BreadcrumbList\",\"@id\":\"https:\/\/www.museuolimpicbcn.cat\/es\/presentacion-oficial-de-la-final-six-de-waterpolo-y-inauguracion-de-la-exposicion-barcelona-capital-del-waterpolo\/#breadcrumb\",\"itemListElement\":[{\"@type\":\"ListItem\",\"position\":1,\"name\":\"Inici\",\"item\":\"https:\/\/www.museuolimpicbcn.cat\/es\/\"},{\"@type\":\"ListItem\",\"position\":2,\"name\":\"Presentaci\u00f3n oficial de la Final Six de Waterpolo y inauguraci\u00f3n de la exposici\u00f3n &#8216;Barcelona, capital del waterpolo&#8217;\"}]},{\"@type\":\"WebSite\",\"@id\":\"https:\/\/www.museuolimpicbcn.cat\/ca\/#website\",\"url\":\"https:\/\/www.museuolimpicbcn.cat\/ca\/\",\"name\":\"Museu Ol\u00edmpic i de l&#039;Esport Joan Antoni Samaranch. Barcelona\",\"description\":\"Altre lloc Web del Museu Ol\u00edmpic i de l&#039;Esport llocs\",\"publisher\":{\"@id\":\"https:\/\/www.museuolimpicbcn.cat\/ca\/#organization\"},\"potentialAction\":[{\"@type\":\"SearchAction\",\"target\":{\"@type\":\"EntryPoint\",\"urlTemplate\":\"https:\/\/www.museuolimpicbcn.cat\/ca\/?s={search_term_string}\"},\"query-input\":{\"@type\":\"PropertyValueSpecification\",\"valueRequired\":true,\"valueName\":\"search_term_string\"}}],\"inLanguage\":\"es\"},{\"@type\":\"Organization\",\"@id\":\"https:\/\/www.museuolimpicbcn.cat\/ca\/#organization\",\"name\":\"Museu Ol\u00edmpic i de l&#039;Esport Joan Antoni Samaranch. Barcelona\",\"url\":\"https:\/\/www.museuolimpicbcn.cat\/ca\/\",\"logo\":{\"@type\":\"ImageObject\",\"inLanguage\":\"es\",\"@id\":\"https:\/\/www.museuolimpicbcn.cat\/ca\/#\/schema\/logo\/image\/\",\"url\":\"https:\/\/www.museuolimpicbcn.cat\/wp-content\/uploads\/sites\/2\/2018\/12\/logo-moe-header.svg\",\"contentUrl\":\"https:\/\/www.museuolimpicbcn.cat\/wp-content\/uploads\/sites\/2\/2018\/12\/logo-moe-header.svg\",\"caption\":\"Museu Ol\u00edmpic i de l&#039;Esport Joan Antoni Samaranch. Barcelona\"},\"image\":{\"@id\":\"https:\/\/www.museuolimpicbcn.cat\/ca\/#\/schema\/logo\/image\/\"}},{\"@type\":\"Person\",\"@id\":\"https:\/\/www.museuolimpicbcn.cat\/ca\/#\/schema\/person\/d05705664e87aa04c6ce53d48133fb39\",\"name\":\"useradmin\",\"url\":\"https:\/\/www.museuolimpicbcn.cat\/es\/author\/useradmin\/\"}]}<\/script>\n<!-- \/ Yoast SEO plugin. -->","yoast_head_json":{"title":"Presentaci\u00f3n oficial de la Final Six de Waterpolo y inauguraci\u00f3n de la exposici\u00f3n 'Barcelona, capital del waterpolo' - Museu Ol\u00edmpic i de l&#039;Esport Joan Antoni Samaranch. Barcelona","robots":{"index":"index","follow":"follow","max-snippet":"max-snippet:-1","max-image-preview":"max-image-preview:large","max-video-preview":"max-video-preview:-1"},"canonical":"https:\/\/www.museuolimpicbcn.cat\/es\/presentacion-oficial-de-la-final-six-de-waterpolo-y-inauguracion-de-la-exposicion-barcelona-capital-del-waterpolo\/","og_locale":"es_ES","og_type":"article","og_title":"Presentaci\u00f3n oficial de la Final Six de Waterpolo y inauguraci\u00f3n de la exposici\u00f3n 'Barcelona, capital del waterpolo' - Museu Ol\u00edmpic i de l&#039;Esport Joan Antoni Samaranch. Barcelona","og_description":"El acto fue presidido por los representantes de la Ligue Europ&eacute;ene de Natation (LEN) - Marco Birri, Director General; Stefan Bottlik, Comit&eacute; T&eacute;cnico de Waterpolo LEN, y Dimitris Diathesopoulos, LEN Bureau &ndash; Alfons C&aacute;novas, vicepresidente del Club Nataci&oacute; Atl&egrave;tic-Barceloneta y Xavier Amador, director de relaciones institucional de deportes del Ayuntamiento de Barcelona.","og_url":"https:\/\/www.museuolimpicbcn.cat\/es\/presentacion-oficial-de-la-final-six-de-waterpolo-y-inauguracion-de-la-exposicion-barcelona-capital-del-waterpolo\/","og_site_name":"Museu Ol\u00edmpic i de l&#039;Esport Joan Antoni Samaranch. Barcelona","article_published_time":"2014-05-27T22:00:00+00:00","author":"useradmin","twitter_card":"summary_large_image","twitter_misc":{"Escrito por":"useradmin","Tiempo de lectura":"1 minuto"},"schema":{"@context":"https:\/\/schema.org","@graph":[{"@type":"Article","@id":"https:\/\/www.museuolimpicbcn.cat\/es\/presentacion-oficial-de-la-final-six-de-waterpolo-y-inauguracion-de-la-exposicion-barcelona-capital-del-waterpolo\/#article","isPartOf":{"@id":"https:\/\/www.museuolimpicbcn.cat\/es\/presentacion-oficial-de-la-final-six-de-waterpolo-y-inauguracion-de-la-exposicion-barcelona-capital-del-waterpolo\/"},"author":{"name":"useradmin","@id":"https:\/\/www.museuolimpicbcn.cat\/ca\/#\/schema\/person\/d05705664e87aa04c6ce53d48133fb39"},"headline":"Presentaci\u00f3n oficial de la Final Six de Waterpolo y inauguraci\u00f3n de la exposici\u00f3n &#8216;Barcelona, capital del waterpolo&#8217;","datePublished":"2014-05-27T22:00:00+00:00","dateModified":"2014-05-27T22:00:00+00:00","mainEntityOfPage":{"@id":"https:\/\/www.museuolimpicbcn.cat\/es\/presentacion-oficial-de-la-final-six-de-waterpolo-y-inauguracion-de-la-exposicion-barcelona-capital-del-waterpolo\/"},"wordCount":186,"commentCount":4,"publisher":{"@id":"https:\/\/www.museuolimpicbcn.cat\/ca\/#organization"},"articleSection":["Sin categorizar"],"inLanguage":"es","potentialAction":[{"@type":"CommentAction","name":"Comment","target":["https:\/\/www.museuolimpicbcn.cat\/es\/presentacion-oficial-de-la-final-six-de-waterpolo-y-inauguracion-de-la-exposicion-barcelona-capital-del-waterpolo\/#respond"]}]},{"@type":"WebPage","@id":"https:\/\/www.museuolimpicbcn.cat\/es\/presentacion-oficial-de-la-final-six-de-waterpolo-y-inauguracion-de-la-exposicion-barcelona-capital-del-waterpolo\/","url":"https:\/\/www.museuolimpicbcn.cat\/es\/presentacion-oficial-de-la-final-six-de-waterpolo-y-inauguracion-de-la-exposicion-barcelona-capital-del-waterpolo\/","name":"Presentaci\u00f3n oficial de la Final Six de Waterpolo y inauguraci\u00f3n de la exposici\u00f3n 'Barcelona, capital del waterpolo' - Museu Ol\u00edmpic i de l&#039;Esport Joan Antoni Samaranch. Barcelona","isPartOf":{"@id":"https:\/\/www.museuolimpicbcn.cat\/ca\/#website"},"datePublished":"2014-05-27T22:00:00+00:00","dateModified":"2014-05-27T22:00:00+00:00","breadcrumb":{"@id":"https:\/\/www.museuolimpicbcn.cat\/es\/presentacion-oficial-de-la-final-six-de-waterpolo-y-inauguracion-de-la-exposicion-barcelona-capital-del-waterpolo\/#breadcrumb"},"inLanguage":"es","potentialAction":[{"@type":"ReadAction","target":["https:\/\/www.museuolimpicbcn.cat\/es\/presentacion-oficial-de-la-final-six-de-waterpolo-y-inauguracion-de-la-exposicion-barcelona-capital-del-waterpolo\/"]}]},{"@type":"BreadcrumbList","@id":"https:\/\/www.museuolimpicbcn.cat\/es\/presentacion-oficial-de-la-final-six-de-waterpolo-y-inauguracion-de-la-exposicion-barcelona-capital-del-waterpolo\/#breadcrumb","itemListElement":[{"@type":"ListItem","position":1,"name":"Inici","item":"https:\/\/www.museuolimpicbcn.cat\/es\/"},{"@type":"ListItem","position":2,"name":"Presentaci\u00f3n oficial de la Final Six de Waterpolo y inauguraci\u00f3n de la exposici\u00f3n &#8216;Barcelona, capital del waterpolo&#8217;"}]},{"@type":"WebSite","@id":"https:\/\/www.museuolimpicbcn.cat\/ca\/#website","url":"https:\/\/www.museuolimpicbcn.cat\/ca\/","name":"Museu Ol\u00edmpic i de l&#039;Esport Joan Antoni Samaranch. Barcelona","description":"Altre lloc Web del Museu Ol\u00edmpic i de l&#039;Esport llocs","publisher":{"@id":"https:\/\/www.museuolimpicbcn.cat\/ca\/#organization"},"potentialAction":[{"@type":"SearchAction","target":{"@type":"EntryPoint","urlTemplate":"https:\/\/www.museuolimpicbcn.cat\/ca\/?s={search_term_string}"},"query-input":{"@type":"PropertyValueSpecification","valueRequired":true,"valueName":"search_term_string"}}],"inLanguage":"es"},{"@type":"Organization","@id":"https:\/\/www.museuolimpicbcn.cat\/ca\/#organization","name":"Museu Ol\u00edmpic i de l&#039;Esport Joan Antoni Samaranch. Barcelona","url":"https:\/\/www.museuolimpicbcn.cat\/ca\/","logo":{"@type":"ImageObject","inLanguage":"es","@id":"https:\/\/www.museuolimpicbcn.cat\/ca\/#\/schema\/logo\/image\/","url":"https:\/\/www.museuolimpicbcn.cat\/wp-content\/uploads\/sites\/2\/2018\/12\/logo-moe-header.svg","contentUrl":"https:\/\/www.museuolimpicbcn.cat\/wp-content\/uploads\/sites\/2\/2018\/12\/logo-moe-header.svg","caption":"Museu Ol\u00edmpic i de l&#039;Esport Joan Antoni Samaranch. Barcelona"},"image":{"@id":"https:\/\/www.museuolimpicbcn.cat\/ca\/#\/schema\/logo\/image\/"}},{"@type":"Person","@id":"https:\/\/www.museuolimpicbcn.cat\/ca\/#\/schema\/person\/d05705664e87aa04c6ce53d48133fb39","name":"useradmin","url":"https:\/\/www.museuolimpicbcn.cat\/es\/author\/useradmin\/"}]}},"_links":{"self":[{"href":"https:\/\/www.museuolimpicbcn.cat\/es\/wp-json\/wp\/v2\/posts\/11297"}],"collection":[{"href":"https:\/\/www.museuolimpicbcn.cat\/es\/wp-json\/wp\/v2\/posts"}],"about":[{"href":"https:\/\/www.museuolimpicbcn.cat\/es\/wp-json\/wp\/v2\/types\/post"}],"author":[{"embeddable":true,"href":"https:\/\/www.museuolimpicbcn.cat\/es\/wp-json\/wp\/v2\/users\/1"}],"replies":[{"embeddable":true,"href":"https:\/\/www.museuolimpicbcn.cat\/es\/wp-json\/wp\/v2\/comments?post=11297"}],"version-history":[{"count":0,"href":"https:\/\/www.museuolimpicbcn.cat\/es\/wp-json\/wp\/v2\/posts\/11297\/revisions"}],"wp:attachment":[{"href":"https:\/\/www.museuolimpicbcn.cat\/es\/wp-json\/wp\/v2\/media?parent=11297"}],"wp:term":[{"taxonomy":"category","embeddable":true,"href":"https:\/\/www.museuolimpicbcn.cat\/es\/wp-json\/wp\/v2\/categories?post=11297"},{"taxonomy":"post_tag","embeddable":true,"href":"https:\/\/www.museuolimpicbcn.cat\/es\/wp-json\/wp\/v2\/tags?post=11297"}],"curies":[{"name":"wp","href":"https:\/\/api.w.org\/{rel}","templated":true}]}}