{"id":11529,"date":"2014-09-25T00:00:00","date_gmt":"2014-09-24T22:00:00","guid":{"rendered":"http:\/\/dev.museuolimpicbcn.cat\/homenaje-a-domingo-catalan-un-atleta-con-vocacion\/"},"modified":"2014-09-25T00:00:00","modified_gmt":"2014-09-24T22:00:00","slug":"homenaje-a-domingo-catalan-un-atleta-con-vocacion","status":"publish","type":"post","link":"https:\/\/www.museuolimpicbcn.cat\/es\/homenaje-a-domingo-catalan-un-atleta-con-vocacion\/","title":{"rendered":"Homenaje a Domingo Catal\u00e1n, &#8216;un atleta con vocaci\u00f3n&#8217;"},"content":{"rendered":"<p>Ivan Tibau, Secretari General de l&rsquo;Esport; Joan Villuendas. president de la Federaci&oacute; Catalana d&rsquo;Atletisme; Albert Soler, director de Relacions Institucionals i Esportives del FCB; Javier Moracho, <em>recordman<\/em> de los 110 m vallas, Josep Lluis Vilaseca, exsecretario General de Deportes, o Albert Batlle y Pere Alcober exregidores de Deportes, entre otros, han sido algunos de los personajes destacados que han querido estar presentes en el reconocimiento a toda una vida dedicada al atletismo.<\/p>\n<p>Si algo se puede destacar de Domingo Catal&aacute;n es su gran pasi&oacute;n por el atletismo. Joan Fonser&eacute; le incit&oacute; a que fuese al Bar&ccedil;a y que corriese. Desde que descubri&oacute; el atletismo el deporte pas&oacute; a ser su vocaci&oacute;n. As&iacute;, en 1964 comenz&oacute; a entrenar con Gregorio Rojo.<\/p>\n<p>Lo m&aacute;s importante para Domingo era correr, lo que le llev&oacute; a ser uno de los atletas con m&aacute;s renombre del atletismo catal&aacute;n, llegando a ser bicampe&oacute;n del mundo. En 1984 convirti&oacute; su deporte en su profesi&oacute;n montando la tienda Domingo Catal&aacute;n, especializado en material de atletismo. Un deportista que hizo del atletismo su pasi&oacute;n y su vocaci&oacute;n, que vive y vibra al ponerse sus zapatillas de correr y que disfruta con las carreras porque &ldquo;siempre le dejan an&eacute;cdotas que contar&rdquo;.<\/p>\n","protected":false},"excerpt":{"rendered":"<p>Maite Fandos, presidenta de la Fundaci&oacute; Barcelona Ol&iacute;mpica, junto con Josep Maria Conesa, presidente de l&rsquo;Atletic Club Esport i Natura han presidido el acto homenaje a Domingo Catal&aacute;n, bicampe&oacute;n del mundo de 100 km y uno de los grandes pioneros de las largas distancias en el atletismo catal&aacute;n.<\/p>\n<p>&nbsp;<\/p>\n","protected":false},"author":1,"featured_media":0,"comment_status":"open","ping_status":"open","sticky":false,"template":"","format":"standard","meta":{"_acf_changed":false,"_price":"","_stock":"","_tribe_ticket_header":"","_tribe_default_ticket_provider":"","_tribe_ticket_capacity":"0","_ticket_start_date":"","_ticket_end_date":"","_tribe_ticket_show_description":"","_tribe_ticket_show_not_going":false,"_tribe_ticket_use_global_stock":"","_tribe_ticket_global_stock_level":"","_global_stock_mode":"","_global_stock_cap":"","_tribe_rsvp_for_event":"","_tribe_ticket_going_count":"","_tribe_ticket_not_going_count":"","_tribe_tickets_list":"[]","_tribe_ticket_has_attendee_info_fields":false,"footnotes":""},"categories":[3],"tags":[],"class_list":["post-11529","post","type-post","status-publish","format-standard","hentry","category-sin-categorizar"],"acf":[],"yoast_head":"<!-- This site is optimized with the Yoast SEO plugin v23.7 - https:\/\/yoast.com\/wordpress\/plugins\/seo\/ -->\n<title>Homenaje a Domingo Catal\u00e1n, &#039;un atleta con vocaci\u00f3n&#039; - Museu Ol\u00edmpic i de l&#039;Esport Joan Antoni Samaranch. Barcelona<\/title>\n<meta name=\"robots\" content=\"index, follow, max-snippet:-1, max-image-preview:large, max-video-preview:-1\" \/>\n<link rel=\"canonical\" href=\"https:\/\/www.museuolimpicbcn.cat\/es\/homenaje-a-domingo-catalan-un-atleta-con-vocacion\/\" \/>\n<meta property=\"og:locale\" content=\"es_ES\" \/>\n<meta property=\"og:type\" content=\"article\" \/>\n<meta property=\"og:title\" content=\"Homenaje a Domingo Catal\u00e1n, &#039;un atleta con vocaci\u00f3n&#039; - Museu Ol\u00edmpic i de l&#039;Esport Joan Antoni Samaranch. Barcelona\" \/>\n<meta property=\"og:description\" content=\"Maite Fandos, presidenta de la Fundaci&oacute; Barcelona Ol&iacute;mpica, junto con Josep Maria Conesa, presidente de l&rsquo;Atletic Club Esport i Natura han presidido el acto homenaje a Domingo Catal&aacute;n, bicampe&oacute;n del mundo de 100 km y uno de los grandes pioneros de las largas distancias en el atletismo catal&aacute;n. &nbsp;\" \/>\n<meta property=\"og:url\" content=\"https:\/\/www.museuolimpicbcn.cat\/es\/homenaje-a-domingo-catalan-un-atleta-con-vocacion\/\" \/>\n<meta property=\"og:site_name\" content=\"Museu Ol\u00edmpic i de l&#039;Esport Joan Antoni Samaranch. Barcelona\" \/>\n<meta property=\"article:published_time\" content=\"2014-09-24T22:00:00+00:00\" \/>\n<meta name=\"author\" content=\"useradmin\" \/>\n<meta name=\"twitter:card\" content=\"summary_large_image\" \/>\n<meta name=\"twitter:label1\" content=\"Escrito por\" \/>\n\t<meta name=\"twitter:data1\" content=\"useradmin\" \/>\n\t<meta name=\"twitter:label2\" content=\"Tiempo de lectura\" \/>\n\t<meta name=\"twitter:data2\" content=\"1 minuto\" \/>\n<script type=\"application\/ld+json\" class=\"yoast-schema-graph\">{\"@context\":\"https:\/\/schema.org\",\"@graph\":[{\"@type\":\"Article\",\"@id\":\"https:\/\/www.museuolimpicbcn.cat\/es\/homenaje-a-domingo-catalan-un-atleta-con-vocacion\/#article\",\"isPartOf\":{\"@id\":\"https:\/\/www.museuolimpicbcn.cat\/es\/homenaje-a-domingo-catalan-un-atleta-con-vocacion\/\"},\"author\":{\"name\":\"useradmin\",\"@id\":\"https:\/\/www.museuolimpicbcn.cat\/ca\/#\/schema\/person\/d05705664e87aa04c6ce53d48133fb39\"},\"headline\":\"Homenaje a Domingo Catal\u00e1n, &#8216;un atleta con vocaci\u00f3n&#8217;\",\"datePublished\":\"2014-09-24T22:00:00+00:00\",\"dateModified\":\"2014-09-24T22:00:00+00:00\",\"mainEntityOfPage\":{\"@id\":\"https:\/\/www.museuolimpicbcn.cat\/es\/homenaje-a-domingo-catalan-un-atleta-con-vocacion\/\"},\"wordCount\":249,\"commentCount\":2,\"publisher\":{\"@id\":\"https:\/\/www.museuolimpicbcn.cat\/ca\/#organization\"},\"articleSection\":[\"Sin categorizar\"],\"inLanguage\":\"es\",\"potentialAction\":[{\"@type\":\"CommentAction\",\"name\":\"Comment\",\"target\":[\"https:\/\/www.museuolimpicbcn.cat\/es\/homenaje-a-domingo-catalan-un-atleta-con-vocacion\/#respond\"]}]},{\"@type\":\"WebPage\",\"@id\":\"https:\/\/www.museuolimpicbcn.cat\/es\/homenaje-a-domingo-catalan-un-atleta-con-vocacion\/\",\"url\":\"https:\/\/www.museuolimpicbcn.cat\/es\/homenaje-a-domingo-catalan-un-atleta-con-vocacion\/\",\"name\":\"Homenaje a Domingo Catal\u00e1n, 'un atleta con vocaci\u00f3n' - Museu Ol\u00edmpic i de l&#039;Esport Joan Antoni Samaranch. Barcelona\",\"isPartOf\":{\"@id\":\"https:\/\/www.museuolimpicbcn.cat\/ca\/#website\"},\"datePublished\":\"2014-09-24T22:00:00+00:00\",\"dateModified\":\"2014-09-24T22:00:00+00:00\",\"breadcrumb\":{\"@id\":\"https:\/\/www.museuolimpicbcn.cat\/es\/homenaje-a-domingo-catalan-un-atleta-con-vocacion\/#breadcrumb\"},\"inLanguage\":\"es\",\"potentialAction\":[{\"@type\":\"ReadAction\",\"target\":[\"https:\/\/www.museuolimpicbcn.cat\/es\/homenaje-a-domingo-catalan-un-atleta-con-vocacion\/\"]}]},{\"@type\":\"BreadcrumbList\",\"@id\":\"https:\/\/www.museuolimpicbcn.cat\/es\/homenaje-a-domingo-catalan-un-atleta-con-vocacion\/#breadcrumb\",\"itemListElement\":[{\"@type\":\"ListItem\",\"position\":1,\"name\":\"Inici\",\"item\":\"https:\/\/www.museuolimpicbcn.cat\/es\/\"},{\"@type\":\"ListItem\",\"position\":2,\"name\":\"Homenaje a Domingo Catal\u00e1n, &#8216;un atleta con vocaci\u00f3n&#8217;\"}]},{\"@type\":\"WebSite\",\"@id\":\"https:\/\/www.museuolimpicbcn.cat\/ca\/#website\",\"url\":\"https:\/\/www.museuolimpicbcn.cat\/ca\/\",\"name\":\"Museu Ol\u00edmpic i de l&#039;Esport Joan Antoni Samaranch. Barcelona\",\"description\":\"Altre lloc Web del Museu Ol\u00edmpic i de l&#039;Esport llocs\",\"publisher\":{\"@id\":\"https:\/\/www.museuolimpicbcn.cat\/ca\/#organization\"},\"potentialAction\":[{\"@type\":\"SearchAction\",\"target\":{\"@type\":\"EntryPoint\",\"urlTemplate\":\"https:\/\/www.museuolimpicbcn.cat\/ca\/?s={search_term_string}\"},\"query-input\":{\"@type\":\"PropertyValueSpecification\",\"valueRequired\":true,\"valueName\":\"search_term_string\"}}],\"inLanguage\":\"es\"},{\"@type\":\"Organization\",\"@id\":\"https:\/\/www.museuolimpicbcn.cat\/ca\/#organization\",\"name\":\"Museu Ol\u00edmpic i de l&#039;Esport Joan Antoni Samaranch. Barcelona\",\"url\":\"https:\/\/www.museuolimpicbcn.cat\/ca\/\",\"logo\":{\"@type\":\"ImageObject\",\"inLanguage\":\"es\",\"@id\":\"https:\/\/www.museuolimpicbcn.cat\/ca\/#\/schema\/logo\/image\/\",\"url\":\"https:\/\/www.museuolimpicbcn.cat\/wp-content\/uploads\/sites\/2\/2018\/12\/logo-moe-header.svg\",\"contentUrl\":\"https:\/\/www.museuolimpicbcn.cat\/wp-content\/uploads\/sites\/2\/2018\/12\/logo-moe-header.svg\",\"caption\":\"Museu Ol\u00edmpic i de l&#039;Esport Joan Antoni Samaranch. Barcelona\"},\"image\":{\"@id\":\"https:\/\/www.museuolimpicbcn.cat\/ca\/#\/schema\/logo\/image\/\"}},{\"@type\":\"Person\",\"@id\":\"https:\/\/www.museuolimpicbcn.cat\/ca\/#\/schema\/person\/d05705664e87aa04c6ce53d48133fb39\",\"name\":\"useradmin\",\"url\":\"https:\/\/www.museuolimpicbcn.cat\/es\/author\/useradmin\/\"}]}<\/script>\n<!-- \/ Yoast SEO plugin. -->","yoast_head_json":{"title":"Homenaje a Domingo Catal\u00e1n, 'un atleta con vocaci\u00f3n' - Museu Ol\u00edmpic i de l&#039;Esport Joan Antoni Samaranch. Barcelona","robots":{"index":"index","follow":"follow","max-snippet":"max-snippet:-1","max-image-preview":"max-image-preview:large","max-video-preview":"max-video-preview:-1"},"canonical":"https:\/\/www.museuolimpicbcn.cat\/es\/homenaje-a-domingo-catalan-un-atleta-con-vocacion\/","og_locale":"es_ES","og_type":"article","og_title":"Homenaje a Domingo Catal\u00e1n, 'un atleta con vocaci\u00f3n' - Museu Ol\u00edmpic i de l&#039;Esport Joan Antoni Samaranch. Barcelona","og_description":"Maite Fandos, presidenta de la Fundaci&oacute; Barcelona Ol&iacute;mpica, junto con Josep Maria Conesa, presidente de l&rsquo;Atletic Club Esport i Natura han presidido el acto homenaje a Domingo Catal&aacute;n, bicampe&oacute;n del mundo de 100 km y uno de los grandes pioneros de las largas distancias en el atletismo catal&aacute;n. &nbsp;","og_url":"https:\/\/www.museuolimpicbcn.cat\/es\/homenaje-a-domingo-catalan-un-atleta-con-vocacion\/","og_site_name":"Museu Ol\u00edmpic i de l&#039;Esport Joan Antoni Samaranch. Barcelona","article_published_time":"2014-09-24T22:00:00+00:00","author":"useradmin","twitter_card":"summary_large_image","twitter_misc":{"Escrito por":"useradmin","Tiempo de lectura":"1 minuto"},"schema":{"@context":"https:\/\/schema.org","@graph":[{"@type":"Article","@id":"https:\/\/www.museuolimpicbcn.cat\/es\/homenaje-a-domingo-catalan-un-atleta-con-vocacion\/#article","isPartOf":{"@id":"https:\/\/www.museuolimpicbcn.cat\/es\/homenaje-a-domingo-catalan-un-atleta-con-vocacion\/"},"author":{"name":"useradmin","@id":"https:\/\/www.museuolimpicbcn.cat\/ca\/#\/schema\/person\/d05705664e87aa04c6ce53d48133fb39"},"headline":"Homenaje a Domingo Catal\u00e1n, &#8216;un atleta con vocaci\u00f3n&#8217;","datePublished":"2014-09-24T22:00:00+00:00","dateModified":"2014-09-24T22:00:00+00:00","mainEntityOfPage":{"@id":"https:\/\/www.museuolimpicbcn.cat\/es\/homenaje-a-domingo-catalan-un-atleta-con-vocacion\/"},"wordCount":249,"commentCount":2,"publisher":{"@id":"https:\/\/www.museuolimpicbcn.cat\/ca\/#organization"},"articleSection":["Sin categorizar"],"inLanguage":"es","potentialAction":[{"@type":"CommentAction","name":"Comment","target":["https:\/\/www.museuolimpicbcn.cat\/es\/homenaje-a-domingo-catalan-un-atleta-con-vocacion\/#respond"]}]},{"@type":"WebPage","@id":"https:\/\/www.museuolimpicbcn.cat\/es\/homenaje-a-domingo-catalan-un-atleta-con-vocacion\/","url":"https:\/\/www.museuolimpicbcn.cat\/es\/homenaje-a-domingo-catalan-un-atleta-con-vocacion\/","name":"Homenaje a Domingo Catal\u00e1n, 'un atleta con vocaci\u00f3n' - Museu Ol\u00edmpic i de l&#039;Esport Joan Antoni Samaranch. Barcelona","isPartOf":{"@id":"https:\/\/www.museuolimpicbcn.cat\/ca\/#website"},"datePublished":"2014-09-24T22:00:00+00:00","dateModified":"2014-09-24T22:00:00+00:00","breadcrumb":{"@id":"https:\/\/www.museuolimpicbcn.cat\/es\/homenaje-a-domingo-catalan-un-atleta-con-vocacion\/#breadcrumb"},"inLanguage":"es","potentialAction":[{"@type":"ReadAction","target":["https:\/\/www.museuolimpicbcn.cat\/es\/homenaje-a-domingo-catalan-un-atleta-con-vocacion\/"]}]},{"@type":"BreadcrumbList","@id":"https:\/\/www.museuolimpicbcn.cat\/es\/homenaje-a-domingo-catalan-un-atleta-con-vocacion\/#breadcrumb","itemListElement":[{"@type":"ListItem","position":1,"name":"Inici","item":"https:\/\/www.museuolimpicbcn.cat\/es\/"},{"@type":"ListItem","position":2,"name":"Homenaje a Domingo Catal\u00e1n, &#8216;un atleta con vocaci\u00f3n&#8217;"}]},{"@type":"WebSite","@id":"https:\/\/www.museuolimpicbcn.cat\/ca\/#website","url":"https:\/\/www.museuolimpicbcn.cat\/ca\/","name":"Museu Ol\u00edmpic i de l&#039;Esport Joan Antoni Samaranch. Barcelona","description":"Altre lloc Web del Museu Ol\u00edmpic i de l&#039;Esport llocs","publisher":{"@id":"https:\/\/www.museuolimpicbcn.cat\/ca\/#organization"},"potentialAction":[{"@type":"SearchAction","target":{"@type":"EntryPoint","urlTemplate":"https:\/\/www.museuolimpicbcn.cat\/ca\/?s={search_term_string}"},"query-input":{"@type":"PropertyValueSpecification","valueRequired":true,"valueName":"search_term_string"}}],"inLanguage":"es"},{"@type":"Organization","@id":"https:\/\/www.museuolimpicbcn.cat\/ca\/#organization","name":"Museu Ol\u00edmpic i de l&#039;Esport Joan Antoni Samaranch. Barcelona","url":"https:\/\/www.museuolimpicbcn.cat\/ca\/","logo":{"@type":"ImageObject","inLanguage":"es","@id":"https:\/\/www.museuolimpicbcn.cat\/ca\/#\/schema\/logo\/image\/","url":"https:\/\/www.museuolimpicbcn.cat\/wp-content\/uploads\/sites\/2\/2018\/12\/logo-moe-header.svg","contentUrl":"https:\/\/www.museuolimpicbcn.cat\/wp-content\/uploads\/sites\/2\/2018\/12\/logo-moe-header.svg","caption":"Museu Ol\u00edmpic i de l&#039;Esport Joan Antoni Samaranch. Barcelona"},"image":{"@id":"https:\/\/www.museuolimpicbcn.cat\/ca\/#\/schema\/logo\/image\/"}},{"@type":"Person","@id":"https:\/\/www.museuolimpicbcn.cat\/ca\/#\/schema\/person\/d05705664e87aa04c6ce53d48133fb39","name":"useradmin","url":"https:\/\/www.museuolimpicbcn.cat\/es\/author\/useradmin\/"}]}},"_links":{"self":[{"href":"https:\/\/www.museuolimpicbcn.cat\/es\/wp-json\/wp\/v2\/posts\/11529"}],"collection":[{"href":"https:\/\/www.museuolimpicbcn.cat\/es\/wp-json\/wp\/v2\/posts"}],"about":[{"href":"https:\/\/www.museuolimpicbcn.cat\/es\/wp-json\/wp\/v2\/types\/post"}],"author":[{"embeddable":true,"href":"https:\/\/www.museuolimpicbcn.cat\/es\/wp-json\/wp\/v2\/users\/1"}],"replies":[{"embeddable":true,"href":"https:\/\/www.museuolimpicbcn.cat\/es\/wp-json\/wp\/v2\/comments?post=11529"}],"version-history":[{"count":0,"href":"https:\/\/www.museuolimpicbcn.cat\/es\/wp-json\/wp\/v2\/posts\/11529\/revisions"}],"wp:attachment":[{"href":"https:\/\/www.museuolimpicbcn.cat\/es\/wp-json\/wp\/v2\/media?parent=11529"}],"wp:term":[{"taxonomy":"category","embeddable":true,"href":"https:\/\/www.museuolimpicbcn.cat\/es\/wp-json\/wp\/v2\/categories?post=11529"},{"taxonomy":"post_tag","embeddable":true,"href":"https:\/\/www.museuolimpicbcn.cat\/es\/wp-json\/wp\/v2\/tags?post=11529"}],"curies":[{"name":"wp","href":"https:\/\/api.w.org\/{rel}","templated":true}]}}