{"id":11734,"date":"2014-11-26T00:00:00","date_gmt":"2014-11-25T23:00:00","guid":{"rendered":"http:\/\/dev.museuolimpicbcn.cat\/indescat-entrego-los-premios-empresa-y-deporte-a-la-innovacion-la-internacionalizacion-y-el-partenariado-que-este-ano-han-celebrado-la-segunda-edicion\/"},"modified":"2014-11-26T00:00:00","modified_gmt":"2014-11-25T23:00:00","slug":"indescat-entrego-los-premios-empresa-y-deporte-a-la-innovacion-la-internacionalizacion-y-el-partenariado-que-este-ano-han-celebrado-la-segunda-edicion","status":"publish","type":"post","link":"https:\/\/www.museuolimpicbcn.cat\/es\/indescat-entrego-los-premios-empresa-y-deporte-a-la-innovacion-la-internacionalizacion-y-el-partenariado-que-este-ano-han-celebrado-la-segunda-edicion\/","title":{"rendered":"INDESCAT entreg\u00f3 los Premios Empresa y Deporte a la Innovaci\u00f3n, la Internacionalizaci\u00f3n y el Partenariado, que este a\u00f1o han celebrado la segunda edici\u00f3n."},"content":{"rendered":"<p><strong>Premios Empresa y Deporte 2014<\/strong><\/p>\n<p>El premio <strong>Empresa y Deporte a la Innovaci&oacute;n<\/strong> fue otorgado a <strong>Bioiberica<\/strong>, empresa biotecnol&oacute;gica creada el 1975 especializada en la investigaci&oacute;n, fabricaci&oacute;n y comercializaci&oacute;n de biomol&eacute;culas para la industria farmac&eacute;utica, veterinaria y agr&iacute;cola.<\/p>\n<p>El <strong>premio Empresa y Deporte a la Internacionalizaci&oacute;n<\/strong>, fue para el J<strong>ohan Cruyff Institute<\/strong>, un centro de formaci&oacute;n con sede en Barcelona que ha conseguido internacionalizarse tanto en cuanto a los alumnos de todo el mundo y que siguen los cursos online o presencialmente en la capital catalana, como abriendo centros en el extranjero e impartiendo clases en el extranjero.<\/p>\n<p>El <strong>premio Empresa y Deporte al Partenariado <\/strong>fue otorgado al <strong>proyecto &ldquo;Salud&rdquo;<\/strong>, l<strong>iderado por Fluidra<\/strong>, empresa multinacional con sede en Catalu&ntilde;a dedicada al desarrollo de aplicaciones para el uso sostenible del agua, conjuntamente con la Universitadad Aut&oacute;noma de Barcelona, el Hospital Cl&iacute;nico de Barcelona y el Club Nataci&oacute;n Atl&eacute;tico Barceloneta. Se trata de un proyecto de investigaci&oacute;n en que participan un club deportivo, una empresa, una universidad y un hospital, en una colaboraci&oacute;n que el jurado ha valorado bien positivamente.<\/p>\n<p>El <strong>comit&eacute; evaluador de los Premios Empresa y Deporte<\/strong> estuvo formato por dos representantes de INDESCAT, un representante de la Secretar&iacute;a General del Deporte, un representante del Departamento de empresa y Ocupaci&oacute;n &ndash; ACCI&Oacute;, y dos representantes del mundo universitario vinculados con el deporte, la Fundaci&oacute;n Blanquerna (Universitat Ramon Llull), y la Barcelona School *of Management (Universidad Pompeu Fabra).<\/p>\n","protected":false},"excerpt":{"rendered":"<p>El cl&uacute;ster catal&aacute;n de la industria del deporte, INDESCAT, entreg&oacute; por segundo a&ntilde;o consecutivo los Premios Empresa y Deporte con el objetivo de reconocer los tres proyectos del sector deportivo m&aacute;s destacados en los &aacute;mbitos de la innovaci&oacute;n, la internacionalizaci&oacute;n y el partenariado. El acto estuvo presidido por Joan Porcar presidente de INDESCAT; Ivan Tibau, secretario general del Deporte; N&uacute;ria Betriu, consejera delegada de ACCI&Oacute;; Xavier Amador, director de Relaciones Institucionales del &aacute;rea de Calidad de Vida, Igualdad y Deportes del Ayuntamiento de Barcelona y Gerard Esteva, presidente de la Uni&oacute;n de Federaciones Deportivas de Catalu&ntilde;a.<\/p>\n","protected":false},"author":1,"featured_media":0,"comment_status":"open","ping_status":"open","sticky":false,"template":"","format":"standard","meta":{"_acf_changed":false,"_price":"","_stock":"","_tribe_ticket_header":"","_tribe_default_ticket_provider":"","_tribe_ticket_capacity":"0","_ticket_start_date":"","_ticket_end_date":"","_tribe_ticket_show_description":"","_tribe_ticket_show_not_going":false,"_tribe_ticket_use_global_stock":"","_tribe_ticket_global_stock_level":"","_global_stock_mode":"","_global_stock_cap":"","_tribe_rsvp_for_event":"","_tribe_ticket_going_count":"","_tribe_ticket_not_going_count":"","_tribe_tickets_list":"[]","_tribe_ticket_has_attendee_info_fields":false,"footnotes":""},"categories":[3],"tags":[],"class_list":["post-11734","post","type-post","status-publish","format-standard","hentry","category-sin-categorizar"],"acf":[],"yoast_head":"<!-- This site is optimized with the Yoast SEO plugin v23.7 - https:\/\/yoast.com\/wordpress\/plugins\/seo\/ -->\n<title>INDESCAT entreg\u00f3 los Premios Empresa y Deporte a la Innovaci\u00f3n, la Internacionalizaci\u00f3n y el Partenariado, que este a\u00f1o han celebrado la segunda edici\u00f3n. - Museu Ol\u00edmpic i de l&#039;Esport Joan Antoni Samaranch. Barcelona<\/title>\n<meta name=\"robots\" content=\"index, follow, max-snippet:-1, max-image-preview:large, max-video-preview:-1\" \/>\n<link rel=\"canonical\" href=\"https:\/\/www.museuolimpicbcn.cat\/es\/indescat-entrego-los-premios-empresa-y-deporte-a-la-innovacion-la-internacionalizacion-y-el-partenariado-que-este-ano-han-celebrado-la-segunda-edicion\/\" \/>\n<meta property=\"og:locale\" content=\"es_ES\" \/>\n<meta property=\"og:type\" content=\"article\" \/>\n<meta property=\"og:title\" content=\"INDESCAT entreg\u00f3 los Premios Empresa y Deporte a la Innovaci\u00f3n, la Internacionalizaci\u00f3n y el Partenariado, que este a\u00f1o han celebrado la segunda edici\u00f3n. - Museu Ol\u00edmpic i de l&#039;Esport Joan Antoni Samaranch. Barcelona\" \/>\n<meta property=\"og:description\" content=\"El cl&uacute;ster catal&aacute;n de la industria del deporte, INDESCAT, entreg&oacute; por segundo a&ntilde;o consecutivo los Premios Empresa y Deporte con el objetivo de reconocer los tres proyectos del sector deportivo m&aacute;s destacados en los &aacute;mbitos de la innovaci&oacute;n, la internacionalizaci&oacute;n y el partenariado. El acto estuvo presidido por Joan Porcar presidente de INDESCAT; Ivan Tibau, secretario general del Deporte; N&uacute;ria Betriu, consejera delegada de ACCI&Oacute;; Xavier Amador, director de Relaciones Institucionales del &aacute;rea de Calidad de Vida, Igualdad y Deportes del Ayuntamiento de Barcelona y Gerard Esteva, presidente de la Uni&oacute;n de Federaciones Deportivas de Catalu&ntilde;a.\" \/>\n<meta property=\"og:url\" content=\"https:\/\/www.museuolimpicbcn.cat\/es\/indescat-entrego-los-premios-empresa-y-deporte-a-la-innovacion-la-internacionalizacion-y-el-partenariado-que-este-ano-han-celebrado-la-segunda-edicion\/\" \/>\n<meta property=\"og:site_name\" content=\"Museu Ol\u00edmpic i de l&#039;Esport Joan Antoni Samaranch. Barcelona\" \/>\n<meta property=\"article:published_time\" content=\"2014-11-25T23:00:00+00:00\" \/>\n<meta name=\"author\" content=\"useradmin\" \/>\n<meta name=\"twitter:card\" content=\"summary_large_image\" \/>\n<meta name=\"twitter:label1\" content=\"Escrito por\" \/>\n\t<meta name=\"twitter:data1\" content=\"useradmin\" \/>\n\t<meta name=\"twitter:label2\" content=\"Tiempo de lectura\" \/>\n\t<meta name=\"twitter:data2\" content=\"1 minuto\" \/>\n<script type=\"application\/ld+json\" class=\"yoast-schema-graph\">{\"@context\":\"https:\/\/schema.org\",\"@graph\":[{\"@type\":\"Article\",\"@id\":\"https:\/\/www.museuolimpicbcn.cat\/es\/indescat-entrego-los-premios-empresa-y-deporte-a-la-innovacion-la-internacionalizacion-y-el-partenariado-que-este-ano-han-celebrado-la-segunda-edicion\/#article\",\"isPartOf\":{\"@id\":\"https:\/\/www.museuolimpicbcn.cat\/es\/indescat-entrego-los-premios-empresa-y-deporte-a-la-innovacion-la-internacionalizacion-y-el-partenariado-que-este-ano-han-celebrado-la-segunda-edicion\/\"},\"author\":{\"name\":\"useradmin\",\"@id\":\"https:\/\/www.museuolimpicbcn.cat\/ca\/#\/schema\/person\/d05705664e87aa04c6ce53d48133fb39\"},\"headline\":\"INDESCAT entreg\u00f3 los Premios Empresa y Deporte a la Innovaci\u00f3n, la Internacionalizaci\u00f3n y el Partenariado, que este a\u00f1o han celebrado la segunda edici\u00f3n.\",\"datePublished\":\"2014-11-25T23:00:00+00:00\",\"dateModified\":\"2014-11-25T23:00:00+00:00\",\"mainEntityOfPage\":{\"@id\":\"https:\/\/www.museuolimpicbcn.cat\/es\/indescat-entrego-los-premios-empresa-y-deporte-a-la-innovacion-la-internacionalizacion-y-el-partenariado-que-este-ano-han-celebrado-la-segunda-edicion\/\"},\"wordCount\":306,\"commentCount\":5,\"publisher\":{\"@id\":\"https:\/\/www.museuolimpicbcn.cat\/ca\/#organization\"},\"articleSection\":[\"Sin categorizar\"],\"inLanguage\":\"es\",\"potentialAction\":[{\"@type\":\"CommentAction\",\"name\":\"Comment\",\"target\":[\"https:\/\/www.museuolimpicbcn.cat\/es\/indescat-entrego-los-premios-empresa-y-deporte-a-la-innovacion-la-internacionalizacion-y-el-partenariado-que-este-ano-han-celebrado-la-segunda-edicion\/#respond\"]}]},{\"@type\":\"WebPage\",\"@id\":\"https:\/\/www.museuolimpicbcn.cat\/es\/indescat-entrego-los-premios-empresa-y-deporte-a-la-innovacion-la-internacionalizacion-y-el-partenariado-que-este-ano-han-celebrado-la-segunda-edicion\/\",\"url\":\"https:\/\/www.museuolimpicbcn.cat\/es\/indescat-entrego-los-premios-empresa-y-deporte-a-la-innovacion-la-internacionalizacion-y-el-partenariado-que-este-ano-han-celebrado-la-segunda-edicion\/\",\"name\":\"INDESCAT entreg\u00f3 los Premios Empresa y Deporte a la Innovaci\u00f3n, la Internacionalizaci\u00f3n y el Partenariado, que este a\u00f1o han celebrado la segunda edici\u00f3n. - Museu Ol\u00edmpic i de l&#039;Esport Joan Antoni Samaranch. Barcelona\",\"isPartOf\":{\"@id\":\"https:\/\/www.museuolimpicbcn.cat\/ca\/#website\"},\"datePublished\":\"2014-11-25T23:00:00+00:00\",\"dateModified\":\"2014-11-25T23:00:00+00:00\",\"breadcrumb\":{\"@id\":\"https:\/\/www.museuolimpicbcn.cat\/es\/indescat-entrego-los-premios-empresa-y-deporte-a-la-innovacion-la-internacionalizacion-y-el-partenariado-que-este-ano-han-celebrado-la-segunda-edicion\/#breadcrumb\"},\"inLanguage\":\"es\",\"potentialAction\":[{\"@type\":\"ReadAction\",\"target\":[\"https:\/\/www.museuolimpicbcn.cat\/es\/indescat-entrego-los-premios-empresa-y-deporte-a-la-innovacion-la-internacionalizacion-y-el-partenariado-que-este-ano-han-celebrado-la-segunda-edicion\/\"]}]},{\"@type\":\"BreadcrumbList\",\"@id\":\"https:\/\/www.museuolimpicbcn.cat\/es\/indescat-entrego-los-premios-empresa-y-deporte-a-la-innovacion-la-internacionalizacion-y-el-partenariado-que-este-ano-han-celebrado-la-segunda-edicion\/#breadcrumb\",\"itemListElement\":[{\"@type\":\"ListItem\",\"position\":1,\"name\":\"Inici\",\"item\":\"https:\/\/www.museuolimpicbcn.cat\/es\/\"},{\"@type\":\"ListItem\",\"position\":2,\"name\":\"INDESCAT entreg\u00f3 los Premios Empresa y Deporte a la Innovaci\u00f3n, la Internacionalizaci\u00f3n y el Partenariado, que este a\u00f1o han celebrado la segunda edici\u00f3n.\"}]},{\"@type\":\"WebSite\",\"@id\":\"https:\/\/www.museuolimpicbcn.cat\/ca\/#website\",\"url\":\"https:\/\/www.museuolimpicbcn.cat\/ca\/\",\"name\":\"Museu Ol\u00edmpic i de l&#039;Esport Joan Antoni Samaranch. Barcelona\",\"description\":\"Altre lloc Web del Museu Ol\u00edmpic i de l&#039;Esport llocs\",\"publisher\":{\"@id\":\"https:\/\/www.museuolimpicbcn.cat\/ca\/#organization\"},\"potentialAction\":[{\"@type\":\"SearchAction\",\"target\":{\"@type\":\"EntryPoint\",\"urlTemplate\":\"https:\/\/www.museuolimpicbcn.cat\/ca\/?s={search_term_string}\"},\"query-input\":{\"@type\":\"PropertyValueSpecification\",\"valueRequired\":true,\"valueName\":\"search_term_string\"}}],\"inLanguage\":\"es\"},{\"@type\":\"Organization\",\"@id\":\"https:\/\/www.museuolimpicbcn.cat\/ca\/#organization\",\"name\":\"Museu Ol\u00edmpic i de l&#039;Esport Joan Antoni Samaranch. Barcelona\",\"url\":\"https:\/\/www.museuolimpicbcn.cat\/ca\/\",\"logo\":{\"@type\":\"ImageObject\",\"inLanguage\":\"es\",\"@id\":\"https:\/\/www.museuolimpicbcn.cat\/ca\/#\/schema\/logo\/image\/\",\"url\":\"https:\/\/www.museuolimpicbcn.cat\/wp-content\/uploads\/sites\/2\/2018\/12\/logo-moe-header.svg\",\"contentUrl\":\"https:\/\/www.museuolimpicbcn.cat\/wp-content\/uploads\/sites\/2\/2018\/12\/logo-moe-header.svg\",\"caption\":\"Museu Ol\u00edmpic i de l&#039;Esport Joan Antoni Samaranch. Barcelona\"},\"image\":{\"@id\":\"https:\/\/www.museuolimpicbcn.cat\/ca\/#\/schema\/logo\/image\/\"}},{\"@type\":\"Person\",\"@id\":\"https:\/\/www.museuolimpicbcn.cat\/ca\/#\/schema\/person\/d05705664e87aa04c6ce53d48133fb39\",\"name\":\"useradmin\",\"url\":\"https:\/\/www.museuolimpicbcn.cat\/es\/author\/useradmin\/\"}]}<\/script>\n<!-- \/ Yoast SEO plugin. -->","yoast_head_json":{"title":"INDESCAT entreg\u00f3 los Premios Empresa y Deporte a la Innovaci\u00f3n, la Internacionalizaci\u00f3n y el Partenariado, que este a\u00f1o han celebrado la segunda edici\u00f3n. - Museu Ol\u00edmpic i de l&#039;Esport Joan Antoni Samaranch. Barcelona","robots":{"index":"index","follow":"follow","max-snippet":"max-snippet:-1","max-image-preview":"max-image-preview:large","max-video-preview":"max-video-preview:-1"},"canonical":"https:\/\/www.museuolimpicbcn.cat\/es\/indescat-entrego-los-premios-empresa-y-deporte-a-la-innovacion-la-internacionalizacion-y-el-partenariado-que-este-ano-han-celebrado-la-segunda-edicion\/","og_locale":"es_ES","og_type":"article","og_title":"INDESCAT entreg\u00f3 los Premios Empresa y Deporte a la Innovaci\u00f3n, la Internacionalizaci\u00f3n y el Partenariado, que este a\u00f1o han celebrado la segunda edici\u00f3n. - Museu Ol\u00edmpic i de l&#039;Esport Joan Antoni Samaranch. Barcelona","og_description":"El cl&uacute;ster catal&aacute;n de la industria del deporte, INDESCAT, entreg&oacute; por segundo a&ntilde;o consecutivo los Premios Empresa y Deporte con el objetivo de reconocer los tres proyectos del sector deportivo m&aacute;s destacados en los &aacute;mbitos de la innovaci&oacute;n, la internacionalizaci&oacute;n y el partenariado. El acto estuvo presidido por Joan Porcar presidente de INDESCAT; Ivan Tibau, secretario general del Deporte; N&uacute;ria Betriu, consejera delegada de ACCI&Oacute;; Xavier Amador, director de Relaciones Institucionales del &aacute;rea de Calidad de Vida, Igualdad y Deportes del Ayuntamiento de Barcelona y Gerard Esteva, presidente de la Uni&oacute;n de Federaciones Deportivas de Catalu&ntilde;a.","og_url":"https:\/\/www.museuolimpicbcn.cat\/es\/indescat-entrego-los-premios-empresa-y-deporte-a-la-innovacion-la-internacionalizacion-y-el-partenariado-que-este-ano-han-celebrado-la-segunda-edicion\/","og_site_name":"Museu Ol\u00edmpic i de l&#039;Esport Joan Antoni Samaranch. Barcelona","article_published_time":"2014-11-25T23:00:00+00:00","author":"useradmin","twitter_card":"summary_large_image","twitter_misc":{"Escrito por":"useradmin","Tiempo de lectura":"1 minuto"},"schema":{"@context":"https:\/\/schema.org","@graph":[{"@type":"Article","@id":"https:\/\/www.museuolimpicbcn.cat\/es\/indescat-entrego-los-premios-empresa-y-deporte-a-la-innovacion-la-internacionalizacion-y-el-partenariado-que-este-ano-han-celebrado-la-segunda-edicion\/#article","isPartOf":{"@id":"https:\/\/www.museuolimpicbcn.cat\/es\/indescat-entrego-los-premios-empresa-y-deporte-a-la-innovacion-la-internacionalizacion-y-el-partenariado-que-este-ano-han-celebrado-la-segunda-edicion\/"},"author":{"name":"useradmin","@id":"https:\/\/www.museuolimpicbcn.cat\/ca\/#\/schema\/person\/d05705664e87aa04c6ce53d48133fb39"},"headline":"INDESCAT entreg\u00f3 los Premios Empresa y Deporte a la Innovaci\u00f3n, la Internacionalizaci\u00f3n y el Partenariado, que este a\u00f1o han celebrado la segunda edici\u00f3n.","datePublished":"2014-11-25T23:00:00+00:00","dateModified":"2014-11-25T23:00:00+00:00","mainEntityOfPage":{"@id":"https:\/\/www.museuolimpicbcn.cat\/es\/indescat-entrego-los-premios-empresa-y-deporte-a-la-innovacion-la-internacionalizacion-y-el-partenariado-que-este-ano-han-celebrado-la-segunda-edicion\/"},"wordCount":306,"commentCount":5,"publisher":{"@id":"https:\/\/www.museuolimpicbcn.cat\/ca\/#organization"},"articleSection":["Sin categorizar"],"inLanguage":"es","potentialAction":[{"@type":"CommentAction","name":"Comment","target":["https:\/\/www.museuolimpicbcn.cat\/es\/indescat-entrego-los-premios-empresa-y-deporte-a-la-innovacion-la-internacionalizacion-y-el-partenariado-que-este-ano-han-celebrado-la-segunda-edicion\/#respond"]}]},{"@type":"WebPage","@id":"https:\/\/www.museuolimpicbcn.cat\/es\/indescat-entrego-los-premios-empresa-y-deporte-a-la-innovacion-la-internacionalizacion-y-el-partenariado-que-este-ano-han-celebrado-la-segunda-edicion\/","url":"https:\/\/www.museuolimpicbcn.cat\/es\/indescat-entrego-los-premios-empresa-y-deporte-a-la-innovacion-la-internacionalizacion-y-el-partenariado-que-este-ano-han-celebrado-la-segunda-edicion\/","name":"INDESCAT entreg\u00f3 los Premios Empresa y Deporte a la Innovaci\u00f3n, la Internacionalizaci\u00f3n y el Partenariado, que este a\u00f1o han celebrado la segunda edici\u00f3n. - Museu Ol\u00edmpic i de l&#039;Esport Joan Antoni Samaranch. Barcelona","isPartOf":{"@id":"https:\/\/www.museuolimpicbcn.cat\/ca\/#website"},"datePublished":"2014-11-25T23:00:00+00:00","dateModified":"2014-11-25T23:00:00+00:00","breadcrumb":{"@id":"https:\/\/www.museuolimpicbcn.cat\/es\/indescat-entrego-los-premios-empresa-y-deporte-a-la-innovacion-la-internacionalizacion-y-el-partenariado-que-este-ano-han-celebrado-la-segunda-edicion\/#breadcrumb"},"inLanguage":"es","potentialAction":[{"@type":"ReadAction","target":["https:\/\/www.museuolimpicbcn.cat\/es\/indescat-entrego-los-premios-empresa-y-deporte-a-la-innovacion-la-internacionalizacion-y-el-partenariado-que-este-ano-han-celebrado-la-segunda-edicion\/"]}]},{"@type":"BreadcrumbList","@id":"https:\/\/www.museuolimpicbcn.cat\/es\/indescat-entrego-los-premios-empresa-y-deporte-a-la-innovacion-la-internacionalizacion-y-el-partenariado-que-este-ano-han-celebrado-la-segunda-edicion\/#breadcrumb","itemListElement":[{"@type":"ListItem","position":1,"name":"Inici","item":"https:\/\/www.museuolimpicbcn.cat\/es\/"},{"@type":"ListItem","position":2,"name":"INDESCAT entreg\u00f3 los Premios Empresa y Deporte a la Innovaci\u00f3n, la Internacionalizaci\u00f3n y el Partenariado, que este a\u00f1o han celebrado la segunda edici\u00f3n."}]},{"@type":"WebSite","@id":"https:\/\/www.museuolimpicbcn.cat\/ca\/#website","url":"https:\/\/www.museuolimpicbcn.cat\/ca\/","name":"Museu Ol\u00edmpic i de l&#039;Esport Joan Antoni Samaranch. Barcelona","description":"Altre lloc Web del Museu Ol\u00edmpic i de l&#039;Esport llocs","publisher":{"@id":"https:\/\/www.museuolimpicbcn.cat\/ca\/#organization"},"potentialAction":[{"@type":"SearchAction","target":{"@type":"EntryPoint","urlTemplate":"https:\/\/www.museuolimpicbcn.cat\/ca\/?s={search_term_string}"},"query-input":{"@type":"PropertyValueSpecification","valueRequired":true,"valueName":"search_term_string"}}],"inLanguage":"es"},{"@type":"Organization","@id":"https:\/\/www.museuolimpicbcn.cat\/ca\/#organization","name":"Museu Ol\u00edmpic i de l&#039;Esport Joan Antoni Samaranch. Barcelona","url":"https:\/\/www.museuolimpicbcn.cat\/ca\/","logo":{"@type":"ImageObject","inLanguage":"es","@id":"https:\/\/www.museuolimpicbcn.cat\/ca\/#\/schema\/logo\/image\/","url":"https:\/\/www.museuolimpicbcn.cat\/wp-content\/uploads\/sites\/2\/2018\/12\/logo-moe-header.svg","contentUrl":"https:\/\/www.museuolimpicbcn.cat\/wp-content\/uploads\/sites\/2\/2018\/12\/logo-moe-header.svg","caption":"Museu Ol\u00edmpic i de l&#039;Esport Joan Antoni Samaranch. Barcelona"},"image":{"@id":"https:\/\/www.museuolimpicbcn.cat\/ca\/#\/schema\/logo\/image\/"}},{"@type":"Person","@id":"https:\/\/www.museuolimpicbcn.cat\/ca\/#\/schema\/person\/d05705664e87aa04c6ce53d48133fb39","name":"useradmin","url":"https:\/\/www.museuolimpicbcn.cat\/es\/author\/useradmin\/"}]}},"_links":{"self":[{"href":"https:\/\/www.museuolimpicbcn.cat\/es\/wp-json\/wp\/v2\/posts\/11734"}],"collection":[{"href":"https:\/\/www.museuolimpicbcn.cat\/es\/wp-json\/wp\/v2\/posts"}],"about":[{"href":"https:\/\/www.museuolimpicbcn.cat\/es\/wp-json\/wp\/v2\/types\/post"}],"author":[{"embeddable":true,"href":"https:\/\/www.museuolimpicbcn.cat\/es\/wp-json\/wp\/v2\/users\/1"}],"replies":[{"embeddable":true,"href":"https:\/\/www.museuolimpicbcn.cat\/es\/wp-json\/wp\/v2\/comments?post=11734"}],"version-history":[{"count":0,"href":"https:\/\/www.museuolimpicbcn.cat\/es\/wp-json\/wp\/v2\/posts\/11734\/revisions"}],"wp:attachment":[{"href":"https:\/\/www.museuolimpicbcn.cat\/es\/wp-json\/wp\/v2\/media?parent=11734"}],"wp:term":[{"taxonomy":"category","embeddable":true,"href":"https:\/\/www.museuolimpicbcn.cat\/es\/wp-json\/wp\/v2\/categories?post=11734"},{"taxonomy":"post_tag","embeddable":true,"href":"https:\/\/www.museuolimpicbcn.cat\/es\/wp-json\/wp\/v2\/tags?post=11734"}],"curies":[{"name":"wp","href":"https:\/\/api.w.org\/{rel}","templated":true}]}}