{"id":12216,"date":"2015-06-25T00:00:00","date_gmt":"2015-06-24T22:00:00","guid":{"rendered":"http:\/\/dev.museuolimpicbcn.cat\/tomas-barris-juan-luis-abellan-y-carlos-gallen-protagonistas-de-la-segunda-sesion-del-aula-de-historia-barcelona-1955-els-jocs-mediterranis\/"},"modified":"2015-06-25T00:00:00","modified_gmt":"2015-06-24T22:00:00","slug":"tomas-barris-juan-luis-abellan-y-carlos-gallen-protagonistas-de-la-segunda-sesion-del-aula-de-historia-barcelona-1955-els-jocs-mediterranis","status":"publish","type":"post","link":"https:\/\/www.museuolimpicbcn.cat\/es\/tomas-barris-juan-luis-abellan-y-carlos-gallen-protagonistas-de-la-segunda-sesion-del-aula-de-historia-barcelona-1955-els-jocs-mediterranis\/","title":{"rendered":"Tom\u00e1s Barris, Juan Lu\u00eds Abell\u00e1n y Carlos Gall\u00e9n, protagonistas de la segunda sesi\u00f3n del aula de historia: \u201cBarcelona 1955: Els Jocs Mediterranis\u201d"},"content":{"rendered":"<p>De la mano de Joan Manuel Surroca hemos contado con la participaci&oacute;n de 3 de aquellos protagonistas &#8211; Barris, Abell&aacute;n y Gall&eacute;n &#8211;&nbsp; que formaron parte de la delegaci&oacute;n espa&ntilde;ola del 55 donde el gran protagonista fue el gimnasta Joaquim Blume, quien gan&oacute; 6 medallas de oro y una de bronce en dichos juegos.<\/p>\n<p>&nbsp;El acto tambi&eacute;n cont&oacute; con la presencia de Maria Teresa Fuster, exgimnasta que actualmente es la responsable del departamento de deportes de los pr&oacute;ximos Juegos del Mediterraneo de Tarragona 2017.<\/p>\n<p>&nbsp;<\/p>\n","protected":false},"excerpt":{"rendered":"<p>Juli Pernas, director de la Fundaci&oacute; Barcelona Ol&iacute;mpica, inici&oacute; la esta nueva sesi&oacute;n del Aula de Historia poni&eacute;ndonos en antecedentes de la situaci&oacute;n hist&oacute;rica, que durante el a&ntilde;o 1955, viv&iacute;a la ciudad de Barcelona y lo que ello implicaba en el desarrollo de los Juegos del Mediterraneo que se celebraron en la ciudad.<\/p>\n<p>&nbsp;<\/p>\n","protected":false},"author":1,"featured_media":0,"comment_status":"open","ping_status":"open","sticky":false,"template":"","format":"standard","meta":{"_acf_changed":false,"_price":"","_stock":"","_tribe_ticket_header":"","_tribe_default_ticket_provider":"","_tribe_ticket_capacity":"0","_ticket_start_date":"","_ticket_end_date":"","_tribe_ticket_show_description":"","_tribe_ticket_show_not_going":false,"_tribe_ticket_use_global_stock":"","_tribe_ticket_global_stock_level":"","_global_stock_mode":"","_global_stock_cap":"","_tribe_rsvp_for_event":"","_tribe_ticket_going_count":"","_tribe_ticket_not_going_count":"","_tribe_tickets_list":"[]","_tribe_ticket_has_attendee_info_fields":false,"footnotes":""},"categories":[3],"tags":[],"class_list":["post-12216","post","type-post","status-publish","format-standard","hentry","category-sin-categorizar"],"acf":[],"yoast_head":"<!-- This site is optimized with the Yoast SEO plugin v23.7 - https:\/\/yoast.com\/wordpress\/plugins\/seo\/ -->\n<title>Tom\u00e1s Barris, Juan Lu\u00eds Abell\u00e1n y Carlos Gall\u00e9n, protagonistas de la segunda sesi\u00f3n del aula de historia: \u201cBarcelona 1955: Els Jocs Mediterranis\u201d - Museu Ol\u00edmpic i de l&#039;Esport Joan Antoni Samaranch. Barcelona<\/title>\n<meta name=\"robots\" content=\"index, follow, max-snippet:-1, max-image-preview:large, max-video-preview:-1\" \/>\n<link rel=\"canonical\" href=\"https:\/\/www.museuolimpicbcn.cat\/es\/tomas-barris-juan-luis-abellan-y-carlos-gallen-protagonistas-de-la-segunda-sesion-del-aula-de-historia-barcelona-1955-els-jocs-mediterranis\/\" \/>\n<meta property=\"og:locale\" content=\"es_ES\" \/>\n<meta property=\"og:type\" content=\"article\" \/>\n<meta property=\"og:title\" content=\"Tom\u00e1s Barris, Juan Lu\u00eds Abell\u00e1n y Carlos Gall\u00e9n, protagonistas de la segunda sesi\u00f3n del aula de historia: \u201cBarcelona 1955: Els Jocs Mediterranis\u201d - Museu Ol\u00edmpic i de l&#039;Esport Joan Antoni Samaranch. Barcelona\" \/>\n<meta property=\"og:description\" content=\"Juli Pernas, director de la Fundaci&oacute; Barcelona Ol&iacute;mpica, inici&oacute; la esta nueva sesi&oacute;n del Aula de Historia poni&eacute;ndonos en antecedentes de la situaci&oacute;n hist&oacute;rica, que durante el a&ntilde;o 1955, viv&iacute;a la ciudad de Barcelona y lo que ello implicaba en el desarrollo de los Juegos del Mediterraneo que se celebraron en la ciudad. &nbsp;\" \/>\n<meta property=\"og:url\" content=\"https:\/\/www.museuolimpicbcn.cat\/es\/tomas-barris-juan-luis-abellan-y-carlos-gallen-protagonistas-de-la-segunda-sesion-del-aula-de-historia-barcelona-1955-els-jocs-mediterranis\/\" \/>\n<meta property=\"og:site_name\" content=\"Museu Ol\u00edmpic i de l&#039;Esport Joan Antoni Samaranch. Barcelona\" \/>\n<meta property=\"article:published_time\" content=\"2015-06-24T22:00:00+00:00\" \/>\n<meta name=\"author\" content=\"useradmin\" \/>\n<meta name=\"twitter:card\" content=\"summary_large_image\" \/>\n<meta name=\"twitter:label1\" content=\"Escrito por\" \/>\n\t<meta name=\"twitter:data1\" content=\"useradmin\" \/>\n<script type=\"application\/ld+json\" class=\"yoast-schema-graph\">{\"@context\":\"https:\/\/schema.org\",\"@graph\":[{\"@type\":\"Article\",\"@id\":\"https:\/\/www.museuolimpicbcn.cat\/es\/tomas-barris-juan-luis-abellan-y-carlos-gallen-protagonistas-de-la-segunda-sesion-del-aula-de-historia-barcelona-1955-els-jocs-mediterranis\/#article\",\"isPartOf\":{\"@id\":\"https:\/\/www.museuolimpicbcn.cat\/es\/tomas-barris-juan-luis-abellan-y-carlos-gallen-protagonistas-de-la-segunda-sesion-del-aula-de-historia-barcelona-1955-els-jocs-mediterranis\/\"},\"author\":{\"name\":\"useradmin\",\"@id\":\"https:\/\/www.museuolimpicbcn.cat\/ca\/#\/schema\/person\/d05705664e87aa04c6ce53d48133fb39\"},\"headline\":\"Tom\u00e1s Barris, Juan Lu\u00eds Abell\u00e1n y Carlos Gall\u00e9n, protagonistas de la segunda sesi\u00f3n del aula de historia: \u201cBarcelona 1955: Els Jocs Mediterranis\u201d\",\"datePublished\":\"2015-06-24T22:00:00+00:00\",\"dateModified\":\"2015-06-24T22:00:00+00:00\",\"mainEntityOfPage\":{\"@id\":\"https:\/\/www.museuolimpicbcn.cat\/es\/tomas-barris-juan-luis-abellan-y-carlos-gallen-protagonistas-de-la-segunda-sesion-del-aula-de-historia-barcelona-1955-els-jocs-mediterranis\/\"},\"wordCount\":125,\"commentCount\":8,\"publisher\":{\"@id\":\"https:\/\/www.museuolimpicbcn.cat\/ca\/#organization\"},\"articleSection\":[\"Sin categorizar\"],\"inLanguage\":\"es\",\"potentialAction\":[{\"@type\":\"CommentAction\",\"name\":\"Comment\",\"target\":[\"https:\/\/www.museuolimpicbcn.cat\/es\/tomas-barris-juan-luis-abellan-y-carlos-gallen-protagonistas-de-la-segunda-sesion-del-aula-de-historia-barcelona-1955-els-jocs-mediterranis\/#respond\"]}]},{\"@type\":\"WebPage\",\"@id\":\"https:\/\/www.museuolimpicbcn.cat\/es\/tomas-barris-juan-luis-abellan-y-carlos-gallen-protagonistas-de-la-segunda-sesion-del-aula-de-historia-barcelona-1955-els-jocs-mediterranis\/\",\"url\":\"https:\/\/www.museuolimpicbcn.cat\/es\/tomas-barris-juan-luis-abellan-y-carlos-gallen-protagonistas-de-la-segunda-sesion-del-aula-de-historia-barcelona-1955-els-jocs-mediterranis\/\",\"name\":\"Tom\u00e1s Barris, Juan Lu\u00eds Abell\u00e1n y Carlos Gall\u00e9n, protagonistas de la segunda sesi\u00f3n del aula de historia: \u201cBarcelona 1955: Els Jocs Mediterranis\u201d - Museu Ol\u00edmpic i de l&#039;Esport Joan Antoni Samaranch. Barcelona\",\"isPartOf\":{\"@id\":\"https:\/\/www.museuolimpicbcn.cat\/ca\/#website\"},\"datePublished\":\"2015-06-24T22:00:00+00:00\",\"dateModified\":\"2015-06-24T22:00:00+00:00\",\"breadcrumb\":{\"@id\":\"https:\/\/www.museuolimpicbcn.cat\/es\/tomas-barris-juan-luis-abellan-y-carlos-gallen-protagonistas-de-la-segunda-sesion-del-aula-de-historia-barcelona-1955-els-jocs-mediterranis\/#breadcrumb\"},\"inLanguage\":\"es\",\"potentialAction\":[{\"@type\":\"ReadAction\",\"target\":[\"https:\/\/www.museuolimpicbcn.cat\/es\/tomas-barris-juan-luis-abellan-y-carlos-gallen-protagonistas-de-la-segunda-sesion-del-aula-de-historia-barcelona-1955-els-jocs-mediterranis\/\"]}]},{\"@type\":\"BreadcrumbList\",\"@id\":\"https:\/\/www.museuolimpicbcn.cat\/es\/tomas-barris-juan-luis-abellan-y-carlos-gallen-protagonistas-de-la-segunda-sesion-del-aula-de-historia-barcelona-1955-els-jocs-mediterranis\/#breadcrumb\",\"itemListElement\":[{\"@type\":\"ListItem\",\"position\":1,\"name\":\"Inici\",\"item\":\"https:\/\/www.museuolimpicbcn.cat\/es\/\"},{\"@type\":\"ListItem\",\"position\":2,\"name\":\"Tom\u00e1s Barris, Juan Lu\u00eds Abell\u00e1n y Carlos Gall\u00e9n, protagonistas de la segunda sesi\u00f3n del aula de historia: \u201cBarcelona 1955: Els Jocs Mediterranis\u201d\"}]},{\"@type\":\"WebSite\",\"@id\":\"https:\/\/www.museuolimpicbcn.cat\/ca\/#website\",\"url\":\"https:\/\/www.museuolimpicbcn.cat\/ca\/\",\"name\":\"Museu Ol\u00edmpic i de l&#039;Esport Joan Antoni Samaranch. Barcelona\",\"description\":\"Altre lloc Web del Museu Ol\u00edmpic i de l&#039;Esport llocs\",\"publisher\":{\"@id\":\"https:\/\/www.museuolimpicbcn.cat\/ca\/#organization\"},\"potentialAction\":[{\"@type\":\"SearchAction\",\"target\":{\"@type\":\"EntryPoint\",\"urlTemplate\":\"https:\/\/www.museuolimpicbcn.cat\/ca\/?s={search_term_string}\"},\"query-input\":{\"@type\":\"PropertyValueSpecification\",\"valueRequired\":true,\"valueName\":\"search_term_string\"}}],\"inLanguage\":\"es\"},{\"@type\":\"Organization\",\"@id\":\"https:\/\/www.museuolimpicbcn.cat\/ca\/#organization\",\"name\":\"Museu Ol\u00edmpic i de l&#039;Esport Joan Antoni Samaranch. Barcelona\",\"url\":\"https:\/\/www.museuolimpicbcn.cat\/ca\/\",\"logo\":{\"@type\":\"ImageObject\",\"inLanguage\":\"es\",\"@id\":\"https:\/\/www.museuolimpicbcn.cat\/ca\/#\/schema\/logo\/image\/\",\"url\":\"https:\/\/www.museuolimpicbcn.cat\/wp-content\/uploads\/sites\/2\/2018\/12\/logo-moe-header.svg\",\"contentUrl\":\"https:\/\/www.museuolimpicbcn.cat\/wp-content\/uploads\/sites\/2\/2018\/12\/logo-moe-header.svg\",\"caption\":\"Museu Ol\u00edmpic i de l&#039;Esport Joan Antoni Samaranch. Barcelona\"},\"image\":{\"@id\":\"https:\/\/www.museuolimpicbcn.cat\/ca\/#\/schema\/logo\/image\/\"}},{\"@type\":\"Person\",\"@id\":\"https:\/\/www.museuolimpicbcn.cat\/ca\/#\/schema\/person\/d05705664e87aa04c6ce53d48133fb39\",\"name\":\"useradmin\",\"url\":\"https:\/\/www.museuolimpicbcn.cat\/es\/author\/useradmin\/\"}]}<\/script>\n<!-- \/ Yoast SEO plugin. -->","yoast_head_json":{"title":"Tom\u00e1s Barris, Juan Lu\u00eds Abell\u00e1n y Carlos Gall\u00e9n, protagonistas de la segunda sesi\u00f3n del aula de historia: \u201cBarcelona 1955: Els Jocs Mediterranis\u201d - Museu Ol\u00edmpic i de l&#039;Esport Joan Antoni Samaranch. Barcelona","robots":{"index":"index","follow":"follow","max-snippet":"max-snippet:-1","max-image-preview":"max-image-preview:large","max-video-preview":"max-video-preview:-1"},"canonical":"https:\/\/www.museuolimpicbcn.cat\/es\/tomas-barris-juan-luis-abellan-y-carlos-gallen-protagonistas-de-la-segunda-sesion-del-aula-de-historia-barcelona-1955-els-jocs-mediterranis\/","og_locale":"es_ES","og_type":"article","og_title":"Tom\u00e1s Barris, Juan Lu\u00eds Abell\u00e1n y Carlos Gall\u00e9n, protagonistas de la segunda sesi\u00f3n del aula de historia: \u201cBarcelona 1955: Els Jocs Mediterranis\u201d - Museu Ol\u00edmpic i de l&#039;Esport Joan Antoni Samaranch. Barcelona","og_description":"Juli Pernas, director de la Fundaci&oacute; Barcelona Ol&iacute;mpica, inici&oacute; la esta nueva sesi&oacute;n del Aula de Historia poni&eacute;ndonos en antecedentes de la situaci&oacute;n hist&oacute;rica, que durante el a&ntilde;o 1955, viv&iacute;a la ciudad de Barcelona y lo que ello implicaba en el desarrollo de los Juegos del Mediterraneo que se celebraron en la ciudad. &nbsp;","og_url":"https:\/\/www.museuolimpicbcn.cat\/es\/tomas-barris-juan-luis-abellan-y-carlos-gallen-protagonistas-de-la-segunda-sesion-del-aula-de-historia-barcelona-1955-els-jocs-mediterranis\/","og_site_name":"Museu Ol\u00edmpic i de l&#039;Esport Joan Antoni Samaranch. Barcelona","article_published_time":"2015-06-24T22:00:00+00:00","author":"useradmin","twitter_card":"summary_large_image","twitter_misc":{"Escrito por":"useradmin"},"schema":{"@context":"https:\/\/schema.org","@graph":[{"@type":"Article","@id":"https:\/\/www.museuolimpicbcn.cat\/es\/tomas-barris-juan-luis-abellan-y-carlos-gallen-protagonistas-de-la-segunda-sesion-del-aula-de-historia-barcelona-1955-els-jocs-mediterranis\/#article","isPartOf":{"@id":"https:\/\/www.museuolimpicbcn.cat\/es\/tomas-barris-juan-luis-abellan-y-carlos-gallen-protagonistas-de-la-segunda-sesion-del-aula-de-historia-barcelona-1955-els-jocs-mediterranis\/"},"author":{"name":"useradmin","@id":"https:\/\/www.museuolimpicbcn.cat\/ca\/#\/schema\/person\/d05705664e87aa04c6ce53d48133fb39"},"headline":"Tom\u00e1s Barris, Juan Lu\u00eds Abell\u00e1n y Carlos Gall\u00e9n, protagonistas de la segunda sesi\u00f3n del aula de historia: \u201cBarcelona 1955: Els Jocs Mediterranis\u201d","datePublished":"2015-06-24T22:00:00+00:00","dateModified":"2015-06-24T22:00:00+00:00","mainEntityOfPage":{"@id":"https:\/\/www.museuolimpicbcn.cat\/es\/tomas-barris-juan-luis-abellan-y-carlos-gallen-protagonistas-de-la-segunda-sesion-del-aula-de-historia-barcelona-1955-els-jocs-mediterranis\/"},"wordCount":125,"commentCount":8,"publisher":{"@id":"https:\/\/www.museuolimpicbcn.cat\/ca\/#organization"},"articleSection":["Sin categorizar"],"inLanguage":"es","potentialAction":[{"@type":"CommentAction","name":"Comment","target":["https:\/\/www.museuolimpicbcn.cat\/es\/tomas-barris-juan-luis-abellan-y-carlos-gallen-protagonistas-de-la-segunda-sesion-del-aula-de-historia-barcelona-1955-els-jocs-mediterranis\/#respond"]}]},{"@type":"WebPage","@id":"https:\/\/www.museuolimpicbcn.cat\/es\/tomas-barris-juan-luis-abellan-y-carlos-gallen-protagonistas-de-la-segunda-sesion-del-aula-de-historia-barcelona-1955-els-jocs-mediterranis\/","url":"https:\/\/www.museuolimpicbcn.cat\/es\/tomas-barris-juan-luis-abellan-y-carlos-gallen-protagonistas-de-la-segunda-sesion-del-aula-de-historia-barcelona-1955-els-jocs-mediterranis\/","name":"Tom\u00e1s Barris, Juan Lu\u00eds Abell\u00e1n y Carlos Gall\u00e9n, protagonistas de la segunda sesi\u00f3n del aula de historia: \u201cBarcelona 1955: Els Jocs Mediterranis\u201d - Museu Ol\u00edmpic i de l&#039;Esport Joan Antoni Samaranch. Barcelona","isPartOf":{"@id":"https:\/\/www.museuolimpicbcn.cat\/ca\/#website"},"datePublished":"2015-06-24T22:00:00+00:00","dateModified":"2015-06-24T22:00:00+00:00","breadcrumb":{"@id":"https:\/\/www.museuolimpicbcn.cat\/es\/tomas-barris-juan-luis-abellan-y-carlos-gallen-protagonistas-de-la-segunda-sesion-del-aula-de-historia-barcelona-1955-els-jocs-mediterranis\/#breadcrumb"},"inLanguage":"es","potentialAction":[{"@type":"ReadAction","target":["https:\/\/www.museuolimpicbcn.cat\/es\/tomas-barris-juan-luis-abellan-y-carlos-gallen-protagonistas-de-la-segunda-sesion-del-aula-de-historia-barcelona-1955-els-jocs-mediterranis\/"]}]},{"@type":"BreadcrumbList","@id":"https:\/\/www.museuolimpicbcn.cat\/es\/tomas-barris-juan-luis-abellan-y-carlos-gallen-protagonistas-de-la-segunda-sesion-del-aula-de-historia-barcelona-1955-els-jocs-mediterranis\/#breadcrumb","itemListElement":[{"@type":"ListItem","position":1,"name":"Inici","item":"https:\/\/www.museuolimpicbcn.cat\/es\/"},{"@type":"ListItem","position":2,"name":"Tom\u00e1s Barris, Juan Lu\u00eds Abell\u00e1n y Carlos Gall\u00e9n, protagonistas de la segunda sesi\u00f3n del aula de historia: \u201cBarcelona 1955: Els Jocs Mediterranis\u201d"}]},{"@type":"WebSite","@id":"https:\/\/www.museuolimpicbcn.cat\/ca\/#website","url":"https:\/\/www.museuolimpicbcn.cat\/ca\/","name":"Museu Ol\u00edmpic i de l&#039;Esport Joan Antoni Samaranch. Barcelona","description":"Altre lloc Web del Museu Ol\u00edmpic i de l&#039;Esport llocs","publisher":{"@id":"https:\/\/www.museuolimpicbcn.cat\/ca\/#organization"},"potentialAction":[{"@type":"SearchAction","target":{"@type":"EntryPoint","urlTemplate":"https:\/\/www.museuolimpicbcn.cat\/ca\/?s={search_term_string}"},"query-input":{"@type":"PropertyValueSpecification","valueRequired":true,"valueName":"search_term_string"}}],"inLanguage":"es"},{"@type":"Organization","@id":"https:\/\/www.museuolimpicbcn.cat\/ca\/#organization","name":"Museu Ol\u00edmpic i de l&#039;Esport Joan Antoni Samaranch. Barcelona","url":"https:\/\/www.museuolimpicbcn.cat\/ca\/","logo":{"@type":"ImageObject","inLanguage":"es","@id":"https:\/\/www.museuolimpicbcn.cat\/ca\/#\/schema\/logo\/image\/","url":"https:\/\/www.museuolimpicbcn.cat\/wp-content\/uploads\/sites\/2\/2018\/12\/logo-moe-header.svg","contentUrl":"https:\/\/www.museuolimpicbcn.cat\/wp-content\/uploads\/sites\/2\/2018\/12\/logo-moe-header.svg","caption":"Museu Ol\u00edmpic i de l&#039;Esport Joan Antoni Samaranch. Barcelona"},"image":{"@id":"https:\/\/www.museuolimpicbcn.cat\/ca\/#\/schema\/logo\/image\/"}},{"@type":"Person","@id":"https:\/\/www.museuolimpicbcn.cat\/ca\/#\/schema\/person\/d05705664e87aa04c6ce53d48133fb39","name":"useradmin","url":"https:\/\/www.museuolimpicbcn.cat\/es\/author\/useradmin\/"}]}},"_links":{"self":[{"href":"https:\/\/www.museuolimpicbcn.cat\/es\/wp-json\/wp\/v2\/posts\/12216"}],"collection":[{"href":"https:\/\/www.museuolimpicbcn.cat\/es\/wp-json\/wp\/v2\/posts"}],"about":[{"href":"https:\/\/www.museuolimpicbcn.cat\/es\/wp-json\/wp\/v2\/types\/post"}],"author":[{"embeddable":true,"href":"https:\/\/www.museuolimpicbcn.cat\/es\/wp-json\/wp\/v2\/users\/1"}],"replies":[{"embeddable":true,"href":"https:\/\/www.museuolimpicbcn.cat\/es\/wp-json\/wp\/v2\/comments?post=12216"}],"version-history":[{"count":0,"href":"https:\/\/www.museuolimpicbcn.cat\/es\/wp-json\/wp\/v2\/posts\/12216\/revisions"}],"wp:attachment":[{"href":"https:\/\/www.museuolimpicbcn.cat\/es\/wp-json\/wp\/v2\/media?parent=12216"}],"wp:term":[{"taxonomy":"category","embeddable":true,"href":"https:\/\/www.museuolimpicbcn.cat\/es\/wp-json\/wp\/v2\/categories?post=12216"},{"taxonomy":"post_tag","embeddable":true,"href":"https:\/\/www.museuolimpicbcn.cat\/es\/wp-json\/wp\/v2\/tags?post=12216"}],"curies":[{"name":"wp","href":"https:\/\/api.w.org\/{rel}","templated":true}]}}