{"id":12842,"date":"2015-12-15T00:00:00","date_gmt":"2015-12-14T23:00:00","guid":{"rendered":"http:\/\/dev.museuolimpicbcn.cat\/juli-pernas-como-director-de-la-fundacio-barcelona-olimpica-ha-recogido-la-placa-olimpica-al-merito-deportivo-en-la-gala-anual-del-coe\/"},"modified":"2015-12-15T00:00:00","modified_gmt":"2015-12-14T23:00:00","slug":"juli-pernas-como-director-de-la-fundacio-barcelona-olimpica-ha-recogido-la-placa-olimpica-al-merito-deportivo-en-la-gala-anual-del-coe","status":"publish","type":"post","link":"https:\/\/www.museuolimpicbcn.cat\/es\/juli-pernas-como-director-de-la-fundacio-barcelona-olimpica-ha-recogido-la-placa-olimpica-al-merito-deportivo-en-la-gala-anual-del-coe\/","title":{"rendered":"Juli Pernas, como director de la Fundaci\u00f3 Barcelona Ol\u00edmpica, ha recogido la Placa Ol\u00edmpica al M\u00e9rito Deportivo en la Gala anual del COE"},"content":{"rendered":"<p><strong>LOS PREMIOS<\/strong><\/p>\n<p><strong>Deportistas destacados<\/strong><\/p>\n<p>Carolina Mar&iacute;n<\/p>\n<p>Javier G&oacute;mez Noya<\/p>\n<p><strong>Premio a la Instituci&oacute;n<\/strong><\/p>\n<p>Ayuntamiento de Tarragona<\/p>\n<p><strong>Placa de Reconocimiento J. M. Gozalo<\/strong><\/p>\n<p>Paloma del R&iacute;o<\/p>\n<p><strong>Placas ol&iacute;mpicas al M&eacute;rito Deportivo<\/strong><\/p>\n<p>Club de Tenis Valencia<\/p>\n<p>Real Sociedad de golf de Neguri<\/p>\n<p>Real Club de Golf El Prat<\/p>\n<p>Club de Golf Sant Cugat<\/p>\n<p>Fundaci&oacute; Barcelona Ol&iacute;mpica<\/p>\n<p>Federaci&oacute;n Espa&ntilde;ola de Golf<\/p>\n<p>Federaci&oacute;n Espa&ntilde;ola de Lucha<\/p>\n<p>Federaci&oacute;n Espa&ntilde;ola de Tenis de mesa<\/p>\n<p>Federaci&oacute;n Espa&ntilde;ola de B&eacute;isbol<\/p>\n<p>Federaci&oacute;n Espa&ntilde;ola de Petanca<\/p>\n<p>Federaci&oacute;n Espa&ntilde;ola de Salvamento<\/p>\n<p><strong>Premio COE Entidad Patrocinadora<\/strong><\/p>\n<p>Fundaci&oacute;n Trinidad Alfonso<\/p>\n<p><strong>Premios Valores Ol&iacute;mpicos<\/strong><\/p>\n<p>Jos&eacute; Mar&iacute;a &Aacute;lvarez Pallete (Telef&oacute;nica)<\/p>\n<p>Sergio Scariolo<\/p>\n<p>Conchita Mart&iacute;nez<\/p>\n<p>Iker Mart&iacute;nez\/Xabi Fern&aacute;ndez<\/p>\n<p><strong>Orden Ol&iacute;mpica<\/strong><\/p>\n<p>Pere Mir&oacute; (COI)<\/p>\n<p>David Cabello (Fed. B&aacute;dminton)<\/p>\n<p>Javier Prades (Fed. Colombicultura)<\/p>\n<p>Eduardo Balc&aacute;zar (Fed. Esqu&iacute; n&aacute;utico)<\/p>\n<p>Javier Revuelta (Fed. H&iacute;pica)<\/p>\n<p>Juan Carlos Barcos (Fed. Judo)<\/p>\n<p>Carmelo Paniagua (Fed. Patinaje)<\/p>\n<p>Isabel Garc&iacute;a (Fed. Salvamento)<\/p>\n<p>Rogelio Chantada (Fed. Squash)<\/p>\n<p>Carlos Jorge Garc&iacute;a (Fed. Surf)<\/p>\n<p>Jes&uacute;s Castellanos (Fed. Taekwondo)<\/p>\n<p><strong>Premio COI Deporte e Innovaci&oacute;n<\/strong><\/p>\n<p>Programa Podium, de Telef&oacute;nica<\/p>\n","protected":false},"excerpt":{"rendered":"<p><strong>32 premiados<\/strong> entre dirigentes, federaciones, deportistas, t&eacute;cnicos, clubes, patrocinadores&#8230; y entre ellos la Fundaci&oacute; Barcelona Ol&iacute;mpica, por su trabajo en la difusi&oacute;n de los valores deportivos y ol&iacute;mpicos, y Pere Mir&oacute; que recogi&oacute; la Orden Ol&iacute;mpica por su labor como miembro CIO.<\/p>\n<p>&nbsp;<\/p>\n","protected":false},"author":1,"featured_media":0,"comment_status":"open","ping_status":"open","sticky":false,"template":"","format":"standard","meta":{"_acf_changed":false,"_price":"","_stock":"","_tribe_ticket_header":"","_tribe_default_ticket_provider":"","_tribe_ticket_capacity":"0","_ticket_start_date":"","_ticket_end_date":"","_tribe_ticket_show_description":"","_tribe_ticket_show_not_going":false,"_tribe_ticket_use_global_stock":"","_tribe_ticket_global_stock_level":"","_global_stock_mode":"","_global_stock_cap":"","_tribe_rsvp_for_event":"","_tribe_ticket_going_count":"","_tribe_ticket_not_going_count":"","_tribe_tickets_list":"[]","_tribe_ticket_has_attendee_info_fields":false,"footnotes":""},"categories":[3],"tags":[],"class_list":["post-12842","post","type-post","status-publish","format-standard","hentry","category-sin-categorizar"],"acf":[],"yoast_head":"<!-- This site is optimized with the Yoast SEO plugin v23.7 - https:\/\/yoast.com\/wordpress\/plugins\/seo\/ -->\n<title>Juli Pernas, como director de la Fundaci\u00f3 Barcelona Ol\u00edmpica, ha recogido la Placa Ol\u00edmpica al M\u00e9rito Deportivo en la Gala anual del COE - Museu Ol\u00edmpic i de l&#039;Esport Joan Antoni Samaranch. Barcelona<\/title>\n<meta name=\"robots\" content=\"index, follow, max-snippet:-1, max-image-preview:large, max-video-preview:-1\" \/>\n<link rel=\"canonical\" href=\"https:\/\/www.museuolimpicbcn.cat\/es\/juli-pernas-como-director-de-la-fundacio-barcelona-olimpica-ha-recogido-la-placa-olimpica-al-merito-deportivo-en-la-gala-anual-del-coe\/\" \/>\n<meta property=\"og:locale\" content=\"es_ES\" \/>\n<meta property=\"og:type\" content=\"article\" \/>\n<meta property=\"og:title\" content=\"Juli Pernas, como director de la Fundaci\u00f3 Barcelona Ol\u00edmpica, ha recogido la Placa Ol\u00edmpica al M\u00e9rito Deportivo en la Gala anual del COE - Museu Ol\u00edmpic i de l&#039;Esport Joan Antoni Samaranch. Barcelona\" \/>\n<meta property=\"og:description\" content=\"32 premiados entre dirigentes, federaciones, deportistas, t&eacute;cnicos, clubes, patrocinadores... y entre ellos la Fundaci&oacute; Barcelona Ol&iacute;mpica, por su trabajo en la difusi&oacute;n de los valores deportivos y ol&iacute;mpicos, y Pere Mir&oacute; que recogi&oacute; la Orden Ol&iacute;mpica por su labor como miembro CIO. &nbsp;\" \/>\n<meta property=\"og:url\" content=\"https:\/\/www.museuolimpicbcn.cat\/es\/juli-pernas-como-director-de-la-fundacio-barcelona-olimpica-ha-recogido-la-placa-olimpica-al-merito-deportivo-en-la-gala-anual-del-coe\/\" \/>\n<meta property=\"og:site_name\" content=\"Museu Ol\u00edmpic i de l&#039;Esport Joan Antoni Samaranch. Barcelona\" \/>\n<meta property=\"article:published_time\" content=\"2015-12-14T23:00:00+00:00\" \/>\n<meta name=\"author\" content=\"useradmin\" \/>\n<meta name=\"twitter:card\" content=\"summary_large_image\" \/>\n<meta name=\"twitter:label1\" content=\"Escrito por\" \/>\n\t<meta name=\"twitter:data1\" content=\"useradmin\" \/>\n\t<meta name=\"twitter:label2\" content=\"Tiempo de lectura\" \/>\n\t<meta name=\"twitter:data2\" content=\"1 minuto\" \/>\n<script type=\"application\/ld+json\" class=\"yoast-schema-graph\">{\"@context\":\"https:\/\/schema.org\",\"@graph\":[{\"@type\":\"Article\",\"@id\":\"https:\/\/www.museuolimpicbcn.cat\/es\/juli-pernas-como-director-de-la-fundacio-barcelona-olimpica-ha-recogido-la-placa-olimpica-al-merito-deportivo-en-la-gala-anual-del-coe\/#article\",\"isPartOf\":{\"@id\":\"https:\/\/www.museuolimpicbcn.cat\/es\/juli-pernas-como-director-de-la-fundacio-barcelona-olimpica-ha-recogido-la-placa-olimpica-al-merito-deportivo-en-la-gala-anual-del-coe\/\"},\"author\":{\"name\":\"useradmin\",\"@id\":\"https:\/\/www.museuolimpicbcn.cat\/ca\/#\/schema\/person\/d05705664e87aa04c6ce53d48133fb39\"},\"headline\":\"Juli Pernas, como director de la Fundaci\u00f3 Barcelona Ol\u00edmpica, ha recogido la Placa Ol\u00edmpica al M\u00e9rito Deportivo en la Gala anual del COE\",\"datePublished\":\"2015-12-14T23:00:00+00:00\",\"dateModified\":\"2015-12-14T23:00:00+00:00\",\"mainEntityOfPage\":{\"@id\":\"https:\/\/www.museuolimpicbcn.cat\/es\/juli-pernas-como-director-de-la-fundacio-barcelona-olimpica-ha-recogido-la-placa-olimpica-al-merito-deportivo-en-la-gala-anual-del-coe\/\"},\"wordCount\":265,\"commentCount\":10,\"publisher\":{\"@id\":\"https:\/\/www.museuolimpicbcn.cat\/ca\/#organization\"},\"articleSection\":[\"Sin categorizar\"],\"inLanguage\":\"es\",\"potentialAction\":[{\"@type\":\"CommentAction\",\"name\":\"Comment\",\"target\":[\"https:\/\/www.museuolimpicbcn.cat\/es\/juli-pernas-como-director-de-la-fundacio-barcelona-olimpica-ha-recogido-la-placa-olimpica-al-merito-deportivo-en-la-gala-anual-del-coe\/#respond\"]}]},{\"@type\":\"WebPage\",\"@id\":\"https:\/\/www.museuolimpicbcn.cat\/es\/juli-pernas-como-director-de-la-fundacio-barcelona-olimpica-ha-recogido-la-placa-olimpica-al-merito-deportivo-en-la-gala-anual-del-coe\/\",\"url\":\"https:\/\/www.museuolimpicbcn.cat\/es\/juli-pernas-como-director-de-la-fundacio-barcelona-olimpica-ha-recogido-la-placa-olimpica-al-merito-deportivo-en-la-gala-anual-del-coe\/\",\"name\":\"Juli Pernas, como director de la Fundaci\u00f3 Barcelona Ol\u00edmpica, ha recogido la Placa Ol\u00edmpica al M\u00e9rito Deportivo en la Gala anual del COE - Museu Ol\u00edmpic i de l&#039;Esport Joan Antoni Samaranch. Barcelona\",\"isPartOf\":{\"@id\":\"https:\/\/www.museuolimpicbcn.cat\/ca\/#website\"},\"datePublished\":\"2015-12-14T23:00:00+00:00\",\"dateModified\":\"2015-12-14T23:00:00+00:00\",\"breadcrumb\":{\"@id\":\"https:\/\/www.museuolimpicbcn.cat\/es\/juli-pernas-como-director-de-la-fundacio-barcelona-olimpica-ha-recogido-la-placa-olimpica-al-merito-deportivo-en-la-gala-anual-del-coe\/#breadcrumb\"},\"inLanguage\":\"es\",\"potentialAction\":[{\"@type\":\"ReadAction\",\"target\":[\"https:\/\/www.museuolimpicbcn.cat\/es\/juli-pernas-como-director-de-la-fundacio-barcelona-olimpica-ha-recogido-la-placa-olimpica-al-merito-deportivo-en-la-gala-anual-del-coe\/\"]}]},{\"@type\":\"BreadcrumbList\",\"@id\":\"https:\/\/www.museuolimpicbcn.cat\/es\/juli-pernas-como-director-de-la-fundacio-barcelona-olimpica-ha-recogido-la-placa-olimpica-al-merito-deportivo-en-la-gala-anual-del-coe\/#breadcrumb\",\"itemListElement\":[{\"@type\":\"ListItem\",\"position\":1,\"name\":\"Inici\",\"item\":\"https:\/\/www.museuolimpicbcn.cat\/es\/\"},{\"@type\":\"ListItem\",\"position\":2,\"name\":\"Juli Pernas, como director de la Fundaci\u00f3 Barcelona Ol\u00edmpica, ha recogido la Placa Ol\u00edmpica al M\u00e9rito Deportivo en la Gala anual del COE\"}]},{\"@type\":\"WebSite\",\"@id\":\"https:\/\/www.museuolimpicbcn.cat\/ca\/#website\",\"url\":\"https:\/\/www.museuolimpicbcn.cat\/ca\/\",\"name\":\"Museu Ol\u00edmpic i de l&#039;Esport Joan Antoni Samaranch. Barcelona\",\"description\":\"Altre lloc Web del Museu Ol\u00edmpic i de l&#039;Esport llocs\",\"publisher\":{\"@id\":\"https:\/\/www.museuolimpicbcn.cat\/ca\/#organization\"},\"potentialAction\":[{\"@type\":\"SearchAction\",\"target\":{\"@type\":\"EntryPoint\",\"urlTemplate\":\"https:\/\/www.museuolimpicbcn.cat\/ca\/?s={search_term_string}\"},\"query-input\":{\"@type\":\"PropertyValueSpecification\",\"valueRequired\":true,\"valueName\":\"search_term_string\"}}],\"inLanguage\":\"es\"},{\"@type\":\"Organization\",\"@id\":\"https:\/\/www.museuolimpicbcn.cat\/ca\/#organization\",\"name\":\"Museu Ol\u00edmpic i de l&#039;Esport Joan Antoni Samaranch. Barcelona\",\"url\":\"https:\/\/www.museuolimpicbcn.cat\/ca\/\",\"logo\":{\"@type\":\"ImageObject\",\"inLanguage\":\"es\",\"@id\":\"https:\/\/www.museuolimpicbcn.cat\/ca\/#\/schema\/logo\/image\/\",\"url\":\"https:\/\/www.museuolimpicbcn.cat\/wp-content\/uploads\/sites\/2\/2018\/12\/logo-moe-header.svg\",\"contentUrl\":\"https:\/\/www.museuolimpicbcn.cat\/wp-content\/uploads\/sites\/2\/2018\/12\/logo-moe-header.svg\",\"caption\":\"Museu Ol\u00edmpic i de l&#039;Esport Joan Antoni Samaranch. Barcelona\"},\"image\":{\"@id\":\"https:\/\/www.museuolimpicbcn.cat\/ca\/#\/schema\/logo\/image\/\"}},{\"@type\":\"Person\",\"@id\":\"https:\/\/www.museuolimpicbcn.cat\/ca\/#\/schema\/person\/d05705664e87aa04c6ce53d48133fb39\",\"name\":\"useradmin\",\"url\":\"https:\/\/www.museuolimpicbcn.cat\/es\/author\/useradmin\/\"}]}<\/script>\n<!-- \/ Yoast SEO plugin. -->","yoast_head_json":{"title":"Juli Pernas, como director de la Fundaci\u00f3 Barcelona Ol\u00edmpica, ha recogido la Placa Ol\u00edmpica al M\u00e9rito Deportivo en la Gala anual del COE - Museu Ol\u00edmpic i de l&#039;Esport Joan Antoni Samaranch. Barcelona","robots":{"index":"index","follow":"follow","max-snippet":"max-snippet:-1","max-image-preview":"max-image-preview:large","max-video-preview":"max-video-preview:-1"},"canonical":"https:\/\/www.museuolimpicbcn.cat\/es\/juli-pernas-como-director-de-la-fundacio-barcelona-olimpica-ha-recogido-la-placa-olimpica-al-merito-deportivo-en-la-gala-anual-del-coe\/","og_locale":"es_ES","og_type":"article","og_title":"Juli Pernas, como director de la Fundaci\u00f3 Barcelona Ol\u00edmpica, ha recogido la Placa Ol\u00edmpica al M\u00e9rito Deportivo en la Gala anual del COE - Museu Ol\u00edmpic i de l&#039;Esport Joan Antoni Samaranch. Barcelona","og_description":"32 premiados entre dirigentes, federaciones, deportistas, t&eacute;cnicos, clubes, patrocinadores... y entre ellos la Fundaci&oacute; Barcelona Ol&iacute;mpica, por su trabajo en la difusi&oacute;n de los valores deportivos y ol&iacute;mpicos, y Pere Mir&oacute; que recogi&oacute; la Orden Ol&iacute;mpica por su labor como miembro CIO. &nbsp;","og_url":"https:\/\/www.museuolimpicbcn.cat\/es\/juli-pernas-como-director-de-la-fundacio-barcelona-olimpica-ha-recogido-la-placa-olimpica-al-merito-deportivo-en-la-gala-anual-del-coe\/","og_site_name":"Museu Ol\u00edmpic i de l&#039;Esport Joan Antoni Samaranch. Barcelona","article_published_time":"2015-12-14T23:00:00+00:00","author":"useradmin","twitter_card":"summary_large_image","twitter_misc":{"Escrito por":"useradmin","Tiempo de lectura":"1 minuto"},"schema":{"@context":"https:\/\/schema.org","@graph":[{"@type":"Article","@id":"https:\/\/www.museuolimpicbcn.cat\/es\/juli-pernas-como-director-de-la-fundacio-barcelona-olimpica-ha-recogido-la-placa-olimpica-al-merito-deportivo-en-la-gala-anual-del-coe\/#article","isPartOf":{"@id":"https:\/\/www.museuolimpicbcn.cat\/es\/juli-pernas-como-director-de-la-fundacio-barcelona-olimpica-ha-recogido-la-placa-olimpica-al-merito-deportivo-en-la-gala-anual-del-coe\/"},"author":{"name":"useradmin","@id":"https:\/\/www.museuolimpicbcn.cat\/ca\/#\/schema\/person\/d05705664e87aa04c6ce53d48133fb39"},"headline":"Juli Pernas, como director de la Fundaci\u00f3 Barcelona Ol\u00edmpica, ha recogido la Placa Ol\u00edmpica al M\u00e9rito Deportivo en la Gala anual del COE","datePublished":"2015-12-14T23:00:00+00:00","dateModified":"2015-12-14T23:00:00+00:00","mainEntityOfPage":{"@id":"https:\/\/www.museuolimpicbcn.cat\/es\/juli-pernas-como-director-de-la-fundacio-barcelona-olimpica-ha-recogido-la-placa-olimpica-al-merito-deportivo-en-la-gala-anual-del-coe\/"},"wordCount":265,"commentCount":10,"publisher":{"@id":"https:\/\/www.museuolimpicbcn.cat\/ca\/#organization"},"articleSection":["Sin categorizar"],"inLanguage":"es","potentialAction":[{"@type":"CommentAction","name":"Comment","target":["https:\/\/www.museuolimpicbcn.cat\/es\/juli-pernas-como-director-de-la-fundacio-barcelona-olimpica-ha-recogido-la-placa-olimpica-al-merito-deportivo-en-la-gala-anual-del-coe\/#respond"]}]},{"@type":"WebPage","@id":"https:\/\/www.museuolimpicbcn.cat\/es\/juli-pernas-como-director-de-la-fundacio-barcelona-olimpica-ha-recogido-la-placa-olimpica-al-merito-deportivo-en-la-gala-anual-del-coe\/","url":"https:\/\/www.museuolimpicbcn.cat\/es\/juli-pernas-como-director-de-la-fundacio-barcelona-olimpica-ha-recogido-la-placa-olimpica-al-merito-deportivo-en-la-gala-anual-del-coe\/","name":"Juli Pernas, como director de la Fundaci\u00f3 Barcelona Ol\u00edmpica, ha recogido la Placa Ol\u00edmpica al M\u00e9rito Deportivo en la Gala anual del COE - Museu Ol\u00edmpic i de l&#039;Esport Joan Antoni Samaranch. Barcelona","isPartOf":{"@id":"https:\/\/www.museuolimpicbcn.cat\/ca\/#website"},"datePublished":"2015-12-14T23:00:00+00:00","dateModified":"2015-12-14T23:00:00+00:00","breadcrumb":{"@id":"https:\/\/www.museuolimpicbcn.cat\/es\/juli-pernas-como-director-de-la-fundacio-barcelona-olimpica-ha-recogido-la-placa-olimpica-al-merito-deportivo-en-la-gala-anual-del-coe\/#breadcrumb"},"inLanguage":"es","potentialAction":[{"@type":"ReadAction","target":["https:\/\/www.museuolimpicbcn.cat\/es\/juli-pernas-como-director-de-la-fundacio-barcelona-olimpica-ha-recogido-la-placa-olimpica-al-merito-deportivo-en-la-gala-anual-del-coe\/"]}]},{"@type":"BreadcrumbList","@id":"https:\/\/www.museuolimpicbcn.cat\/es\/juli-pernas-como-director-de-la-fundacio-barcelona-olimpica-ha-recogido-la-placa-olimpica-al-merito-deportivo-en-la-gala-anual-del-coe\/#breadcrumb","itemListElement":[{"@type":"ListItem","position":1,"name":"Inici","item":"https:\/\/www.museuolimpicbcn.cat\/es\/"},{"@type":"ListItem","position":2,"name":"Juli Pernas, como director de la Fundaci\u00f3 Barcelona Ol\u00edmpica, ha recogido la Placa Ol\u00edmpica al M\u00e9rito Deportivo en la Gala anual del COE"}]},{"@type":"WebSite","@id":"https:\/\/www.museuolimpicbcn.cat\/ca\/#website","url":"https:\/\/www.museuolimpicbcn.cat\/ca\/","name":"Museu Ol\u00edmpic i de l&#039;Esport Joan Antoni Samaranch. Barcelona","description":"Altre lloc Web del Museu Ol\u00edmpic i de l&#039;Esport llocs","publisher":{"@id":"https:\/\/www.museuolimpicbcn.cat\/ca\/#organization"},"potentialAction":[{"@type":"SearchAction","target":{"@type":"EntryPoint","urlTemplate":"https:\/\/www.museuolimpicbcn.cat\/ca\/?s={search_term_string}"},"query-input":{"@type":"PropertyValueSpecification","valueRequired":true,"valueName":"search_term_string"}}],"inLanguage":"es"},{"@type":"Organization","@id":"https:\/\/www.museuolimpicbcn.cat\/ca\/#organization","name":"Museu Ol\u00edmpic i de l&#039;Esport Joan Antoni Samaranch. Barcelona","url":"https:\/\/www.museuolimpicbcn.cat\/ca\/","logo":{"@type":"ImageObject","inLanguage":"es","@id":"https:\/\/www.museuolimpicbcn.cat\/ca\/#\/schema\/logo\/image\/","url":"https:\/\/www.museuolimpicbcn.cat\/wp-content\/uploads\/sites\/2\/2018\/12\/logo-moe-header.svg","contentUrl":"https:\/\/www.museuolimpicbcn.cat\/wp-content\/uploads\/sites\/2\/2018\/12\/logo-moe-header.svg","caption":"Museu Ol\u00edmpic i de l&#039;Esport Joan Antoni Samaranch. Barcelona"},"image":{"@id":"https:\/\/www.museuolimpicbcn.cat\/ca\/#\/schema\/logo\/image\/"}},{"@type":"Person","@id":"https:\/\/www.museuolimpicbcn.cat\/ca\/#\/schema\/person\/d05705664e87aa04c6ce53d48133fb39","name":"useradmin","url":"https:\/\/www.museuolimpicbcn.cat\/es\/author\/useradmin\/"}]}},"_links":{"self":[{"href":"https:\/\/www.museuolimpicbcn.cat\/es\/wp-json\/wp\/v2\/posts\/12842"}],"collection":[{"href":"https:\/\/www.museuolimpicbcn.cat\/es\/wp-json\/wp\/v2\/posts"}],"about":[{"href":"https:\/\/www.museuolimpicbcn.cat\/es\/wp-json\/wp\/v2\/types\/post"}],"author":[{"embeddable":true,"href":"https:\/\/www.museuolimpicbcn.cat\/es\/wp-json\/wp\/v2\/users\/1"}],"replies":[{"embeddable":true,"href":"https:\/\/www.museuolimpicbcn.cat\/es\/wp-json\/wp\/v2\/comments?post=12842"}],"version-history":[{"count":0,"href":"https:\/\/www.museuolimpicbcn.cat\/es\/wp-json\/wp\/v2\/posts\/12842\/revisions"}],"wp:attachment":[{"href":"https:\/\/www.museuolimpicbcn.cat\/es\/wp-json\/wp\/v2\/media?parent=12842"}],"wp:term":[{"taxonomy":"category","embeddable":true,"href":"https:\/\/www.museuolimpicbcn.cat\/es\/wp-json\/wp\/v2\/categories?post=12842"},{"taxonomy":"post_tag","embeddable":true,"href":"https:\/\/www.museuolimpicbcn.cat\/es\/wp-json\/wp\/v2\/tags?post=12842"}],"curies":[{"name":"wp","href":"https:\/\/api.w.org\/{rel}","templated":true}]}}