{"id":12964,"date":"2016-02-05T00:00:00","date_gmt":"2016-02-04T23:00:00","guid":{"rendered":"http:\/\/dev.museuolimpicbcn.cat\/el-centre-destudis-olimpic-i-de-lesport-joan-antoni-samaranch-presenta-la-memoria-de-actividades-en-el-v-congreso-de-centros-de-estudios-olimpicos-organizado-por-l\/"},"modified":"2016-02-05T00:00:00","modified_gmt":"2016-02-04T23:00:00","slug":"el-centre-destudis-olimpic-i-de-lesport-joan-antoni-samaranch-presenta-la-memoria-de-actividades-en-el-v-congreso-de-centros-de-estudios-olimpicos-organizado-por-l","status":"publish","type":"post","link":"https:\/\/www.museuolimpicbcn.cat\/es\/el-centre-destudis-olimpic-i-de-lesport-joan-antoni-samaranch-presenta-la-memoria-de-actividades-en-el-v-congreso-de-centros-de-estudios-olimpicos-organizado-por-l\/","title":{"rendered":"El Centre d\u2019Estudis Ol\u00edmpic i de l\u2019Esport Joan Antoni Samaranch presenta la memoria de actividades en el \u201cV Congreso de Centros de Estudios Ol\u00edmpicos\u201d  organizado por la Universidad de Granada y la Academia Ol\u00edmpica Espa\u00f1ola."},"content":{"rendered":"<p>La Universidad de Granada ha sido la sede de esta nueva edici&oacute;n de Centros de Estudios Ol&iacute;mpicos, donde se destacan la presencia de los centros de Navarra, Vigo-Santiago, Valencia, Alicante, Murcia, Granada, Madrid, Toledo y los tres centros de Catalu&ntilde;a: CEO-UAB, CEO Banyoles y CEOE J.A Samaranch de la Fundaci&oacute; Barcelona Ol&iacute;mpica.<\/p>\n<p>&nbsp;<\/p>\n","protected":false},"excerpt":{"rendered":"<p>Alberto Arag&oacute;n P&eacute;rez, coordinador del Centre d&rsquo;Estudis Ol&iacute;mpics i de l&rsquo;Esport Joan Antoni Samaranch, junto con Manolo Fonseca, exdirector de deportes del COOB92 y exsecretario General del COE, han presentado la memoria de actividades en la reuni&oacute;n bianual de Centros de Estudios Ol&iacute;mpicos, organizada por Conrado Dur&aacute;ntez, director de la Academia Ol&iacute;mpica Espa&ntilde;ola y bajo la supervisi&oacute;n de Alejandro Blanco, presidente del Comit&eacute; Ol&iacute;mpico Espa&ntilde;ol.<\/p>\n<p>&nbsp;<\/p>\n","protected":false},"author":1,"featured_media":0,"comment_status":"open","ping_status":"open","sticky":false,"template":"","format":"standard","meta":{"_acf_changed":false,"_price":"","_stock":"","_tribe_ticket_header":"","_tribe_default_ticket_provider":"","_tribe_ticket_capacity":"0","_ticket_start_date":"","_ticket_end_date":"","_tribe_ticket_show_description":"","_tribe_ticket_show_not_going":false,"_tribe_ticket_use_global_stock":"","_tribe_ticket_global_stock_level":"","_global_stock_mode":"","_global_stock_cap":"","_tribe_rsvp_for_event":"","_tribe_ticket_going_count":"","_tribe_ticket_not_going_count":"","_tribe_tickets_list":"[]","_tribe_ticket_has_attendee_info_fields":false,"footnotes":""},"categories":[3],"tags":[],"class_list":["post-12964","post","type-post","status-publish","format-standard","hentry","category-sin-categorizar"],"acf":[],"yoast_head":"<!-- This site is optimized with the Yoast SEO plugin v23.7 - https:\/\/yoast.com\/wordpress\/plugins\/seo\/ -->\n<title>El Centre d\u2019Estudis Ol\u00edmpic i de l\u2019Esport Joan Antoni Samaranch presenta la memoria de actividades en el \u201cV Congreso de Centros de Estudios Ol\u00edmpicos\u201d organizado por la Universidad de Granada y la Academia Ol\u00edmpica Espa\u00f1ola. - Museu Ol\u00edmpic i de l&#039;Esport Joan Antoni Samaranch. Barcelona<\/title>\n<meta name=\"robots\" content=\"index, follow, max-snippet:-1, max-image-preview:large, max-video-preview:-1\" \/>\n<link rel=\"canonical\" href=\"https:\/\/www.museuolimpicbcn.cat\/es\/el-centre-destudis-olimpic-i-de-lesport-joan-antoni-samaranch-presenta-la-memoria-de-actividades-en-el-v-congreso-de-centros-de-estudios-olimpicos-organizado-por-l\/\" \/>\n<meta property=\"og:locale\" content=\"es_ES\" \/>\n<meta property=\"og:type\" content=\"article\" \/>\n<meta property=\"og:title\" content=\"El Centre d\u2019Estudis Ol\u00edmpic i de l\u2019Esport Joan Antoni Samaranch presenta la memoria de actividades en el \u201cV Congreso de Centros de Estudios Ol\u00edmpicos\u201d organizado por la Universidad de Granada y la Academia Ol\u00edmpica Espa\u00f1ola. - Museu Ol\u00edmpic i de l&#039;Esport Joan Antoni Samaranch. Barcelona\" \/>\n<meta property=\"og:description\" content=\"Alberto Arag&oacute;n P&eacute;rez, coordinador del Centre d&rsquo;Estudis Ol&iacute;mpics i de l&rsquo;Esport Joan Antoni Samaranch, junto con Manolo Fonseca, exdirector de deportes del COOB92 y exsecretario General del COE, han presentado la memoria de actividades en la reuni&oacute;n bianual de Centros de Estudios Ol&iacute;mpicos, organizada por Conrado Dur&aacute;ntez, director de la Academia Ol&iacute;mpica Espa&ntilde;ola y bajo la supervisi&oacute;n de Alejandro Blanco, presidente del Comit&eacute; Ol&iacute;mpico Espa&ntilde;ol. &nbsp;\" \/>\n<meta property=\"og:url\" content=\"https:\/\/www.museuolimpicbcn.cat\/es\/el-centre-destudis-olimpic-i-de-lesport-joan-antoni-samaranch-presenta-la-memoria-de-actividades-en-el-v-congreso-de-centros-de-estudios-olimpicos-organizado-por-l\/\" \/>\n<meta property=\"og:site_name\" content=\"Museu Ol\u00edmpic i de l&#039;Esport Joan Antoni Samaranch. Barcelona\" \/>\n<meta property=\"article:published_time\" content=\"2016-02-04T23:00:00+00:00\" \/>\n<meta name=\"author\" content=\"useradmin\" \/>\n<meta name=\"twitter:card\" content=\"summary_large_image\" \/>\n<meta name=\"twitter:label1\" content=\"Escrito por\" \/>\n\t<meta name=\"twitter:data1\" content=\"useradmin\" \/>\n<script type=\"application\/ld+json\" class=\"yoast-schema-graph\">{\"@context\":\"https:\/\/schema.org\",\"@graph\":[{\"@type\":\"Article\",\"@id\":\"https:\/\/www.museuolimpicbcn.cat\/es\/el-centre-destudis-olimpic-i-de-lesport-joan-antoni-samaranch-presenta-la-memoria-de-actividades-en-el-v-congreso-de-centros-de-estudios-olimpicos-organizado-por-l\/#article\",\"isPartOf\":{\"@id\":\"https:\/\/www.museuolimpicbcn.cat\/es\/el-centre-destudis-olimpic-i-de-lesport-joan-antoni-samaranch-presenta-la-memoria-de-actividades-en-el-v-congreso-de-centros-de-estudios-olimpicos-organizado-por-l\/\"},\"author\":{\"name\":\"useradmin\",\"@id\":\"https:\/\/www.museuolimpicbcn.cat\/ca\/#\/schema\/person\/d05705664e87aa04c6ce53d48133fb39\"},\"headline\":\"El Centre d\u2019Estudis Ol\u00edmpic i de l\u2019Esport Joan Antoni Samaranch presenta la memoria de actividades en el \u201cV Congreso de Centros de Estudios Ol\u00edmpicos\u201d organizado por la Universidad de Granada y la Academia Ol\u00edmpica Espa\u00f1ola.\",\"datePublished\":\"2016-02-04T23:00:00+00:00\",\"dateModified\":\"2016-02-04T23:00:00+00:00\",\"mainEntityOfPage\":{\"@id\":\"https:\/\/www.museuolimpicbcn.cat\/es\/el-centre-destudis-olimpic-i-de-lesport-joan-antoni-samaranch-presenta-la-memoria-de-actividades-en-el-v-congreso-de-centros-de-estudios-olimpicos-organizado-por-l\/\"},\"wordCount\":104,\"commentCount\":4,\"publisher\":{\"@id\":\"https:\/\/www.museuolimpicbcn.cat\/ca\/#organization\"},\"articleSection\":[\"Sin categorizar\"],\"inLanguage\":\"es\",\"potentialAction\":[{\"@type\":\"CommentAction\",\"name\":\"Comment\",\"target\":[\"https:\/\/www.museuolimpicbcn.cat\/es\/el-centre-destudis-olimpic-i-de-lesport-joan-antoni-samaranch-presenta-la-memoria-de-actividades-en-el-v-congreso-de-centros-de-estudios-olimpicos-organizado-por-l\/#respond\"]}]},{\"@type\":\"WebPage\",\"@id\":\"https:\/\/www.museuolimpicbcn.cat\/es\/el-centre-destudis-olimpic-i-de-lesport-joan-antoni-samaranch-presenta-la-memoria-de-actividades-en-el-v-congreso-de-centros-de-estudios-olimpicos-organizado-por-l\/\",\"url\":\"https:\/\/www.museuolimpicbcn.cat\/es\/el-centre-destudis-olimpic-i-de-lesport-joan-antoni-samaranch-presenta-la-memoria-de-actividades-en-el-v-congreso-de-centros-de-estudios-olimpicos-organizado-por-l\/\",\"name\":\"El Centre d\u2019Estudis Ol\u00edmpic i de l\u2019Esport Joan Antoni Samaranch presenta la memoria de actividades en el \u201cV Congreso de Centros de Estudios Ol\u00edmpicos\u201d organizado por la Universidad de Granada y la Academia Ol\u00edmpica Espa\u00f1ola. - Museu Ol\u00edmpic i de l&#039;Esport Joan Antoni Samaranch. Barcelona\",\"isPartOf\":{\"@id\":\"https:\/\/www.museuolimpicbcn.cat\/ca\/#website\"},\"datePublished\":\"2016-02-04T23:00:00+00:00\",\"dateModified\":\"2016-02-04T23:00:00+00:00\",\"breadcrumb\":{\"@id\":\"https:\/\/www.museuolimpicbcn.cat\/es\/el-centre-destudis-olimpic-i-de-lesport-joan-antoni-samaranch-presenta-la-memoria-de-actividades-en-el-v-congreso-de-centros-de-estudios-olimpicos-organizado-por-l\/#breadcrumb\"},\"inLanguage\":\"es\",\"potentialAction\":[{\"@type\":\"ReadAction\",\"target\":[\"https:\/\/www.museuolimpicbcn.cat\/es\/el-centre-destudis-olimpic-i-de-lesport-joan-antoni-samaranch-presenta-la-memoria-de-actividades-en-el-v-congreso-de-centros-de-estudios-olimpicos-organizado-por-l\/\"]}]},{\"@type\":\"BreadcrumbList\",\"@id\":\"https:\/\/www.museuolimpicbcn.cat\/es\/el-centre-destudis-olimpic-i-de-lesport-joan-antoni-samaranch-presenta-la-memoria-de-actividades-en-el-v-congreso-de-centros-de-estudios-olimpicos-organizado-por-l\/#breadcrumb\",\"itemListElement\":[{\"@type\":\"ListItem\",\"position\":1,\"name\":\"Inici\",\"item\":\"https:\/\/www.museuolimpicbcn.cat\/es\/\"},{\"@type\":\"ListItem\",\"position\":2,\"name\":\"El Centre d\u2019Estudis Ol\u00edmpic i de l\u2019Esport Joan Antoni Samaranch presenta la memoria de actividades en el \u201cV Congreso de Centros de Estudios Ol\u00edmpicos\u201d organizado por la Universidad de Granada y la Academia Ol\u00edmpica Espa\u00f1ola.\"}]},{\"@type\":\"WebSite\",\"@id\":\"https:\/\/www.museuolimpicbcn.cat\/ca\/#website\",\"url\":\"https:\/\/www.museuolimpicbcn.cat\/ca\/\",\"name\":\"Museu Ol\u00edmpic i de l&#039;Esport Joan Antoni Samaranch. Barcelona\",\"description\":\"Altre lloc Web del Museu Ol\u00edmpic i de l&#039;Esport llocs\",\"publisher\":{\"@id\":\"https:\/\/www.museuolimpicbcn.cat\/ca\/#organization\"},\"potentialAction\":[{\"@type\":\"SearchAction\",\"target\":{\"@type\":\"EntryPoint\",\"urlTemplate\":\"https:\/\/www.museuolimpicbcn.cat\/ca\/?s={search_term_string}\"},\"query-input\":{\"@type\":\"PropertyValueSpecification\",\"valueRequired\":true,\"valueName\":\"search_term_string\"}}],\"inLanguage\":\"es\"},{\"@type\":\"Organization\",\"@id\":\"https:\/\/www.museuolimpicbcn.cat\/ca\/#organization\",\"name\":\"Museu Ol\u00edmpic i de l&#039;Esport Joan Antoni Samaranch. Barcelona\",\"url\":\"https:\/\/www.museuolimpicbcn.cat\/ca\/\",\"logo\":{\"@type\":\"ImageObject\",\"inLanguage\":\"es\",\"@id\":\"https:\/\/www.museuolimpicbcn.cat\/ca\/#\/schema\/logo\/image\/\",\"url\":\"https:\/\/www.museuolimpicbcn.cat\/wp-content\/uploads\/sites\/2\/2018\/12\/logo-moe-header.svg\",\"contentUrl\":\"https:\/\/www.museuolimpicbcn.cat\/wp-content\/uploads\/sites\/2\/2018\/12\/logo-moe-header.svg\",\"caption\":\"Museu Ol\u00edmpic i de l&#039;Esport Joan Antoni Samaranch. Barcelona\"},\"image\":{\"@id\":\"https:\/\/www.museuolimpicbcn.cat\/ca\/#\/schema\/logo\/image\/\"}},{\"@type\":\"Person\",\"@id\":\"https:\/\/www.museuolimpicbcn.cat\/ca\/#\/schema\/person\/d05705664e87aa04c6ce53d48133fb39\",\"name\":\"useradmin\",\"url\":\"https:\/\/www.museuolimpicbcn.cat\/es\/author\/useradmin\/\"}]}<\/script>\n<!-- \/ Yoast SEO plugin. -->","yoast_head_json":{"title":"El Centre d\u2019Estudis Ol\u00edmpic i de l\u2019Esport Joan Antoni Samaranch presenta la memoria de actividades en el \u201cV Congreso de Centros de Estudios Ol\u00edmpicos\u201d organizado por la Universidad de Granada y la Academia Ol\u00edmpica Espa\u00f1ola. - Museu Ol\u00edmpic i de l&#039;Esport Joan Antoni Samaranch. Barcelona","robots":{"index":"index","follow":"follow","max-snippet":"max-snippet:-1","max-image-preview":"max-image-preview:large","max-video-preview":"max-video-preview:-1"},"canonical":"https:\/\/www.museuolimpicbcn.cat\/es\/el-centre-destudis-olimpic-i-de-lesport-joan-antoni-samaranch-presenta-la-memoria-de-actividades-en-el-v-congreso-de-centros-de-estudios-olimpicos-organizado-por-l\/","og_locale":"es_ES","og_type":"article","og_title":"El Centre d\u2019Estudis Ol\u00edmpic i de l\u2019Esport Joan Antoni Samaranch presenta la memoria de actividades en el \u201cV Congreso de Centros de Estudios Ol\u00edmpicos\u201d organizado por la Universidad de Granada y la Academia Ol\u00edmpica Espa\u00f1ola. - Museu Ol\u00edmpic i de l&#039;Esport Joan Antoni Samaranch. Barcelona","og_description":"Alberto Arag&oacute;n P&eacute;rez, coordinador del Centre d&rsquo;Estudis Ol&iacute;mpics i de l&rsquo;Esport Joan Antoni Samaranch, junto con Manolo Fonseca, exdirector de deportes del COOB92 y exsecretario General del COE, han presentado la memoria de actividades en la reuni&oacute;n bianual de Centros de Estudios Ol&iacute;mpicos, organizada por Conrado Dur&aacute;ntez, director de la Academia Ol&iacute;mpica Espa&ntilde;ola y bajo la supervisi&oacute;n de Alejandro Blanco, presidente del Comit&eacute; Ol&iacute;mpico Espa&ntilde;ol. &nbsp;","og_url":"https:\/\/www.museuolimpicbcn.cat\/es\/el-centre-destudis-olimpic-i-de-lesport-joan-antoni-samaranch-presenta-la-memoria-de-actividades-en-el-v-congreso-de-centros-de-estudios-olimpicos-organizado-por-l\/","og_site_name":"Museu Ol\u00edmpic i de l&#039;Esport Joan Antoni Samaranch. Barcelona","article_published_time":"2016-02-04T23:00:00+00:00","author":"useradmin","twitter_card":"summary_large_image","twitter_misc":{"Escrito por":"useradmin"},"schema":{"@context":"https:\/\/schema.org","@graph":[{"@type":"Article","@id":"https:\/\/www.museuolimpicbcn.cat\/es\/el-centre-destudis-olimpic-i-de-lesport-joan-antoni-samaranch-presenta-la-memoria-de-actividades-en-el-v-congreso-de-centros-de-estudios-olimpicos-organizado-por-l\/#article","isPartOf":{"@id":"https:\/\/www.museuolimpicbcn.cat\/es\/el-centre-destudis-olimpic-i-de-lesport-joan-antoni-samaranch-presenta-la-memoria-de-actividades-en-el-v-congreso-de-centros-de-estudios-olimpicos-organizado-por-l\/"},"author":{"name":"useradmin","@id":"https:\/\/www.museuolimpicbcn.cat\/ca\/#\/schema\/person\/d05705664e87aa04c6ce53d48133fb39"},"headline":"El Centre d\u2019Estudis Ol\u00edmpic i de l\u2019Esport Joan Antoni Samaranch presenta la memoria de actividades en el \u201cV Congreso de Centros de Estudios Ol\u00edmpicos\u201d organizado por la Universidad de Granada y la Academia Ol\u00edmpica Espa\u00f1ola.","datePublished":"2016-02-04T23:00:00+00:00","dateModified":"2016-02-04T23:00:00+00:00","mainEntityOfPage":{"@id":"https:\/\/www.museuolimpicbcn.cat\/es\/el-centre-destudis-olimpic-i-de-lesport-joan-antoni-samaranch-presenta-la-memoria-de-actividades-en-el-v-congreso-de-centros-de-estudios-olimpicos-organizado-por-l\/"},"wordCount":104,"commentCount":4,"publisher":{"@id":"https:\/\/www.museuolimpicbcn.cat\/ca\/#organization"},"articleSection":["Sin categorizar"],"inLanguage":"es","potentialAction":[{"@type":"CommentAction","name":"Comment","target":["https:\/\/www.museuolimpicbcn.cat\/es\/el-centre-destudis-olimpic-i-de-lesport-joan-antoni-samaranch-presenta-la-memoria-de-actividades-en-el-v-congreso-de-centros-de-estudios-olimpicos-organizado-por-l\/#respond"]}]},{"@type":"WebPage","@id":"https:\/\/www.museuolimpicbcn.cat\/es\/el-centre-destudis-olimpic-i-de-lesport-joan-antoni-samaranch-presenta-la-memoria-de-actividades-en-el-v-congreso-de-centros-de-estudios-olimpicos-organizado-por-l\/","url":"https:\/\/www.museuolimpicbcn.cat\/es\/el-centre-destudis-olimpic-i-de-lesport-joan-antoni-samaranch-presenta-la-memoria-de-actividades-en-el-v-congreso-de-centros-de-estudios-olimpicos-organizado-por-l\/","name":"El Centre d\u2019Estudis Ol\u00edmpic i de l\u2019Esport Joan Antoni Samaranch presenta la memoria de actividades en el \u201cV Congreso de Centros de Estudios Ol\u00edmpicos\u201d organizado por la Universidad de Granada y la Academia Ol\u00edmpica Espa\u00f1ola. - Museu Ol\u00edmpic i de l&#039;Esport Joan Antoni Samaranch. Barcelona","isPartOf":{"@id":"https:\/\/www.museuolimpicbcn.cat\/ca\/#website"},"datePublished":"2016-02-04T23:00:00+00:00","dateModified":"2016-02-04T23:00:00+00:00","breadcrumb":{"@id":"https:\/\/www.museuolimpicbcn.cat\/es\/el-centre-destudis-olimpic-i-de-lesport-joan-antoni-samaranch-presenta-la-memoria-de-actividades-en-el-v-congreso-de-centros-de-estudios-olimpicos-organizado-por-l\/#breadcrumb"},"inLanguage":"es","potentialAction":[{"@type":"ReadAction","target":["https:\/\/www.museuolimpicbcn.cat\/es\/el-centre-destudis-olimpic-i-de-lesport-joan-antoni-samaranch-presenta-la-memoria-de-actividades-en-el-v-congreso-de-centros-de-estudios-olimpicos-organizado-por-l\/"]}]},{"@type":"BreadcrumbList","@id":"https:\/\/www.museuolimpicbcn.cat\/es\/el-centre-destudis-olimpic-i-de-lesport-joan-antoni-samaranch-presenta-la-memoria-de-actividades-en-el-v-congreso-de-centros-de-estudios-olimpicos-organizado-por-l\/#breadcrumb","itemListElement":[{"@type":"ListItem","position":1,"name":"Inici","item":"https:\/\/www.museuolimpicbcn.cat\/es\/"},{"@type":"ListItem","position":2,"name":"El Centre d\u2019Estudis Ol\u00edmpic i de l\u2019Esport Joan Antoni Samaranch presenta la memoria de actividades en el \u201cV Congreso de Centros de Estudios Ol\u00edmpicos\u201d organizado por la Universidad de Granada y la Academia Ol\u00edmpica Espa\u00f1ola."}]},{"@type":"WebSite","@id":"https:\/\/www.museuolimpicbcn.cat\/ca\/#website","url":"https:\/\/www.museuolimpicbcn.cat\/ca\/","name":"Museu Ol\u00edmpic i de l&#039;Esport Joan Antoni Samaranch. Barcelona","description":"Altre lloc Web del Museu Ol\u00edmpic i de l&#039;Esport llocs","publisher":{"@id":"https:\/\/www.museuolimpicbcn.cat\/ca\/#organization"},"potentialAction":[{"@type":"SearchAction","target":{"@type":"EntryPoint","urlTemplate":"https:\/\/www.museuolimpicbcn.cat\/ca\/?s={search_term_string}"},"query-input":{"@type":"PropertyValueSpecification","valueRequired":true,"valueName":"search_term_string"}}],"inLanguage":"es"},{"@type":"Organization","@id":"https:\/\/www.museuolimpicbcn.cat\/ca\/#organization","name":"Museu Ol\u00edmpic i de l&#039;Esport Joan Antoni Samaranch. Barcelona","url":"https:\/\/www.museuolimpicbcn.cat\/ca\/","logo":{"@type":"ImageObject","inLanguage":"es","@id":"https:\/\/www.museuolimpicbcn.cat\/ca\/#\/schema\/logo\/image\/","url":"https:\/\/www.museuolimpicbcn.cat\/wp-content\/uploads\/sites\/2\/2018\/12\/logo-moe-header.svg","contentUrl":"https:\/\/www.museuolimpicbcn.cat\/wp-content\/uploads\/sites\/2\/2018\/12\/logo-moe-header.svg","caption":"Museu Ol\u00edmpic i de l&#039;Esport Joan Antoni Samaranch. Barcelona"},"image":{"@id":"https:\/\/www.museuolimpicbcn.cat\/ca\/#\/schema\/logo\/image\/"}},{"@type":"Person","@id":"https:\/\/www.museuolimpicbcn.cat\/ca\/#\/schema\/person\/d05705664e87aa04c6ce53d48133fb39","name":"useradmin","url":"https:\/\/www.museuolimpicbcn.cat\/es\/author\/useradmin\/"}]}},"_links":{"self":[{"href":"https:\/\/www.museuolimpicbcn.cat\/es\/wp-json\/wp\/v2\/posts\/12964"}],"collection":[{"href":"https:\/\/www.museuolimpicbcn.cat\/es\/wp-json\/wp\/v2\/posts"}],"about":[{"href":"https:\/\/www.museuolimpicbcn.cat\/es\/wp-json\/wp\/v2\/types\/post"}],"author":[{"embeddable":true,"href":"https:\/\/www.museuolimpicbcn.cat\/es\/wp-json\/wp\/v2\/users\/1"}],"replies":[{"embeddable":true,"href":"https:\/\/www.museuolimpicbcn.cat\/es\/wp-json\/wp\/v2\/comments?post=12964"}],"version-history":[{"count":0,"href":"https:\/\/www.museuolimpicbcn.cat\/es\/wp-json\/wp\/v2\/posts\/12964\/revisions"}],"wp:attachment":[{"href":"https:\/\/www.museuolimpicbcn.cat\/es\/wp-json\/wp\/v2\/media?parent=12964"}],"wp:term":[{"taxonomy":"category","embeddable":true,"href":"https:\/\/www.museuolimpicbcn.cat\/es\/wp-json\/wp\/v2\/categories?post=12964"},{"taxonomy":"post_tag","embeddable":true,"href":"https:\/\/www.museuolimpicbcn.cat\/es\/wp-json\/wp\/v2\/tags?post=12964"}],"curies":[{"name":"wp","href":"https:\/\/api.w.org\/{rel}","templated":true}]}}