{"id":13161,"date":"2016-05-11T00:00:00","date_gmt":"2016-05-10T22:00:00","guid":{"rendered":"http:\/\/dev.museuolimpicbcn.cat\/aixi-jugo-la-campana-de-promocion-de-valores-del-deporte\/"},"modified":"2016-05-11T00:00:00","modified_gmt":"2016-05-10T22:00:00","slug":"aixi-jugo-la-campana-de-promocion-de-valores-del-deporte","status":"publish","type":"post","link":"https:\/\/www.museuolimpicbcn.cat\/es\/aixi-jugo-la-campana-de-promocion-de-valores-del-deporte\/","title":{"rendered":"\u2018Aix\u00ed jugo\u2019 la campa\u00f1a de promoci\u00f3n de valores del deporte"},"content":{"rendered":"<p>El acto ha contado con la presencia de Marta Carranza, comisionada de Deportes del Ayuntamiento de Barcelona; Gerard Esteva, presidente de la Uni&oacute;n de Federaciones Deportivas de Catalu&ntilde;a; Andreu Subies, presidente de la Federaci&oacute;n Catalana de F&uacute;tbol; Josep Salom, diputado delegado Deportes de la Diputaci&oacute;n de Barcelona y Gerard Figueras, Secretario General del Deporte de la Generalitat de Catalunya.El acto ha sido coordinado por Jordi Sans, director de la UFEC, al que han asistido representantes de todas las Federaciones Catalanas, entre otros.&nbsp;Para m&aacute;s informaci&oacute;n, consulta la web: http:\/\/www.aixijugo.cat<\/p>\n","protected":false},"excerpt":{"rendered":"<p>Se ha presentado la campa&ntilde;a #Aix&iacute;jugo, impulsada por la Uni&oacute;n de Federaciones Deportivas de Catalu&ntilde;a (UFEC) y que pretende promover comportamientos c&iacute;vicos y los valores en el &aacute;mbito de la pr&agrave;ctica deportiva, en un acto en el Auditorio del Museu Ol&iacute;mpic i de l&rsquo;Esport.<\/p>\n","protected":false},"author":1,"featured_media":0,"comment_status":"open","ping_status":"open","sticky":false,"template":"","format":"standard","meta":{"_acf_changed":false,"_price":"","_stock":"","_tribe_ticket_header":"","_tribe_default_ticket_provider":"","_tribe_ticket_capacity":"0","_ticket_start_date":"","_ticket_end_date":"","_tribe_ticket_show_description":"","_tribe_ticket_show_not_going":false,"_tribe_ticket_use_global_stock":"","_tribe_ticket_global_stock_level":"","_global_stock_mode":"","_global_stock_cap":"","_tribe_rsvp_for_event":"","_tribe_ticket_going_count":"","_tribe_ticket_not_going_count":"","_tribe_tickets_list":"[]","_tribe_ticket_has_attendee_info_fields":false,"footnotes":""},"categories":[3],"tags":[],"class_list":["post-13161","post","type-post","status-publish","format-standard","hentry","category-sin-categorizar"],"acf":[],"yoast_head":"<!-- This site is optimized with the Yoast SEO plugin v23.7 - https:\/\/yoast.com\/wordpress\/plugins\/seo\/ -->\n<title>\u2018Aix\u00ed jugo\u2019 la campa\u00f1a de promoci\u00f3n de valores del deporte - Museu Ol\u00edmpic i de l&#039;Esport Joan Antoni Samaranch. Barcelona<\/title>\n<meta name=\"robots\" content=\"index, follow, max-snippet:-1, max-image-preview:large, max-video-preview:-1\" \/>\n<link rel=\"canonical\" href=\"https:\/\/www.museuolimpicbcn.cat\/es\/aixi-jugo-la-campana-de-promocion-de-valores-del-deporte\/\" \/>\n<meta property=\"og:locale\" content=\"es_ES\" \/>\n<meta property=\"og:type\" content=\"article\" \/>\n<meta property=\"og:title\" content=\"\u2018Aix\u00ed jugo\u2019 la campa\u00f1a de promoci\u00f3n de valores del deporte - Museu Ol\u00edmpic i de l&#039;Esport Joan Antoni Samaranch. Barcelona\" \/>\n<meta property=\"og:description\" content=\"Se ha presentado la campa&ntilde;a #Aix&iacute;jugo, impulsada por la Uni&oacute;n de Federaciones Deportivas de Catalu&ntilde;a (UFEC) y que pretende promover comportamientos c&iacute;vicos y los valores en el &aacute;mbito de la pr&agrave;ctica deportiva, en un acto en el Auditorio del Museu Ol&iacute;mpic i de l&rsquo;Esport.\" \/>\n<meta property=\"og:url\" content=\"https:\/\/www.museuolimpicbcn.cat\/es\/aixi-jugo-la-campana-de-promocion-de-valores-del-deporte\/\" \/>\n<meta property=\"og:site_name\" content=\"Museu Ol\u00edmpic i de l&#039;Esport Joan Antoni Samaranch. Barcelona\" \/>\n<meta property=\"article:published_time\" content=\"2016-05-10T22:00:00+00:00\" \/>\n<meta name=\"author\" content=\"useradmin\" \/>\n<meta name=\"twitter:card\" content=\"summary_large_image\" \/>\n<meta name=\"twitter:label1\" content=\"Escrito por\" \/>\n\t<meta name=\"twitter:data1\" content=\"useradmin\" \/>\n\t<meta name=\"twitter:label2\" content=\"Tiempo de lectura\" \/>\n\t<meta name=\"twitter:data2\" content=\"1 minuto\" \/>\n<script type=\"application\/ld+json\" class=\"yoast-schema-graph\">{\"@context\":\"https:\/\/schema.org\",\"@graph\":[{\"@type\":\"Article\",\"@id\":\"https:\/\/www.museuolimpicbcn.cat\/es\/aixi-jugo-la-campana-de-promocion-de-valores-del-deporte\/#article\",\"isPartOf\":{\"@id\":\"https:\/\/www.museuolimpicbcn.cat\/es\/aixi-jugo-la-campana-de-promocion-de-valores-del-deporte\/\"},\"author\":{\"name\":\"useradmin\",\"@id\":\"https:\/\/www.museuolimpicbcn.cat\/ca\/#\/schema\/person\/d05705664e87aa04c6ce53d48133fb39\"},\"headline\":\"\u2018Aix\u00ed jugo\u2019 la campa\u00f1a de promoci\u00f3n de valores del deporte\",\"datePublished\":\"2016-05-10T22:00:00+00:00\",\"dateModified\":\"2016-05-10T22:00:00+00:00\",\"mainEntityOfPage\":{\"@id\":\"https:\/\/www.museuolimpicbcn.cat\/es\/aixi-jugo-la-campana-de-promocion-de-valores-del-deporte\/\"},\"wordCount\":120,\"commentCount\":6,\"publisher\":{\"@id\":\"https:\/\/www.museuolimpicbcn.cat\/ca\/#organization\"},\"articleSection\":[\"Sin categorizar\"],\"inLanguage\":\"es\",\"potentialAction\":[{\"@type\":\"CommentAction\",\"name\":\"Comment\",\"target\":[\"https:\/\/www.museuolimpicbcn.cat\/es\/aixi-jugo-la-campana-de-promocion-de-valores-del-deporte\/#respond\"]}]},{\"@type\":\"WebPage\",\"@id\":\"https:\/\/www.museuolimpicbcn.cat\/es\/aixi-jugo-la-campana-de-promocion-de-valores-del-deporte\/\",\"url\":\"https:\/\/www.museuolimpicbcn.cat\/es\/aixi-jugo-la-campana-de-promocion-de-valores-del-deporte\/\",\"name\":\"\u2018Aix\u00ed jugo\u2019 la campa\u00f1a de promoci\u00f3n de valores del deporte - Museu Ol\u00edmpic i de l&#039;Esport Joan Antoni Samaranch. Barcelona\",\"isPartOf\":{\"@id\":\"https:\/\/www.museuolimpicbcn.cat\/ca\/#website\"},\"datePublished\":\"2016-05-10T22:00:00+00:00\",\"dateModified\":\"2016-05-10T22:00:00+00:00\",\"breadcrumb\":{\"@id\":\"https:\/\/www.museuolimpicbcn.cat\/es\/aixi-jugo-la-campana-de-promocion-de-valores-del-deporte\/#breadcrumb\"},\"inLanguage\":\"es\",\"potentialAction\":[{\"@type\":\"ReadAction\",\"target\":[\"https:\/\/www.museuolimpicbcn.cat\/es\/aixi-jugo-la-campana-de-promocion-de-valores-del-deporte\/\"]}]},{\"@type\":\"BreadcrumbList\",\"@id\":\"https:\/\/www.museuolimpicbcn.cat\/es\/aixi-jugo-la-campana-de-promocion-de-valores-del-deporte\/#breadcrumb\",\"itemListElement\":[{\"@type\":\"ListItem\",\"position\":1,\"name\":\"Inici\",\"item\":\"https:\/\/www.museuolimpicbcn.cat\/es\/\"},{\"@type\":\"ListItem\",\"position\":2,\"name\":\"\u2018Aix\u00ed jugo\u2019 la campa\u00f1a de promoci\u00f3n de valores del deporte\"}]},{\"@type\":\"WebSite\",\"@id\":\"https:\/\/www.museuolimpicbcn.cat\/ca\/#website\",\"url\":\"https:\/\/www.museuolimpicbcn.cat\/ca\/\",\"name\":\"Museu Ol\u00edmpic i de l&#039;Esport Joan Antoni Samaranch. Barcelona\",\"description\":\"Altre lloc Web del Museu Ol\u00edmpic i de l&#039;Esport llocs\",\"publisher\":{\"@id\":\"https:\/\/www.museuolimpicbcn.cat\/ca\/#organization\"},\"potentialAction\":[{\"@type\":\"SearchAction\",\"target\":{\"@type\":\"EntryPoint\",\"urlTemplate\":\"https:\/\/www.museuolimpicbcn.cat\/ca\/?s={search_term_string}\"},\"query-input\":{\"@type\":\"PropertyValueSpecification\",\"valueRequired\":true,\"valueName\":\"search_term_string\"}}],\"inLanguage\":\"es\"},{\"@type\":\"Organization\",\"@id\":\"https:\/\/www.museuolimpicbcn.cat\/ca\/#organization\",\"name\":\"Museu Ol\u00edmpic i de l&#039;Esport Joan Antoni Samaranch. Barcelona\",\"url\":\"https:\/\/www.museuolimpicbcn.cat\/ca\/\",\"logo\":{\"@type\":\"ImageObject\",\"inLanguage\":\"es\",\"@id\":\"https:\/\/www.museuolimpicbcn.cat\/ca\/#\/schema\/logo\/image\/\",\"url\":\"https:\/\/www.museuolimpicbcn.cat\/wp-content\/uploads\/sites\/2\/2018\/12\/logo-moe-header.svg\",\"contentUrl\":\"https:\/\/www.museuolimpicbcn.cat\/wp-content\/uploads\/sites\/2\/2018\/12\/logo-moe-header.svg\",\"caption\":\"Museu Ol\u00edmpic i de l&#039;Esport Joan Antoni Samaranch. Barcelona\"},\"image\":{\"@id\":\"https:\/\/www.museuolimpicbcn.cat\/ca\/#\/schema\/logo\/image\/\"}},{\"@type\":\"Person\",\"@id\":\"https:\/\/www.museuolimpicbcn.cat\/ca\/#\/schema\/person\/d05705664e87aa04c6ce53d48133fb39\",\"name\":\"useradmin\",\"url\":\"https:\/\/www.museuolimpicbcn.cat\/es\/author\/useradmin\/\"}]}<\/script>\n<!-- \/ Yoast SEO plugin. -->","yoast_head_json":{"title":"\u2018Aix\u00ed jugo\u2019 la campa\u00f1a de promoci\u00f3n de valores del deporte - Museu Ol\u00edmpic i de l&#039;Esport Joan Antoni Samaranch. Barcelona","robots":{"index":"index","follow":"follow","max-snippet":"max-snippet:-1","max-image-preview":"max-image-preview:large","max-video-preview":"max-video-preview:-1"},"canonical":"https:\/\/www.museuolimpicbcn.cat\/es\/aixi-jugo-la-campana-de-promocion-de-valores-del-deporte\/","og_locale":"es_ES","og_type":"article","og_title":"\u2018Aix\u00ed jugo\u2019 la campa\u00f1a de promoci\u00f3n de valores del deporte - Museu Ol\u00edmpic i de l&#039;Esport Joan Antoni Samaranch. Barcelona","og_description":"Se ha presentado la campa&ntilde;a #Aix&iacute;jugo, impulsada por la Uni&oacute;n de Federaciones Deportivas de Catalu&ntilde;a (UFEC) y que pretende promover comportamientos c&iacute;vicos y los valores en el &aacute;mbito de la pr&agrave;ctica deportiva, en un acto en el Auditorio del Museu Ol&iacute;mpic i de l&rsquo;Esport.","og_url":"https:\/\/www.museuolimpicbcn.cat\/es\/aixi-jugo-la-campana-de-promocion-de-valores-del-deporte\/","og_site_name":"Museu Ol\u00edmpic i de l&#039;Esport Joan Antoni Samaranch. Barcelona","article_published_time":"2016-05-10T22:00:00+00:00","author":"useradmin","twitter_card":"summary_large_image","twitter_misc":{"Escrito por":"useradmin","Tiempo de lectura":"1 minuto"},"schema":{"@context":"https:\/\/schema.org","@graph":[{"@type":"Article","@id":"https:\/\/www.museuolimpicbcn.cat\/es\/aixi-jugo-la-campana-de-promocion-de-valores-del-deporte\/#article","isPartOf":{"@id":"https:\/\/www.museuolimpicbcn.cat\/es\/aixi-jugo-la-campana-de-promocion-de-valores-del-deporte\/"},"author":{"name":"useradmin","@id":"https:\/\/www.museuolimpicbcn.cat\/ca\/#\/schema\/person\/d05705664e87aa04c6ce53d48133fb39"},"headline":"\u2018Aix\u00ed jugo\u2019 la campa\u00f1a de promoci\u00f3n de valores del deporte","datePublished":"2016-05-10T22:00:00+00:00","dateModified":"2016-05-10T22:00:00+00:00","mainEntityOfPage":{"@id":"https:\/\/www.museuolimpicbcn.cat\/es\/aixi-jugo-la-campana-de-promocion-de-valores-del-deporte\/"},"wordCount":120,"commentCount":6,"publisher":{"@id":"https:\/\/www.museuolimpicbcn.cat\/ca\/#organization"},"articleSection":["Sin categorizar"],"inLanguage":"es","potentialAction":[{"@type":"CommentAction","name":"Comment","target":["https:\/\/www.museuolimpicbcn.cat\/es\/aixi-jugo-la-campana-de-promocion-de-valores-del-deporte\/#respond"]}]},{"@type":"WebPage","@id":"https:\/\/www.museuolimpicbcn.cat\/es\/aixi-jugo-la-campana-de-promocion-de-valores-del-deporte\/","url":"https:\/\/www.museuolimpicbcn.cat\/es\/aixi-jugo-la-campana-de-promocion-de-valores-del-deporte\/","name":"\u2018Aix\u00ed jugo\u2019 la campa\u00f1a de promoci\u00f3n de valores del deporte - Museu Ol\u00edmpic i de l&#039;Esport Joan Antoni Samaranch. Barcelona","isPartOf":{"@id":"https:\/\/www.museuolimpicbcn.cat\/ca\/#website"},"datePublished":"2016-05-10T22:00:00+00:00","dateModified":"2016-05-10T22:00:00+00:00","breadcrumb":{"@id":"https:\/\/www.museuolimpicbcn.cat\/es\/aixi-jugo-la-campana-de-promocion-de-valores-del-deporte\/#breadcrumb"},"inLanguage":"es","potentialAction":[{"@type":"ReadAction","target":["https:\/\/www.museuolimpicbcn.cat\/es\/aixi-jugo-la-campana-de-promocion-de-valores-del-deporte\/"]}]},{"@type":"BreadcrumbList","@id":"https:\/\/www.museuolimpicbcn.cat\/es\/aixi-jugo-la-campana-de-promocion-de-valores-del-deporte\/#breadcrumb","itemListElement":[{"@type":"ListItem","position":1,"name":"Inici","item":"https:\/\/www.museuolimpicbcn.cat\/es\/"},{"@type":"ListItem","position":2,"name":"\u2018Aix\u00ed jugo\u2019 la campa\u00f1a de promoci\u00f3n de valores del deporte"}]},{"@type":"WebSite","@id":"https:\/\/www.museuolimpicbcn.cat\/ca\/#website","url":"https:\/\/www.museuolimpicbcn.cat\/ca\/","name":"Museu Ol\u00edmpic i de l&#039;Esport Joan Antoni Samaranch. Barcelona","description":"Altre lloc Web del Museu Ol\u00edmpic i de l&#039;Esport llocs","publisher":{"@id":"https:\/\/www.museuolimpicbcn.cat\/ca\/#organization"},"potentialAction":[{"@type":"SearchAction","target":{"@type":"EntryPoint","urlTemplate":"https:\/\/www.museuolimpicbcn.cat\/ca\/?s={search_term_string}"},"query-input":{"@type":"PropertyValueSpecification","valueRequired":true,"valueName":"search_term_string"}}],"inLanguage":"es"},{"@type":"Organization","@id":"https:\/\/www.museuolimpicbcn.cat\/ca\/#organization","name":"Museu Ol\u00edmpic i de l&#039;Esport Joan Antoni Samaranch. Barcelona","url":"https:\/\/www.museuolimpicbcn.cat\/ca\/","logo":{"@type":"ImageObject","inLanguage":"es","@id":"https:\/\/www.museuolimpicbcn.cat\/ca\/#\/schema\/logo\/image\/","url":"https:\/\/www.museuolimpicbcn.cat\/wp-content\/uploads\/sites\/2\/2018\/12\/logo-moe-header.svg","contentUrl":"https:\/\/www.museuolimpicbcn.cat\/wp-content\/uploads\/sites\/2\/2018\/12\/logo-moe-header.svg","caption":"Museu Ol\u00edmpic i de l&#039;Esport Joan Antoni Samaranch. Barcelona"},"image":{"@id":"https:\/\/www.museuolimpicbcn.cat\/ca\/#\/schema\/logo\/image\/"}},{"@type":"Person","@id":"https:\/\/www.museuolimpicbcn.cat\/ca\/#\/schema\/person\/d05705664e87aa04c6ce53d48133fb39","name":"useradmin","url":"https:\/\/www.museuolimpicbcn.cat\/es\/author\/useradmin\/"}]}},"_links":{"self":[{"href":"https:\/\/www.museuolimpicbcn.cat\/es\/wp-json\/wp\/v2\/posts\/13161"}],"collection":[{"href":"https:\/\/www.museuolimpicbcn.cat\/es\/wp-json\/wp\/v2\/posts"}],"about":[{"href":"https:\/\/www.museuolimpicbcn.cat\/es\/wp-json\/wp\/v2\/types\/post"}],"author":[{"embeddable":true,"href":"https:\/\/www.museuolimpicbcn.cat\/es\/wp-json\/wp\/v2\/users\/1"}],"replies":[{"embeddable":true,"href":"https:\/\/www.museuolimpicbcn.cat\/es\/wp-json\/wp\/v2\/comments?post=13161"}],"version-history":[{"count":0,"href":"https:\/\/www.museuolimpicbcn.cat\/es\/wp-json\/wp\/v2\/posts\/13161\/revisions"}],"wp:attachment":[{"href":"https:\/\/www.museuolimpicbcn.cat\/es\/wp-json\/wp\/v2\/media?parent=13161"}],"wp:term":[{"taxonomy":"category","embeddable":true,"href":"https:\/\/www.museuolimpicbcn.cat\/es\/wp-json\/wp\/v2\/categories?post=13161"},{"taxonomy":"post_tag","embeddable":true,"href":"https:\/\/www.museuolimpicbcn.cat\/es\/wp-json\/wp\/v2\/tags?post=13161"}],"curies":[{"name":"wp","href":"https:\/\/api.w.org\/{rel}","templated":true}]}}