{"id":14596,"date":"2017-07-02T00:00:00","date_gmt":"2017-07-01T22:00:00","guid":{"rendered":"http:\/\/dev.museuolimpicbcn.cat\/2000-caminantes-se-dieron-cita-en-la-8a-edicion-de-la-caminada-del-dia-olimpico\/"},"modified":"2017-07-02T00:00:00","modified_gmt":"2017-07-01T22:00:00","slug":"2000-caminantes-se-dieron-cita-en-la-8a-edicion-de-la-caminada-del-dia-olimpico","status":"publish","type":"post","link":"https:\/\/www.museuolimpicbcn.cat\/es\/2000-caminantes-se-dieron-cita-en-la-8a-edicion-de-la-caminada-del-dia-olimpico\/","title":{"rendered":"2000 caminantes se dieron cita en la 8\u00aa edici\u00f3n de la Caminada del D\u00eda Ol\u00edmpico"},"content":{"rendered":"<p>Como cada a&ntilde;o la Fundaci&oacute; Barcelona Ol&iacute;mpica colabora en el desarrollo y promoci&oacute;n de la Caminada del D&iacute;a Ol&iacute;mpico, donde los espacios vinculados a Barcelona&lsquo;92 son parte del atractivo del recorrido. Este a&ntilde;o el recorrido ha sido especial teniendo en cuenta el 25 aniversario de los Juegos Ol&iacute;mpicos de Barcelona.<\/p>\n<p>El Barnatresc cuenta con un gran n&uacute;mero de inscritos y su actividad deportiva se caracteriza por atraer a un p&uacute;blico mayoritariamente femenino.<\/p>\n<p>&nbsp;<\/p>\n","protected":false},"excerpt":{"rendered":"<p>Cada vez son m&aacute;s exitosas las caminadas del Barnatresc &mdash;iniciativa del Institut Barcelona Esport y la Associaci&oacute; d&#8217;Entitats Excursionistes Barcelon&egrave;s. Bajo el lema de &ldquo;Descubrir Barcelona a pie&rdquo; se desarrollan estas caminadas que m&aacute;s all&aacute; de ser una actividad f&iacute;sica y social tiene un aspecto cultural descubriendo los rincones de la ciudad condal.<\/p>\n<p>&nbsp;<\/p>\n","protected":false},"author":1,"featured_media":0,"comment_status":"open","ping_status":"open","sticky":false,"template":"","format":"standard","meta":{"_acf_changed":false,"_price":"","_stock":"","_tribe_ticket_header":"","_tribe_default_ticket_provider":"","_tribe_ticket_capacity":"0","_ticket_start_date":"","_ticket_end_date":"","_tribe_ticket_show_description":"","_tribe_ticket_show_not_going":false,"_tribe_ticket_use_global_stock":"","_tribe_ticket_global_stock_level":"","_global_stock_mode":"","_global_stock_cap":"","_tribe_rsvp_for_event":"","_tribe_ticket_going_count":"","_tribe_ticket_not_going_count":"","_tribe_tickets_list":"[]","_tribe_ticket_has_attendee_info_fields":false,"footnotes":""},"categories":[3],"tags":[],"class_list":["post-14596","post","type-post","status-publish","format-standard","hentry","category-sin-categorizar"],"acf":[],"yoast_head":"<!-- This site is optimized with the Yoast SEO plugin v23.7 - https:\/\/yoast.com\/wordpress\/plugins\/seo\/ -->\n<title>2000 caminantes se dieron cita en la 8\u00aa edici\u00f3n de la Caminada del D\u00eda Ol\u00edmpico - Museu Ol\u00edmpic i de l&#039;Esport Joan Antoni Samaranch. Barcelona<\/title>\n<meta name=\"robots\" content=\"index, follow, max-snippet:-1, max-image-preview:large, max-video-preview:-1\" \/>\n<link rel=\"canonical\" href=\"https:\/\/www.museuolimpicbcn.cat\/es\/2000-caminantes-se-dieron-cita-en-la-8a-edicion-de-la-caminada-del-dia-olimpico\/\" \/>\n<meta property=\"og:locale\" content=\"es_ES\" \/>\n<meta property=\"og:type\" content=\"article\" \/>\n<meta property=\"og:title\" content=\"2000 caminantes se dieron cita en la 8\u00aa edici\u00f3n de la Caminada del D\u00eda Ol\u00edmpico - Museu Ol\u00edmpic i de l&#039;Esport Joan Antoni Samaranch. Barcelona\" \/>\n<meta property=\"og:description\" content=\"Cada vez son m&aacute;s exitosas las caminadas del Barnatresc &mdash;iniciativa del Institut Barcelona Esport y la Associaci&oacute; d&#039;Entitats Excursionistes Barcelon&egrave;s. Bajo el lema de &ldquo;Descubrir Barcelona a pie&rdquo; se desarrollan estas caminadas que m&aacute;s all&aacute; de ser una actividad f&iacute;sica y social tiene un aspecto cultural descubriendo los rincones de la ciudad condal. &nbsp;\" \/>\n<meta property=\"og:url\" content=\"https:\/\/www.museuolimpicbcn.cat\/es\/2000-caminantes-se-dieron-cita-en-la-8a-edicion-de-la-caminada-del-dia-olimpico\/\" \/>\n<meta property=\"og:site_name\" content=\"Museu Ol\u00edmpic i de l&#039;Esport Joan Antoni Samaranch. Barcelona\" \/>\n<meta property=\"article:published_time\" content=\"2017-07-01T22:00:00+00:00\" \/>\n<meta name=\"author\" content=\"useradmin\" \/>\n<meta name=\"twitter:card\" content=\"summary_large_image\" \/>\n<meta name=\"twitter:label1\" content=\"Escrito por\" \/>\n\t<meta name=\"twitter:data1\" content=\"useradmin\" \/>\n<script type=\"application\/ld+json\" class=\"yoast-schema-graph\">{\"@context\":\"https:\/\/schema.org\",\"@graph\":[{\"@type\":\"Article\",\"@id\":\"https:\/\/www.museuolimpicbcn.cat\/es\/2000-caminantes-se-dieron-cita-en-la-8a-edicion-de-la-caminada-del-dia-olimpico\/#article\",\"isPartOf\":{\"@id\":\"https:\/\/www.museuolimpicbcn.cat\/es\/2000-caminantes-se-dieron-cita-en-la-8a-edicion-de-la-caminada-del-dia-olimpico\/\"},\"author\":{\"name\":\"useradmin\",\"@id\":\"https:\/\/www.museuolimpicbcn.cat\/ca\/#\/schema\/person\/d05705664e87aa04c6ce53d48133fb39\"},\"headline\":\"2000 caminantes se dieron cita en la 8\u00aa edici\u00f3n de la Caminada del D\u00eda Ol\u00edmpico\",\"datePublished\":\"2017-07-01T22:00:00+00:00\",\"dateModified\":\"2017-07-01T22:00:00+00:00\",\"mainEntityOfPage\":{\"@id\":\"https:\/\/www.museuolimpicbcn.cat\/es\/2000-caminantes-se-dieron-cita-en-la-8a-edicion-de-la-caminada-del-dia-olimpico\/\"},\"wordCount\":108,\"commentCount\":3,\"publisher\":{\"@id\":\"https:\/\/www.museuolimpicbcn.cat\/ca\/#organization\"},\"articleSection\":[\"Sin categorizar\"],\"inLanguage\":\"es\",\"potentialAction\":[{\"@type\":\"CommentAction\",\"name\":\"Comment\",\"target\":[\"https:\/\/www.museuolimpicbcn.cat\/es\/2000-caminantes-se-dieron-cita-en-la-8a-edicion-de-la-caminada-del-dia-olimpico\/#respond\"]}]},{\"@type\":\"WebPage\",\"@id\":\"https:\/\/www.museuolimpicbcn.cat\/es\/2000-caminantes-se-dieron-cita-en-la-8a-edicion-de-la-caminada-del-dia-olimpico\/\",\"url\":\"https:\/\/www.museuolimpicbcn.cat\/es\/2000-caminantes-se-dieron-cita-en-la-8a-edicion-de-la-caminada-del-dia-olimpico\/\",\"name\":\"2000 caminantes se dieron cita en la 8\u00aa edici\u00f3n de la Caminada del D\u00eda Ol\u00edmpico - Museu Ol\u00edmpic i de l&#039;Esport Joan Antoni Samaranch. Barcelona\",\"isPartOf\":{\"@id\":\"https:\/\/www.museuolimpicbcn.cat\/ca\/#website\"},\"datePublished\":\"2017-07-01T22:00:00+00:00\",\"dateModified\":\"2017-07-01T22:00:00+00:00\",\"breadcrumb\":{\"@id\":\"https:\/\/www.museuolimpicbcn.cat\/es\/2000-caminantes-se-dieron-cita-en-la-8a-edicion-de-la-caminada-del-dia-olimpico\/#breadcrumb\"},\"inLanguage\":\"es\",\"potentialAction\":[{\"@type\":\"ReadAction\",\"target\":[\"https:\/\/www.museuolimpicbcn.cat\/es\/2000-caminantes-se-dieron-cita-en-la-8a-edicion-de-la-caminada-del-dia-olimpico\/\"]}]},{\"@type\":\"BreadcrumbList\",\"@id\":\"https:\/\/www.museuolimpicbcn.cat\/es\/2000-caminantes-se-dieron-cita-en-la-8a-edicion-de-la-caminada-del-dia-olimpico\/#breadcrumb\",\"itemListElement\":[{\"@type\":\"ListItem\",\"position\":1,\"name\":\"Inici\",\"item\":\"https:\/\/www.museuolimpicbcn.cat\/es\/\"},{\"@type\":\"ListItem\",\"position\":2,\"name\":\"2000 caminantes se dieron cita en la 8\u00aa edici\u00f3n de la Caminada del D\u00eda Ol\u00edmpico\"}]},{\"@type\":\"WebSite\",\"@id\":\"https:\/\/www.museuolimpicbcn.cat\/ca\/#website\",\"url\":\"https:\/\/www.museuolimpicbcn.cat\/ca\/\",\"name\":\"Museu Ol\u00edmpic i de l&#039;Esport Joan Antoni Samaranch. Barcelona\",\"description\":\"Altre lloc Web del Museu Ol\u00edmpic i de l&#039;Esport llocs\",\"publisher\":{\"@id\":\"https:\/\/www.museuolimpicbcn.cat\/ca\/#organization\"},\"potentialAction\":[{\"@type\":\"SearchAction\",\"target\":{\"@type\":\"EntryPoint\",\"urlTemplate\":\"https:\/\/www.museuolimpicbcn.cat\/ca\/?s={search_term_string}\"},\"query-input\":{\"@type\":\"PropertyValueSpecification\",\"valueRequired\":true,\"valueName\":\"search_term_string\"}}],\"inLanguage\":\"es\"},{\"@type\":\"Organization\",\"@id\":\"https:\/\/www.museuolimpicbcn.cat\/ca\/#organization\",\"name\":\"Museu Ol\u00edmpic i de l&#039;Esport Joan Antoni Samaranch. Barcelona\",\"url\":\"https:\/\/www.museuolimpicbcn.cat\/ca\/\",\"logo\":{\"@type\":\"ImageObject\",\"inLanguage\":\"es\",\"@id\":\"https:\/\/www.museuolimpicbcn.cat\/ca\/#\/schema\/logo\/image\/\",\"url\":\"https:\/\/www.museuolimpicbcn.cat\/wp-content\/uploads\/sites\/2\/2018\/12\/logo-moe-header.svg\",\"contentUrl\":\"https:\/\/www.museuolimpicbcn.cat\/wp-content\/uploads\/sites\/2\/2018\/12\/logo-moe-header.svg\",\"caption\":\"Museu Ol\u00edmpic i de l&#039;Esport Joan Antoni Samaranch. Barcelona\"},\"image\":{\"@id\":\"https:\/\/www.museuolimpicbcn.cat\/ca\/#\/schema\/logo\/image\/\"}},{\"@type\":\"Person\",\"@id\":\"https:\/\/www.museuolimpicbcn.cat\/ca\/#\/schema\/person\/d05705664e87aa04c6ce53d48133fb39\",\"name\":\"useradmin\",\"url\":\"https:\/\/www.museuolimpicbcn.cat\/es\/author\/useradmin\/\"}]}<\/script>\n<!-- \/ Yoast SEO plugin. -->","yoast_head_json":{"title":"2000 caminantes se dieron cita en la 8\u00aa edici\u00f3n de la Caminada del D\u00eda Ol\u00edmpico - Museu Ol\u00edmpic i de l&#039;Esport Joan Antoni Samaranch. Barcelona","robots":{"index":"index","follow":"follow","max-snippet":"max-snippet:-1","max-image-preview":"max-image-preview:large","max-video-preview":"max-video-preview:-1"},"canonical":"https:\/\/www.museuolimpicbcn.cat\/es\/2000-caminantes-se-dieron-cita-en-la-8a-edicion-de-la-caminada-del-dia-olimpico\/","og_locale":"es_ES","og_type":"article","og_title":"2000 caminantes se dieron cita en la 8\u00aa edici\u00f3n de la Caminada del D\u00eda Ol\u00edmpico - Museu Ol\u00edmpic i de l&#039;Esport Joan Antoni Samaranch. Barcelona","og_description":"Cada vez son m&aacute;s exitosas las caminadas del Barnatresc &mdash;iniciativa del Institut Barcelona Esport y la Associaci&oacute; d'Entitats Excursionistes Barcelon&egrave;s. Bajo el lema de &ldquo;Descubrir Barcelona a pie&rdquo; se desarrollan estas caminadas que m&aacute;s all&aacute; de ser una actividad f&iacute;sica y social tiene un aspecto cultural descubriendo los rincones de la ciudad condal. &nbsp;","og_url":"https:\/\/www.museuolimpicbcn.cat\/es\/2000-caminantes-se-dieron-cita-en-la-8a-edicion-de-la-caminada-del-dia-olimpico\/","og_site_name":"Museu Ol\u00edmpic i de l&#039;Esport Joan Antoni Samaranch. Barcelona","article_published_time":"2017-07-01T22:00:00+00:00","author":"useradmin","twitter_card":"summary_large_image","twitter_misc":{"Escrito por":"useradmin"},"schema":{"@context":"https:\/\/schema.org","@graph":[{"@type":"Article","@id":"https:\/\/www.museuolimpicbcn.cat\/es\/2000-caminantes-se-dieron-cita-en-la-8a-edicion-de-la-caminada-del-dia-olimpico\/#article","isPartOf":{"@id":"https:\/\/www.museuolimpicbcn.cat\/es\/2000-caminantes-se-dieron-cita-en-la-8a-edicion-de-la-caminada-del-dia-olimpico\/"},"author":{"name":"useradmin","@id":"https:\/\/www.museuolimpicbcn.cat\/ca\/#\/schema\/person\/d05705664e87aa04c6ce53d48133fb39"},"headline":"2000 caminantes se dieron cita en la 8\u00aa edici\u00f3n de la Caminada del D\u00eda Ol\u00edmpico","datePublished":"2017-07-01T22:00:00+00:00","dateModified":"2017-07-01T22:00:00+00:00","mainEntityOfPage":{"@id":"https:\/\/www.museuolimpicbcn.cat\/es\/2000-caminantes-se-dieron-cita-en-la-8a-edicion-de-la-caminada-del-dia-olimpico\/"},"wordCount":108,"commentCount":3,"publisher":{"@id":"https:\/\/www.museuolimpicbcn.cat\/ca\/#organization"},"articleSection":["Sin categorizar"],"inLanguage":"es","potentialAction":[{"@type":"CommentAction","name":"Comment","target":["https:\/\/www.museuolimpicbcn.cat\/es\/2000-caminantes-se-dieron-cita-en-la-8a-edicion-de-la-caminada-del-dia-olimpico\/#respond"]}]},{"@type":"WebPage","@id":"https:\/\/www.museuolimpicbcn.cat\/es\/2000-caminantes-se-dieron-cita-en-la-8a-edicion-de-la-caminada-del-dia-olimpico\/","url":"https:\/\/www.museuolimpicbcn.cat\/es\/2000-caminantes-se-dieron-cita-en-la-8a-edicion-de-la-caminada-del-dia-olimpico\/","name":"2000 caminantes se dieron cita en la 8\u00aa edici\u00f3n de la Caminada del D\u00eda Ol\u00edmpico - Museu Ol\u00edmpic i de l&#039;Esport Joan Antoni Samaranch. Barcelona","isPartOf":{"@id":"https:\/\/www.museuolimpicbcn.cat\/ca\/#website"},"datePublished":"2017-07-01T22:00:00+00:00","dateModified":"2017-07-01T22:00:00+00:00","breadcrumb":{"@id":"https:\/\/www.museuolimpicbcn.cat\/es\/2000-caminantes-se-dieron-cita-en-la-8a-edicion-de-la-caminada-del-dia-olimpico\/#breadcrumb"},"inLanguage":"es","potentialAction":[{"@type":"ReadAction","target":["https:\/\/www.museuolimpicbcn.cat\/es\/2000-caminantes-se-dieron-cita-en-la-8a-edicion-de-la-caminada-del-dia-olimpico\/"]}]},{"@type":"BreadcrumbList","@id":"https:\/\/www.museuolimpicbcn.cat\/es\/2000-caminantes-se-dieron-cita-en-la-8a-edicion-de-la-caminada-del-dia-olimpico\/#breadcrumb","itemListElement":[{"@type":"ListItem","position":1,"name":"Inici","item":"https:\/\/www.museuolimpicbcn.cat\/es\/"},{"@type":"ListItem","position":2,"name":"2000 caminantes se dieron cita en la 8\u00aa edici\u00f3n de la Caminada del D\u00eda Ol\u00edmpico"}]},{"@type":"WebSite","@id":"https:\/\/www.museuolimpicbcn.cat\/ca\/#website","url":"https:\/\/www.museuolimpicbcn.cat\/ca\/","name":"Museu Ol\u00edmpic i de l&#039;Esport Joan Antoni Samaranch. Barcelona","description":"Altre lloc Web del Museu Ol\u00edmpic i de l&#039;Esport llocs","publisher":{"@id":"https:\/\/www.museuolimpicbcn.cat\/ca\/#organization"},"potentialAction":[{"@type":"SearchAction","target":{"@type":"EntryPoint","urlTemplate":"https:\/\/www.museuolimpicbcn.cat\/ca\/?s={search_term_string}"},"query-input":{"@type":"PropertyValueSpecification","valueRequired":true,"valueName":"search_term_string"}}],"inLanguage":"es"},{"@type":"Organization","@id":"https:\/\/www.museuolimpicbcn.cat\/ca\/#organization","name":"Museu Ol\u00edmpic i de l&#039;Esport Joan Antoni Samaranch. Barcelona","url":"https:\/\/www.museuolimpicbcn.cat\/ca\/","logo":{"@type":"ImageObject","inLanguage":"es","@id":"https:\/\/www.museuolimpicbcn.cat\/ca\/#\/schema\/logo\/image\/","url":"https:\/\/www.museuolimpicbcn.cat\/wp-content\/uploads\/sites\/2\/2018\/12\/logo-moe-header.svg","contentUrl":"https:\/\/www.museuolimpicbcn.cat\/wp-content\/uploads\/sites\/2\/2018\/12\/logo-moe-header.svg","caption":"Museu Ol\u00edmpic i de l&#039;Esport Joan Antoni Samaranch. Barcelona"},"image":{"@id":"https:\/\/www.museuolimpicbcn.cat\/ca\/#\/schema\/logo\/image\/"}},{"@type":"Person","@id":"https:\/\/www.museuolimpicbcn.cat\/ca\/#\/schema\/person\/d05705664e87aa04c6ce53d48133fb39","name":"useradmin","url":"https:\/\/www.museuolimpicbcn.cat\/es\/author\/useradmin\/"}]}},"_links":{"self":[{"href":"https:\/\/www.museuolimpicbcn.cat\/es\/wp-json\/wp\/v2\/posts\/14596"}],"collection":[{"href":"https:\/\/www.museuolimpicbcn.cat\/es\/wp-json\/wp\/v2\/posts"}],"about":[{"href":"https:\/\/www.museuolimpicbcn.cat\/es\/wp-json\/wp\/v2\/types\/post"}],"author":[{"embeddable":true,"href":"https:\/\/www.museuolimpicbcn.cat\/es\/wp-json\/wp\/v2\/users\/1"}],"replies":[{"embeddable":true,"href":"https:\/\/www.museuolimpicbcn.cat\/es\/wp-json\/wp\/v2\/comments?post=14596"}],"version-history":[{"count":0,"href":"https:\/\/www.museuolimpicbcn.cat\/es\/wp-json\/wp\/v2\/posts\/14596\/revisions"}],"wp:attachment":[{"href":"https:\/\/www.museuolimpicbcn.cat\/es\/wp-json\/wp\/v2\/media?parent=14596"}],"wp:term":[{"taxonomy":"category","embeddable":true,"href":"https:\/\/www.museuolimpicbcn.cat\/es\/wp-json\/wp\/v2\/categories?post=14596"},{"taxonomy":"post_tag","embeddable":true,"href":"https:\/\/www.museuolimpicbcn.cat\/es\/wp-json\/wp\/v2\/tags?post=14596"}],"curies":[{"name":"wp","href":"https:\/\/api.w.org\/{rel}","templated":true}]}}