{"id":14771,"date":"2017-07-25T00:00:00","date_gmt":"2017-07-24T22:00:00","guid":{"rendered":"http:\/\/dev.museuolimpicbcn.cat\/thomas-bach-presidente-del-comite-internacional-olimpico-conmemora-los-25-anos-de-barcelona-92\/"},"modified":"2017-07-25T00:00:00","modified_gmt":"2017-07-24T22:00:00","slug":"thomas-bach-presidente-del-comite-internacional-olimpico-conmemora-los-25-anos-de-barcelona-92","status":"publish","type":"post","link":"https:\/\/www.museuolimpicbcn.cat\/es\/thomas-bach-presidente-del-comite-internacional-olimpico-conmemora-los-25-anos-de-barcelona-92\/","title":{"rendered":"Thomas Bach, presidente del Comit\u00e9 Internacional Ol\u00edmpico,  conmemora los 25 a\u00f1os de Barcelona 92"},"content":{"rendered":"<p>En una agenda muy apretada, el presidente del CIO ha acudido a la recepci&oacute;n de&nbsp; autoridades y deportistas, que el Centro de Alto Rendimiento de Sant Cugat del Vall&egrave;s ha organizado con motivo de su 30 aniversario y del 25 aniversario de los JJ.OO de Barcelona. Recordar que el CAR de Sant Cugat se abri&oacute; para cubrir las necesidades de los deportistas con vistas a hacer una buena actuaci&oacute;n en los Juegos de Barcelona.<\/p>\n<p>&nbsp;Posteriormente, Thomas Bach&nbsp; ha visitado el Museu Ol&iacute;mpic acompa&ntilde;ado de Mar&iacute;a Teresa Samaranch, patrona de la Fundaci&oacute; Barcelona Ol&iacute;mpica; Pere Mir&oacute;,&nbsp; director general adjunto del Comit&eacute; Internacional Ol&iacute;mpico (CIO); Alejandro Blanco, presidente del COE; Gerard Figueras, Secretario General del Deporte de Catalu&ntilde;a; David Escud&eacute;, comisionado de deportes del Ayuntamiento de Barcelona y Juan Antonio Samaranch, entre otros. La Fundaci&oacute; Barcelona Ol&iacute;mpica es la entidad gestora del Museu Ol&iacute;mpic i de l&rsquo;Esport Joan Antoni Samaranch, donde se fomenta y conserva los valores y legado que los Juegos Ol&iacute;mpicos dej&oacute; en Barcelona.&nbsp;<\/p>\n<p>Por &uacute;ltimo, Tomas Bach ha asistido al acto oficial que la ciudad ha desarrollado con motivo del 25 aniversario de los Juegos Ol&iacute;mpicos.<\/p>\n<p>Ada Colau, Alcaldesa de Barcelona, ha presidido la recepci&oacute;n en el Palau Alb&eacute;niz donde estamentos y entidades del mundo del deporte se ha unido para conmemorar el momento m&aacute;s glorioso y emotivo, el d&iacute;a que el mundo descubri&oacute; la ciudad de Barcelona.&nbsp;<\/p>\n","protected":false},"excerpt":{"rendered":"<p>Con motivo de los actos conmemorativos del 25 aniversario de los Juegos Ol&iacute;mpicos, Bach, ha acudido a Barcelona para revivir, junto a la ciudadanos, aquellos momentos m&aacute;gicos que transformaron la ciudad.<\/p>\n<p>&nbsp;<\/p>\n","protected":false},"author":1,"featured_media":0,"comment_status":"open","ping_status":"open","sticky":false,"template":"","format":"standard","meta":{"_acf_changed":false,"_price":"","_stock":"","_tribe_ticket_header":"","_tribe_default_ticket_provider":"","_tribe_ticket_capacity":"0","_ticket_start_date":"","_ticket_end_date":"","_tribe_ticket_show_description":"","_tribe_ticket_show_not_going":false,"_tribe_ticket_use_global_stock":"","_tribe_ticket_global_stock_level":"","_global_stock_mode":"","_global_stock_cap":"","_tribe_rsvp_for_event":"","_tribe_ticket_going_count":"","_tribe_ticket_not_going_count":"","_tribe_tickets_list":"[]","_tribe_ticket_has_attendee_info_fields":false,"footnotes":""},"categories":[3],"tags":[],"class_list":["post-14771","post","type-post","status-publish","format-standard","hentry","category-sin-categorizar"],"acf":[],"yoast_head":"<!-- This site is optimized with the Yoast SEO plugin v23.7 - https:\/\/yoast.com\/wordpress\/plugins\/seo\/ -->\n<title>Thomas Bach, presidente del Comit\u00e9 Internacional Ol\u00edmpico, conmemora los 25 a\u00f1os de Barcelona 92 - Museu Ol\u00edmpic i de l&#039;Esport Joan Antoni Samaranch. Barcelona<\/title>\n<meta name=\"robots\" content=\"index, follow, max-snippet:-1, max-image-preview:large, max-video-preview:-1\" \/>\n<link rel=\"canonical\" href=\"https:\/\/www.museuolimpicbcn.cat\/es\/thomas-bach-presidente-del-comite-internacional-olimpico-conmemora-los-25-anos-de-barcelona-92\/\" \/>\n<meta property=\"og:locale\" content=\"es_ES\" \/>\n<meta property=\"og:type\" content=\"article\" \/>\n<meta property=\"og:title\" content=\"Thomas Bach, presidente del Comit\u00e9 Internacional Ol\u00edmpico, conmemora los 25 a\u00f1os de Barcelona 92 - Museu Ol\u00edmpic i de l&#039;Esport Joan Antoni Samaranch. Barcelona\" \/>\n<meta property=\"og:description\" content=\"Con motivo de los actos conmemorativos del 25 aniversario de los Juegos Ol&iacute;mpicos, Bach, ha acudido a Barcelona para revivir, junto a la ciudadanos, aquellos momentos m&aacute;gicos que transformaron la ciudad. &nbsp;\" \/>\n<meta property=\"og:url\" content=\"https:\/\/www.museuolimpicbcn.cat\/es\/thomas-bach-presidente-del-comite-internacional-olimpico-conmemora-los-25-anos-de-barcelona-92\/\" \/>\n<meta property=\"og:site_name\" content=\"Museu Ol\u00edmpic i de l&#039;Esport Joan Antoni Samaranch. Barcelona\" \/>\n<meta property=\"article:published_time\" content=\"2017-07-24T22:00:00+00:00\" \/>\n<meta name=\"author\" content=\"useradmin\" \/>\n<meta name=\"twitter:card\" content=\"summary_large_image\" \/>\n<meta name=\"twitter:label1\" content=\"Escrito por\" \/>\n\t<meta name=\"twitter:data1\" content=\"useradmin\" \/>\n\t<meta name=\"twitter:label2\" content=\"Tiempo de lectura\" \/>\n\t<meta name=\"twitter:data2\" content=\"1 minuto\" \/>\n<script type=\"application\/ld+json\" class=\"yoast-schema-graph\">{\"@context\":\"https:\/\/schema.org\",\"@graph\":[{\"@type\":\"Article\",\"@id\":\"https:\/\/www.museuolimpicbcn.cat\/es\/thomas-bach-presidente-del-comite-internacional-olimpico-conmemora-los-25-anos-de-barcelona-92\/#article\",\"isPartOf\":{\"@id\":\"https:\/\/www.museuolimpicbcn.cat\/es\/thomas-bach-presidente-del-comite-internacional-olimpico-conmemora-los-25-anos-de-barcelona-92\/\"},\"author\":{\"name\":\"useradmin\",\"@id\":\"https:\/\/www.museuolimpicbcn.cat\/ca\/#\/schema\/person\/d05705664e87aa04c6ce53d48133fb39\"},\"headline\":\"Thomas Bach, presidente del Comit\u00e9 Internacional Ol\u00edmpico, conmemora los 25 a\u00f1os de Barcelona 92\",\"datePublished\":\"2017-07-24T22:00:00+00:00\",\"dateModified\":\"2017-07-24T22:00:00+00:00\",\"mainEntityOfPage\":{\"@id\":\"https:\/\/www.museuolimpicbcn.cat\/es\/thomas-bach-presidente-del-comite-internacional-olimpico-conmemora-los-25-anos-de-barcelona-92\/\"},\"wordCount\":292,\"commentCount\":6,\"publisher\":{\"@id\":\"https:\/\/www.museuolimpicbcn.cat\/ca\/#organization\"},\"articleSection\":[\"Sin categorizar\"],\"inLanguage\":\"es\",\"potentialAction\":[{\"@type\":\"CommentAction\",\"name\":\"Comment\",\"target\":[\"https:\/\/www.museuolimpicbcn.cat\/es\/thomas-bach-presidente-del-comite-internacional-olimpico-conmemora-los-25-anos-de-barcelona-92\/#respond\"]}]},{\"@type\":\"WebPage\",\"@id\":\"https:\/\/www.museuolimpicbcn.cat\/es\/thomas-bach-presidente-del-comite-internacional-olimpico-conmemora-los-25-anos-de-barcelona-92\/\",\"url\":\"https:\/\/www.museuolimpicbcn.cat\/es\/thomas-bach-presidente-del-comite-internacional-olimpico-conmemora-los-25-anos-de-barcelona-92\/\",\"name\":\"Thomas Bach, presidente del Comit\u00e9 Internacional Ol\u00edmpico, conmemora los 25 a\u00f1os de Barcelona 92 - Museu Ol\u00edmpic i de l&#039;Esport Joan Antoni Samaranch. Barcelona\",\"isPartOf\":{\"@id\":\"https:\/\/www.museuolimpicbcn.cat\/ca\/#website\"},\"datePublished\":\"2017-07-24T22:00:00+00:00\",\"dateModified\":\"2017-07-24T22:00:00+00:00\",\"breadcrumb\":{\"@id\":\"https:\/\/www.museuolimpicbcn.cat\/es\/thomas-bach-presidente-del-comite-internacional-olimpico-conmemora-los-25-anos-de-barcelona-92\/#breadcrumb\"},\"inLanguage\":\"es\",\"potentialAction\":[{\"@type\":\"ReadAction\",\"target\":[\"https:\/\/www.museuolimpicbcn.cat\/es\/thomas-bach-presidente-del-comite-internacional-olimpico-conmemora-los-25-anos-de-barcelona-92\/\"]}]},{\"@type\":\"BreadcrumbList\",\"@id\":\"https:\/\/www.museuolimpicbcn.cat\/es\/thomas-bach-presidente-del-comite-internacional-olimpico-conmemora-los-25-anos-de-barcelona-92\/#breadcrumb\",\"itemListElement\":[{\"@type\":\"ListItem\",\"position\":1,\"name\":\"Inici\",\"item\":\"https:\/\/www.museuolimpicbcn.cat\/es\/\"},{\"@type\":\"ListItem\",\"position\":2,\"name\":\"Thomas Bach, presidente del Comit\u00e9 Internacional Ol\u00edmpico, conmemora los 25 a\u00f1os de Barcelona 92\"}]},{\"@type\":\"WebSite\",\"@id\":\"https:\/\/www.museuolimpicbcn.cat\/ca\/#website\",\"url\":\"https:\/\/www.museuolimpicbcn.cat\/ca\/\",\"name\":\"Museu Ol\u00edmpic i de l&#039;Esport Joan Antoni Samaranch. Barcelona\",\"description\":\"Altre lloc Web del Museu Ol\u00edmpic i de l&#039;Esport llocs\",\"publisher\":{\"@id\":\"https:\/\/www.museuolimpicbcn.cat\/ca\/#organization\"},\"potentialAction\":[{\"@type\":\"SearchAction\",\"target\":{\"@type\":\"EntryPoint\",\"urlTemplate\":\"https:\/\/www.museuolimpicbcn.cat\/ca\/?s={search_term_string}\"},\"query-input\":{\"@type\":\"PropertyValueSpecification\",\"valueRequired\":true,\"valueName\":\"search_term_string\"}}],\"inLanguage\":\"es\"},{\"@type\":\"Organization\",\"@id\":\"https:\/\/www.museuolimpicbcn.cat\/ca\/#organization\",\"name\":\"Museu Ol\u00edmpic i de l&#039;Esport Joan Antoni Samaranch. Barcelona\",\"url\":\"https:\/\/www.museuolimpicbcn.cat\/ca\/\",\"logo\":{\"@type\":\"ImageObject\",\"inLanguage\":\"es\",\"@id\":\"https:\/\/www.museuolimpicbcn.cat\/ca\/#\/schema\/logo\/image\/\",\"url\":\"https:\/\/www.museuolimpicbcn.cat\/wp-content\/uploads\/sites\/2\/2018\/12\/logo-moe-header.svg\",\"contentUrl\":\"https:\/\/www.museuolimpicbcn.cat\/wp-content\/uploads\/sites\/2\/2018\/12\/logo-moe-header.svg\",\"caption\":\"Museu Ol\u00edmpic i de l&#039;Esport Joan Antoni Samaranch. Barcelona\"},\"image\":{\"@id\":\"https:\/\/www.museuolimpicbcn.cat\/ca\/#\/schema\/logo\/image\/\"}},{\"@type\":\"Person\",\"@id\":\"https:\/\/www.museuolimpicbcn.cat\/ca\/#\/schema\/person\/d05705664e87aa04c6ce53d48133fb39\",\"name\":\"useradmin\",\"url\":\"https:\/\/www.museuolimpicbcn.cat\/es\/author\/useradmin\/\"}]}<\/script>\n<!-- \/ Yoast SEO plugin. -->","yoast_head_json":{"title":"Thomas Bach, presidente del Comit\u00e9 Internacional Ol\u00edmpico, conmemora los 25 a\u00f1os de Barcelona 92 - Museu Ol\u00edmpic i de l&#039;Esport Joan Antoni Samaranch. Barcelona","robots":{"index":"index","follow":"follow","max-snippet":"max-snippet:-1","max-image-preview":"max-image-preview:large","max-video-preview":"max-video-preview:-1"},"canonical":"https:\/\/www.museuolimpicbcn.cat\/es\/thomas-bach-presidente-del-comite-internacional-olimpico-conmemora-los-25-anos-de-barcelona-92\/","og_locale":"es_ES","og_type":"article","og_title":"Thomas Bach, presidente del Comit\u00e9 Internacional Ol\u00edmpico, conmemora los 25 a\u00f1os de Barcelona 92 - Museu Ol\u00edmpic i de l&#039;Esport Joan Antoni Samaranch. Barcelona","og_description":"Con motivo de los actos conmemorativos del 25 aniversario de los Juegos Ol&iacute;mpicos, Bach, ha acudido a Barcelona para revivir, junto a la ciudadanos, aquellos momentos m&aacute;gicos que transformaron la ciudad. &nbsp;","og_url":"https:\/\/www.museuolimpicbcn.cat\/es\/thomas-bach-presidente-del-comite-internacional-olimpico-conmemora-los-25-anos-de-barcelona-92\/","og_site_name":"Museu Ol\u00edmpic i de l&#039;Esport Joan Antoni Samaranch. Barcelona","article_published_time":"2017-07-24T22:00:00+00:00","author":"useradmin","twitter_card":"summary_large_image","twitter_misc":{"Escrito por":"useradmin","Tiempo de lectura":"1 minuto"},"schema":{"@context":"https:\/\/schema.org","@graph":[{"@type":"Article","@id":"https:\/\/www.museuolimpicbcn.cat\/es\/thomas-bach-presidente-del-comite-internacional-olimpico-conmemora-los-25-anos-de-barcelona-92\/#article","isPartOf":{"@id":"https:\/\/www.museuolimpicbcn.cat\/es\/thomas-bach-presidente-del-comite-internacional-olimpico-conmemora-los-25-anos-de-barcelona-92\/"},"author":{"name":"useradmin","@id":"https:\/\/www.museuolimpicbcn.cat\/ca\/#\/schema\/person\/d05705664e87aa04c6ce53d48133fb39"},"headline":"Thomas Bach, presidente del Comit\u00e9 Internacional Ol\u00edmpico, conmemora los 25 a\u00f1os de Barcelona 92","datePublished":"2017-07-24T22:00:00+00:00","dateModified":"2017-07-24T22:00:00+00:00","mainEntityOfPage":{"@id":"https:\/\/www.museuolimpicbcn.cat\/es\/thomas-bach-presidente-del-comite-internacional-olimpico-conmemora-los-25-anos-de-barcelona-92\/"},"wordCount":292,"commentCount":6,"publisher":{"@id":"https:\/\/www.museuolimpicbcn.cat\/ca\/#organization"},"articleSection":["Sin categorizar"],"inLanguage":"es","potentialAction":[{"@type":"CommentAction","name":"Comment","target":["https:\/\/www.museuolimpicbcn.cat\/es\/thomas-bach-presidente-del-comite-internacional-olimpico-conmemora-los-25-anos-de-barcelona-92\/#respond"]}]},{"@type":"WebPage","@id":"https:\/\/www.museuolimpicbcn.cat\/es\/thomas-bach-presidente-del-comite-internacional-olimpico-conmemora-los-25-anos-de-barcelona-92\/","url":"https:\/\/www.museuolimpicbcn.cat\/es\/thomas-bach-presidente-del-comite-internacional-olimpico-conmemora-los-25-anos-de-barcelona-92\/","name":"Thomas Bach, presidente del Comit\u00e9 Internacional Ol\u00edmpico, conmemora los 25 a\u00f1os de Barcelona 92 - Museu Ol\u00edmpic i de l&#039;Esport Joan Antoni Samaranch. Barcelona","isPartOf":{"@id":"https:\/\/www.museuolimpicbcn.cat\/ca\/#website"},"datePublished":"2017-07-24T22:00:00+00:00","dateModified":"2017-07-24T22:00:00+00:00","breadcrumb":{"@id":"https:\/\/www.museuolimpicbcn.cat\/es\/thomas-bach-presidente-del-comite-internacional-olimpico-conmemora-los-25-anos-de-barcelona-92\/#breadcrumb"},"inLanguage":"es","potentialAction":[{"@type":"ReadAction","target":["https:\/\/www.museuolimpicbcn.cat\/es\/thomas-bach-presidente-del-comite-internacional-olimpico-conmemora-los-25-anos-de-barcelona-92\/"]}]},{"@type":"BreadcrumbList","@id":"https:\/\/www.museuolimpicbcn.cat\/es\/thomas-bach-presidente-del-comite-internacional-olimpico-conmemora-los-25-anos-de-barcelona-92\/#breadcrumb","itemListElement":[{"@type":"ListItem","position":1,"name":"Inici","item":"https:\/\/www.museuolimpicbcn.cat\/es\/"},{"@type":"ListItem","position":2,"name":"Thomas Bach, presidente del Comit\u00e9 Internacional Ol\u00edmpico, conmemora los 25 a\u00f1os de Barcelona 92"}]},{"@type":"WebSite","@id":"https:\/\/www.museuolimpicbcn.cat\/ca\/#website","url":"https:\/\/www.museuolimpicbcn.cat\/ca\/","name":"Museu Ol\u00edmpic i de l&#039;Esport Joan Antoni Samaranch. Barcelona","description":"Altre lloc Web del Museu Ol\u00edmpic i de l&#039;Esport llocs","publisher":{"@id":"https:\/\/www.museuolimpicbcn.cat\/ca\/#organization"},"potentialAction":[{"@type":"SearchAction","target":{"@type":"EntryPoint","urlTemplate":"https:\/\/www.museuolimpicbcn.cat\/ca\/?s={search_term_string}"},"query-input":{"@type":"PropertyValueSpecification","valueRequired":true,"valueName":"search_term_string"}}],"inLanguage":"es"},{"@type":"Organization","@id":"https:\/\/www.museuolimpicbcn.cat\/ca\/#organization","name":"Museu Ol\u00edmpic i de l&#039;Esport Joan Antoni Samaranch. Barcelona","url":"https:\/\/www.museuolimpicbcn.cat\/ca\/","logo":{"@type":"ImageObject","inLanguage":"es","@id":"https:\/\/www.museuolimpicbcn.cat\/ca\/#\/schema\/logo\/image\/","url":"https:\/\/www.museuolimpicbcn.cat\/wp-content\/uploads\/sites\/2\/2018\/12\/logo-moe-header.svg","contentUrl":"https:\/\/www.museuolimpicbcn.cat\/wp-content\/uploads\/sites\/2\/2018\/12\/logo-moe-header.svg","caption":"Museu Ol\u00edmpic i de l&#039;Esport Joan Antoni Samaranch. Barcelona"},"image":{"@id":"https:\/\/www.museuolimpicbcn.cat\/ca\/#\/schema\/logo\/image\/"}},{"@type":"Person","@id":"https:\/\/www.museuolimpicbcn.cat\/ca\/#\/schema\/person\/d05705664e87aa04c6ce53d48133fb39","name":"useradmin","url":"https:\/\/www.museuolimpicbcn.cat\/es\/author\/useradmin\/"}]}},"_links":{"self":[{"href":"https:\/\/www.museuolimpicbcn.cat\/es\/wp-json\/wp\/v2\/posts\/14771"}],"collection":[{"href":"https:\/\/www.museuolimpicbcn.cat\/es\/wp-json\/wp\/v2\/posts"}],"about":[{"href":"https:\/\/www.museuolimpicbcn.cat\/es\/wp-json\/wp\/v2\/types\/post"}],"author":[{"embeddable":true,"href":"https:\/\/www.museuolimpicbcn.cat\/es\/wp-json\/wp\/v2\/users\/1"}],"replies":[{"embeddable":true,"href":"https:\/\/www.museuolimpicbcn.cat\/es\/wp-json\/wp\/v2\/comments?post=14771"}],"version-history":[{"count":0,"href":"https:\/\/www.museuolimpicbcn.cat\/es\/wp-json\/wp\/v2\/posts\/14771\/revisions"}],"wp:attachment":[{"href":"https:\/\/www.museuolimpicbcn.cat\/es\/wp-json\/wp\/v2\/media?parent=14771"}],"wp:term":[{"taxonomy":"category","embeddable":true,"href":"https:\/\/www.museuolimpicbcn.cat\/es\/wp-json\/wp\/v2\/categories?post=14771"},{"taxonomy":"post_tag","embeddable":true,"href":"https:\/\/www.museuolimpicbcn.cat\/es\/wp-json\/wp\/v2\/tags?post=14771"}],"curies":[{"name":"wp","href":"https:\/\/api.w.org\/{rel}","templated":true}]}}