{"id":14881,"date":"2017-10-05T00:00:00","date_gmt":"2017-10-04T22:00:00","guid":{"rendered":"http:\/\/dev.museuolimpicbcn.cat\/el-forum-olimpico-2017-tendra-un-caracter-mas-internacional-que-nunca\/"},"modified":"2017-10-05T00:00:00","modified_gmt":"2017-10-04T22:00:00","slug":"el-forum-olimpico-2017-tendra-un-caracter-mas-internacional-que-nunca","status":"publish","type":"post","link":"https:\/\/www.museuolimpicbcn.cat\/es\/el-forum-olimpico-2017-tendra-un-caracter-mas-internacional-que-nunca\/","title":{"rendered":"El F\u00f3rum Ol\u00edmpico 2017 tendr\u00e1 un car\u00e1cter m\u00e1s internacional que nunca."},"content":{"rendered":"<p style=\"text-align: center;\">FORMULARIO DE INSCRIPCI&Oacute;N<\/p>\n<\/p>\n<p style=\"text-align: justify;\">El 26 de octubre, tras la bienvenido oficial por parte del Comit&eacute; Organizador del F&oacute;rum 2017, Pere Mir&oacute;, director general adjunto del CIO, contextualizar&aacute; la situaci&oacute;n actual del olimpismo con un an&aacute;lisis del papel del Comit&eacute; Internacional Ol&iacute;mpico y las implicaciones de la Agenda 2020.La Agenda 2020 plasma la estrategia a seguir por el Comit&eacute; Ol&iacute;mpico Internacional en el futuro del movimiento ol&iacute;mpico.Pere Mir&oacute; (Manresa 1957) es licenciado en Ciencias de la Actividad F&iacute;sica y el Deporte, fue profesor del INEFC de Barcelona, jefe de estudios y director de este centro y posteriormente director del INEF de Catalunya hasta 1988.&nbsp;Pas&oacute; a ser director adjunto de Deportes del Comit&eacute; Organizador de Barcelona&#8217;92 &nbsp;y fue el primer subdirector deportivo, posteriormente ocup&oacute; el cargo de subdirector general de operaciones de los JJ.OO. Tras los Juegos de Barcelona se traslad&oacute; a Laussana con ese mismo cargo al CIO, donde, a lo largo de los a&ntilde;os, ha trabajado en distintos puestos.&#8232;Actualmente, Pere Mir&oacute; es director general adjunto del Comit&eacute; Internacional Ol&iacute;mpico (CIO) para las relaciones con el Movimiento Ol&iacute;mpico. Adem&aacute;s de continuar como director de Solidaridad Ol&iacute;mpica y del departamento de relaciones con los comit&eacute;s ol&iacute;mpicos nacionales.Tras la ponencia de Pere Mir&oacute;, Washington Fajardo, arquitecto del Ayuntamiento de Rio de Janeiro, junto con &nbsp;un representante de Tokio 2020 (a&uacute;n por determinar) aportar&aacute;n la visi&oacute;n de la organizaci&oacute;n de unos Juegos Ol&iacute;mpicos bajo las directrices de la Agenda 2020. Todas sus implicaciones, necesidades y las ventajas de la aplicaci&oacute;n de esta agenda en las ciudades sedes.Washington Fajardo : &nbsp;Fajardo trabaj&oacute; con proyectos vinculados a problem&aacute;ticas urbanas y desde 2009 ha estado en la Gobernaci&oacute;n de R&iacute;o de Janeiro como subsecretario de Patrimonio Cultural, Intervenci&oacute;n Urbana, Arquitectura y Dise&ntilde;o. En 2012 se convirti&oacute; en presidente del IRPH. El &oacute;rgano municipal es responsable de cuidar los aspectos culturales, hist&oacute;ricos y urbanos del patrimonio de la ciudad, elegida por la Unesco en 2012 como Patrimonio Mundial, en la categor&iacute;a Paisaje Cultural Urbano.La sesi&oacute;n de la tarde abrir&aacute; con la ponencia de Llu&iacute;s Millet, arquitecto responsable del departamento de Infraestructuras del COOB&rsquo;92 y Enric Tru&ntilde;&oacute; concejal del &aacute;rea de Deportes del Ayuntamiento de Barcelona en 1992.Llu&iacute;s Millet arquitecto especialista en urbanismo. Fue director del &Aacute;rea de Infraestructura y Urbanismo de la Candidatura Ol&iacute;mpica de Barcelona 1992 (1983 &ndash; 1986). Posteriormente pas&oacute; a ser director de la divisi&oacute;n de infraestructuras del COOB92 (1986- 1992). Tras los Juegos Ol&iacute;mpicos se incorpor&oacute; como director general de Museos y Bibliotecas del Ayuntamiento de Barcelona &nbsp;(1992-1993). Actualmente es presidente del despacho Millet, Biosca y Asociados SLP, empresa de servicios de arquitectura que ha colaborado con las candidaturas ol&iacute;mpicas de Madrid 2012, Sevilla 2008 y Rio 2004; de los Juegos Ol&iacute;mpicos de Invierno Jaca 2010; El Campeonato del Mundo de Nataci&oacute;n de Barcelona 2003 y Los Juegos Mediterr&aacute;neos de Almer&iacute;a 2005, entre otros.Enric Tru&ntilde;&oacute; fue el concejal de Deportes del Ayuntamiento de Barcelona y como tal asumi&oacute; la responsabilidad de ser el concejal de Juegos Ol&iacute;mpicos y la representaci&oacute;n al Consejo Rector de la Candidatura de Barcelona, del Comit&eacute; Ejecutivo y de la Comisi&oacute;n Permanente del Comit&eacute; Organizador Ol&iacute;mpico de Barcelona 92. Fue presidente de Barcelona Promoci&oacute;n SA &nbsp;y miembro del consejo de administraci&oacute;n del Holding Ol&iacute;mpico.La segunda parte de la sesi&oacute;n contar&aacute; con la intervenci&oacute;n miembros de ciudades organizadoras de Juegos Ol&iacute;mpicos tras Barcelona 92. Lillehammer&rsquo;94, Atenas&rsquo;04 y Londres&rsquo;12.Contaremos con la presencia de Anders Lindstad, profesor de la universidad noruega Lillehammer University College; Kostas Georgiadis, profesor de la universidad griega Universidad del Peloponeso y decano de la Academia Ol&iacute;mpica Internacional y Simon Cooper, director de Deportes del Ayuntamiento de Londres.&nbsp;El segundo d&iacute;a, 27 de octubre, estar&aacute; dedicado a la herencia de Barcelona&rsquo;92.&nbsp;Una perspectiva, 25 a&ntilde;os despu&eacute;s de Barcelona&rsquo;92, sobre el estado actual en 4 &aacute;reas fundamentales: gesti&oacute;n de instalaciones, turismo, paralimpismo y deportistas.La primera mesa redonda estar&aacute; compuesta por Arseni da Palma, director del Canal Ol&iacute;mpic de Castelldefels; Miquel Noguer, Alcalde de Banyoles, y Daniel Nart, Regidor de Deportes de Terrasa.Estos municipios fueron subsedes durante los Juegos de Barcelona 92 &ndash; pirag&uuml;ismo en Castelldefels, Hoquey hierba en Terrasa y remo en Banyoles -. En la actualidad, &nbsp;estas instalaciones heredadas de los Juegos Ol&iacute;mpicos de Barcelona 92, est&aacute;n en pleno funcionamiento y al servicio del ciudadano.A continuaci&oacute;n Carles Murillo, profesor de Econom&iacute;a de la Universitat Pompeu Fabra, expondr&aacute; como influenci&oacute; los Juegos Ol&iacute;mpicos de Barcelona 92 en el modelo de turismo actual de la ciudad. Los Juegos Ol&iacute;mpicos fueron la mejor carta de presentaci&oacute;n de Barcelona al mundo.El &uacute;ltimo de los bloques del F&oacute;rum aborda el &aacute;rea deportiva.&nbsp;La primera de las ponencias correr&aacute; a cargo del &nbsp;Miquel Sagarra, directivo del Comit&eacute; Paral&iacute;mpico Internacional, quien expondr&aacute; el gran salto que dio el deporte paral&iacute;mpico gracias a los Juegos de Barcelona.Miquel Sagarra (Sabadell 1953), &nbsp;fue miembro del Comit&eacute; de Direcci&oacute;n de los IX Juegos Paral&iacute;mpicos de Barcelona 1992 y jefe de la delegaci&oacute;n espa&ntilde;ola durante los Juegos Paral&iacute;mpicos. Ha formado parte de la Junta de Gobierno del Comit&eacute; Paral&iacute;mpico Internacional desde el 2009 y actualmente es el Secretario General del Comit&eacute; Paral&iacute;mpico Espa&ntilde;ol, cargo que ostenta desde 1996.El F&oacute;rum Ol&iacute;mpico culminar&aacute; con la visi&oacute;n y la situaci&oacute;n del deporte y los deportistas espa&ntilde;oles. Para ello la mesa redonda contar&aacute; con la presencia de Ricardo Leiva, director de Deportes del Comit&eacute; Ol&iacute;mpico Espa&ntilde;ol y los medallistas ol&iacute;mpicos Carolina Pascual, medalla de plata ol&iacute;mpica femenina (gimnasia r&iacute;tmica) &nbsp;y Jordi Sans, 5 veces ol&iacute;mpico en waterpolo, plata en Barcelona&rsquo;92 y oro en Atlanta&rsquo;96. Entre los temas a tratar se hablar&aacute; de la importancia del Plan ADO y como han evolucionado parte de los recursos que se ponen a disposici&oacute;n de los deportistas de alta competici&oacute;n.<\/p>\n","protected":false},"excerpt":{"rendered":"<p>Con  motivo del 25 aniversario de Barcelona&rsquo;92 &nbsp;las jornadas del F&oacute;rum  quieren mostrar como en este cuarto de siglo trascurrido Barcelona  estableci&oacute; un cambio en el mundo del olimpismo.Mundialmente  reconocidos, los Juegos Ol&iacute;mpicos de Barcelona fueron un &eacute;xito en  organizaci&oacute;n, desarrollo, gesti&oacute;n y resultados. A d&iacute;a de hoy, estos  aspectos siguen siendo referente para aquellos comit&eacute;s organizadores de  unos Juegos Ol&iacute;mpicos. <\/p>\n","protected":false},"author":1,"featured_media":0,"comment_status":"open","ping_status":"open","sticky":false,"template":"","format":"standard","meta":{"_acf_changed":false,"_price":"","_stock":"","_tribe_ticket_header":"","_tribe_default_ticket_provider":"","_tribe_ticket_capacity":"0","_ticket_start_date":"","_ticket_end_date":"","_tribe_ticket_show_description":"","_tribe_ticket_show_not_going":false,"_tribe_ticket_use_global_stock":"","_tribe_ticket_global_stock_level":"","_global_stock_mode":"","_global_stock_cap":"","_tribe_rsvp_for_event":"","_tribe_ticket_going_count":"","_tribe_ticket_not_going_count":"","_tribe_tickets_list":"[]","_tribe_ticket_has_attendee_info_fields":false,"footnotes":""},"categories":[3],"tags":[],"class_list":["post-14881","post","type-post","status-publish","format-standard","hentry","category-sin-categorizar"],"acf":[],"yoast_head":"<!-- This site is optimized with the Yoast SEO plugin v23.7 - https:\/\/yoast.com\/wordpress\/plugins\/seo\/ -->\n<title>El F\u00f3rum Ol\u00edmpico 2017 tendr\u00e1 un car\u00e1cter m\u00e1s internacional que nunca. - Museu Ol\u00edmpic i de l&#039;Esport Joan Antoni Samaranch. Barcelona<\/title>\n<meta name=\"robots\" content=\"index, follow, max-snippet:-1, max-image-preview:large, max-video-preview:-1\" \/>\n<link rel=\"canonical\" href=\"https:\/\/www.museuolimpicbcn.cat\/es\/el-forum-olimpico-2017-tendra-un-caracter-mas-internacional-que-nunca\/\" \/>\n<meta property=\"og:locale\" content=\"es_ES\" \/>\n<meta property=\"og:type\" content=\"article\" \/>\n<meta property=\"og:title\" content=\"El F\u00f3rum Ol\u00edmpico 2017 tendr\u00e1 un car\u00e1cter m\u00e1s internacional que nunca. - Museu Ol\u00edmpic i de l&#039;Esport Joan Antoni Samaranch. Barcelona\" \/>\n<meta property=\"og:description\" content=\"Con motivo del 25 aniversario de Barcelona&rsquo;92 &nbsp;las jornadas del F&oacute;rum quieren mostrar como en este cuarto de siglo trascurrido Barcelona estableci&oacute; un cambio en el mundo del olimpismo.Mundialmente reconocidos, los Juegos Ol&iacute;mpicos de Barcelona fueron un &eacute;xito en organizaci&oacute;n, desarrollo, gesti&oacute;n y resultados. A d&iacute;a de hoy, estos aspectos siguen siendo referente para aquellos comit&eacute;s organizadores de unos Juegos Ol&iacute;mpicos.\" \/>\n<meta property=\"og:url\" content=\"https:\/\/www.museuolimpicbcn.cat\/es\/el-forum-olimpico-2017-tendra-un-caracter-mas-internacional-que-nunca\/\" \/>\n<meta property=\"og:site_name\" content=\"Museu Ol\u00edmpic i de l&#039;Esport Joan Antoni Samaranch. Barcelona\" \/>\n<meta property=\"article:published_time\" content=\"2017-10-04T22:00:00+00:00\" \/>\n<meta name=\"author\" content=\"useradmin\" \/>\n<meta name=\"twitter:card\" content=\"summary_large_image\" \/>\n<meta name=\"twitter:label1\" content=\"Escrito por\" \/>\n\t<meta name=\"twitter:data1\" content=\"useradmin\" \/>\n\t<meta name=\"twitter:label2\" content=\"Tiempo de lectura\" \/>\n\t<meta name=\"twitter:data2\" content=\"6 minutos\" \/>\n<script type=\"application\/ld+json\" class=\"yoast-schema-graph\">{\"@context\":\"https:\/\/schema.org\",\"@graph\":[{\"@type\":\"Article\",\"@id\":\"https:\/\/www.museuolimpicbcn.cat\/es\/el-forum-olimpico-2017-tendra-un-caracter-mas-internacional-que-nunca\/#article\",\"isPartOf\":{\"@id\":\"https:\/\/www.museuolimpicbcn.cat\/es\/el-forum-olimpico-2017-tendra-un-caracter-mas-internacional-que-nunca\/\"},\"author\":{\"name\":\"useradmin\",\"@id\":\"https:\/\/www.museuolimpicbcn.cat\/ca\/#\/schema\/person\/d05705664e87aa04c6ce53d48133fb39\"},\"headline\":\"El F\u00f3rum Ol\u00edmpico 2017 tendr\u00e1 un car\u00e1cter m\u00e1s internacional que nunca.\",\"datePublished\":\"2017-10-04T22:00:00+00:00\",\"dateModified\":\"2017-10-04T22:00:00+00:00\",\"mainEntityOfPage\":{\"@id\":\"https:\/\/www.museuolimpicbcn.cat\/es\/el-forum-olimpico-2017-tendra-un-caracter-mas-internacional-que-nunca\/\"},\"wordCount\":1177,\"commentCount\":6,\"publisher\":{\"@id\":\"https:\/\/www.museuolimpicbcn.cat\/ca\/#organization\"},\"articleSection\":[\"Sin categorizar\"],\"inLanguage\":\"es\",\"potentialAction\":[{\"@type\":\"CommentAction\",\"name\":\"Comment\",\"target\":[\"https:\/\/www.museuolimpicbcn.cat\/es\/el-forum-olimpico-2017-tendra-un-caracter-mas-internacional-que-nunca\/#respond\"]}]},{\"@type\":\"WebPage\",\"@id\":\"https:\/\/www.museuolimpicbcn.cat\/es\/el-forum-olimpico-2017-tendra-un-caracter-mas-internacional-que-nunca\/\",\"url\":\"https:\/\/www.museuolimpicbcn.cat\/es\/el-forum-olimpico-2017-tendra-un-caracter-mas-internacional-que-nunca\/\",\"name\":\"El F\u00f3rum Ol\u00edmpico 2017 tendr\u00e1 un car\u00e1cter m\u00e1s internacional que nunca. - Museu Ol\u00edmpic i de l&#039;Esport Joan Antoni Samaranch. Barcelona\",\"isPartOf\":{\"@id\":\"https:\/\/www.museuolimpicbcn.cat\/ca\/#website\"},\"datePublished\":\"2017-10-04T22:00:00+00:00\",\"dateModified\":\"2017-10-04T22:00:00+00:00\",\"breadcrumb\":{\"@id\":\"https:\/\/www.museuolimpicbcn.cat\/es\/el-forum-olimpico-2017-tendra-un-caracter-mas-internacional-que-nunca\/#breadcrumb\"},\"inLanguage\":\"es\",\"potentialAction\":[{\"@type\":\"ReadAction\",\"target\":[\"https:\/\/www.museuolimpicbcn.cat\/es\/el-forum-olimpico-2017-tendra-un-caracter-mas-internacional-que-nunca\/\"]}]},{\"@type\":\"BreadcrumbList\",\"@id\":\"https:\/\/www.museuolimpicbcn.cat\/es\/el-forum-olimpico-2017-tendra-un-caracter-mas-internacional-que-nunca\/#breadcrumb\",\"itemListElement\":[{\"@type\":\"ListItem\",\"position\":1,\"name\":\"Inici\",\"item\":\"https:\/\/www.museuolimpicbcn.cat\/es\/\"},{\"@type\":\"ListItem\",\"position\":2,\"name\":\"El F\u00f3rum Ol\u00edmpico 2017 tendr\u00e1 un car\u00e1cter m\u00e1s internacional que nunca.\"}]},{\"@type\":\"WebSite\",\"@id\":\"https:\/\/www.museuolimpicbcn.cat\/ca\/#website\",\"url\":\"https:\/\/www.museuolimpicbcn.cat\/ca\/\",\"name\":\"Museu Ol\u00edmpic i de l&#039;Esport Joan Antoni Samaranch. Barcelona\",\"description\":\"Altre lloc Web del Museu Ol\u00edmpic i de l&#039;Esport llocs\",\"publisher\":{\"@id\":\"https:\/\/www.museuolimpicbcn.cat\/ca\/#organization\"},\"potentialAction\":[{\"@type\":\"SearchAction\",\"target\":{\"@type\":\"EntryPoint\",\"urlTemplate\":\"https:\/\/www.museuolimpicbcn.cat\/ca\/?s={search_term_string}\"},\"query-input\":{\"@type\":\"PropertyValueSpecification\",\"valueRequired\":true,\"valueName\":\"search_term_string\"}}],\"inLanguage\":\"es\"},{\"@type\":\"Organization\",\"@id\":\"https:\/\/www.museuolimpicbcn.cat\/ca\/#organization\",\"name\":\"Museu Ol\u00edmpic i de l&#039;Esport Joan Antoni Samaranch. Barcelona\",\"url\":\"https:\/\/www.museuolimpicbcn.cat\/ca\/\",\"logo\":{\"@type\":\"ImageObject\",\"inLanguage\":\"es\",\"@id\":\"https:\/\/www.museuolimpicbcn.cat\/ca\/#\/schema\/logo\/image\/\",\"url\":\"https:\/\/www.museuolimpicbcn.cat\/wp-content\/uploads\/sites\/2\/2018\/12\/logo-moe-header.svg\",\"contentUrl\":\"https:\/\/www.museuolimpicbcn.cat\/wp-content\/uploads\/sites\/2\/2018\/12\/logo-moe-header.svg\",\"caption\":\"Museu Ol\u00edmpic i de l&#039;Esport Joan Antoni Samaranch. Barcelona\"},\"image\":{\"@id\":\"https:\/\/www.museuolimpicbcn.cat\/ca\/#\/schema\/logo\/image\/\"}},{\"@type\":\"Person\",\"@id\":\"https:\/\/www.museuolimpicbcn.cat\/ca\/#\/schema\/person\/d05705664e87aa04c6ce53d48133fb39\",\"name\":\"useradmin\",\"url\":\"https:\/\/www.museuolimpicbcn.cat\/es\/author\/useradmin\/\"}]}<\/script>\n<!-- \/ Yoast SEO plugin. -->","yoast_head_json":{"title":"El F\u00f3rum Ol\u00edmpico 2017 tendr\u00e1 un car\u00e1cter m\u00e1s internacional que nunca. - Museu Ol\u00edmpic i de l&#039;Esport Joan Antoni Samaranch. Barcelona","robots":{"index":"index","follow":"follow","max-snippet":"max-snippet:-1","max-image-preview":"max-image-preview:large","max-video-preview":"max-video-preview:-1"},"canonical":"https:\/\/www.museuolimpicbcn.cat\/es\/el-forum-olimpico-2017-tendra-un-caracter-mas-internacional-que-nunca\/","og_locale":"es_ES","og_type":"article","og_title":"El F\u00f3rum Ol\u00edmpico 2017 tendr\u00e1 un car\u00e1cter m\u00e1s internacional que nunca. - Museu Ol\u00edmpic i de l&#039;Esport Joan Antoni Samaranch. Barcelona","og_description":"Con motivo del 25 aniversario de Barcelona&rsquo;92 &nbsp;las jornadas del F&oacute;rum quieren mostrar como en este cuarto de siglo trascurrido Barcelona estableci&oacute; un cambio en el mundo del olimpismo.Mundialmente reconocidos, los Juegos Ol&iacute;mpicos de Barcelona fueron un &eacute;xito en organizaci&oacute;n, desarrollo, gesti&oacute;n y resultados. A d&iacute;a de hoy, estos aspectos siguen siendo referente para aquellos comit&eacute;s organizadores de unos Juegos Ol&iacute;mpicos.","og_url":"https:\/\/www.museuolimpicbcn.cat\/es\/el-forum-olimpico-2017-tendra-un-caracter-mas-internacional-que-nunca\/","og_site_name":"Museu Ol\u00edmpic i de l&#039;Esport Joan Antoni Samaranch. Barcelona","article_published_time":"2017-10-04T22:00:00+00:00","author":"useradmin","twitter_card":"summary_large_image","twitter_misc":{"Escrito por":"useradmin","Tiempo de lectura":"6 minutos"},"schema":{"@context":"https:\/\/schema.org","@graph":[{"@type":"Article","@id":"https:\/\/www.museuolimpicbcn.cat\/es\/el-forum-olimpico-2017-tendra-un-caracter-mas-internacional-que-nunca\/#article","isPartOf":{"@id":"https:\/\/www.museuolimpicbcn.cat\/es\/el-forum-olimpico-2017-tendra-un-caracter-mas-internacional-que-nunca\/"},"author":{"name":"useradmin","@id":"https:\/\/www.museuolimpicbcn.cat\/ca\/#\/schema\/person\/d05705664e87aa04c6ce53d48133fb39"},"headline":"El F\u00f3rum Ol\u00edmpico 2017 tendr\u00e1 un car\u00e1cter m\u00e1s internacional que nunca.","datePublished":"2017-10-04T22:00:00+00:00","dateModified":"2017-10-04T22:00:00+00:00","mainEntityOfPage":{"@id":"https:\/\/www.museuolimpicbcn.cat\/es\/el-forum-olimpico-2017-tendra-un-caracter-mas-internacional-que-nunca\/"},"wordCount":1177,"commentCount":6,"publisher":{"@id":"https:\/\/www.museuolimpicbcn.cat\/ca\/#organization"},"articleSection":["Sin categorizar"],"inLanguage":"es","potentialAction":[{"@type":"CommentAction","name":"Comment","target":["https:\/\/www.museuolimpicbcn.cat\/es\/el-forum-olimpico-2017-tendra-un-caracter-mas-internacional-que-nunca\/#respond"]}]},{"@type":"WebPage","@id":"https:\/\/www.museuolimpicbcn.cat\/es\/el-forum-olimpico-2017-tendra-un-caracter-mas-internacional-que-nunca\/","url":"https:\/\/www.museuolimpicbcn.cat\/es\/el-forum-olimpico-2017-tendra-un-caracter-mas-internacional-que-nunca\/","name":"El F\u00f3rum Ol\u00edmpico 2017 tendr\u00e1 un car\u00e1cter m\u00e1s internacional que nunca. - Museu Ol\u00edmpic i de l&#039;Esport Joan Antoni Samaranch. Barcelona","isPartOf":{"@id":"https:\/\/www.museuolimpicbcn.cat\/ca\/#website"},"datePublished":"2017-10-04T22:00:00+00:00","dateModified":"2017-10-04T22:00:00+00:00","breadcrumb":{"@id":"https:\/\/www.museuolimpicbcn.cat\/es\/el-forum-olimpico-2017-tendra-un-caracter-mas-internacional-que-nunca\/#breadcrumb"},"inLanguage":"es","potentialAction":[{"@type":"ReadAction","target":["https:\/\/www.museuolimpicbcn.cat\/es\/el-forum-olimpico-2017-tendra-un-caracter-mas-internacional-que-nunca\/"]}]},{"@type":"BreadcrumbList","@id":"https:\/\/www.museuolimpicbcn.cat\/es\/el-forum-olimpico-2017-tendra-un-caracter-mas-internacional-que-nunca\/#breadcrumb","itemListElement":[{"@type":"ListItem","position":1,"name":"Inici","item":"https:\/\/www.museuolimpicbcn.cat\/es\/"},{"@type":"ListItem","position":2,"name":"El F\u00f3rum Ol\u00edmpico 2017 tendr\u00e1 un car\u00e1cter m\u00e1s internacional que nunca."}]},{"@type":"WebSite","@id":"https:\/\/www.museuolimpicbcn.cat\/ca\/#website","url":"https:\/\/www.museuolimpicbcn.cat\/ca\/","name":"Museu Ol\u00edmpic i de l&#039;Esport Joan Antoni Samaranch. Barcelona","description":"Altre lloc Web del Museu Ol\u00edmpic i de l&#039;Esport llocs","publisher":{"@id":"https:\/\/www.museuolimpicbcn.cat\/ca\/#organization"},"potentialAction":[{"@type":"SearchAction","target":{"@type":"EntryPoint","urlTemplate":"https:\/\/www.museuolimpicbcn.cat\/ca\/?s={search_term_string}"},"query-input":{"@type":"PropertyValueSpecification","valueRequired":true,"valueName":"search_term_string"}}],"inLanguage":"es"},{"@type":"Organization","@id":"https:\/\/www.museuolimpicbcn.cat\/ca\/#organization","name":"Museu Ol\u00edmpic i de l&#039;Esport Joan Antoni Samaranch. Barcelona","url":"https:\/\/www.museuolimpicbcn.cat\/ca\/","logo":{"@type":"ImageObject","inLanguage":"es","@id":"https:\/\/www.museuolimpicbcn.cat\/ca\/#\/schema\/logo\/image\/","url":"https:\/\/www.museuolimpicbcn.cat\/wp-content\/uploads\/sites\/2\/2018\/12\/logo-moe-header.svg","contentUrl":"https:\/\/www.museuolimpicbcn.cat\/wp-content\/uploads\/sites\/2\/2018\/12\/logo-moe-header.svg","caption":"Museu Ol\u00edmpic i de l&#039;Esport Joan Antoni Samaranch. Barcelona"},"image":{"@id":"https:\/\/www.museuolimpicbcn.cat\/ca\/#\/schema\/logo\/image\/"}},{"@type":"Person","@id":"https:\/\/www.museuolimpicbcn.cat\/ca\/#\/schema\/person\/d05705664e87aa04c6ce53d48133fb39","name":"useradmin","url":"https:\/\/www.museuolimpicbcn.cat\/es\/author\/useradmin\/"}]}},"_links":{"self":[{"href":"https:\/\/www.museuolimpicbcn.cat\/es\/wp-json\/wp\/v2\/posts\/14881"}],"collection":[{"href":"https:\/\/www.museuolimpicbcn.cat\/es\/wp-json\/wp\/v2\/posts"}],"about":[{"href":"https:\/\/www.museuolimpicbcn.cat\/es\/wp-json\/wp\/v2\/types\/post"}],"author":[{"embeddable":true,"href":"https:\/\/www.museuolimpicbcn.cat\/es\/wp-json\/wp\/v2\/users\/1"}],"replies":[{"embeddable":true,"href":"https:\/\/www.museuolimpicbcn.cat\/es\/wp-json\/wp\/v2\/comments?post=14881"}],"version-history":[{"count":0,"href":"https:\/\/www.museuolimpicbcn.cat\/es\/wp-json\/wp\/v2\/posts\/14881\/revisions"}],"wp:attachment":[{"href":"https:\/\/www.museuolimpicbcn.cat\/es\/wp-json\/wp\/v2\/media?parent=14881"}],"wp:term":[{"taxonomy":"category","embeddable":true,"href":"https:\/\/www.museuolimpicbcn.cat\/es\/wp-json\/wp\/v2\/categories?post=14881"},{"taxonomy":"post_tag","embeddable":true,"href":"https:\/\/www.museuolimpicbcn.cat\/es\/wp-json\/wp\/v2\/tags?post=14881"}],"curies":[{"name":"wp","href":"https:\/\/api.w.org\/{rel}","templated":true}]}}