{"id":14922,"date":"2017-10-24T00:00:00","date_gmt":"2017-10-23T22:00:00","guid":{"rendered":"http:\/\/dev.museuolimpicbcn.cat\/manana-ultimo-dia-de-inscripcion-del-forum-olimpico-25-aniversari-barcelona-92\/"},"modified":"2017-10-24T00:00:00","modified_gmt":"2017-10-23T22:00:00","slug":"manana-ultimo-dia-de-inscripcion-del-forum-olimpico-25-aniversari-barcelona-92","status":"publish","type":"post","link":"https:\/\/www.museuolimpicbcn.cat\/es\/manana-ultimo-dia-de-inscripcion-del-forum-olimpico-25-aniversari-barcelona-92\/","title":{"rendered":"Ma\u00f1ana \u00faltimo d\u00eda de inscripci\u00f3n del  F\u00f3rum Ol\u00edmpico: 25 aniversari Barcelona &#8217;92"},"content":{"rendered":"<p style=\"text-align: justify;\"><strong>FORMULARIO DE INSCRIPCI&Oacute;N<\/strong><\/p>\n<p style=\"text-align: justify;\">El F&oacute;rum dar&aacute; comienzo el 26 de octubre con la ponencia de Pere Mir&oacute;, director general adjunto del Comit&eacute; Internacional Ol&iacute;mpico (CIO) y director de Solidaridad Ol&iacute;mpica, quien nos detallar&aacute; la situaci&oacute;n actual del CIO y del Olimpismo, la famosa Agenda 2020 &mdash;que establece entre otras muchas cosas las bases de las ciudades candidatas a albergar unos Juegos&mdash; y el futuro de los Juegos Ol&iacute;mpicos.&nbsp;<\/p>\n<p style=\"text-align: justify;\">Contaremos con la presencia de Washington Fajardo, arquitecto del Ayuntamiento de Rio de Janeiro. Hasta el momento, Rio de Janeiro ha sido la &uacute;nica sede que ha seguido las directrices establecidas desde la Agenda 2020. Los Juegos Ol&iacute;mpicos al servicio de la ciudad y la ciudadan&iacute;a son algunos de los aspectos que Fajardo explicar&aacute; c&oacute;mo se llevaron a cabo. Los JJ.OO. permitieron regenerar el centro de la ciudad carioca, con un urbanismo moderno y unos servicios de transporte que disminu&iacute;a la presencia de veh&iacute;culos privados.&nbsp;<\/p>\n<p style=\"text-align: justify;\">Enric Tru&ntilde;&oacute;, concejal de Deportes en 1992 y Llu&iacute;s Millet, arquitecto responsable de las infraestructuras ol&iacute;mpicas presentar&aacute;n el modelo de ciudad que se inici&oacute; en el 92, el desarrollo durante estos 25 a&ntilde;os y establecer&aacute;n algunas de las l&iacute;neas que deber&iacute;a tomar Barcelona teniendo en cuenta las necesidades actuales.<\/p>\n<p style=\"text-align: justify;\">Los modelos de las ciudades ol&iacute;mpicas de Lillehammer, Atenas y Londres tambi&eacute;n tendr&aacute;n presencia en este F&oacute;rum. Tres ciudades que adaptaron a sus necesidades parte del modelo de sostenibilidad socio-econ&oacute;mica de Barcelona. Anders Lindstad, profesor de la universidad noruega de Lillehammer expondr&aacute; c&oacute;mo los Juegos de Lillehammer&rsquo;94 dejaron una gran herencia cultural y social, concienciando a la poblaci&oacute;n de la importancia del deporte. Por su parte, Kostas Georgiadis, decano de la Academia Ol&iacute;mpica Internacional, explicar&aacute; c&oacute;mo los Juegos del 2004 supusieron un gran beneficio en servicios para los ciudadanos de Atenas: metro, carreteras, aeropuertos y grandes p&eacute;rdidas econ&oacute;micas para la ciudad teniendo en cuenta la mala planificaci&oacute;n del uso de las instalaciones deportivas tras ellos.<\/p>\n<p style=\"text-align: justify;\">Por &uacute;ltimo, Simon Cooper, director de Deportes del Ayuntamiento de Londres nos mostrar&aacute; c&oacute;mo el legado de los Juegos de Londres 2012 ha creado una cultura de deporte entre los ciudadanos, generando una conciencia y acciones espec&iacute;ficas vinculadas con las necesidades para la pr&aacute;ctica de este.<\/p>\n<p style=\"text-align: justify;\">La jornada del viernes 27 de octubre contar&aacute; con la mesa redonda compuesta por Arseni da Palma, director del Canal Ol&iacute;mpic de Castelldefels, Miquel Noguer, alcalde de Banyoles, y Daniel Nart, Regidor de Deportes de Terrasa.<\/p>\n<p style=\"text-align: justify;\">Estos municipios fueron subsedes durante los Juegos de Barcelona&rsquo;92 y heredaron unas infraestructuras deportivas que, en la actualidad, est&aacute;n en pleno funcionamiento y est&aacute;n al servicio del ciudadano.&nbsp;<\/p>\n<p style=\"text-align: justify;\">Carles Murillo, economista, nos acercar&aacute; a la actualidad del turismo; c&oacute;mo esa tendencia que se inici&oacute; en los Juegos de Barcelona en el a&ntilde;o 92 se ha convertido en uno de los motores econ&oacute;micos de la ciudad. Murillo expondr&aacute; los pros y contras del turismo en Barcelona.<\/p>\n<p style=\"text-align: justify;\">En el 88 se estableci&oacute; el Plan de Ayuda al Deportista Ol&iacute;mpico y Paral&iacute;mpico (Plan ADO y ADOP), a trav&eacute;s del cual se establec&iacute;an unas becas para deportistas Ol&iacute;mpicos y Paral&iacute;mpicos con el fin de ayudar a su rendimiento con vistas a hacer un buen papel durante los Juegos. Actualmente estos programas ADO y ADOP siguen en activo y de los beneficios y la evoluci&oacute;n nos hablar&aacute;n Miquel Sagarra, Secretario General del Comit&eacute; Paral&iacute;mpico Espa&ntilde;ol, Ricardo Leiva, director de Deportes del Comit&eacute; Ol&iacute;mpico Espa&ntilde;ol y los medallistas ol&iacute;mpicos Carolina Pascual y Jordi Sans.<\/p>\n","protected":false},"excerpt":{"rendered":"<p>F&oacute;rum Ol&iacute;mpico: 25 Aniversario Barcelona&rsquo;92, 26 y 27 de octubre en el INEFC de Barcelona.&nbsp;<\/p>\n<p>Vinculado con el 25 aniversario de los Juegos Ol&iacute;mpicos de Barcelona&rsquo;92, en esta nueva edici&oacute;n del F&oacute;rum Ol&iacute;mpico contaremos con expertos internacionales del mundo de la econom&iacute;a, pol&iacute;tica, arquitectura, deporte, etc. que tratar&aacute;n la actualidad de aquellos modelos &mdash;econ&oacute;micos, gesti&oacute;n, turismo, financiaci&oacute;n, sociales, competici&oacute;n, etc.&mdash; que fueron pioneros en Barcelona&rsquo;92 y que a d&iacute;a de hoy se han ido adaptando a Barcelona y son referentes para otras ciudades.<\/p>\n","protected":false},"author":1,"featured_media":0,"comment_status":"open","ping_status":"open","sticky":false,"template":"","format":"standard","meta":{"_acf_changed":false,"_price":"","_stock":"","_tribe_ticket_header":"","_tribe_default_ticket_provider":"","_tribe_ticket_capacity":"0","_ticket_start_date":"","_ticket_end_date":"","_tribe_ticket_show_description":"","_tribe_ticket_show_not_going":false,"_tribe_ticket_use_global_stock":"","_tribe_ticket_global_stock_level":"","_global_stock_mode":"","_global_stock_cap":"","_tribe_rsvp_for_event":"","_tribe_ticket_going_count":"","_tribe_ticket_not_going_count":"","_tribe_tickets_list":"[]","_tribe_ticket_has_attendee_info_fields":false,"footnotes":""},"categories":[3],"tags":[],"class_list":["post-14922","post","type-post","status-publish","format-standard","hentry","category-sin-categorizar"],"acf":[],"yoast_head":"<!-- This site is optimized with the Yoast SEO plugin v23.7 - https:\/\/yoast.com\/wordpress\/plugins\/seo\/ -->\n<title>Ma\u00f1ana \u00faltimo d\u00eda de inscripci\u00f3n del F\u00f3rum Ol\u00edmpico: 25 aniversari Barcelona &#039;92 - Museu Ol\u00edmpic i de l&#039;Esport Joan Antoni Samaranch. Barcelona<\/title>\n<meta name=\"robots\" content=\"index, follow, max-snippet:-1, max-image-preview:large, max-video-preview:-1\" \/>\n<link rel=\"canonical\" href=\"https:\/\/www.museuolimpicbcn.cat\/es\/manana-ultimo-dia-de-inscripcion-del-forum-olimpico-25-aniversari-barcelona-92\/\" \/>\n<meta property=\"og:locale\" content=\"es_ES\" \/>\n<meta property=\"og:type\" content=\"article\" \/>\n<meta property=\"og:title\" content=\"Ma\u00f1ana \u00faltimo d\u00eda de inscripci\u00f3n del F\u00f3rum Ol\u00edmpico: 25 aniversari Barcelona &#039;92 - Museu Ol\u00edmpic i de l&#039;Esport Joan Antoni Samaranch. Barcelona\" \/>\n<meta property=\"og:description\" content=\"F&oacute;rum Ol&iacute;mpico: 25 Aniversario Barcelona&rsquo;92, 26 y 27 de octubre en el INEFC de Barcelona.&nbsp; Vinculado con el 25 aniversario de los Juegos Ol&iacute;mpicos de Barcelona&rsquo;92, en esta nueva edici&oacute;n del F&oacute;rum Ol&iacute;mpico contaremos con expertos internacionales del mundo de la econom&iacute;a, pol&iacute;tica, arquitectura, deporte, etc. que tratar&aacute;n la actualidad de aquellos modelos &mdash;econ&oacute;micos, gesti&oacute;n, turismo, financiaci&oacute;n, sociales, competici&oacute;n, etc.&mdash; que fueron pioneros en Barcelona&rsquo;92 y que a d&iacute;a de hoy se han ido adaptando a Barcelona y son referentes para otras ciudades.\" \/>\n<meta property=\"og:url\" content=\"https:\/\/www.museuolimpicbcn.cat\/es\/manana-ultimo-dia-de-inscripcion-del-forum-olimpico-25-aniversari-barcelona-92\/\" \/>\n<meta property=\"og:site_name\" content=\"Museu Ol\u00edmpic i de l&#039;Esport Joan Antoni Samaranch. Barcelona\" \/>\n<meta property=\"article:published_time\" content=\"2017-10-23T22:00:00+00:00\" \/>\n<meta name=\"author\" content=\"useradmin\" \/>\n<meta name=\"twitter:card\" content=\"summary_large_image\" \/>\n<meta name=\"twitter:label1\" content=\"Escrito por\" \/>\n\t<meta name=\"twitter:data1\" content=\"useradmin\" \/>\n\t<meta name=\"twitter:label2\" content=\"Tiempo de lectura\" \/>\n\t<meta name=\"twitter:data2\" content=\"3 minutos\" \/>\n<script type=\"application\/ld+json\" class=\"yoast-schema-graph\">{\"@context\":\"https:\/\/schema.org\",\"@graph\":[{\"@type\":\"Article\",\"@id\":\"https:\/\/www.museuolimpicbcn.cat\/es\/manana-ultimo-dia-de-inscripcion-del-forum-olimpico-25-aniversari-barcelona-92\/#article\",\"isPartOf\":{\"@id\":\"https:\/\/www.museuolimpicbcn.cat\/es\/manana-ultimo-dia-de-inscripcion-del-forum-olimpico-25-aniversari-barcelona-92\/\"},\"author\":{\"name\":\"useradmin\",\"@id\":\"https:\/\/www.museuolimpicbcn.cat\/ca\/#\/schema\/person\/d05705664e87aa04c6ce53d48133fb39\"},\"headline\":\"Ma\u00f1ana \u00faltimo d\u00eda de inscripci\u00f3n del F\u00f3rum Ol\u00edmpico: 25 aniversari Barcelona &#8217;92\",\"datePublished\":\"2017-10-23T22:00:00+00:00\",\"dateModified\":\"2017-10-23T22:00:00+00:00\",\"mainEntityOfPage\":{\"@id\":\"https:\/\/www.museuolimpicbcn.cat\/es\/manana-ultimo-dia-de-inscripcion-del-forum-olimpico-25-aniversari-barcelona-92\/\"},\"wordCount\":704,\"commentCount\":5,\"publisher\":{\"@id\":\"https:\/\/www.museuolimpicbcn.cat\/ca\/#organization\"},\"articleSection\":[\"Sin categorizar\"],\"inLanguage\":\"es\",\"potentialAction\":[{\"@type\":\"CommentAction\",\"name\":\"Comment\",\"target\":[\"https:\/\/www.museuolimpicbcn.cat\/es\/manana-ultimo-dia-de-inscripcion-del-forum-olimpico-25-aniversari-barcelona-92\/#respond\"]}]},{\"@type\":\"WebPage\",\"@id\":\"https:\/\/www.museuolimpicbcn.cat\/es\/manana-ultimo-dia-de-inscripcion-del-forum-olimpico-25-aniversari-barcelona-92\/\",\"url\":\"https:\/\/www.museuolimpicbcn.cat\/es\/manana-ultimo-dia-de-inscripcion-del-forum-olimpico-25-aniversari-barcelona-92\/\",\"name\":\"Ma\u00f1ana \u00faltimo d\u00eda de inscripci\u00f3n del F\u00f3rum Ol\u00edmpico: 25 aniversari Barcelona '92 - Museu Ol\u00edmpic i de l&#039;Esport Joan Antoni Samaranch. Barcelona\",\"isPartOf\":{\"@id\":\"https:\/\/www.museuolimpicbcn.cat\/ca\/#website\"},\"datePublished\":\"2017-10-23T22:00:00+00:00\",\"dateModified\":\"2017-10-23T22:00:00+00:00\",\"breadcrumb\":{\"@id\":\"https:\/\/www.museuolimpicbcn.cat\/es\/manana-ultimo-dia-de-inscripcion-del-forum-olimpico-25-aniversari-barcelona-92\/#breadcrumb\"},\"inLanguage\":\"es\",\"potentialAction\":[{\"@type\":\"ReadAction\",\"target\":[\"https:\/\/www.museuolimpicbcn.cat\/es\/manana-ultimo-dia-de-inscripcion-del-forum-olimpico-25-aniversari-barcelona-92\/\"]}]},{\"@type\":\"BreadcrumbList\",\"@id\":\"https:\/\/www.museuolimpicbcn.cat\/es\/manana-ultimo-dia-de-inscripcion-del-forum-olimpico-25-aniversari-barcelona-92\/#breadcrumb\",\"itemListElement\":[{\"@type\":\"ListItem\",\"position\":1,\"name\":\"Inici\",\"item\":\"https:\/\/www.museuolimpicbcn.cat\/es\/\"},{\"@type\":\"ListItem\",\"position\":2,\"name\":\"Ma\u00f1ana \u00faltimo d\u00eda de inscripci\u00f3n del F\u00f3rum Ol\u00edmpico: 25 aniversari Barcelona &#8217;92\"}]},{\"@type\":\"WebSite\",\"@id\":\"https:\/\/www.museuolimpicbcn.cat\/ca\/#website\",\"url\":\"https:\/\/www.museuolimpicbcn.cat\/ca\/\",\"name\":\"Museu Ol\u00edmpic i de l&#039;Esport Joan Antoni Samaranch. Barcelona\",\"description\":\"Altre lloc Web del Museu Ol\u00edmpic i de l&#039;Esport llocs\",\"publisher\":{\"@id\":\"https:\/\/www.museuolimpicbcn.cat\/ca\/#organization\"},\"potentialAction\":[{\"@type\":\"SearchAction\",\"target\":{\"@type\":\"EntryPoint\",\"urlTemplate\":\"https:\/\/www.museuolimpicbcn.cat\/ca\/?s={search_term_string}\"},\"query-input\":{\"@type\":\"PropertyValueSpecification\",\"valueRequired\":true,\"valueName\":\"search_term_string\"}}],\"inLanguage\":\"es\"},{\"@type\":\"Organization\",\"@id\":\"https:\/\/www.museuolimpicbcn.cat\/ca\/#organization\",\"name\":\"Museu Ol\u00edmpic i de l&#039;Esport Joan Antoni Samaranch. Barcelona\",\"url\":\"https:\/\/www.museuolimpicbcn.cat\/ca\/\",\"logo\":{\"@type\":\"ImageObject\",\"inLanguage\":\"es\",\"@id\":\"https:\/\/www.museuolimpicbcn.cat\/ca\/#\/schema\/logo\/image\/\",\"url\":\"https:\/\/www.museuolimpicbcn.cat\/wp-content\/uploads\/sites\/2\/2018\/12\/logo-moe-header.svg\",\"contentUrl\":\"https:\/\/www.museuolimpicbcn.cat\/wp-content\/uploads\/sites\/2\/2018\/12\/logo-moe-header.svg\",\"caption\":\"Museu Ol\u00edmpic i de l&#039;Esport Joan Antoni Samaranch. Barcelona\"},\"image\":{\"@id\":\"https:\/\/www.museuolimpicbcn.cat\/ca\/#\/schema\/logo\/image\/\"}},{\"@type\":\"Person\",\"@id\":\"https:\/\/www.museuolimpicbcn.cat\/ca\/#\/schema\/person\/d05705664e87aa04c6ce53d48133fb39\",\"name\":\"useradmin\",\"url\":\"https:\/\/www.museuolimpicbcn.cat\/es\/author\/useradmin\/\"}]}<\/script>\n<!-- \/ Yoast SEO plugin. -->","yoast_head_json":{"title":"Ma\u00f1ana \u00faltimo d\u00eda de inscripci\u00f3n del F\u00f3rum Ol\u00edmpico: 25 aniversari Barcelona '92 - Museu Ol\u00edmpic i de l&#039;Esport Joan Antoni Samaranch. Barcelona","robots":{"index":"index","follow":"follow","max-snippet":"max-snippet:-1","max-image-preview":"max-image-preview:large","max-video-preview":"max-video-preview:-1"},"canonical":"https:\/\/www.museuolimpicbcn.cat\/es\/manana-ultimo-dia-de-inscripcion-del-forum-olimpico-25-aniversari-barcelona-92\/","og_locale":"es_ES","og_type":"article","og_title":"Ma\u00f1ana \u00faltimo d\u00eda de inscripci\u00f3n del F\u00f3rum Ol\u00edmpico: 25 aniversari Barcelona '92 - Museu Ol\u00edmpic i de l&#039;Esport Joan Antoni Samaranch. Barcelona","og_description":"F&oacute;rum Ol&iacute;mpico: 25 Aniversario Barcelona&rsquo;92, 26 y 27 de octubre en el INEFC de Barcelona.&nbsp; Vinculado con el 25 aniversario de los Juegos Ol&iacute;mpicos de Barcelona&rsquo;92, en esta nueva edici&oacute;n del F&oacute;rum Ol&iacute;mpico contaremos con expertos internacionales del mundo de la econom&iacute;a, pol&iacute;tica, arquitectura, deporte, etc. que tratar&aacute;n la actualidad de aquellos modelos &mdash;econ&oacute;micos, gesti&oacute;n, turismo, financiaci&oacute;n, sociales, competici&oacute;n, etc.&mdash; que fueron pioneros en Barcelona&rsquo;92 y que a d&iacute;a de hoy se han ido adaptando a Barcelona y son referentes para otras ciudades.","og_url":"https:\/\/www.museuolimpicbcn.cat\/es\/manana-ultimo-dia-de-inscripcion-del-forum-olimpico-25-aniversari-barcelona-92\/","og_site_name":"Museu Ol\u00edmpic i de l&#039;Esport Joan Antoni Samaranch. Barcelona","article_published_time":"2017-10-23T22:00:00+00:00","author":"useradmin","twitter_card":"summary_large_image","twitter_misc":{"Escrito por":"useradmin","Tiempo de lectura":"3 minutos"},"schema":{"@context":"https:\/\/schema.org","@graph":[{"@type":"Article","@id":"https:\/\/www.museuolimpicbcn.cat\/es\/manana-ultimo-dia-de-inscripcion-del-forum-olimpico-25-aniversari-barcelona-92\/#article","isPartOf":{"@id":"https:\/\/www.museuolimpicbcn.cat\/es\/manana-ultimo-dia-de-inscripcion-del-forum-olimpico-25-aniversari-barcelona-92\/"},"author":{"name":"useradmin","@id":"https:\/\/www.museuolimpicbcn.cat\/ca\/#\/schema\/person\/d05705664e87aa04c6ce53d48133fb39"},"headline":"Ma\u00f1ana \u00faltimo d\u00eda de inscripci\u00f3n del F\u00f3rum Ol\u00edmpico: 25 aniversari Barcelona &#8217;92","datePublished":"2017-10-23T22:00:00+00:00","dateModified":"2017-10-23T22:00:00+00:00","mainEntityOfPage":{"@id":"https:\/\/www.museuolimpicbcn.cat\/es\/manana-ultimo-dia-de-inscripcion-del-forum-olimpico-25-aniversari-barcelona-92\/"},"wordCount":704,"commentCount":5,"publisher":{"@id":"https:\/\/www.museuolimpicbcn.cat\/ca\/#organization"},"articleSection":["Sin categorizar"],"inLanguage":"es","potentialAction":[{"@type":"CommentAction","name":"Comment","target":["https:\/\/www.museuolimpicbcn.cat\/es\/manana-ultimo-dia-de-inscripcion-del-forum-olimpico-25-aniversari-barcelona-92\/#respond"]}]},{"@type":"WebPage","@id":"https:\/\/www.museuolimpicbcn.cat\/es\/manana-ultimo-dia-de-inscripcion-del-forum-olimpico-25-aniversari-barcelona-92\/","url":"https:\/\/www.museuolimpicbcn.cat\/es\/manana-ultimo-dia-de-inscripcion-del-forum-olimpico-25-aniversari-barcelona-92\/","name":"Ma\u00f1ana \u00faltimo d\u00eda de inscripci\u00f3n del F\u00f3rum Ol\u00edmpico: 25 aniversari Barcelona '92 - Museu Ol\u00edmpic i de l&#039;Esport Joan Antoni Samaranch. Barcelona","isPartOf":{"@id":"https:\/\/www.museuolimpicbcn.cat\/ca\/#website"},"datePublished":"2017-10-23T22:00:00+00:00","dateModified":"2017-10-23T22:00:00+00:00","breadcrumb":{"@id":"https:\/\/www.museuolimpicbcn.cat\/es\/manana-ultimo-dia-de-inscripcion-del-forum-olimpico-25-aniversari-barcelona-92\/#breadcrumb"},"inLanguage":"es","potentialAction":[{"@type":"ReadAction","target":["https:\/\/www.museuolimpicbcn.cat\/es\/manana-ultimo-dia-de-inscripcion-del-forum-olimpico-25-aniversari-barcelona-92\/"]}]},{"@type":"BreadcrumbList","@id":"https:\/\/www.museuolimpicbcn.cat\/es\/manana-ultimo-dia-de-inscripcion-del-forum-olimpico-25-aniversari-barcelona-92\/#breadcrumb","itemListElement":[{"@type":"ListItem","position":1,"name":"Inici","item":"https:\/\/www.museuolimpicbcn.cat\/es\/"},{"@type":"ListItem","position":2,"name":"Ma\u00f1ana \u00faltimo d\u00eda de inscripci\u00f3n del F\u00f3rum Ol\u00edmpico: 25 aniversari Barcelona &#8217;92"}]},{"@type":"WebSite","@id":"https:\/\/www.museuolimpicbcn.cat\/ca\/#website","url":"https:\/\/www.museuolimpicbcn.cat\/ca\/","name":"Museu Ol\u00edmpic i de l&#039;Esport Joan Antoni Samaranch. Barcelona","description":"Altre lloc Web del Museu Ol\u00edmpic i de l&#039;Esport llocs","publisher":{"@id":"https:\/\/www.museuolimpicbcn.cat\/ca\/#organization"},"potentialAction":[{"@type":"SearchAction","target":{"@type":"EntryPoint","urlTemplate":"https:\/\/www.museuolimpicbcn.cat\/ca\/?s={search_term_string}"},"query-input":{"@type":"PropertyValueSpecification","valueRequired":true,"valueName":"search_term_string"}}],"inLanguage":"es"},{"@type":"Organization","@id":"https:\/\/www.museuolimpicbcn.cat\/ca\/#organization","name":"Museu Ol\u00edmpic i de l&#039;Esport Joan Antoni Samaranch. Barcelona","url":"https:\/\/www.museuolimpicbcn.cat\/ca\/","logo":{"@type":"ImageObject","inLanguage":"es","@id":"https:\/\/www.museuolimpicbcn.cat\/ca\/#\/schema\/logo\/image\/","url":"https:\/\/www.museuolimpicbcn.cat\/wp-content\/uploads\/sites\/2\/2018\/12\/logo-moe-header.svg","contentUrl":"https:\/\/www.museuolimpicbcn.cat\/wp-content\/uploads\/sites\/2\/2018\/12\/logo-moe-header.svg","caption":"Museu Ol\u00edmpic i de l&#039;Esport Joan Antoni Samaranch. Barcelona"},"image":{"@id":"https:\/\/www.museuolimpicbcn.cat\/ca\/#\/schema\/logo\/image\/"}},{"@type":"Person","@id":"https:\/\/www.museuolimpicbcn.cat\/ca\/#\/schema\/person\/d05705664e87aa04c6ce53d48133fb39","name":"useradmin","url":"https:\/\/www.museuolimpicbcn.cat\/es\/author\/useradmin\/"}]}},"_links":{"self":[{"href":"https:\/\/www.museuolimpicbcn.cat\/es\/wp-json\/wp\/v2\/posts\/14922"}],"collection":[{"href":"https:\/\/www.museuolimpicbcn.cat\/es\/wp-json\/wp\/v2\/posts"}],"about":[{"href":"https:\/\/www.museuolimpicbcn.cat\/es\/wp-json\/wp\/v2\/types\/post"}],"author":[{"embeddable":true,"href":"https:\/\/www.museuolimpicbcn.cat\/es\/wp-json\/wp\/v2\/users\/1"}],"replies":[{"embeddable":true,"href":"https:\/\/www.museuolimpicbcn.cat\/es\/wp-json\/wp\/v2\/comments?post=14922"}],"version-history":[{"count":0,"href":"https:\/\/www.museuolimpicbcn.cat\/es\/wp-json\/wp\/v2\/posts\/14922\/revisions"}],"wp:attachment":[{"href":"https:\/\/www.museuolimpicbcn.cat\/es\/wp-json\/wp\/v2\/media?parent=14922"}],"wp:term":[{"taxonomy":"category","embeddable":true,"href":"https:\/\/www.museuolimpicbcn.cat\/es\/wp-json\/wp\/v2\/categories?post=14922"},{"taxonomy":"post_tag","embeddable":true,"href":"https:\/\/www.museuolimpicbcn.cat\/es\/wp-json\/wp\/v2\/tags?post=14922"}],"curies":[{"name":"wp","href":"https:\/\/api.w.org\/{rel}","templated":true}]}}