{"id":15112,"date":"2017-12-15T00:00:00","date_gmt":"2017-12-14T23:00:00","guid":{"rendered":"http:\/\/dev.museuolimpicbcn.cat\/gracias-para-ayudarnos-a-hacer-la-navidad-mas-solidaria\/"},"modified":"2019-04-02T12:44:56","modified_gmt":"2019-04-02T10:44:56","slug":"gracias-para-ayudarnos-a-hacer-la-navidad-mas-solidaria","status":"publish","type":"post","link":"https:\/\/www.museuolimpicbcn.cat\/es\/gracias-para-ayudarnos-a-hacer-la-navidad-mas-solidaria\/","title":{"rendered":"Gracias para ayudarnos a hacer la Navidad m\u00e1s solidaria"},"content":{"rendered":"<p>Gracias a: Xavier Gimferrer y Ana Mar\u00eda Heriz, representantes de la Fundaci\u00f3n Ra\u00edces; Enric Blesa de Special Olympics, Albert Costa del Club de Tenis Barcelona, Llu\u00efsa Bertran de Buena Voluntad en Acci\u00f3n, M\u00aa Victoria de Arcilla del Real Club de Polo, Carlos Garc\u00eda de la Federaci\u00f3 Catalana de Voleibol, Antonio Reig Marta D\u00edez y Teia Ga\u00f1i\u00a0de la Coordinadora de Entidades del Poble Sec, Juanjo Luque del FC Barcelona, Georgina Rufo de Panteres Grogues y Anabel Campos de la Fundaci\u00f3 Barcelona Ol\u00edmpica.<\/p>\n<p>Tambi\u00e9n queremos hacer un especial agradecimiento a la periodista Mireia Vicente por su colaboraci\u00f3n.<\/p>\n","protected":false},"excerpt":{"rendered":"<p>Desde la Fundaci&oacute; Barcelona Ol&iacute;mpica queremos agradecer a las personas y las entidades colaboradoras de esta primera edici&oacute;n de Navidad solidaria Fundaci&oacute; Barcelona Ol&iacute;mpica.<\/p>\n<p>&nbsp;<\/p>\n","protected":false},"author":1,"featured_media":15113,"comment_status":"open","ping_status":"open","sticky":false,"template":"","format":"standard","meta":{"_acf_changed":false,"_price":"","_stock":"","_tribe_ticket_header":"","_tribe_default_ticket_provider":"","_tribe_ticket_capacity":"0","_ticket_start_date":"","_ticket_end_date":"","_tribe_ticket_show_description":"","_tribe_ticket_show_not_going":false,"_tribe_ticket_use_global_stock":"","_tribe_ticket_global_stock_level":"","_global_stock_mode":"","_global_stock_cap":"","_tribe_rsvp_for_event":"","_tribe_ticket_going_count":"","_tribe_ticket_not_going_count":"","_tribe_tickets_list":"[]","_tribe_ticket_has_attendee_info_fields":false,"footnotes":""},"categories":[3],"tags":[],"class_list":["post-15112","post","type-post","status-publish","format-standard","has-post-thumbnail","hentry","category-sin-categorizar"],"acf":[],"yoast_head":"<!-- This site is optimized with the Yoast SEO plugin v23.7 - https:\/\/yoast.com\/wordpress\/plugins\/seo\/ -->\n<title>Gracias para ayudarnos a hacer la Navidad m\u00e1s solidaria - Museu Ol\u00edmpic i de l&#039;Esport Joan Antoni Samaranch. Barcelona<\/title>\n<meta name=\"robots\" content=\"index, follow, max-snippet:-1, max-image-preview:large, max-video-preview:-1\" \/>\n<link rel=\"canonical\" href=\"https:\/\/www.museuolimpicbcn.cat\/es\/gracias-para-ayudarnos-a-hacer-la-navidad-mas-solidaria\/\" \/>\n<meta property=\"og:locale\" content=\"es_ES\" \/>\n<meta property=\"og:type\" content=\"article\" \/>\n<meta property=\"og:title\" content=\"Gracias para ayudarnos a hacer la Navidad m\u00e1s solidaria - Museu Ol\u00edmpic i de l&#039;Esport Joan Antoni Samaranch. Barcelona\" \/>\n<meta property=\"og:description\" content=\"Desde la Fundaci&oacute; Barcelona Ol&iacute;mpica queremos agradecer a las personas y las entidades colaboradoras de esta primera edici&oacute;n de Navidad solidaria Fundaci&oacute; Barcelona Ol&iacute;mpica. &nbsp;\" \/>\n<meta property=\"og:url\" content=\"https:\/\/www.museuolimpicbcn.cat\/es\/gracias-para-ayudarnos-a-hacer-la-navidad-mas-solidaria\/\" \/>\n<meta property=\"og:site_name\" content=\"Museu Ol\u00edmpic i de l&#039;Esport Joan Antoni Samaranch. Barcelona\" \/>\n<meta property=\"article:published_time\" content=\"2017-12-14T23:00:00+00:00\" \/>\n<meta property=\"article:modified_time\" content=\"2019-04-02T10:44:56+00:00\" \/>\n<meta property=\"og:image\" content=\"https:\/\/www.museuolimpicbcn.cat\/wp-content\/uploads\/sites\/2\/2019\/03\/Nadal-Solidari_12.JPG\" \/>\n\t<meta property=\"og:image:width\" content=\"600\" \/>\n\t<meta property=\"og:image:height\" content=\"407\" \/>\n\t<meta property=\"og:image:type\" content=\"image\/jpeg\" \/>\n<meta name=\"author\" content=\"useradmin\" \/>\n<meta name=\"twitter:card\" content=\"summary_large_image\" \/>\n<meta name=\"twitter:label1\" content=\"Escrito por\" \/>\n\t<meta name=\"twitter:data1\" content=\"useradmin\" \/>\n\t<meta name=\"twitter:label2\" content=\"Tiempo de lectura\" \/>\n\t<meta name=\"twitter:data2\" content=\"1 minuto\" \/>\n<script type=\"application\/ld+json\" class=\"yoast-schema-graph\">{\"@context\":\"https:\/\/schema.org\",\"@graph\":[{\"@type\":\"Article\",\"@id\":\"https:\/\/www.museuolimpicbcn.cat\/es\/gracias-para-ayudarnos-a-hacer-la-navidad-mas-solidaria\/#article\",\"isPartOf\":{\"@id\":\"https:\/\/www.museuolimpicbcn.cat\/es\/gracias-para-ayudarnos-a-hacer-la-navidad-mas-solidaria\/\"},\"author\":{\"name\":\"useradmin\",\"@id\":\"https:\/\/www.museuolimpicbcn.cat\/ca\/#\/schema\/person\/d05705664e87aa04c6ce53d48133fb39\"},\"headline\":\"Gracias para ayudarnos a hacer la Navidad m\u00e1s solidaria\",\"datePublished\":\"2017-12-14T23:00:00+00:00\",\"dateModified\":\"2019-04-02T10:44:56+00:00\",\"mainEntityOfPage\":{\"@id\":\"https:\/\/www.museuolimpicbcn.cat\/es\/gracias-para-ayudarnos-a-hacer-la-navidad-mas-solidaria\/\"},\"wordCount\":117,\"commentCount\":4,\"publisher\":{\"@id\":\"https:\/\/www.museuolimpicbcn.cat\/ca\/#organization\"},\"image\":{\"@id\":\"https:\/\/www.museuolimpicbcn.cat\/es\/gracias-para-ayudarnos-a-hacer-la-navidad-mas-solidaria\/#primaryimage\"},\"thumbnailUrl\":\"https:\/\/www.museuolimpicbcn.cat\/wp-content\/uploads\/sites\/2\/2019\/03\/Nadal-Solidari_12.JPG\",\"articleSection\":[\"Sin categorizar\"],\"inLanguage\":\"es\",\"potentialAction\":[{\"@type\":\"CommentAction\",\"name\":\"Comment\",\"target\":[\"https:\/\/www.museuolimpicbcn.cat\/es\/gracias-para-ayudarnos-a-hacer-la-navidad-mas-solidaria\/#respond\"]}]},{\"@type\":\"WebPage\",\"@id\":\"https:\/\/www.museuolimpicbcn.cat\/es\/gracias-para-ayudarnos-a-hacer-la-navidad-mas-solidaria\/\",\"url\":\"https:\/\/www.museuolimpicbcn.cat\/es\/gracias-para-ayudarnos-a-hacer-la-navidad-mas-solidaria\/\",\"name\":\"Gracias para ayudarnos a hacer la Navidad m\u00e1s solidaria - Museu Ol\u00edmpic i de l&#039;Esport Joan Antoni Samaranch. Barcelona\",\"isPartOf\":{\"@id\":\"https:\/\/www.museuolimpicbcn.cat\/ca\/#website\"},\"primaryImageOfPage\":{\"@id\":\"https:\/\/www.museuolimpicbcn.cat\/es\/gracias-para-ayudarnos-a-hacer-la-navidad-mas-solidaria\/#primaryimage\"},\"image\":{\"@id\":\"https:\/\/www.museuolimpicbcn.cat\/es\/gracias-para-ayudarnos-a-hacer-la-navidad-mas-solidaria\/#primaryimage\"},\"thumbnailUrl\":\"https:\/\/www.museuolimpicbcn.cat\/wp-content\/uploads\/sites\/2\/2019\/03\/Nadal-Solidari_12.JPG\",\"datePublished\":\"2017-12-14T23:00:00+00:00\",\"dateModified\":\"2019-04-02T10:44:56+00:00\",\"breadcrumb\":{\"@id\":\"https:\/\/www.museuolimpicbcn.cat\/es\/gracias-para-ayudarnos-a-hacer-la-navidad-mas-solidaria\/#breadcrumb\"},\"inLanguage\":\"es\",\"potentialAction\":[{\"@type\":\"ReadAction\",\"target\":[\"https:\/\/www.museuolimpicbcn.cat\/es\/gracias-para-ayudarnos-a-hacer-la-navidad-mas-solidaria\/\"]}]},{\"@type\":\"ImageObject\",\"inLanguage\":\"es\",\"@id\":\"https:\/\/www.museuolimpicbcn.cat\/es\/gracias-para-ayudarnos-a-hacer-la-navidad-mas-solidaria\/#primaryimage\",\"url\":\"https:\/\/www.museuolimpicbcn.cat\/wp-content\/uploads\/sites\/2\/2019\/03\/Nadal-Solidari_12.JPG\",\"contentUrl\":\"https:\/\/www.museuolimpicbcn.cat\/wp-content\/uploads\/sites\/2\/2019\/03\/Nadal-Solidari_12.JPG\",\"width\":600,\"height\":407},{\"@type\":\"BreadcrumbList\",\"@id\":\"https:\/\/www.museuolimpicbcn.cat\/es\/gracias-para-ayudarnos-a-hacer-la-navidad-mas-solidaria\/#breadcrumb\",\"itemListElement\":[{\"@type\":\"ListItem\",\"position\":1,\"name\":\"Inici\",\"item\":\"https:\/\/www.museuolimpicbcn.cat\/es\/\"},{\"@type\":\"ListItem\",\"position\":2,\"name\":\"Gracias para ayudarnos a hacer la Navidad m\u00e1s solidaria\"}]},{\"@type\":\"WebSite\",\"@id\":\"https:\/\/www.museuolimpicbcn.cat\/ca\/#website\",\"url\":\"https:\/\/www.museuolimpicbcn.cat\/ca\/\",\"name\":\"Museu Ol\u00edmpic i de l&#039;Esport Joan Antoni Samaranch. Barcelona\",\"description\":\"Altre lloc Web del Museu Ol\u00edmpic i de l&#039;Esport llocs\",\"publisher\":{\"@id\":\"https:\/\/www.museuolimpicbcn.cat\/ca\/#organization\"},\"potentialAction\":[{\"@type\":\"SearchAction\",\"target\":{\"@type\":\"EntryPoint\",\"urlTemplate\":\"https:\/\/www.museuolimpicbcn.cat\/ca\/?s={search_term_string}\"},\"query-input\":{\"@type\":\"PropertyValueSpecification\",\"valueRequired\":true,\"valueName\":\"search_term_string\"}}],\"inLanguage\":\"es\"},{\"@type\":\"Organization\",\"@id\":\"https:\/\/www.museuolimpicbcn.cat\/ca\/#organization\",\"name\":\"Museu Ol\u00edmpic i de l&#039;Esport Joan Antoni Samaranch. Barcelona\",\"url\":\"https:\/\/www.museuolimpicbcn.cat\/ca\/\",\"logo\":{\"@type\":\"ImageObject\",\"inLanguage\":\"es\",\"@id\":\"https:\/\/www.museuolimpicbcn.cat\/ca\/#\/schema\/logo\/image\/\",\"url\":\"https:\/\/www.museuolimpicbcn.cat\/wp-content\/uploads\/sites\/2\/2018\/12\/logo-moe-header.svg\",\"contentUrl\":\"https:\/\/www.museuolimpicbcn.cat\/wp-content\/uploads\/sites\/2\/2018\/12\/logo-moe-header.svg\",\"caption\":\"Museu Ol\u00edmpic i de l&#039;Esport Joan Antoni Samaranch. Barcelona\"},\"image\":{\"@id\":\"https:\/\/www.museuolimpicbcn.cat\/ca\/#\/schema\/logo\/image\/\"}},{\"@type\":\"Person\",\"@id\":\"https:\/\/www.museuolimpicbcn.cat\/ca\/#\/schema\/person\/d05705664e87aa04c6ce53d48133fb39\",\"name\":\"useradmin\",\"url\":\"https:\/\/www.museuolimpicbcn.cat\/es\/author\/useradmin\/\"}]}<\/script>\n<!-- \/ Yoast SEO plugin. -->","yoast_head_json":{"title":"Gracias para ayudarnos a hacer la Navidad m\u00e1s solidaria - Museu Ol\u00edmpic i de l&#039;Esport Joan Antoni Samaranch. Barcelona","robots":{"index":"index","follow":"follow","max-snippet":"max-snippet:-1","max-image-preview":"max-image-preview:large","max-video-preview":"max-video-preview:-1"},"canonical":"https:\/\/www.museuolimpicbcn.cat\/es\/gracias-para-ayudarnos-a-hacer-la-navidad-mas-solidaria\/","og_locale":"es_ES","og_type":"article","og_title":"Gracias para ayudarnos a hacer la Navidad m\u00e1s solidaria - Museu Ol\u00edmpic i de l&#039;Esport Joan Antoni Samaranch. Barcelona","og_description":"Desde la Fundaci&oacute; Barcelona Ol&iacute;mpica queremos agradecer a las personas y las entidades colaboradoras de esta primera edici&oacute;n de Navidad solidaria Fundaci&oacute; Barcelona Ol&iacute;mpica. &nbsp;","og_url":"https:\/\/www.museuolimpicbcn.cat\/es\/gracias-para-ayudarnos-a-hacer-la-navidad-mas-solidaria\/","og_site_name":"Museu Ol\u00edmpic i de l&#039;Esport Joan Antoni Samaranch. Barcelona","article_published_time":"2017-12-14T23:00:00+00:00","article_modified_time":"2019-04-02T10:44:56+00:00","og_image":[{"width":600,"height":407,"url":"https:\/\/www.museuolimpicbcn.cat\/wp-content\/uploads\/sites\/2\/2019\/03\/Nadal-Solidari_12.JPG","type":"image\/jpeg"}],"author":"useradmin","twitter_card":"summary_large_image","twitter_misc":{"Escrito por":"useradmin","Tiempo de lectura":"1 minuto"},"schema":{"@context":"https:\/\/schema.org","@graph":[{"@type":"Article","@id":"https:\/\/www.museuolimpicbcn.cat\/es\/gracias-para-ayudarnos-a-hacer-la-navidad-mas-solidaria\/#article","isPartOf":{"@id":"https:\/\/www.museuolimpicbcn.cat\/es\/gracias-para-ayudarnos-a-hacer-la-navidad-mas-solidaria\/"},"author":{"name":"useradmin","@id":"https:\/\/www.museuolimpicbcn.cat\/ca\/#\/schema\/person\/d05705664e87aa04c6ce53d48133fb39"},"headline":"Gracias para ayudarnos a hacer la Navidad m\u00e1s solidaria","datePublished":"2017-12-14T23:00:00+00:00","dateModified":"2019-04-02T10:44:56+00:00","mainEntityOfPage":{"@id":"https:\/\/www.museuolimpicbcn.cat\/es\/gracias-para-ayudarnos-a-hacer-la-navidad-mas-solidaria\/"},"wordCount":117,"commentCount":4,"publisher":{"@id":"https:\/\/www.museuolimpicbcn.cat\/ca\/#organization"},"image":{"@id":"https:\/\/www.museuolimpicbcn.cat\/es\/gracias-para-ayudarnos-a-hacer-la-navidad-mas-solidaria\/#primaryimage"},"thumbnailUrl":"https:\/\/www.museuolimpicbcn.cat\/wp-content\/uploads\/sites\/2\/2019\/03\/Nadal-Solidari_12.JPG","articleSection":["Sin categorizar"],"inLanguage":"es","potentialAction":[{"@type":"CommentAction","name":"Comment","target":["https:\/\/www.museuolimpicbcn.cat\/es\/gracias-para-ayudarnos-a-hacer-la-navidad-mas-solidaria\/#respond"]}]},{"@type":"WebPage","@id":"https:\/\/www.museuolimpicbcn.cat\/es\/gracias-para-ayudarnos-a-hacer-la-navidad-mas-solidaria\/","url":"https:\/\/www.museuolimpicbcn.cat\/es\/gracias-para-ayudarnos-a-hacer-la-navidad-mas-solidaria\/","name":"Gracias para ayudarnos a hacer la Navidad m\u00e1s solidaria - Museu Ol\u00edmpic i de l&#039;Esport Joan Antoni Samaranch. Barcelona","isPartOf":{"@id":"https:\/\/www.museuolimpicbcn.cat\/ca\/#website"},"primaryImageOfPage":{"@id":"https:\/\/www.museuolimpicbcn.cat\/es\/gracias-para-ayudarnos-a-hacer-la-navidad-mas-solidaria\/#primaryimage"},"image":{"@id":"https:\/\/www.museuolimpicbcn.cat\/es\/gracias-para-ayudarnos-a-hacer-la-navidad-mas-solidaria\/#primaryimage"},"thumbnailUrl":"https:\/\/www.museuolimpicbcn.cat\/wp-content\/uploads\/sites\/2\/2019\/03\/Nadal-Solidari_12.JPG","datePublished":"2017-12-14T23:00:00+00:00","dateModified":"2019-04-02T10:44:56+00:00","breadcrumb":{"@id":"https:\/\/www.museuolimpicbcn.cat\/es\/gracias-para-ayudarnos-a-hacer-la-navidad-mas-solidaria\/#breadcrumb"},"inLanguage":"es","potentialAction":[{"@type":"ReadAction","target":["https:\/\/www.museuolimpicbcn.cat\/es\/gracias-para-ayudarnos-a-hacer-la-navidad-mas-solidaria\/"]}]},{"@type":"ImageObject","inLanguage":"es","@id":"https:\/\/www.museuolimpicbcn.cat\/es\/gracias-para-ayudarnos-a-hacer-la-navidad-mas-solidaria\/#primaryimage","url":"https:\/\/www.museuolimpicbcn.cat\/wp-content\/uploads\/sites\/2\/2019\/03\/Nadal-Solidari_12.JPG","contentUrl":"https:\/\/www.museuolimpicbcn.cat\/wp-content\/uploads\/sites\/2\/2019\/03\/Nadal-Solidari_12.JPG","width":600,"height":407},{"@type":"BreadcrumbList","@id":"https:\/\/www.museuolimpicbcn.cat\/es\/gracias-para-ayudarnos-a-hacer-la-navidad-mas-solidaria\/#breadcrumb","itemListElement":[{"@type":"ListItem","position":1,"name":"Inici","item":"https:\/\/www.museuolimpicbcn.cat\/es\/"},{"@type":"ListItem","position":2,"name":"Gracias para ayudarnos a hacer la Navidad m\u00e1s solidaria"}]},{"@type":"WebSite","@id":"https:\/\/www.museuolimpicbcn.cat\/ca\/#website","url":"https:\/\/www.museuolimpicbcn.cat\/ca\/","name":"Museu Ol\u00edmpic i de l&#039;Esport Joan Antoni Samaranch. Barcelona","description":"Altre lloc Web del Museu Ol\u00edmpic i de l&#039;Esport llocs","publisher":{"@id":"https:\/\/www.museuolimpicbcn.cat\/ca\/#organization"},"potentialAction":[{"@type":"SearchAction","target":{"@type":"EntryPoint","urlTemplate":"https:\/\/www.museuolimpicbcn.cat\/ca\/?s={search_term_string}"},"query-input":{"@type":"PropertyValueSpecification","valueRequired":true,"valueName":"search_term_string"}}],"inLanguage":"es"},{"@type":"Organization","@id":"https:\/\/www.museuolimpicbcn.cat\/ca\/#organization","name":"Museu Ol\u00edmpic i de l&#039;Esport Joan Antoni Samaranch. Barcelona","url":"https:\/\/www.museuolimpicbcn.cat\/ca\/","logo":{"@type":"ImageObject","inLanguage":"es","@id":"https:\/\/www.museuolimpicbcn.cat\/ca\/#\/schema\/logo\/image\/","url":"https:\/\/www.museuolimpicbcn.cat\/wp-content\/uploads\/sites\/2\/2018\/12\/logo-moe-header.svg","contentUrl":"https:\/\/www.museuolimpicbcn.cat\/wp-content\/uploads\/sites\/2\/2018\/12\/logo-moe-header.svg","caption":"Museu Ol\u00edmpic i de l&#039;Esport Joan Antoni Samaranch. Barcelona"},"image":{"@id":"https:\/\/www.museuolimpicbcn.cat\/ca\/#\/schema\/logo\/image\/"}},{"@type":"Person","@id":"https:\/\/www.museuolimpicbcn.cat\/ca\/#\/schema\/person\/d05705664e87aa04c6ce53d48133fb39","name":"useradmin","url":"https:\/\/www.museuolimpicbcn.cat\/es\/author\/useradmin\/"}]}},"_links":{"self":[{"href":"https:\/\/www.museuolimpicbcn.cat\/es\/wp-json\/wp\/v2\/posts\/15112"}],"collection":[{"href":"https:\/\/www.museuolimpicbcn.cat\/es\/wp-json\/wp\/v2\/posts"}],"about":[{"href":"https:\/\/www.museuolimpicbcn.cat\/es\/wp-json\/wp\/v2\/types\/post"}],"author":[{"embeddable":true,"href":"https:\/\/www.museuolimpicbcn.cat\/es\/wp-json\/wp\/v2\/users\/1"}],"replies":[{"embeddable":true,"href":"https:\/\/www.museuolimpicbcn.cat\/es\/wp-json\/wp\/v2\/comments?post=15112"}],"version-history":[{"count":1,"href":"https:\/\/www.museuolimpicbcn.cat\/es\/wp-json\/wp\/v2\/posts\/15112\/revisions"}],"predecessor-version":[{"id":17334,"href":"https:\/\/www.museuolimpicbcn.cat\/es\/wp-json\/wp\/v2\/posts\/15112\/revisions\/17334"}],"wp:featuredmedia":[{"embeddable":true,"href":"https:\/\/www.museuolimpicbcn.cat\/es\/wp-json\/wp\/v2\/media\/15113"}],"wp:attachment":[{"href":"https:\/\/www.museuolimpicbcn.cat\/es\/wp-json\/wp\/v2\/media?parent=15112"}],"wp:term":[{"taxonomy":"category","embeddable":true,"href":"https:\/\/www.museuolimpicbcn.cat\/es\/wp-json\/wp\/v2\/categories?post=15112"},{"taxonomy":"post_tag","embeddable":true,"href":"https:\/\/www.museuolimpicbcn.cat\/es\/wp-json\/wp\/v2\/tags?post=15112"}],"curies":[{"name":"wp","href":"https:\/\/api.w.org\/{rel}","templated":true}]}}