{"id":15311,"date":"2018-04-05T00:00:00","date_gmt":"2018-04-04T22:00:00","guid":{"rendered":"http:\/\/dev.museuolimpicbcn.cat\/inaugurado-el-nuevo-espacio-del-ceo-samaranch\/"},"modified":"2019-04-02T12:09:49","modified_gmt":"2019-04-02T10:09:49","slug":"inaugurado-el-nuevo-espacio-del-ceo-samaranch","status":"publish","type":"post","link":"https:\/\/www.museuolimpicbcn.cat\/es\/inaugurado-el-nuevo-espacio-del-ceo-samaranch\/","title":{"rendered":"Inaugurado el nuevo espacio del CEO &#8211; Samaranch"},"content":{"rendered":"<p>El nuevo espacio, ubicado en un espacio del conjunto modernista de la Font del Gat, cuenta con un fondo bibliogr\u00e0fico de m\u00e1s de 10.000 libros, entre los cuales destacan; la colecci\u00f3n personal de Joan Antoni Samaranch,, las Memorias Oficiales y documentaci\u00f3n de todos los Juegos Ol\u00edmpicos celebrados hasta ahora, bibliograf\u00eda valiosa sobre el deporte y el olimpismo\u00a0 o donaciones de personalidades relevantes del mundo del deporte., como la del periodista Javier del Arco. Una compilaci\u00f3n que permite viajar a trav\u00e9s del fen\u00f3meno deportivo de los \u00faltimos siglos.<\/p>\n<p>La biblioteca de consulta esta debidamente protegida en una c\u00e1mara para mantener una temperatura adecuada para su conservaci\u00f3n. Este Centro naci\u00f3 en el a\u00f1o 2011 con dos colecciones principales, la del COOB\u201992 (fundamental para preservar vivo el legado de Barcelona\u201992) y la biblioteca personal del expresidentes del CIO, Joan Antoni Samaranch. Alberto rag\u00f3n, coordinador del CEO, ha sido el encargado de presentar y mostrar el espacio a los asssitentes.<\/p>\n","protected":false},"excerpt":{"rendered":"<p>Se han inaugurado las nuevas instalaciones del Centre d&rsquo;Estudis Ol&iacute;mpics Joan Antoni Samaranch. El acto ha estado presidido por Marta Carranza, presidenta de la Fundaci&oacute;n Barcelona Ol&iacute;mpica, quien ha destacado la a ayuda que proporciona esre centro para que el deporte sea tambi&eacute;n cultura.&nbsp;<\/p>\n<p>&nbsp;<\/p>\n","protected":false},"author":1,"featured_media":15327,"comment_status":"open","ping_status":"open","sticky":false,"template":"","format":"standard","meta":{"_acf_changed":false,"_price":"","_stock":"","_tribe_ticket_header":"","_tribe_default_ticket_provider":"","_tribe_ticket_capacity":"0","_ticket_start_date":"","_ticket_end_date":"","_tribe_ticket_show_description":"","_tribe_ticket_show_not_going":false,"_tribe_ticket_use_global_stock":"","_tribe_ticket_global_stock_level":"","_global_stock_mode":"","_global_stock_cap":"","_tribe_rsvp_for_event":"","_tribe_ticket_going_count":"","_tribe_ticket_not_going_count":"","_tribe_tickets_list":"[]","_tribe_ticket_has_attendee_info_fields":false,"footnotes":""},"categories":[3],"tags":[],"class_list":["post-15311","post","type-post","status-publish","format-standard","has-post-thumbnail","hentry","category-sin-categorizar"],"acf":[],"yoast_head":"<!-- This site is optimized with the Yoast SEO plugin v23.7 - https:\/\/yoast.com\/wordpress\/plugins\/seo\/ -->\n<title>Inaugurado el nuevo espacio del CEO - Samaranch - Museu Ol\u00edmpic i de l&#039;Esport Joan Antoni Samaranch. Barcelona<\/title>\n<meta name=\"robots\" content=\"index, follow, max-snippet:-1, max-image-preview:large, max-video-preview:-1\" \/>\n<link rel=\"canonical\" href=\"https:\/\/www.museuolimpicbcn.cat\/es\/inaugurado-el-nuevo-espacio-del-ceo-samaranch\/\" \/>\n<meta property=\"og:locale\" content=\"es_ES\" \/>\n<meta property=\"og:type\" content=\"article\" \/>\n<meta property=\"og:title\" content=\"Inaugurado el nuevo espacio del CEO - Samaranch - Museu Ol\u00edmpic i de l&#039;Esport Joan Antoni Samaranch. Barcelona\" \/>\n<meta property=\"og:description\" content=\"Se han inaugurado las nuevas instalaciones del Centre d&rsquo;Estudis Ol&iacute;mpics Joan Antoni Samaranch. El acto ha estado presidido por Marta Carranza, presidenta de la Fundaci&oacute;n Barcelona Ol&iacute;mpica, quien ha destacado la a ayuda que proporciona esre centro para que el deporte sea tambi&eacute;n cultura.&nbsp; &nbsp;\" \/>\n<meta property=\"og:url\" content=\"https:\/\/www.museuolimpicbcn.cat\/es\/inaugurado-el-nuevo-espacio-del-ceo-samaranch\/\" \/>\n<meta property=\"og:site_name\" content=\"Museu Ol\u00edmpic i de l&#039;Esport Joan Antoni Samaranch. Barcelona\" \/>\n<meta property=\"article:published_time\" content=\"2018-04-04T22:00:00+00:00\" \/>\n<meta property=\"article:modified_time\" content=\"2019-04-02T10:09:49+00:00\" \/>\n<meta property=\"og:image\" content=\"https:\/\/www.museuolimpicbcn.cat\/wp-content\/uploads\/sites\/2\/2019\/03\/CEO-INAUGURACIO_9.JPG\" \/>\n\t<meta property=\"og:image:width\" content=\"600\" \/>\n\t<meta property=\"og:image:height\" content=\"596\" \/>\n\t<meta property=\"og:image:type\" content=\"image\/jpeg\" \/>\n<meta name=\"author\" content=\"useradmin\" \/>\n<meta name=\"twitter:card\" content=\"summary_large_image\" \/>\n<meta name=\"twitter:label1\" content=\"Escrito por\" \/>\n\t<meta name=\"twitter:data1\" content=\"useradmin\" \/>\n\t<meta name=\"twitter:label2\" content=\"Tiempo de lectura\" \/>\n\t<meta name=\"twitter:data2\" content=\"1 minuto\" \/>\n<script type=\"application\/ld+json\" class=\"yoast-schema-graph\">{\"@context\":\"https:\/\/schema.org\",\"@graph\":[{\"@type\":\"Article\",\"@id\":\"https:\/\/www.museuolimpicbcn.cat\/es\/inaugurado-el-nuevo-espacio-del-ceo-samaranch\/#article\",\"isPartOf\":{\"@id\":\"https:\/\/www.museuolimpicbcn.cat\/es\/inaugurado-el-nuevo-espacio-del-ceo-samaranch\/\"},\"author\":{\"name\":\"useradmin\",\"@id\":\"https:\/\/www.museuolimpicbcn.cat\/ca\/#\/schema\/person\/d05705664e87aa04c6ce53d48133fb39\"},\"headline\":\"Inaugurado el nuevo espacio del CEO &#8211; Samaranch\",\"datePublished\":\"2018-04-04T22:00:00+00:00\",\"dateModified\":\"2019-04-02T10:09:49+00:00\",\"mainEntityOfPage\":{\"@id\":\"https:\/\/www.museuolimpicbcn.cat\/es\/inaugurado-el-nuevo-espacio-del-ceo-samaranch\/\"},\"wordCount\":175,\"commentCount\":3,\"publisher\":{\"@id\":\"https:\/\/www.museuolimpicbcn.cat\/ca\/#organization\"},\"image\":{\"@id\":\"https:\/\/www.museuolimpicbcn.cat\/es\/inaugurado-el-nuevo-espacio-del-ceo-samaranch\/#primaryimage\"},\"thumbnailUrl\":\"https:\/\/www.museuolimpicbcn.cat\/wp-content\/uploads\/sites\/2\/2019\/03\/CEO-INAUGURACIO_9.JPG\",\"articleSection\":[\"Sin categorizar\"],\"inLanguage\":\"es\",\"potentialAction\":[{\"@type\":\"CommentAction\",\"name\":\"Comment\",\"target\":[\"https:\/\/www.museuolimpicbcn.cat\/es\/inaugurado-el-nuevo-espacio-del-ceo-samaranch\/#respond\"]}]},{\"@type\":\"WebPage\",\"@id\":\"https:\/\/www.museuolimpicbcn.cat\/es\/inaugurado-el-nuevo-espacio-del-ceo-samaranch\/\",\"url\":\"https:\/\/www.museuolimpicbcn.cat\/es\/inaugurado-el-nuevo-espacio-del-ceo-samaranch\/\",\"name\":\"Inaugurado el nuevo espacio del CEO - Samaranch - Museu Ol\u00edmpic i de l&#039;Esport Joan Antoni Samaranch. Barcelona\",\"isPartOf\":{\"@id\":\"https:\/\/www.museuolimpicbcn.cat\/ca\/#website\"},\"primaryImageOfPage\":{\"@id\":\"https:\/\/www.museuolimpicbcn.cat\/es\/inaugurado-el-nuevo-espacio-del-ceo-samaranch\/#primaryimage\"},\"image\":{\"@id\":\"https:\/\/www.museuolimpicbcn.cat\/es\/inaugurado-el-nuevo-espacio-del-ceo-samaranch\/#primaryimage\"},\"thumbnailUrl\":\"https:\/\/www.museuolimpicbcn.cat\/wp-content\/uploads\/sites\/2\/2019\/03\/CEO-INAUGURACIO_9.JPG\",\"datePublished\":\"2018-04-04T22:00:00+00:00\",\"dateModified\":\"2019-04-02T10:09:49+00:00\",\"breadcrumb\":{\"@id\":\"https:\/\/www.museuolimpicbcn.cat\/es\/inaugurado-el-nuevo-espacio-del-ceo-samaranch\/#breadcrumb\"},\"inLanguage\":\"es\",\"potentialAction\":[{\"@type\":\"ReadAction\",\"target\":[\"https:\/\/www.museuolimpicbcn.cat\/es\/inaugurado-el-nuevo-espacio-del-ceo-samaranch\/\"]}]},{\"@type\":\"ImageObject\",\"inLanguage\":\"es\",\"@id\":\"https:\/\/www.museuolimpicbcn.cat\/es\/inaugurado-el-nuevo-espacio-del-ceo-samaranch\/#primaryimage\",\"url\":\"https:\/\/www.museuolimpicbcn.cat\/wp-content\/uploads\/sites\/2\/2019\/03\/CEO-INAUGURACIO_9.JPG\",\"contentUrl\":\"https:\/\/www.museuolimpicbcn.cat\/wp-content\/uploads\/sites\/2\/2019\/03\/CEO-INAUGURACIO_9.JPG\",\"width\":600,\"height\":596},{\"@type\":\"BreadcrumbList\",\"@id\":\"https:\/\/www.museuolimpicbcn.cat\/es\/inaugurado-el-nuevo-espacio-del-ceo-samaranch\/#breadcrumb\",\"itemListElement\":[{\"@type\":\"ListItem\",\"position\":1,\"name\":\"Inici\",\"item\":\"https:\/\/www.museuolimpicbcn.cat\/es\/\"},{\"@type\":\"ListItem\",\"position\":2,\"name\":\"Inaugurado el nuevo espacio del CEO &#8211; Samaranch\"}]},{\"@type\":\"WebSite\",\"@id\":\"https:\/\/www.museuolimpicbcn.cat\/ca\/#website\",\"url\":\"https:\/\/www.museuolimpicbcn.cat\/ca\/\",\"name\":\"Museu Ol\u00edmpic i de l&#039;Esport Joan Antoni Samaranch. Barcelona\",\"description\":\"Altre lloc Web del Museu Ol\u00edmpic i de l&#039;Esport llocs\",\"publisher\":{\"@id\":\"https:\/\/www.museuolimpicbcn.cat\/ca\/#organization\"},\"potentialAction\":[{\"@type\":\"SearchAction\",\"target\":{\"@type\":\"EntryPoint\",\"urlTemplate\":\"https:\/\/www.museuolimpicbcn.cat\/ca\/?s={search_term_string}\"},\"query-input\":{\"@type\":\"PropertyValueSpecification\",\"valueRequired\":true,\"valueName\":\"search_term_string\"}}],\"inLanguage\":\"es\"},{\"@type\":\"Organization\",\"@id\":\"https:\/\/www.museuolimpicbcn.cat\/ca\/#organization\",\"name\":\"Museu Ol\u00edmpic i de l&#039;Esport Joan Antoni Samaranch. Barcelona\",\"url\":\"https:\/\/www.museuolimpicbcn.cat\/ca\/\",\"logo\":{\"@type\":\"ImageObject\",\"inLanguage\":\"es\",\"@id\":\"https:\/\/www.museuolimpicbcn.cat\/ca\/#\/schema\/logo\/image\/\",\"url\":\"https:\/\/www.museuolimpicbcn.cat\/wp-content\/uploads\/sites\/2\/2018\/12\/logo-moe-header.svg\",\"contentUrl\":\"https:\/\/www.museuolimpicbcn.cat\/wp-content\/uploads\/sites\/2\/2018\/12\/logo-moe-header.svg\",\"caption\":\"Museu Ol\u00edmpic i de l&#039;Esport Joan Antoni Samaranch. Barcelona\"},\"image\":{\"@id\":\"https:\/\/www.museuolimpicbcn.cat\/ca\/#\/schema\/logo\/image\/\"}},{\"@type\":\"Person\",\"@id\":\"https:\/\/www.museuolimpicbcn.cat\/ca\/#\/schema\/person\/d05705664e87aa04c6ce53d48133fb39\",\"name\":\"useradmin\",\"url\":\"https:\/\/www.museuolimpicbcn.cat\/es\/author\/useradmin\/\"}]}<\/script>\n<!-- \/ Yoast SEO plugin. -->","yoast_head_json":{"title":"Inaugurado el nuevo espacio del CEO - Samaranch - Museu Ol\u00edmpic i de l&#039;Esport Joan Antoni Samaranch. Barcelona","robots":{"index":"index","follow":"follow","max-snippet":"max-snippet:-1","max-image-preview":"max-image-preview:large","max-video-preview":"max-video-preview:-1"},"canonical":"https:\/\/www.museuolimpicbcn.cat\/es\/inaugurado-el-nuevo-espacio-del-ceo-samaranch\/","og_locale":"es_ES","og_type":"article","og_title":"Inaugurado el nuevo espacio del CEO - Samaranch - Museu Ol\u00edmpic i de l&#039;Esport Joan Antoni Samaranch. Barcelona","og_description":"Se han inaugurado las nuevas instalaciones del Centre d&rsquo;Estudis Ol&iacute;mpics Joan Antoni Samaranch. El acto ha estado presidido por Marta Carranza, presidenta de la Fundaci&oacute;n Barcelona Ol&iacute;mpica, quien ha destacado la a ayuda que proporciona esre centro para que el deporte sea tambi&eacute;n cultura.&nbsp; &nbsp;","og_url":"https:\/\/www.museuolimpicbcn.cat\/es\/inaugurado-el-nuevo-espacio-del-ceo-samaranch\/","og_site_name":"Museu Ol\u00edmpic i de l&#039;Esport Joan Antoni Samaranch. Barcelona","article_published_time":"2018-04-04T22:00:00+00:00","article_modified_time":"2019-04-02T10:09:49+00:00","og_image":[{"width":600,"height":596,"url":"https:\/\/www.museuolimpicbcn.cat\/wp-content\/uploads\/sites\/2\/2019\/03\/CEO-INAUGURACIO_9.JPG","type":"image\/jpeg"}],"author":"useradmin","twitter_card":"summary_large_image","twitter_misc":{"Escrito por":"useradmin","Tiempo de lectura":"1 minuto"},"schema":{"@context":"https:\/\/schema.org","@graph":[{"@type":"Article","@id":"https:\/\/www.museuolimpicbcn.cat\/es\/inaugurado-el-nuevo-espacio-del-ceo-samaranch\/#article","isPartOf":{"@id":"https:\/\/www.museuolimpicbcn.cat\/es\/inaugurado-el-nuevo-espacio-del-ceo-samaranch\/"},"author":{"name":"useradmin","@id":"https:\/\/www.museuolimpicbcn.cat\/ca\/#\/schema\/person\/d05705664e87aa04c6ce53d48133fb39"},"headline":"Inaugurado el nuevo espacio del CEO &#8211; Samaranch","datePublished":"2018-04-04T22:00:00+00:00","dateModified":"2019-04-02T10:09:49+00:00","mainEntityOfPage":{"@id":"https:\/\/www.museuolimpicbcn.cat\/es\/inaugurado-el-nuevo-espacio-del-ceo-samaranch\/"},"wordCount":175,"commentCount":3,"publisher":{"@id":"https:\/\/www.museuolimpicbcn.cat\/ca\/#organization"},"image":{"@id":"https:\/\/www.museuolimpicbcn.cat\/es\/inaugurado-el-nuevo-espacio-del-ceo-samaranch\/#primaryimage"},"thumbnailUrl":"https:\/\/www.museuolimpicbcn.cat\/wp-content\/uploads\/sites\/2\/2019\/03\/CEO-INAUGURACIO_9.JPG","articleSection":["Sin categorizar"],"inLanguage":"es","potentialAction":[{"@type":"CommentAction","name":"Comment","target":["https:\/\/www.museuolimpicbcn.cat\/es\/inaugurado-el-nuevo-espacio-del-ceo-samaranch\/#respond"]}]},{"@type":"WebPage","@id":"https:\/\/www.museuolimpicbcn.cat\/es\/inaugurado-el-nuevo-espacio-del-ceo-samaranch\/","url":"https:\/\/www.museuolimpicbcn.cat\/es\/inaugurado-el-nuevo-espacio-del-ceo-samaranch\/","name":"Inaugurado el nuevo espacio del CEO - Samaranch - Museu Ol\u00edmpic i de l&#039;Esport Joan Antoni Samaranch. Barcelona","isPartOf":{"@id":"https:\/\/www.museuolimpicbcn.cat\/ca\/#website"},"primaryImageOfPage":{"@id":"https:\/\/www.museuolimpicbcn.cat\/es\/inaugurado-el-nuevo-espacio-del-ceo-samaranch\/#primaryimage"},"image":{"@id":"https:\/\/www.museuolimpicbcn.cat\/es\/inaugurado-el-nuevo-espacio-del-ceo-samaranch\/#primaryimage"},"thumbnailUrl":"https:\/\/www.museuolimpicbcn.cat\/wp-content\/uploads\/sites\/2\/2019\/03\/CEO-INAUGURACIO_9.JPG","datePublished":"2018-04-04T22:00:00+00:00","dateModified":"2019-04-02T10:09:49+00:00","breadcrumb":{"@id":"https:\/\/www.museuolimpicbcn.cat\/es\/inaugurado-el-nuevo-espacio-del-ceo-samaranch\/#breadcrumb"},"inLanguage":"es","potentialAction":[{"@type":"ReadAction","target":["https:\/\/www.museuolimpicbcn.cat\/es\/inaugurado-el-nuevo-espacio-del-ceo-samaranch\/"]}]},{"@type":"ImageObject","inLanguage":"es","@id":"https:\/\/www.museuolimpicbcn.cat\/es\/inaugurado-el-nuevo-espacio-del-ceo-samaranch\/#primaryimage","url":"https:\/\/www.museuolimpicbcn.cat\/wp-content\/uploads\/sites\/2\/2019\/03\/CEO-INAUGURACIO_9.JPG","contentUrl":"https:\/\/www.museuolimpicbcn.cat\/wp-content\/uploads\/sites\/2\/2019\/03\/CEO-INAUGURACIO_9.JPG","width":600,"height":596},{"@type":"BreadcrumbList","@id":"https:\/\/www.museuolimpicbcn.cat\/es\/inaugurado-el-nuevo-espacio-del-ceo-samaranch\/#breadcrumb","itemListElement":[{"@type":"ListItem","position":1,"name":"Inici","item":"https:\/\/www.museuolimpicbcn.cat\/es\/"},{"@type":"ListItem","position":2,"name":"Inaugurado el nuevo espacio del CEO &#8211; Samaranch"}]},{"@type":"WebSite","@id":"https:\/\/www.museuolimpicbcn.cat\/ca\/#website","url":"https:\/\/www.museuolimpicbcn.cat\/ca\/","name":"Museu Ol\u00edmpic i de l&#039;Esport Joan Antoni Samaranch. Barcelona","description":"Altre lloc Web del Museu Ol\u00edmpic i de l&#039;Esport llocs","publisher":{"@id":"https:\/\/www.museuolimpicbcn.cat\/ca\/#organization"},"potentialAction":[{"@type":"SearchAction","target":{"@type":"EntryPoint","urlTemplate":"https:\/\/www.museuolimpicbcn.cat\/ca\/?s={search_term_string}"},"query-input":{"@type":"PropertyValueSpecification","valueRequired":true,"valueName":"search_term_string"}}],"inLanguage":"es"},{"@type":"Organization","@id":"https:\/\/www.museuolimpicbcn.cat\/ca\/#organization","name":"Museu Ol\u00edmpic i de l&#039;Esport Joan Antoni Samaranch. Barcelona","url":"https:\/\/www.museuolimpicbcn.cat\/ca\/","logo":{"@type":"ImageObject","inLanguage":"es","@id":"https:\/\/www.museuolimpicbcn.cat\/ca\/#\/schema\/logo\/image\/","url":"https:\/\/www.museuolimpicbcn.cat\/wp-content\/uploads\/sites\/2\/2018\/12\/logo-moe-header.svg","contentUrl":"https:\/\/www.museuolimpicbcn.cat\/wp-content\/uploads\/sites\/2\/2018\/12\/logo-moe-header.svg","caption":"Museu Ol\u00edmpic i de l&#039;Esport Joan Antoni Samaranch. Barcelona"},"image":{"@id":"https:\/\/www.museuolimpicbcn.cat\/ca\/#\/schema\/logo\/image\/"}},{"@type":"Person","@id":"https:\/\/www.museuolimpicbcn.cat\/ca\/#\/schema\/person\/d05705664e87aa04c6ce53d48133fb39","name":"useradmin","url":"https:\/\/www.museuolimpicbcn.cat\/es\/author\/useradmin\/"}]}},"_links":{"self":[{"href":"https:\/\/www.museuolimpicbcn.cat\/es\/wp-json\/wp\/v2\/posts\/15311"}],"collection":[{"href":"https:\/\/www.museuolimpicbcn.cat\/es\/wp-json\/wp\/v2\/posts"}],"about":[{"href":"https:\/\/www.museuolimpicbcn.cat\/es\/wp-json\/wp\/v2\/types\/post"}],"author":[{"embeddable":true,"href":"https:\/\/www.museuolimpicbcn.cat\/es\/wp-json\/wp\/v2\/users\/1"}],"replies":[{"embeddable":true,"href":"https:\/\/www.museuolimpicbcn.cat\/es\/wp-json\/wp\/v2\/comments?post=15311"}],"version-history":[{"count":1,"href":"https:\/\/www.museuolimpicbcn.cat\/es\/wp-json\/wp\/v2\/posts\/15311\/revisions"}],"predecessor-version":[{"id":17314,"href":"https:\/\/www.museuolimpicbcn.cat\/es\/wp-json\/wp\/v2\/posts\/15311\/revisions\/17314"}],"wp:featuredmedia":[{"embeddable":true,"href":"https:\/\/www.museuolimpicbcn.cat\/es\/wp-json\/wp\/v2\/media\/15327"}],"wp:attachment":[{"href":"https:\/\/www.museuolimpicbcn.cat\/es\/wp-json\/wp\/v2\/media?parent=15311"}],"wp:term":[{"taxonomy":"category","embeddable":true,"href":"https:\/\/www.museuolimpicbcn.cat\/es\/wp-json\/wp\/v2\/categories?post=15311"},{"taxonomy":"post_tag","embeddable":true,"href":"https:\/\/www.museuolimpicbcn.cat\/es\/wp-json\/wp\/v2\/tags?post=15311"}],"curies":[{"name":"wp","href":"https:\/\/api.w.org\/{rel}","templated":true}]}}