{"id":15342,"date":"2018-04-19T00:00:00","date_gmt":"2018-04-18T22:00:00","guid":{"rendered":"http:\/\/dev.museuolimpicbcn.cat\/se-presenta-la-historia-del-estadio-de-montjuic-1929-1992\/"},"modified":"2019-04-02T12:07:24","modified_gmt":"2019-04-02T10:07:24","slug":"se-presenta-la-historia-del-estadio-de-montjuic-1929-1992","status":"publish","type":"post","link":"https:\/\/www.museuolimpicbcn.cat\/es\/se-presenta-la-historia-del-estadio-de-montjuic-1929-1992\/","title":{"rendered":"Se presenta la historia del Estadio de Montju\u00efc (1929-1992)"},"content":{"rendered":"<p>El acto ha contado con la presencia de Marta Carranza, presidenta de la Fundaci\u00f3 Barcelona Ol\u00edmpica y comisionada de Deportes del Ayuntamiento de Barcelona, junto con personalidades \u2014del mundo de la pol\u00edtica municipal, deportistas o gestores\u2014 ligados a la vida del Estadio Ol\u00edmpico Llu\u00eds Companys<\/p>\n<p>El libro hace un recorrido por la vida del Estadio Ol\u00edmpico de Montju\u00efc; desde su construcci\u00f3n el a\u00f1o 1929, hasta el 1992, cuando se convierte en el n\u00facleo central de los Juegos Ol\u00edmpicos de Barcelona\u201992.<\/p>\n<p>El libro analiza cronol\u00f3gicamente las diferentes etapas por las que ha pasado el Estadio a lo largo de su existencia: sus or\u00edgenes, la postguerra, los Juegos Mediterr\u00e1neos, la apuesta ol\u00edmpica con la llegada de la democracia, etc. hasta llegar al Estadio y los Juegos Ol\u00edmpicos del 1992.<\/p>\n<p>Un repaso enriquecedor por la vida de uno de los s\u00edmbolos de la ciudad Condal y que ha acogido los eventos m\u00e1s importantes que se han organizado en Barcelona.<\/p>\n<p>&nbsp;<\/p>\n","protected":false},"excerpt":{"rendered":"<p>El Auditorio Grande del Museu Ol&iacute;mpic i de l&rsquo;Esport Joan Antoni Samaranch, ha acogido la presentaci&oacute;n del libro &ldquo;L&rsquo;Estadi de Montju&iuml;c&rdquo;, escrito por Juli Pernas, director de la Fundaci&oacute;n Barcelona Ol&iacute;mpica y Joan Manel Surroca.<\/p>\n<p>&nbsp;<\/p>\n","protected":false},"author":1,"featured_media":15343,"comment_status":"open","ping_status":"open","sticky":false,"template":"","format":"standard","meta":{"_acf_changed":false,"_price":"","_stock":"","_tribe_ticket_header":"","_tribe_default_ticket_provider":"","_tribe_ticket_capacity":"0","_ticket_start_date":"","_ticket_end_date":"","_tribe_ticket_show_description":"","_tribe_ticket_show_not_going":false,"_tribe_ticket_use_global_stock":"","_tribe_ticket_global_stock_level":"","_global_stock_mode":"","_global_stock_cap":"","_tribe_rsvp_for_event":"","_tribe_ticket_going_count":"","_tribe_ticket_not_going_count":"","_tribe_tickets_list":"[]","_tribe_ticket_has_attendee_info_fields":false,"footnotes":""},"categories":[3],"tags":[],"class_list":["post-15342","post","type-post","status-publish","format-standard","has-post-thumbnail","hentry","category-sin-categorizar"],"acf":[],"yoast_head":"<!-- This site is optimized with the Yoast SEO plugin v23.7 - https:\/\/yoast.com\/wordpress\/plugins\/seo\/ -->\n<title>Se presenta la historia del Estadio de Montju\u00efc (1929-1992) - Museu Ol\u00edmpic i de l&#039;Esport Joan Antoni Samaranch. Barcelona<\/title>\n<meta name=\"robots\" content=\"index, follow, max-snippet:-1, max-image-preview:large, max-video-preview:-1\" \/>\n<link rel=\"canonical\" href=\"https:\/\/www.museuolimpicbcn.cat\/es\/se-presenta-la-historia-del-estadio-de-montjuic-1929-1992\/\" \/>\n<meta property=\"og:locale\" content=\"es_ES\" \/>\n<meta property=\"og:type\" content=\"article\" \/>\n<meta property=\"og:title\" content=\"Se presenta la historia del Estadio de Montju\u00efc (1929-1992) - Museu Ol\u00edmpic i de l&#039;Esport Joan Antoni Samaranch. Barcelona\" \/>\n<meta property=\"og:description\" content=\"El Auditorio Grande del Museu Ol&iacute;mpic i de l&rsquo;Esport Joan Antoni Samaranch, ha acogido la presentaci&oacute;n del libro &ldquo;L&rsquo;Estadi de Montju&iuml;c&rdquo;, escrito por Juli Pernas, director de la Fundaci&oacute;n Barcelona Ol&iacute;mpica y Joan Manel Surroca. &nbsp;\" \/>\n<meta property=\"og:url\" content=\"https:\/\/www.museuolimpicbcn.cat\/es\/se-presenta-la-historia-del-estadio-de-montjuic-1929-1992\/\" \/>\n<meta property=\"og:site_name\" content=\"Museu Ol\u00edmpic i de l&#039;Esport Joan Antoni Samaranch. Barcelona\" \/>\n<meta property=\"article:published_time\" content=\"2018-04-18T22:00:00+00:00\" \/>\n<meta property=\"article:modified_time\" content=\"2019-04-02T10:07:24+00:00\" \/>\n<meta property=\"og:image\" content=\"https:\/\/www.museuolimpicbcn.cat\/wp-content\/uploads\/sites\/2\/2019\/03\/Estadi_olimpic_1929-1992_Pernas_surro.JPG\" \/>\n\t<meta property=\"og:image:width\" content=\"600\" \/>\n\t<meta property=\"og:image:height\" content=\"475\" \/>\n\t<meta property=\"og:image:type\" content=\"image\/jpeg\" \/>\n<meta name=\"author\" content=\"useradmin\" \/>\n<meta name=\"twitter:card\" content=\"summary_large_image\" \/>\n<meta name=\"twitter:label1\" content=\"Escrito por\" \/>\n\t<meta name=\"twitter:data1\" content=\"useradmin\" \/>\n\t<meta name=\"twitter:label2\" content=\"Tiempo de lectura\" \/>\n\t<meta name=\"twitter:data2\" content=\"1 minuto\" \/>\n<script type=\"application\/ld+json\" class=\"yoast-schema-graph\">{\"@context\":\"https:\/\/schema.org\",\"@graph\":[{\"@type\":\"Article\",\"@id\":\"https:\/\/www.museuolimpicbcn.cat\/es\/se-presenta-la-historia-del-estadio-de-montjuic-1929-1992\/#article\",\"isPartOf\":{\"@id\":\"https:\/\/www.museuolimpicbcn.cat\/es\/se-presenta-la-historia-del-estadio-de-montjuic-1929-1992\/\"},\"author\":{\"name\":\"useradmin\",\"@id\":\"https:\/\/www.museuolimpicbcn.cat\/ca\/#\/schema\/person\/d05705664e87aa04c6ce53d48133fb39\"},\"headline\":\"Se presenta la historia del Estadio de Montju\u00efc (1929-1992)\",\"datePublished\":\"2018-04-18T22:00:00+00:00\",\"dateModified\":\"2019-04-02T10:07:24+00:00\",\"mainEntityOfPage\":{\"@id\":\"https:\/\/www.museuolimpicbcn.cat\/es\/se-presenta-la-historia-del-estadio-de-montjuic-1929-1992\/\"},\"wordCount\":181,\"commentCount\":4,\"publisher\":{\"@id\":\"https:\/\/www.museuolimpicbcn.cat\/ca\/#organization\"},\"image\":{\"@id\":\"https:\/\/www.museuolimpicbcn.cat\/es\/se-presenta-la-historia-del-estadio-de-montjuic-1929-1992\/#primaryimage\"},\"thumbnailUrl\":\"https:\/\/www.museuolimpicbcn.cat\/wp-content\/uploads\/sites\/2\/2019\/03\/Estadi_olimpic_1929-1992_Pernas_surro.JPG\",\"articleSection\":[\"Sin categorizar\"],\"inLanguage\":\"es\",\"potentialAction\":[{\"@type\":\"CommentAction\",\"name\":\"Comment\",\"target\":[\"https:\/\/www.museuolimpicbcn.cat\/es\/se-presenta-la-historia-del-estadio-de-montjuic-1929-1992\/#respond\"]}]},{\"@type\":\"WebPage\",\"@id\":\"https:\/\/www.museuolimpicbcn.cat\/es\/se-presenta-la-historia-del-estadio-de-montjuic-1929-1992\/\",\"url\":\"https:\/\/www.museuolimpicbcn.cat\/es\/se-presenta-la-historia-del-estadio-de-montjuic-1929-1992\/\",\"name\":\"Se presenta la historia del Estadio de Montju\u00efc (1929-1992) - Museu Ol\u00edmpic i de l&#039;Esport Joan Antoni Samaranch. Barcelona\",\"isPartOf\":{\"@id\":\"https:\/\/www.museuolimpicbcn.cat\/ca\/#website\"},\"primaryImageOfPage\":{\"@id\":\"https:\/\/www.museuolimpicbcn.cat\/es\/se-presenta-la-historia-del-estadio-de-montjuic-1929-1992\/#primaryimage\"},\"image\":{\"@id\":\"https:\/\/www.museuolimpicbcn.cat\/es\/se-presenta-la-historia-del-estadio-de-montjuic-1929-1992\/#primaryimage\"},\"thumbnailUrl\":\"https:\/\/www.museuolimpicbcn.cat\/wp-content\/uploads\/sites\/2\/2019\/03\/Estadi_olimpic_1929-1992_Pernas_surro.JPG\",\"datePublished\":\"2018-04-18T22:00:00+00:00\",\"dateModified\":\"2019-04-02T10:07:24+00:00\",\"breadcrumb\":{\"@id\":\"https:\/\/www.museuolimpicbcn.cat\/es\/se-presenta-la-historia-del-estadio-de-montjuic-1929-1992\/#breadcrumb\"},\"inLanguage\":\"es\",\"potentialAction\":[{\"@type\":\"ReadAction\",\"target\":[\"https:\/\/www.museuolimpicbcn.cat\/es\/se-presenta-la-historia-del-estadio-de-montjuic-1929-1992\/\"]}]},{\"@type\":\"ImageObject\",\"inLanguage\":\"es\",\"@id\":\"https:\/\/www.museuolimpicbcn.cat\/es\/se-presenta-la-historia-del-estadio-de-montjuic-1929-1992\/#primaryimage\",\"url\":\"https:\/\/www.museuolimpicbcn.cat\/wp-content\/uploads\/sites\/2\/2019\/03\/Estadi_olimpic_1929-1992_Pernas_surro.JPG\",\"contentUrl\":\"https:\/\/www.museuolimpicbcn.cat\/wp-content\/uploads\/sites\/2\/2019\/03\/Estadi_olimpic_1929-1992_Pernas_surro.JPG\",\"width\":600,\"height\":475},{\"@type\":\"BreadcrumbList\",\"@id\":\"https:\/\/www.museuolimpicbcn.cat\/es\/se-presenta-la-historia-del-estadio-de-montjuic-1929-1992\/#breadcrumb\",\"itemListElement\":[{\"@type\":\"ListItem\",\"position\":1,\"name\":\"Inici\",\"item\":\"https:\/\/www.museuolimpicbcn.cat\/es\/\"},{\"@type\":\"ListItem\",\"position\":2,\"name\":\"Se presenta la historia del Estadio de Montju\u00efc (1929-1992)\"}]},{\"@type\":\"WebSite\",\"@id\":\"https:\/\/www.museuolimpicbcn.cat\/ca\/#website\",\"url\":\"https:\/\/www.museuolimpicbcn.cat\/ca\/\",\"name\":\"Museu Ol\u00edmpic i de l&#039;Esport Joan Antoni Samaranch. Barcelona\",\"description\":\"Altre lloc Web del Museu Ol\u00edmpic i de l&#039;Esport llocs\",\"publisher\":{\"@id\":\"https:\/\/www.museuolimpicbcn.cat\/ca\/#organization\"},\"potentialAction\":[{\"@type\":\"SearchAction\",\"target\":{\"@type\":\"EntryPoint\",\"urlTemplate\":\"https:\/\/www.museuolimpicbcn.cat\/ca\/?s={search_term_string}\"},\"query-input\":{\"@type\":\"PropertyValueSpecification\",\"valueRequired\":true,\"valueName\":\"search_term_string\"}}],\"inLanguage\":\"es\"},{\"@type\":\"Organization\",\"@id\":\"https:\/\/www.museuolimpicbcn.cat\/ca\/#organization\",\"name\":\"Museu Ol\u00edmpic i de l&#039;Esport Joan Antoni Samaranch. Barcelona\",\"url\":\"https:\/\/www.museuolimpicbcn.cat\/ca\/\",\"logo\":{\"@type\":\"ImageObject\",\"inLanguage\":\"es\",\"@id\":\"https:\/\/www.museuolimpicbcn.cat\/ca\/#\/schema\/logo\/image\/\",\"url\":\"https:\/\/www.museuolimpicbcn.cat\/wp-content\/uploads\/sites\/2\/2018\/12\/logo-moe-header.svg\",\"contentUrl\":\"https:\/\/www.museuolimpicbcn.cat\/wp-content\/uploads\/sites\/2\/2018\/12\/logo-moe-header.svg\",\"caption\":\"Museu Ol\u00edmpic i de l&#039;Esport Joan Antoni Samaranch. Barcelona\"},\"image\":{\"@id\":\"https:\/\/www.museuolimpicbcn.cat\/ca\/#\/schema\/logo\/image\/\"}},{\"@type\":\"Person\",\"@id\":\"https:\/\/www.museuolimpicbcn.cat\/ca\/#\/schema\/person\/d05705664e87aa04c6ce53d48133fb39\",\"name\":\"useradmin\",\"url\":\"https:\/\/www.museuolimpicbcn.cat\/es\/author\/useradmin\/\"}]}<\/script>\n<!-- \/ Yoast SEO plugin. -->","yoast_head_json":{"title":"Se presenta la historia del Estadio de Montju\u00efc (1929-1992) - Museu Ol\u00edmpic i de l&#039;Esport Joan Antoni Samaranch. Barcelona","robots":{"index":"index","follow":"follow","max-snippet":"max-snippet:-1","max-image-preview":"max-image-preview:large","max-video-preview":"max-video-preview:-1"},"canonical":"https:\/\/www.museuolimpicbcn.cat\/es\/se-presenta-la-historia-del-estadio-de-montjuic-1929-1992\/","og_locale":"es_ES","og_type":"article","og_title":"Se presenta la historia del Estadio de Montju\u00efc (1929-1992) - Museu Ol\u00edmpic i de l&#039;Esport Joan Antoni Samaranch. Barcelona","og_description":"El Auditorio Grande del Museu Ol&iacute;mpic i de l&rsquo;Esport Joan Antoni Samaranch, ha acogido la presentaci&oacute;n del libro &ldquo;L&rsquo;Estadi de Montju&iuml;c&rdquo;, escrito por Juli Pernas, director de la Fundaci&oacute;n Barcelona Ol&iacute;mpica y Joan Manel Surroca. &nbsp;","og_url":"https:\/\/www.museuolimpicbcn.cat\/es\/se-presenta-la-historia-del-estadio-de-montjuic-1929-1992\/","og_site_name":"Museu Ol\u00edmpic i de l&#039;Esport Joan Antoni Samaranch. Barcelona","article_published_time":"2018-04-18T22:00:00+00:00","article_modified_time":"2019-04-02T10:07:24+00:00","og_image":[{"width":600,"height":475,"url":"https:\/\/www.museuolimpicbcn.cat\/wp-content\/uploads\/sites\/2\/2019\/03\/Estadi_olimpic_1929-1992_Pernas_surro.JPG","type":"image\/jpeg"}],"author":"useradmin","twitter_card":"summary_large_image","twitter_misc":{"Escrito por":"useradmin","Tiempo de lectura":"1 minuto"},"schema":{"@context":"https:\/\/schema.org","@graph":[{"@type":"Article","@id":"https:\/\/www.museuolimpicbcn.cat\/es\/se-presenta-la-historia-del-estadio-de-montjuic-1929-1992\/#article","isPartOf":{"@id":"https:\/\/www.museuolimpicbcn.cat\/es\/se-presenta-la-historia-del-estadio-de-montjuic-1929-1992\/"},"author":{"name":"useradmin","@id":"https:\/\/www.museuolimpicbcn.cat\/ca\/#\/schema\/person\/d05705664e87aa04c6ce53d48133fb39"},"headline":"Se presenta la historia del Estadio de Montju\u00efc (1929-1992)","datePublished":"2018-04-18T22:00:00+00:00","dateModified":"2019-04-02T10:07:24+00:00","mainEntityOfPage":{"@id":"https:\/\/www.museuolimpicbcn.cat\/es\/se-presenta-la-historia-del-estadio-de-montjuic-1929-1992\/"},"wordCount":181,"commentCount":4,"publisher":{"@id":"https:\/\/www.museuolimpicbcn.cat\/ca\/#organization"},"image":{"@id":"https:\/\/www.museuolimpicbcn.cat\/es\/se-presenta-la-historia-del-estadio-de-montjuic-1929-1992\/#primaryimage"},"thumbnailUrl":"https:\/\/www.museuolimpicbcn.cat\/wp-content\/uploads\/sites\/2\/2019\/03\/Estadi_olimpic_1929-1992_Pernas_surro.JPG","articleSection":["Sin categorizar"],"inLanguage":"es","potentialAction":[{"@type":"CommentAction","name":"Comment","target":["https:\/\/www.museuolimpicbcn.cat\/es\/se-presenta-la-historia-del-estadio-de-montjuic-1929-1992\/#respond"]}]},{"@type":"WebPage","@id":"https:\/\/www.museuolimpicbcn.cat\/es\/se-presenta-la-historia-del-estadio-de-montjuic-1929-1992\/","url":"https:\/\/www.museuolimpicbcn.cat\/es\/se-presenta-la-historia-del-estadio-de-montjuic-1929-1992\/","name":"Se presenta la historia del Estadio de Montju\u00efc (1929-1992) - Museu Ol\u00edmpic i de l&#039;Esport Joan Antoni Samaranch. Barcelona","isPartOf":{"@id":"https:\/\/www.museuolimpicbcn.cat\/ca\/#website"},"primaryImageOfPage":{"@id":"https:\/\/www.museuolimpicbcn.cat\/es\/se-presenta-la-historia-del-estadio-de-montjuic-1929-1992\/#primaryimage"},"image":{"@id":"https:\/\/www.museuolimpicbcn.cat\/es\/se-presenta-la-historia-del-estadio-de-montjuic-1929-1992\/#primaryimage"},"thumbnailUrl":"https:\/\/www.museuolimpicbcn.cat\/wp-content\/uploads\/sites\/2\/2019\/03\/Estadi_olimpic_1929-1992_Pernas_surro.JPG","datePublished":"2018-04-18T22:00:00+00:00","dateModified":"2019-04-02T10:07:24+00:00","breadcrumb":{"@id":"https:\/\/www.museuolimpicbcn.cat\/es\/se-presenta-la-historia-del-estadio-de-montjuic-1929-1992\/#breadcrumb"},"inLanguage":"es","potentialAction":[{"@type":"ReadAction","target":["https:\/\/www.museuolimpicbcn.cat\/es\/se-presenta-la-historia-del-estadio-de-montjuic-1929-1992\/"]}]},{"@type":"ImageObject","inLanguage":"es","@id":"https:\/\/www.museuolimpicbcn.cat\/es\/se-presenta-la-historia-del-estadio-de-montjuic-1929-1992\/#primaryimage","url":"https:\/\/www.museuolimpicbcn.cat\/wp-content\/uploads\/sites\/2\/2019\/03\/Estadi_olimpic_1929-1992_Pernas_surro.JPG","contentUrl":"https:\/\/www.museuolimpicbcn.cat\/wp-content\/uploads\/sites\/2\/2019\/03\/Estadi_olimpic_1929-1992_Pernas_surro.JPG","width":600,"height":475},{"@type":"BreadcrumbList","@id":"https:\/\/www.museuolimpicbcn.cat\/es\/se-presenta-la-historia-del-estadio-de-montjuic-1929-1992\/#breadcrumb","itemListElement":[{"@type":"ListItem","position":1,"name":"Inici","item":"https:\/\/www.museuolimpicbcn.cat\/es\/"},{"@type":"ListItem","position":2,"name":"Se presenta la historia del Estadio de Montju\u00efc (1929-1992)"}]},{"@type":"WebSite","@id":"https:\/\/www.museuolimpicbcn.cat\/ca\/#website","url":"https:\/\/www.museuolimpicbcn.cat\/ca\/","name":"Museu Ol\u00edmpic i de l&#039;Esport Joan Antoni Samaranch. Barcelona","description":"Altre lloc Web del Museu Ol\u00edmpic i de l&#039;Esport llocs","publisher":{"@id":"https:\/\/www.museuolimpicbcn.cat\/ca\/#organization"},"potentialAction":[{"@type":"SearchAction","target":{"@type":"EntryPoint","urlTemplate":"https:\/\/www.museuolimpicbcn.cat\/ca\/?s={search_term_string}"},"query-input":{"@type":"PropertyValueSpecification","valueRequired":true,"valueName":"search_term_string"}}],"inLanguage":"es"},{"@type":"Organization","@id":"https:\/\/www.museuolimpicbcn.cat\/ca\/#organization","name":"Museu Ol\u00edmpic i de l&#039;Esport Joan Antoni Samaranch. Barcelona","url":"https:\/\/www.museuolimpicbcn.cat\/ca\/","logo":{"@type":"ImageObject","inLanguage":"es","@id":"https:\/\/www.museuolimpicbcn.cat\/ca\/#\/schema\/logo\/image\/","url":"https:\/\/www.museuolimpicbcn.cat\/wp-content\/uploads\/sites\/2\/2018\/12\/logo-moe-header.svg","contentUrl":"https:\/\/www.museuolimpicbcn.cat\/wp-content\/uploads\/sites\/2\/2018\/12\/logo-moe-header.svg","caption":"Museu Ol\u00edmpic i de l&#039;Esport Joan Antoni Samaranch. Barcelona"},"image":{"@id":"https:\/\/www.museuolimpicbcn.cat\/ca\/#\/schema\/logo\/image\/"}},{"@type":"Person","@id":"https:\/\/www.museuolimpicbcn.cat\/ca\/#\/schema\/person\/d05705664e87aa04c6ce53d48133fb39","name":"useradmin","url":"https:\/\/www.museuolimpicbcn.cat\/es\/author\/useradmin\/"}]}},"_links":{"self":[{"href":"https:\/\/www.museuolimpicbcn.cat\/es\/wp-json\/wp\/v2\/posts\/15342"}],"collection":[{"href":"https:\/\/www.museuolimpicbcn.cat\/es\/wp-json\/wp\/v2\/posts"}],"about":[{"href":"https:\/\/www.museuolimpicbcn.cat\/es\/wp-json\/wp\/v2\/types\/post"}],"author":[{"embeddable":true,"href":"https:\/\/www.museuolimpicbcn.cat\/es\/wp-json\/wp\/v2\/users\/1"}],"replies":[{"embeddable":true,"href":"https:\/\/www.museuolimpicbcn.cat\/es\/wp-json\/wp\/v2\/comments?post=15342"}],"version-history":[{"count":1,"href":"https:\/\/www.museuolimpicbcn.cat\/es\/wp-json\/wp\/v2\/posts\/15342\/revisions"}],"predecessor-version":[{"id":17312,"href":"https:\/\/www.museuolimpicbcn.cat\/es\/wp-json\/wp\/v2\/posts\/15342\/revisions\/17312"}],"wp:featuredmedia":[{"embeddable":true,"href":"https:\/\/www.museuolimpicbcn.cat\/es\/wp-json\/wp\/v2\/media\/15343"}],"wp:attachment":[{"href":"https:\/\/www.museuolimpicbcn.cat\/es\/wp-json\/wp\/v2\/media?parent=15342"}],"wp:term":[{"taxonomy":"category","embeddable":true,"href":"https:\/\/www.museuolimpicbcn.cat\/es\/wp-json\/wp\/v2\/categories?post=15342"},{"taxonomy":"post_tag","embeddable":true,"href":"https:\/\/www.museuolimpicbcn.cat\/es\/wp-json\/wp\/v2\/tags?post=15342"}],"curies":[{"name":"wp","href":"https:\/\/api.w.org\/{rel}","templated":true}]}}