{"id":15382,"date":"2018-05-02T00:00:00","date_gmt":"2018-05-01T22:00:00","guid":{"rendered":"http:\/\/dev.museuolimpicbcn.cat\/ceremonia-de-inauguracion-del-bcn-sports-film-festival-2018\/"},"modified":"2019-04-02T12:01:01","modified_gmt":"2019-04-02T10:01:01","slug":"ceremonia-de-inauguracion-del-bcn-sports-film-festival-2018","status":"publish","type":"post","link":"https:\/\/www.museuolimpicbcn.cat\/es\/ceremonia-de-inauguracion-del-bcn-sports-film-festival-2018\/","title":{"rendered":"Ceremonia de Inauguraci\u00f3n del BCN Sports Film Festival 2018"},"content":{"rendered":"<p>En el Acto se ha premiado al ganador de la s\u00e9ptima edici\u00f3n del concurso Spot Sport, Miguel \u00c1ngel Calvo Buttini, quien ha recogido el premio de manos de David Casanova, Director General del Diari Sport. El spot \u201cPaseando por la ciudad\u201d ha sido producido por Miguel \u00e1ngel Calvo Buttini (Salto de Eje PC) en colaboraci\u00f3n con Pedro J.Poveda y Juan Poveda (Twin Freaks Studio).<\/p>\n<p>A continuaci\u00f3n ha sido el turno de los homenajes. Este a\u00f1o, el BCN Sports Film Festival ha querido homenajear a:<\/p>\n<p>Josep Llu\u00eds Vilaseca, por su trayectoria como dirigente deportivo. Vilaseca es miembro del patronato de la Fundaci\u00f3 Barcelona Ol\u00edmpica, siendo uno de los principales promotores de su creaci\u00f3n en 1993. En toda su carrera como dirigente ha ostentado diversos cargos; Presidente de la Comisi\u00f3n Jur\u00eddica y de disciplina de la UEFA, miembro del Comit\u00e9 Ol\u00edmpico Espa\u00f1ol, Vicepresidente del Comit\u00e9 Organizador Ol\u00edmpico de Barcelona y Director General de deportes de la Generalitat, entre otros cargos.<\/p>\n<p>Maria Pau Corominas, en reconocimiento a su trayectoria deportiva como pionera de la nataci\u00f3n en Catalu\u00f1a y Espa\u00f1a. Esta nadadora barcelonesa se convirti\u00f3, con solo 16 a\u00f1os, en la primera mujer catalana y espa\u00f1ola presente en una final ol\u00edmpica, en los JJ.OO de M\u00e9xico\u201868.<\/p>\n<p>Michael Robinson, por su dedicaci\u00f3n a la difusi\u00f3n de los valores del deporte. M\u00e1s all\u00e1 de su carrera como futbolista. Robinson presenta y produce \u201cInforme Robinson\u201d una producci\u00f3n que se caracteriza por divulgar y hacer visible situaciones del deporte actual en todos sus \u00e1mbitos. De este modo y en colaboraci\u00f3n con la Direcci\u00f3n para el desarrollo de la Generalitat de Catalunya, el BCN Sports Film Festival ha querido\u00a0 agradecer su labor en la difusi\u00f3n\u00a0 de los valores deportivos.<\/p>\n<p>Los asistentes a la inauguraci\u00f3n, presentada por el periodista Joan Garcia Riera, han podido tener una primera toma de contacto con los audiovisuales que se podr\u00e1n ver en las sedes del Festival con la proyecci\u00f3n de algunos cortometrajes en competici\u00f3n. Una oportunidad \u00fanica de disfrutar del deporte en su esencia m\u00e1s art\u00edstica.<\/p>\n<p>Fotos Alta<\/p>\n","protected":false},"excerpt":{"rendered":"<p>El Museu Ol&iacute;mpic i de l&rsquo;Esport Joan Antoni Samaranch ha sido la sede de la Cerem&oacute;nia de Inauguraci&oacute;n del BCN Sports Film Festival 2018, presidida por Marta Carranza, presidenta de la Fundaci&oacute;n Barcelona Ol&iacute;mpica y Comisionada de Deportes del Ayuntamiento de Barcelona y Franco Ascani, Presidente de la FICTS.<\/p>\n<p>&nbsp;<\/p>\n","protected":false},"author":1,"featured_media":15401,"comment_status":"open","ping_status":"open","sticky":false,"template":"","format":"standard","meta":{"_acf_changed":false,"_price":"","_stock":"","_tribe_ticket_header":"","_tribe_default_ticket_provider":"","_tribe_ticket_capacity":"0","_ticket_start_date":"","_ticket_end_date":"","_tribe_ticket_show_description":"","_tribe_ticket_show_not_going":false,"_tribe_ticket_use_global_stock":"","_tribe_ticket_global_stock_level":"","_global_stock_mode":"","_global_stock_cap":"","_tribe_rsvp_for_event":"","_tribe_ticket_going_count":"","_tribe_ticket_not_going_count":"","_tribe_tickets_list":"[]","_tribe_ticket_has_attendee_info_fields":false,"footnotes":""},"categories":[3],"tags":[],"class_list":["post-15382","post","type-post","status-publish","format-standard","has-post-thumbnail","hentry","category-sin-categorizar"],"acf":[],"yoast_head":"<!-- This site is optimized with the Yoast SEO plugin v23.7 - https:\/\/yoast.com\/wordpress\/plugins\/seo\/ -->\n<title>Ceremonia de Inauguraci\u00f3n del BCN Sports Film Festival 2018 - Museu Ol\u00edmpic i de l&#039;Esport Joan Antoni Samaranch. Barcelona<\/title>\n<meta name=\"robots\" content=\"index, follow, max-snippet:-1, max-image-preview:large, max-video-preview:-1\" \/>\n<link rel=\"canonical\" href=\"https:\/\/www.museuolimpicbcn.cat\/es\/ceremonia-de-inauguracion-del-bcn-sports-film-festival-2018\/\" \/>\n<meta property=\"og:locale\" content=\"es_ES\" \/>\n<meta property=\"og:type\" content=\"article\" \/>\n<meta property=\"og:title\" content=\"Ceremonia de Inauguraci\u00f3n del BCN Sports Film Festival 2018 - Museu Ol\u00edmpic i de l&#039;Esport Joan Antoni Samaranch. Barcelona\" \/>\n<meta property=\"og:description\" content=\"El Museu Ol&iacute;mpic i de l&rsquo;Esport Joan Antoni Samaranch ha sido la sede de la Cerem&oacute;nia de Inauguraci&oacute;n del BCN Sports Film Festival 2018, presidida por Marta Carranza, presidenta de la Fundaci&oacute;n Barcelona Ol&iacute;mpica y Comisionada de Deportes del Ayuntamiento de Barcelona y Franco Ascani, Presidente de la FICTS. &nbsp;\" \/>\n<meta property=\"og:url\" content=\"https:\/\/www.museuolimpicbcn.cat\/es\/ceremonia-de-inauguracion-del-bcn-sports-film-festival-2018\/\" \/>\n<meta property=\"og:site_name\" content=\"Museu Ol\u00edmpic i de l&#039;Esport Joan Antoni Samaranch. Barcelona\" \/>\n<meta property=\"article:published_time\" content=\"2018-05-01T22:00:00+00:00\" \/>\n<meta property=\"article:modified_time\" content=\"2019-04-02T10:01:01+00:00\" \/>\n<meta property=\"og:image\" content=\"https:\/\/www.museuolimpicbcn.cat\/wp-content\/uploads\/sites\/2\/2019\/03\/BCNSportsFilm-MuseuolimpicBCN-011.jpg\" \/>\n\t<meta property=\"og:image:width\" content=\"1903\" \/>\n\t<meta property=\"og:image:height\" content=\"1308\" \/>\n\t<meta property=\"og:image:type\" content=\"image\/jpeg\" \/>\n<meta name=\"author\" content=\"useradmin\" \/>\n<meta name=\"twitter:card\" content=\"summary_large_image\" \/>\n<meta name=\"twitter:label1\" content=\"Escrito por\" \/>\n\t<meta name=\"twitter:data1\" content=\"useradmin\" \/>\n\t<meta name=\"twitter:label2\" content=\"Tiempo de lectura\" \/>\n\t<meta name=\"twitter:data2\" content=\"2 minutos\" \/>\n<script type=\"application\/ld+json\" class=\"yoast-schema-graph\">{\"@context\":\"https:\/\/schema.org\",\"@graph\":[{\"@type\":\"Article\",\"@id\":\"https:\/\/www.museuolimpicbcn.cat\/es\/ceremonia-de-inauguracion-del-bcn-sports-film-festival-2018\/#article\",\"isPartOf\":{\"@id\":\"https:\/\/www.museuolimpicbcn.cat\/es\/ceremonia-de-inauguracion-del-bcn-sports-film-festival-2018\/\"},\"author\":{\"name\":\"useradmin\",\"@id\":\"https:\/\/www.museuolimpicbcn.cat\/ca\/#\/schema\/person\/d05705664e87aa04c6ce53d48133fb39\"},\"headline\":\"Ceremonia de Inauguraci\u00f3n del BCN Sports Film Festival 2018\",\"datePublished\":\"2018-05-01T22:00:00+00:00\",\"dateModified\":\"2019-04-02T10:01:01+00:00\",\"mainEntityOfPage\":{\"@id\":\"https:\/\/www.museuolimpicbcn.cat\/es\/ceremonia-de-inauguracion-del-bcn-sports-film-festival-2018\/\"},\"wordCount\":376,\"commentCount\":0,\"publisher\":{\"@id\":\"https:\/\/www.museuolimpicbcn.cat\/ca\/#organization\"},\"image\":{\"@id\":\"https:\/\/www.museuolimpicbcn.cat\/es\/ceremonia-de-inauguracion-del-bcn-sports-film-festival-2018\/#primaryimage\"},\"thumbnailUrl\":\"https:\/\/www.museuolimpicbcn.cat\/wp-content\/uploads\/sites\/2\/2019\/03\/BCNSportsFilm-MuseuolimpicBCN-011.jpg\",\"articleSection\":[\"Sin categorizar\"],\"inLanguage\":\"es\",\"potentialAction\":[{\"@type\":\"CommentAction\",\"name\":\"Comment\",\"target\":[\"https:\/\/www.museuolimpicbcn.cat\/es\/ceremonia-de-inauguracion-del-bcn-sports-film-festival-2018\/#respond\"]}]},{\"@type\":\"WebPage\",\"@id\":\"https:\/\/www.museuolimpicbcn.cat\/es\/ceremonia-de-inauguracion-del-bcn-sports-film-festival-2018\/\",\"url\":\"https:\/\/www.museuolimpicbcn.cat\/es\/ceremonia-de-inauguracion-del-bcn-sports-film-festival-2018\/\",\"name\":\"Ceremonia de Inauguraci\u00f3n del BCN Sports Film Festival 2018 - Museu Ol\u00edmpic i de l&#039;Esport Joan Antoni Samaranch. Barcelona\",\"isPartOf\":{\"@id\":\"https:\/\/www.museuolimpicbcn.cat\/ca\/#website\"},\"primaryImageOfPage\":{\"@id\":\"https:\/\/www.museuolimpicbcn.cat\/es\/ceremonia-de-inauguracion-del-bcn-sports-film-festival-2018\/#primaryimage\"},\"image\":{\"@id\":\"https:\/\/www.museuolimpicbcn.cat\/es\/ceremonia-de-inauguracion-del-bcn-sports-film-festival-2018\/#primaryimage\"},\"thumbnailUrl\":\"https:\/\/www.museuolimpicbcn.cat\/wp-content\/uploads\/sites\/2\/2019\/03\/BCNSportsFilm-MuseuolimpicBCN-011.jpg\",\"datePublished\":\"2018-05-01T22:00:00+00:00\",\"dateModified\":\"2019-04-02T10:01:01+00:00\",\"breadcrumb\":{\"@id\":\"https:\/\/www.museuolimpicbcn.cat\/es\/ceremonia-de-inauguracion-del-bcn-sports-film-festival-2018\/#breadcrumb\"},\"inLanguage\":\"es\",\"potentialAction\":[{\"@type\":\"ReadAction\",\"target\":[\"https:\/\/www.museuolimpicbcn.cat\/es\/ceremonia-de-inauguracion-del-bcn-sports-film-festival-2018\/\"]}]},{\"@type\":\"ImageObject\",\"inLanguage\":\"es\",\"@id\":\"https:\/\/www.museuolimpicbcn.cat\/es\/ceremonia-de-inauguracion-del-bcn-sports-film-festival-2018\/#primaryimage\",\"url\":\"https:\/\/www.museuolimpicbcn.cat\/wp-content\/uploads\/sites\/2\/2019\/03\/BCNSportsFilm-MuseuolimpicBCN-011.jpg\",\"contentUrl\":\"https:\/\/www.museuolimpicbcn.cat\/wp-content\/uploads\/sites\/2\/2019\/03\/BCNSportsFilm-MuseuolimpicBCN-011.jpg\",\"width\":1903,\"height\":1308},{\"@type\":\"BreadcrumbList\",\"@id\":\"https:\/\/www.museuolimpicbcn.cat\/es\/ceremonia-de-inauguracion-del-bcn-sports-film-festival-2018\/#breadcrumb\",\"itemListElement\":[{\"@type\":\"ListItem\",\"position\":1,\"name\":\"Inici\",\"item\":\"https:\/\/www.museuolimpicbcn.cat\/es\/\"},{\"@type\":\"ListItem\",\"position\":2,\"name\":\"Ceremonia de Inauguraci\u00f3n del BCN Sports Film Festival 2018\"}]},{\"@type\":\"WebSite\",\"@id\":\"https:\/\/www.museuolimpicbcn.cat\/ca\/#website\",\"url\":\"https:\/\/www.museuolimpicbcn.cat\/ca\/\",\"name\":\"Museu Ol\u00edmpic i de l&#039;Esport Joan Antoni Samaranch. Barcelona\",\"description\":\"Altre lloc Web del Museu Ol\u00edmpic i de l&#039;Esport llocs\",\"publisher\":{\"@id\":\"https:\/\/www.museuolimpicbcn.cat\/ca\/#organization\"},\"potentialAction\":[{\"@type\":\"SearchAction\",\"target\":{\"@type\":\"EntryPoint\",\"urlTemplate\":\"https:\/\/www.museuolimpicbcn.cat\/ca\/?s={search_term_string}\"},\"query-input\":{\"@type\":\"PropertyValueSpecification\",\"valueRequired\":true,\"valueName\":\"search_term_string\"}}],\"inLanguage\":\"es\"},{\"@type\":\"Organization\",\"@id\":\"https:\/\/www.museuolimpicbcn.cat\/ca\/#organization\",\"name\":\"Museu Ol\u00edmpic i de l&#039;Esport Joan Antoni Samaranch. Barcelona\",\"url\":\"https:\/\/www.museuolimpicbcn.cat\/ca\/\",\"logo\":{\"@type\":\"ImageObject\",\"inLanguage\":\"es\",\"@id\":\"https:\/\/www.museuolimpicbcn.cat\/ca\/#\/schema\/logo\/image\/\",\"url\":\"https:\/\/www.museuolimpicbcn.cat\/wp-content\/uploads\/sites\/2\/2018\/12\/logo-moe-header.svg\",\"contentUrl\":\"https:\/\/www.museuolimpicbcn.cat\/wp-content\/uploads\/sites\/2\/2018\/12\/logo-moe-header.svg\",\"caption\":\"Museu Ol\u00edmpic i de l&#039;Esport Joan Antoni Samaranch. Barcelona\"},\"image\":{\"@id\":\"https:\/\/www.museuolimpicbcn.cat\/ca\/#\/schema\/logo\/image\/\"}},{\"@type\":\"Person\",\"@id\":\"https:\/\/www.museuolimpicbcn.cat\/ca\/#\/schema\/person\/d05705664e87aa04c6ce53d48133fb39\",\"name\":\"useradmin\",\"url\":\"https:\/\/www.museuolimpicbcn.cat\/es\/author\/useradmin\/\"}]}<\/script>\n<!-- \/ Yoast SEO plugin. -->","yoast_head_json":{"title":"Ceremonia de Inauguraci\u00f3n del BCN Sports Film Festival 2018 - Museu Ol\u00edmpic i de l&#039;Esport Joan Antoni Samaranch. Barcelona","robots":{"index":"index","follow":"follow","max-snippet":"max-snippet:-1","max-image-preview":"max-image-preview:large","max-video-preview":"max-video-preview:-1"},"canonical":"https:\/\/www.museuolimpicbcn.cat\/es\/ceremonia-de-inauguracion-del-bcn-sports-film-festival-2018\/","og_locale":"es_ES","og_type":"article","og_title":"Ceremonia de Inauguraci\u00f3n del BCN Sports Film Festival 2018 - Museu Ol\u00edmpic i de l&#039;Esport Joan Antoni Samaranch. Barcelona","og_description":"El Museu Ol&iacute;mpic i de l&rsquo;Esport Joan Antoni Samaranch ha sido la sede de la Cerem&oacute;nia de Inauguraci&oacute;n del BCN Sports Film Festival 2018, presidida por Marta Carranza, presidenta de la Fundaci&oacute;n Barcelona Ol&iacute;mpica y Comisionada de Deportes del Ayuntamiento de Barcelona y Franco Ascani, Presidente de la FICTS. &nbsp;","og_url":"https:\/\/www.museuolimpicbcn.cat\/es\/ceremonia-de-inauguracion-del-bcn-sports-film-festival-2018\/","og_site_name":"Museu Ol\u00edmpic i de l&#039;Esport Joan Antoni Samaranch. Barcelona","article_published_time":"2018-05-01T22:00:00+00:00","article_modified_time":"2019-04-02T10:01:01+00:00","og_image":[{"width":1903,"height":1308,"url":"https:\/\/www.museuolimpicbcn.cat\/wp-content\/uploads\/sites\/2\/2019\/03\/BCNSportsFilm-MuseuolimpicBCN-011.jpg","type":"image\/jpeg"}],"author":"useradmin","twitter_card":"summary_large_image","twitter_misc":{"Escrito por":"useradmin","Tiempo de lectura":"2 minutos"},"schema":{"@context":"https:\/\/schema.org","@graph":[{"@type":"Article","@id":"https:\/\/www.museuolimpicbcn.cat\/es\/ceremonia-de-inauguracion-del-bcn-sports-film-festival-2018\/#article","isPartOf":{"@id":"https:\/\/www.museuolimpicbcn.cat\/es\/ceremonia-de-inauguracion-del-bcn-sports-film-festival-2018\/"},"author":{"name":"useradmin","@id":"https:\/\/www.museuolimpicbcn.cat\/ca\/#\/schema\/person\/d05705664e87aa04c6ce53d48133fb39"},"headline":"Ceremonia de Inauguraci\u00f3n del BCN Sports Film Festival 2018","datePublished":"2018-05-01T22:00:00+00:00","dateModified":"2019-04-02T10:01:01+00:00","mainEntityOfPage":{"@id":"https:\/\/www.museuolimpicbcn.cat\/es\/ceremonia-de-inauguracion-del-bcn-sports-film-festival-2018\/"},"wordCount":376,"commentCount":0,"publisher":{"@id":"https:\/\/www.museuolimpicbcn.cat\/ca\/#organization"},"image":{"@id":"https:\/\/www.museuolimpicbcn.cat\/es\/ceremonia-de-inauguracion-del-bcn-sports-film-festival-2018\/#primaryimage"},"thumbnailUrl":"https:\/\/www.museuolimpicbcn.cat\/wp-content\/uploads\/sites\/2\/2019\/03\/BCNSportsFilm-MuseuolimpicBCN-011.jpg","articleSection":["Sin categorizar"],"inLanguage":"es","potentialAction":[{"@type":"CommentAction","name":"Comment","target":["https:\/\/www.museuolimpicbcn.cat\/es\/ceremonia-de-inauguracion-del-bcn-sports-film-festival-2018\/#respond"]}]},{"@type":"WebPage","@id":"https:\/\/www.museuolimpicbcn.cat\/es\/ceremonia-de-inauguracion-del-bcn-sports-film-festival-2018\/","url":"https:\/\/www.museuolimpicbcn.cat\/es\/ceremonia-de-inauguracion-del-bcn-sports-film-festival-2018\/","name":"Ceremonia de Inauguraci\u00f3n del BCN Sports Film Festival 2018 - Museu Ol\u00edmpic i de l&#039;Esport Joan Antoni Samaranch. Barcelona","isPartOf":{"@id":"https:\/\/www.museuolimpicbcn.cat\/ca\/#website"},"primaryImageOfPage":{"@id":"https:\/\/www.museuolimpicbcn.cat\/es\/ceremonia-de-inauguracion-del-bcn-sports-film-festival-2018\/#primaryimage"},"image":{"@id":"https:\/\/www.museuolimpicbcn.cat\/es\/ceremonia-de-inauguracion-del-bcn-sports-film-festival-2018\/#primaryimage"},"thumbnailUrl":"https:\/\/www.museuolimpicbcn.cat\/wp-content\/uploads\/sites\/2\/2019\/03\/BCNSportsFilm-MuseuolimpicBCN-011.jpg","datePublished":"2018-05-01T22:00:00+00:00","dateModified":"2019-04-02T10:01:01+00:00","breadcrumb":{"@id":"https:\/\/www.museuolimpicbcn.cat\/es\/ceremonia-de-inauguracion-del-bcn-sports-film-festival-2018\/#breadcrumb"},"inLanguage":"es","potentialAction":[{"@type":"ReadAction","target":["https:\/\/www.museuolimpicbcn.cat\/es\/ceremonia-de-inauguracion-del-bcn-sports-film-festival-2018\/"]}]},{"@type":"ImageObject","inLanguage":"es","@id":"https:\/\/www.museuolimpicbcn.cat\/es\/ceremonia-de-inauguracion-del-bcn-sports-film-festival-2018\/#primaryimage","url":"https:\/\/www.museuolimpicbcn.cat\/wp-content\/uploads\/sites\/2\/2019\/03\/BCNSportsFilm-MuseuolimpicBCN-011.jpg","contentUrl":"https:\/\/www.museuolimpicbcn.cat\/wp-content\/uploads\/sites\/2\/2019\/03\/BCNSportsFilm-MuseuolimpicBCN-011.jpg","width":1903,"height":1308},{"@type":"BreadcrumbList","@id":"https:\/\/www.museuolimpicbcn.cat\/es\/ceremonia-de-inauguracion-del-bcn-sports-film-festival-2018\/#breadcrumb","itemListElement":[{"@type":"ListItem","position":1,"name":"Inici","item":"https:\/\/www.museuolimpicbcn.cat\/es\/"},{"@type":"ListItem","position":2,"name":"Ceremonia de Inauguraci\u00f3n del BCN Sports Film Festival 2018"}]},{"@type":"WebSite","@id":"https:\/\/www.museuolimpicbcn.cat\/ca\/#website","url":"https:\/\/www.museuolimpicbcn.cat\/ca\/","name":"Museu Ol\u00edmpic i de l&#039;Esport Joan Antoni Samaranch. Barcelona","description":"Altre lloc Web del Museu Ol\u00edmpic i de l&#039;Esport llocs","publisher":{"@id":"https:\/\/www.museuolimpicbcn.cat\/ca\/#organization"},"potentialAction":[{"@type":"SearchAction","target":{"@type":"EntryPoint","urlTemplate":"https:\/\/www.museuolimpicbcn.cat\/ca\/?s={search_term_string}"},"query-input":{"@type":"PropertyValueSpecification","valueRequired":true,"valueName":"search_term_string"}}],"inLanguage":"es"},{"@type":"Organization","@id":"https:\/\/www.museuolimpicbcn.cat\/ca\/#organization","name":"Museu Ol\u00edmpic i de l&#039;Esport Joan Antoni Samaranch. Barcelona","url":"https:\/\/www.museuolimpicbcn.cat\/ca\/","logo":{"@type":"ImageObject","inLanguage":"es","@id":"https:\/\/www.museuolimpicbcn.cat\/ca\/#\/schema\/logo\/image\/","url":"https:\/\/www.museuolimpicbcn.cat\/wp-content\/uploads\/sites\/2\/2018\/12\/logo-moe-header.svg","contentUrl":"https:\/\/www.museuolimpicbcn.cat\/wp-content\/uploads\/sites\/2\/2018\/12\/logo-moe-header.svg","caption":"Museu Ol\u00edmpic i de l&#039;Esport Joan Antoni Samaranch. Barcelona"},"image":{"@id":"https:\/\/www.museuolimpicbcn.cat\/ca\/#\/schema\/logo\/image\/"}},{"@type":"Person","@id":"https:\/\/www.museuolimpicbcn.cat\/ca\/#\/schema\/person\/d05705664e87aa04c6ce53d48133fb39","name":"useradmin","url":"https:\/\/www.museuolimpicbcn.cat\/es\/author\/useradmin\/"}]}},"_links":{"self":[{"href":"https:\/\/www.museuolimpicbcn.cat\/es\/wp-json\/wp\/v2\/posts\/15382"}],"collection":[{"href":"https:\/\/www.museuolimpicbcn.cat\/es\/wp-json\/wp\/v2\/posts"}],"about":[{"href":"https:\/\/www.museuolimpicbcn.cat\/es\/wp-json\/wp\/v2\/types\/post"}],"author":[{"embeddable":true,"href":"https:\/\/www.museuolimpicbcn.cat\/es\/wp-json\/wp\/v2\/users\/1"}],"replies":[{"embeddable":true,"href":"https:\/\/www.museuolimpicbcn.cat\/es\/wp-json\/wp\/v2\/comments?post=15382"}],"version-history":[{"count":1,"href":"https:\/\/www.museuolimpicbcn.cat\/es\/wp-json\/wp\/v2\/posts\/15382\/revisions"}],"predecessor-version":[{"id":17305,"href":"https:\/\/www.museuolimpicbcn.cat\/es\/wp-json\/wp\/v2\/posts\/15382\/revisions\/17305"}],"wp:featuredmedia":[{"embeddable":true,"href":"https:\/\/www.museuolimpicbcn.cat\/es\/wp-json\/wp\/v2\/media\/15401"}],"wp:attachment":[{"href":"https:\/\/www.museuolimpicbcn.cat\/es\/wp-json\/wp\/v2\/media?parent=15382"}],"wp:term":[{"taxonomy":"category","embeddable":true,"href":"https:\/\/www.museuolimpicbcn.cat\/es\/wp-json\/wp\/v2\/categories?post=15382"},{"taxonomy":"post_tag","embeddable":true,"href":"https:\/\/www.museuolimpicbcn.cat\/es\/wp-json\/wp\/v2\/tags?post=15382"}],"curies":[{"name":"wp","href":"https:\/\/api.w.org\/{rel}","templated":true}]}}