{"id":15501,"date":"2018-06-21T00:00:00","date_gmt":"2018-06-20T22:00:00","guid":{"rendered":"http:\/\/dev.museuolimpicbcn.cat\/conmemoracion-del-dia-olimpico\/"},"modified":"2019-04-08T13:53:58","modified_gmt":"2019-04-08T11:53:58","slug":"conmemoracion-del-dia-olimpico","status":"publish","type":"post","link":"https:\/\/www.museuolimpicbcn.cat\/es\/conmemoracion-del-dia-olimpico\/","title":{"rendered":"Conmemoraci\u00f3n del D\u00eda Ol\u00edmpico."},"content":{"rendered":"<p>El Museu Ol\u00edmpic ha recibido la visita de miembros del Real Club de Polo de Barcelona. Con motivo de la celebraci\u00f3n del D\u00eda Ol\u00edmpico, el pr\u00f3ximo 23 de junio, deportistas destacados del R.C. Polo tales como la medallista ol\u00edmpica Beatriz Ferrer-Salat y los tambi\u00e9n ol\u00edmpicos \u00c0lex Casasayas y Juan \u00c1ngel Calzado; las j\u00f3venes promesas del RC Polo: la amazona Val\u00e8ria Bernat y el jugador de hockey hierba Carlos Delgado; y el \u00e1rbitro internacional Santi De\u00f3. El acto ha sido moderado por Alberto Arag\u00f3n.<\/p>\n<p>Para finalizar el acto, Marta Carranza ha entregado un ejemplar de la Memoria Ol\u00edmpica de Barcelona\u201992 a Juan \u00c1ngel Calzado, presidente honor\u00edfico del RC. Polo. A continuaci\u00f3n, se ha dado paso a la inauguraci\u00f3n oficial de la Exposici\u00f3n \u201cClub Centenario: Club Centenari: Real Club de Polo Barcelona\u201d que estar\u00e1 presente en la sala de exposiciones temporales del Museu Ol\u00edmpic hasta el 19 de septiembre.<\/p>\n","protected":false},"excerpt":{"rendered":"<p>Marta Carranza, presidenta de la FBO y Curro Espin&oacute;s, presidente del RC Polo, han sido los encargados de conmemorar el D&iacute;a Ol&iacute;mpico en el Museu Ol&iacute;mpic i de l&rsquo;Esport Joan Antoni Samaranch.<\/p>\n<p>&nbsp;<\/p>\n","protected":false},"author":1,"featured_media":15503,"comment_status":"open","ping_status":"open","sticky":false,"template":"","format":"standard","meta":{"_acf_changed":false,"_price":"","_stock":"","_tribe_ticket_header":"","_tribe_default_ticket_provider":"","_tribe_ticket_capacity":"0","_ticket_start_date":"","_ticket_end_date":"","_tribe_ticket_show_description":"","_tribe_ticket_show_not_going":false,"_tribe_ticket_use_global_stock":"","_tribe_ticket_global_stock_level":"","_global_stock_mode":"","_global_stock_cap":"","_tribe_rsvp_for_event":"","_tribe_ticket_going_count":"","_tribe_ticket_not_going_count":"","_tribe_tickets_list":"[]","_tribe_ticket_has_attendee_info_fields":false,"footnotes":""},"categories":[3],"tags":[],"class_list":["post-15501","post","type-post","status-publish","format-standard","has-post-thumbnail","hentry","category-sin-categorizar"],"acf":[],"yoast_head":"<!-- This site is optimized with the Yoast SEO plugin v23.7 - https:\/\/yoast.com\/wordpress\/plugins\/seo\/ -->\n<title>Conmemoraci\u00f3n del D\u00eda Ol\u00edmpico. - Museu Ol\u00edmpic i de l&#039;Esport Joan Antoni Samaranch. Barcelona<\/title>\n<meta name=\"robots\" content=\"index, follow, max-snippet:-1, max-image-preview:large, max-video-preview:-1\" \/>\n<link rel=\"canonical\" href=\"https:\/\/www.museuolimpicbcn.cat\/es\/conmemoracion-del-dia-olimpico\/\" \/>\n<meta property=\"og:locale\" content=\"es_ES\" \/>\n<meta property=\"og:type\" content=\"article\" \/>\n<meta property=\"og:title\" content=\"Conmemoraci\u00f3n del D\u00eda Ol\u00edmpico. - Museu Ol\u00edmpic i de l&#039;Esport Joan Antoni Samaranch. Barcelona\" \/>\n<meta property=\"og:description\" content=\"Marta Carranza, presidenta de la FBO y Curro Espin&oacute;s, presidente del RC Polo, han sido los encargados de conmemorar el D&iacute;a Ol&iacute;mpico en el Museu Ol&iacute;mpic i de l&rsquo;Esport Joan Antoni Samaranch. &nbsp;\" \/>\n<meta property=\"og:url\" content=\"https:\/\/www.museuolimpicbcn.cat\/es\/conmemoracion-del-dia-olimpico\/\" \/>\n<meta property=\"og:site_name\" content=\"Museu Ol\u00edmpic i de l&#039;Esport Joan Antoni Samaranch. Barcelona\" \/>\n<meta property=\"article:published_time\" content=\"2018-06-20T22:00:00+00:00\" \/>\n<meta property=\"article:modified_time\" content=\"2019-04-08T11:53:58+00:00\" \/>\n<meta property=\"og:image\" content=\"https:\/\/www.museuolimpicbcn.cat\/wp-content\/uploads\/sites\/2\/2019\/03\/MUSEU-OLIMPIC-RCPolo-Ferrer-Salat-Valeria-Bernat.jpg\" \/>\n\t<meta property=\"og:image:width\" content=\"600\" \/>\n\t<meta property=\"og:image:height\" content=\"390\" \/>\n\t<meta property=\"og:image:type\" content=\"image\/jpeg\" \/>\n<meta name=\"author\" content=\"useradmin\" \/>\n<meta name=\"twitter:card\" content=\"summary_large_image\" \/>\n<meta name=\"twitter:label1\" content=\"Escrito por\" \/>\n\t<meta name=\"twitter:data1\" content=\"useradmin\" \/>\n\t<meta name=\"twitter:label2\" content=\"Tiempo de lectura\" \/>\n\t<meta name=\"twitter:data2\" content=\"1 minuto\" \/>\n<script type=\"application\/ld+json\" class=\"yoast-schema-graph\">{\"@context\":\"https:\/\/schema.org\",\"@graph\":[{\"@type\":\"Article\",\"@id\":\"https:\/\/www.museuolimpicbcn.cat\/es\/conmemoracion-del-dia-olimpico\/#article\",\"isPartOf\":{\"@id\":\"https:\/\/www.museuolimpicbcn.cat\/es\/conmemoracion-del-dia-olimpico\/\"},\"author\":{\"name\":\"useradmin\",\"@id\":\"https:\/\/www.museuolimpicbcn.cat\/ca\/#\/schema\/person\/d05705664e87aa04c6ce53d48133fb39\"},\"headline\":\"Conmemoraci\u00f3n del D\u00eda Ol\u00edmpico.\",\"datePublished\":\"2018-06-20T22:00:00+00:00\",\"dateModified\":\"2019-04-08T11:53:58+00:00\",\"mainEntityOfPage\":{\"@id\":\"https:\/\/www.museuolimpicbcn.cat\/es\/conmemoracion-del-dia-olimpico\/\"},\"wordCount\":170,\"commentCount\":4,\"publisher\":{\"@id\":\"https:\/\/www.museuolimpicbcn.cat\/ca\/#organization\"},\"image\":{\"@id\":\"https:\/\/www.museuolimpicbcn.cat\/es\/conmemoracion-del-dia-olimpico\/#primaryimage\"},\"thumbnailUrl\":\"https:\/\/www.museuolimpicbcn.cat\/wp-content\/uploads\/sites\/2\/2019\/03\/MUSEU-OLIMPIC-RCPolo-Ferrer-Salat-Valeria-Bernat.jpg\",\"articleSection\":[\"Sin categorizar\"],\"inLanguage\":\"es\",\"potentialAction\":[{\"@type\":\"CommentAction\",\"name\":\"Comment\",\"target\":[\"https:\/\/www.museuolimpicbcn.cat\/es\/conmemoracion-del-dia-olimpico\/#respond\"]}]},{\"@type\":\"WebPage\",\"@id\":\"https:\/\/www.museuolimpicbcn.cat\/es\/conmemoracion-del-dia-olimpico\/\",\"url\":\"https:\/\/www.museuolimpicbcn.cat\/es\/conmemoracion-del-dia-olimpico\/\",\"name\":\"Conmemoraci\u00f3n del D\u00eda Ol\u00edmpico. - Museu Ol\u00edmpic i de l&#039;Esport Joan Antoni Samaranch. Barcelona\",\"isPartOf\":{\"@id\":\"https:\/\/www.museuolimpicbcn.cat\/ca\/#website\"},\"primaryImageOfPage\":{\"@id\":\"https:\/\/www.museuolimpicbcn.cat\/es\/conmemoracion-del-dia-olimpico\/#primaryimage\"},\"image\":{\"@id\":\"https:\/\/www.museuolimpicbcn.cat\/es\/conmemoracion-del-dia-olimpico\/#primaryimage\"},\"thumbnailUrl\":\"https:\/\/www.museuolimpicbcn.cat\/wp-content\/uploads\/sites\/2\/2019\/03\/MUSEU-OLIMPIC-RCPolo-Ferrer-Salat-Valeria-Bernat.jpg\",\"datePublished\":\"2018-06-20T22:00:00+00:00\",\"dateModified\":\"2019-04-08T11:53:58+00:00\",\"breadcrumb\":{\"@id\":\"https:\/\/www.museuolimpicbcn.cat\/es\/conmemoracion-del-dia-olimpico\/#breadcrumb\"},\"inLanguage\":\"es\",\"potentialAction\":[{\"@type\":\"ReadAction\",\"target\":[\"https:\/\/www.museuolimpicbcn.cat\/es\/conmemoracion-del-dia-olimpico\/\"]}]},{\"@type\":\"ImageObject\",\"inLanguage\":\"es\",\"@id\":\"https:\/\/www.museuolimpicbcn.cat\/es\/conmemoracion-del-dia-olimpico\/#primaryimage\",\"url\":\"https:\/\/www.museuolimpicbcn.cat\/wp-content\/uploads\/sites\/2\/2019\/03\/MUSEU-OLIMPIC-RCPolo-Ferrer-Salat-Valeria-Bernat.jpg\",\"contentUrl\":\"https:\/\/www.museuolimpicbcn.cat\/wp-content\/uploads\/sites\/2\/2019\/03\/MUSEU-OLIMPIC-RCPolo-Ferrer-Salat-Valeria-Bernat.jpg\",\"width\":600,\"height\":390},{\"@type\":\"BreadcrumbList\",\"@id\":\"https:\/\/www.museuolimpicbcn.cat\/es\/conmemoracion-del-dia-olimpico\/#breadcrumb\",\"itemListElement\":[{\"@type\":\"ListItem\",\"position\":1,\"name\":\"Inici\",\"item\":\"https:\/\/www.museuolimpicbcn.cat\/es\/\"},{\"@type\":\"ListItem\",\"position\":2,\"name\":\"Conmemoraci\u00f3n del D\u00eda Ol\u00edmpico.\"}]},{\"@type\":\"WebSite\",\"@id\":\"https:\/\/www.museuolimpicbcn.cat\/ca\/#website\",\"url\":\"https:\/\/www.museuolimpicbcn.cat\/ca\/\",\"name\":\"Museu Ol\u00edmpic i de l&#039;Esport Joan Antoni Samaranch. Barcelona\",\"description\":\"Altre lloc Web del Museu Ol\u00edmpic i de l&#039;Esport llocs\",\"publisher\":{\"@id\":\"https:\/\/www.museuolimpicbcn.cat\/ca\/#organization\"},\"potentialAction\":[{\"@type\":\"SearchAction\",\"target\":{\"@type\":\"EntryPoint\",\"urlTemplate\":\"https:\/\/www.museuolimpicbcn.cat\/ca\/?s={search_term_string}\"},\"query-input\":{\"@type\":\"PropertyValueSpecification\",\"valueRequired\":true,\"valueName\":\"search_term_string\"}}],\"inLanguage\":\"es\"},{\"@type\":\"Organization\",\"@id\":\"https:\/\/www.museuolimpicbcn.cat\/ca\/#organization\",\"name\":\"Museu Ol\u00edmpic i de l&#039;Esport Joan Antoni Samaranch. Barcelona\",\"url\":\"https:\/\/www.museuolimpicbcn.cat\/ca\/\",\"logo\":{\"@type\":\"ImageObject\",\"inLanguage\":\"es\",\"@id\":\"https:\/\/www.museuolimpicbcn.cat\/ca\/#\/schema\/logo\/image\/\",\"url\":\"https:\/\/www.museuolimpicbcn.cat\/wp-content\/uploads\/sites\/2\/2018\/12\/logo-moe-header.svg\",\"contentUrl\":\"https:\/\/www.museuolimpicbcn.cat\/wp-content\/uploads\/sites\/2\/2018\/12\/logo-moe-header.svg\",\"caption\":\"Museu Ol\u00edmpic i de l&#039;Esport Joan Antoni Samaranch. Barcelona\"},\"image\":{\"@id\":\"https:\/\/www.museuolimpicbcn.cat\/ca\/#\/schema\/logo\/image\/\"}},{\"@type\":\"Person\",\"@id\":\"https:\/\/www.museuolimpicbcn.cat\/ca\/#\/schema\/person\/d05705664e87aa04c6ce53d48133fb39\",\"name\":\"useradmin\",\"url\":\"https:\/\/www.museuolimpicbcn.cat\/es\/author\/useradmin\/\"}]}<\/script>\n<!-- \/ Yoast SEO plugin. -->","yoast_head_json":{"title":"Conmemoraci\u00f3n del D\u00eda Ol\u00edmpico. - Museu Ol\u00edmpic i de l&#039;Esport Joan Antoni Samaranch. Barcelona","robots":{"index":"index","follow":"follow","max-snippet":"max-snippet:-1","max-image-preview":"max-image-preview:large","max-video-preview":"max-video-preview:-1"},"canonical":"https:\/\/www.museuolimpicbcn.cat\/es\/conmemoracion-del-dia-olimpico\/","og_locale":"es_ES","og_type":"article","og_title":"Conmemoraci\u00f3n del D\u00eda Ol\u00edmpico. - Museu Ol\u00edmpic i de l&#039;Esport Joan Antoni Samaranch. Barcelona","og_description":"Marta Carranza, presidenta de la FBO y Curro Espin&oacute;s, presidente del RC Polo, han sido los encargados de conmemorar el D&iacute;a Ol&iacute;mpico en el Museu Ol&iacute;mpic i de l&rsquo;Esport Joan Antoni Samaranch. &nbsp;","og_url":"https:\/\/www.museuolimpicbcn.cat\/es\/conmemoracion-del-dia-olimpico\/","og_site_name":"Museu Ol\u00edmpic i de l&#039;Esport Joan Antoni Samaranch. Barcelona","article_published_time":"2018-06-20T22:00:00+00:00","article_modified_time":"2019-04-08T11:53:58+00:00","og_image":[{"width":600,"height":390,"url":"https:\/\/www.museuolimpicbcn.cat\/wp-content\/uploads\/sites\/2\/2019\/03\/MUSEU-OLIMPIC-RCPolo-Ferrer-Salat-Valeria-Bernat.jpg","type":"image\/jpeg"}],"author":"useradmin","twitter_card":"summary_large_image","twitter_misc":{"Escrito por":"useradmin","Tiempo de lectura":"1 minuto"},"schema":{"@context":"https:\/\/schema.org","@graph":[{"@type":"Article","@id":"https:\/\/www.museuolimpicbcn.cat\/es\/conmemoracion-del-dia-olimpico\/#article","isPartOf":{"@id":"https:\/\/www.museuolimpicbcn.cat\/es\/conmemoracion-del-dia-olimpico\/"},"author":{"name":"useradmin","@id":"https:\/\/www.museuolimpicbcn.cat\/ca\/#\/schema\/person\/d05705664e87aa04c6ce53d48133fb39"},"headline":"Conmemoraci\u00f3n del D\u00eda Ol\u00edmpico.","datePublished":"2018-06-20T22:00:00+00:00","dateModified":"2019-04-08T11:53:58+00:00","mainEntityOfPage":{"@id":"https:\/\/www.museuolimpicbcn.cat\/es\/conmemoracion-del-dia-olimpico\/"},"wordCount":170,"commentCount":4,"publisher":{"@id":"https:\/\/www.museuolimpicbcn.cat\/ca\/#organization"},"image":{"@id":"https:\/\/www.museuolimpicbcn.cat\/es\/conmemoracion-del-dia-olimpico\/#primaryimage"},"thumbnailUrl":"https:\/\/www.museuolimpicbcn.cat\/wp-content\/uploads\/sites\/2\/2019\/03\/MUSEU-OLIMPIC-RCPolo-Ferrer-Salat-Valeria-Bernat.jpg","articleSection":["Sin categorizar"],"inLanguage":"es","potentialAction":[{"@type":"CommentAction","name":"Comment","target":["https:\/\/www.museuolimpicbcn.cat\/es\/conmemoracion-del-dia-olimpico\/#respond"]}]},{"@type":"WebPage","@id":"https:\/\/www.museuolimpicbcn.cat\/es\/conmemoracion-del-dia-olimpico\/","url":"https:\/\/www.museuolimpicbcn.cat\/es\/conmemoracion-del-dia-olimpico\/","name":"Conmemoraci\u00f3n del D\u00eda Ol\u00edmpico. - Museu Ol\u00edmpic i de l&#039;Esport Joan Antoni Samaranch. Barcelona","isPartOf":{"@id":"https:\/\/www.museuolimpicbcn.cat\/ca\/#website"},"primaryImageOfPage":{"@id":"https:\/\/www.museuolimpicbcn.cat\/es\/conmemoracion-del-dia-olimpico\/#primaryimage"},"image":{"@id":"https:\/\/www.museuolimpicbcn.cat\/es\/conmemoracion-del-dia-olimpico\/#primaryimage"},"thumbnailUrl":"https:\/\/www.museuolimpicbcn.cat\/wp-content\/uploads\/sites\/2\/2019\/03\/MUSEU-OLIMPIC-RCPolo-Ferrer-Salat-Valeria-Bernat.jpg","datePublished":"2018-06-20T22:00:00+00:00","dateModified":"2019-04-08T11:53:58+00:00","breadcrumb":{"@id":"https:\/\/www.museuolimpicbcn.cat\/es\/conmemoracion-del-dia-olimpico\/#breadcrumb"},"inLanguage":"es","potentialAction":[{"@type":"ReadAction","target":["https:\/\/www.museuolimpicbcn.cat\/es\/conmemoracion-del-dia-olimpico\/"]}]},{"@type":"ImageObject","inLanguage":"es","@id":"https:\/\/www.museuolimpicbcn.cat\/es\/conmemoracion-del-dia-olimpico\/#primaryimage","url":"https:\/\/www.museuolimpicbcn.cat\/wp-content\/uploads\/sites\/2\/2019\/03\/MUSEU-OLIMPIC-RCPolo-Ferrer-Salat-Valeria-Bernat.jpg","contentUrl":"https:\/\/www.museuolimpicbcn.cat\/wp-content\/uploads\/sites\/2\/2019\/03\/MUSEU-OLIMPIC-RCPolo-Ferrer-Salat-Valeria-Bernat.jpg","width":600,"height":390},{"@type":"BreadcrumbList","@id":"https:\/\/www.museuolimpicbcn.cat\/es\/conmemoracion-del-dia-olimpico\/#breadcrumb","itemListElement":[{"@type":"ListItem","position":1,"name":"Inici","item":"https:\/\/www.museuolimpicbcn.cat\/es\/"},{"@type":"ListItem","position":2,"name":"Conmemoraci\u00f3n del D\u00eda Ol\u00edmpico."}]},{"@type":"WebSite","@id":"https:\/\/www.museuolimpicbcn.cat\/ca\/#website","url":"https:\/\/www.museuolimpicbcn.cat\/ca\/","name":"Museu Ol\u00edmpic i de l&#039;Esport Joan Antoni Samaranch. Barcelona","description":"Altre lloc Web del Museu Ol\u00edmpic i de l&#039;Esport llocs","publisher":{"@id":"https:\/\/www.museuolimpicbcn.cat\/ca\/#organization"},"potentialAction":[{"@type":"SearchAction","target":{"@type":"EntryPoint","urlTemplate":"https:\/\/www.museuolimpicbcn.cat\/ca\/?s={search_term_string}"},"query-input":{"@type":"PropertyValueSpecification","valueRequired":true,"valueName":"search_term_string"}}],"inLanguage":"es"},{"@type":"Organization","@id":"https:\/\/www.museuolimpicbcn.cat\/ca\/#organization","name":"Museu Ol\u00edmpic i de l&#039;Esport Joan Antoni Samaranch. Barcelona","url":"https:\/\/www.museuolimpicbcn.cat\/ca\/","logo":{"@type":"ImageObject","inLanguage":"es","@id":"https:\/\/www.museuolimpicbcn.cat\/ca\/#\/schema\/logo\/image\/","url":"https:\/\/www.museuolimpicbcn.cat\/wp-content\/uploads\/sites\/2\/2018\/12\/logo-moe-header.svg","contentUrl":"https:\/\/www.museuolimpicbcn.cat\/wp-content\/uploads\/sites\/2\/2018\/12\/logo-moe-header.svg","caption":"Museu Ol\u00edmpic i de l&#039;Esport Joan Antoni Samaranch. Barcelona"},"image":{"@id":"https:\/\/www.museuolimpicbcn.cat\/ca\/#\/schema\/logo\/image\/"}},{"@type":"Person","@id":"https:\/\/www.museuolimpicbcn.cat\/ca\/#\/schema\/person\/d05705664e87aa04c6ce53d48133fb39","name":"useradmin","url":"https:\/\/www.museuolimpicbcn.cat\/es\/author\/useradmin\/"}]}},"_links":{"self":[{"href":"https:\/\/www.museuolimpicbcn.cat\/es\/wp-json\/wp\/v2\/posts\/15501"}],"collection":[{"href":"https:\/\/www.museuolimpicbcn.cat\/es\/wp-json\/wp\/v2\/posts"}],"about":[{"href":"https:\/\/www.museuolimpicbcn.cat\/es\/wp-json\/wp\/v2\/types\/post"}],"author":[{"embeddable":true,"href":"https:\/\/www.museuolimpicbcn.cat\/es\/wp-json\/wp\/v2\/users\/1"}],"replies":[{"embeddable":true,"href":"https:\/\/www.museuolimpicbcn.cat\/es\/wp-json\/wp\/v2\/comments?post=15501"}],"version-history":[{"count":2,"href":"https:\/\/www.museuolimpicbcn.cat\/es\/wp-json\/wp\/v2\/posts\/15501\/revisions"}],"predecessor-version":[{"id":17648,"href":"https:\/\/www.museuolimpicbcn.cat\/es\/wp-json\/wp\/v2\/posts\/15501\/revisions\/17648"}],"wp:featuredmedia":[{"embeddable":true,"href":"https:\/\/www.museuolimpicbcn.cat\/es\/wp-json\/wp\/v2\/media\/15503"}],"wp:attachment":[{"href":"https:\/\/www.museuolimpicbcn.cat\/es\/wp-json\/wp\/v2\/media?parent=15501"}],"wp:term":[{"taxonomy":"category","embeddable":true,"href":"https:\/\/www.museuolimpicbcn.cat\/es\/wp-json\/wp\/v2\/categories?post=15501"},{"taxonomy":"post_tag","embeddable":true,"href":"https:\/\/www.museuolimpicbcn.cat\/es\/wp-json\/wp\/v2\/tags?post=15501"}],"curies":[{"name":"wp","href":"https:\/\/api.w.org\/{rel}","templated":true}]}}